{"id":191537,"date":"2022-10-14T20:14:09","date_gmt":"2022-10-14T23:14:09","guid":{"rendered":"https:\/\/aconteceunovale.com.br\/portal\/?p=191537"},"modified":"2022-10-14T20:15:02","modified_gmt":"2022-10-14T23:15:02","slug":"estado-vai-antecipar-a-entrega-de-obras-da-mg-311-no-leste-de-minas","status":"publish","type":"post","link":"https:\/\/aconteceunovale.com.br\/portal\/?p=191537","title":{"rendered":"Estado vai antecipar a entrega de obras da MG-311, no Leste de Minas"},"content":{"rendered":"\n<p class=\"wp-block-paragraph\">O\u00a0Departamento de Edifica\u00e7\u00f5es e Estradas de Rodagem de Minas Gerais (DER-MG)\u00a0concluir\u00e1, nos pr\u00f3ximos 30 dias, as obras de recupera\u00e7\u00e3o funcional do trecho da MG-311, entre o munic\u00edpio de Pescador e o entroncamento com a BR-116, pr\u00f3ximo a Campan\u00e1rio, no Leste do Estado. A obra integra o Provias.<\/p>\n\n\n\n<figure class=\"wp-block-gallery has-nested-images columns-default is-cropped wp-block-gallery-1 is-layout-flex wp-block-gallery-is-layout-flex\">\n<figure class=\"wp-block-image size-large\"><img loading=\"lazy\" decoding=\"async\" width=\"678\" height=\"418\" data-id=\"191538\" src=\"https:\/\/aconteceunovale.com.br\/portal\/wp-content\/uploads\/2022\/10\/mg_311_1.jpeg\" alt=\"\" class=\"wp-image-191538\" srcset=\"https:\/\/aconteceunovale.com.br\/portal\/wp-content\/uploads\/2022\/10\/mg_311_1.jpeg 678w, https:\/\/aconteceunovale.com.br\/portal\/wp-content\/uploads\/2022\/10\/mg_311_1-300x185.jpeg 300w, https:\/\/aconteceunovale.com.br\/portal\/wp-content\/uploads\/2022\/10\/mg_311_1-356x220.jpeg 356w\" sizes=\"auto, (max-width: 678px) 100vw, 678px\" \/><figcaption><em><sub>Foto: DER-MG \/ Divulga\u00e7\u00e3o<\/sub><\/em><\/figcaption><\/figure>\n<\/figure>\n\n\n\n<p class=\"wp-block-paragraph\">S\u00e3o cerca de 21 quil\u00f4metros que, ao final da obra, estar\u00e3o completamente novos e com a sinaliza\u00e7\u00e3o totalmente revitalizada. O\u00a0governo estadual\u00a0est\u00e1 investindo cerca de R$ 16,3 milh\u00f5es na recupera\u00e7\u00e3o funcional do trecho.<\/p>\n\n\n\n<p class=\"wp-block-paragraph\">\u201cA obra que come\u00e7ou em junho deste ano, tinha a previs\u00e3o de ser conclu\u00edda em 12 meses, por\u00e9m o ritmo dos trabalhos foi t\u00e3o intenso que esperamos finalizar na metade do prazo. J\u00e1 est\u00e1vamos com 100% do pavimento recuperado, com 80% das novas placas de sinaliza\u00e7\u00e3o fixada, 90% das faixas horizontais das pistas pintadas, assim os dispositivos de drenagem\u201d, ressalta o diretor-geral do DER-MG, Rodrigo Tavares.<\/p>\n\n\n\n<p class=\"wp-block-paragraph\">Segundo o coordenador regional do DER-MG em Governador Valadares, Jo\u00e3o Filipe Gon\u00e7alves, a MG-311, \u00e9 a principal liga\u00e7\u00e3o entre as rodovias BR-116 e a MGC-381. O trecho recebe um volume m\u00e9dio de 5 mil ve\u00edculos por dia, uma vez que diminui em cerca de 90 quil\u00f4metros a dist\u00e2ncia entre o Vale do Mucuri e o norte do estado Esp\u00edrito Santo.<\/p>\n\n\n\n<h2 class=\"wp-block-heading\"><strong>Recupera\u00e7\u00e3o funcional<\/strong><\/h2>\n\n\n\n<p class=\"wp-block-paragraph\">A recupera\u00e7\u00e3o funcional de rodovias tem como objetivo restabelecer as condi\u00e7\u00f5es iniciais do pavimento, recuperando assim suas funcionalidades. Trata-se de uma manuten\u00e7\u00e3o preventiva, feita antes de ocorrer o desgaste total, adiando a necessidade da realiza\u00e7\u00e3o de restaura\u00e7\u00e3o.<\/p>\n\n\n\n<p class=\"wp-block-paragraph\">O servi\u00e7o \u00e9 realizado em tr\u00eas etapas, a come\u00e7ar com o tapa-buraco e remendos profundos, dependendo do caso, al\u00e9m do reperfilamento ou fresagem (coloca\u00e7\u00e3o de uma nova camada de asfalto para nivelar e corrigir) do pavimento.<\/p>\n\n\n\n<p class=\"wp-block-paragraph\">Em seguida, \u00e9 aplicada uma camada de revestimento asf\u00e1ltico. O revestimento asf\u00e1ltico \u00e9 a camada superior destinada a resistir diretamente \u00e0s a\u00e7\u00f5es do tr\u00e1fego e transmiti-las de forma atenuada \u00e0s camadas inferiores, impermeabilizando o pavimento, al\u00e9m de melhorar as condi\u00e7\u00f5es de rolamento.<\/p>\n\n\n\n<p class=\"wp-block-paragraph\">A obra \u00e9 finalizada com a pintura da sinaliza\u00e7\u00e3o horizontal, implanta\u00e7\u00e3o de tachas refletivas no eixo e bordos, al\u00e9m da revis\u00e3o da sinaliza\u00e7\u00e3o vertical com coloca\u00e7\u00e3o de novas placas e o reestabelecimento dos dispositivos de drenagem.<\/p>\n\n\n\n<figure class=\"wp-block-gallery has-nested-images columns-default is-cropped wp-block-gallery-2 is-layout-flex wp-block-gallery-is-layout-flex\">\n<figure class=\"wp-block-image size-large\"><img loading=\"lazy\" decoding=\"async\" width=\"678\" height=\"420\" data-id=\"191539\" src=\"https:\/\/aconteceunovale.com.br\/portal\/wp-content\/uploads\/2022\/10\/mg_311_2.jpeg\" alt=\"\" class=\"wp-image-191539\" srcset=\"https:\/\/aconteceunovale.com.br\/portal\/wp-content\/uploads\/2022\/10\/mg_311_2.jpeg 678w, https:\/\/aconteceunovale.com.br\/portal\/wp-content\/uploads\/2022\/10\/mg_311_2-300x186.jpeg 300w, https:\/\/aconteceunovale.com.br\/portal\/wp-content\/uploads\/2022\/10\/mg_311_2-356x220.jpeg 356w\" sizes=\"auto, (max-width: 678px) 100vw, 678px\" \/><figcaption><em><sub>Foto: DER-MG \/ Divulga\u00e7\u00e3o<\/sub><\/em><\/figcaption><\/figure>\n<\/figure>\n\n\n\n<h2 class=\"wp-block-heading\"><strong>Provias<\/strong><\/h2>\n\n\n\n<p class=\"wp-block-paragraph\">As a\u00e7\u00f5es do Provias se dividem em dois eixos: recupera\u00e7\u00e3o funcional, com objetivo de promover melhorias no pavimento das estradas em pior estado de conserva\u00e7\u00e3o; e pavimenta\u00e7\u00e3o e constru\u00e7\u00e3o de pontes, com foco em viabilizar novas liga\u00e7\u00f5es entre importantes regi\u00f5es de Minas Gerais.<\/p>\n\n\n\n<p class=\"wp-block-paragraph\">Ao todo, ser\u00e3o mais de 1.700 quil\u00f4metros de rodovias restauradas e mais de 800 pavimentados.<\/p>\n\n\n\n<p class=\"wp-block-paragraph\">Os recursos para as obras s\u00e3o oriundos do\u00a0Termo de Repara\u00e7\u00e3o\u00a0assinado com a Vale em decorr\u00eancia do rompimento da barragem de Brumadinho, do Termo de Transa\u00e7\u00e3o e de Ajustamento de Conduta (TTAC) firmado entre o Governo de Minas e a Funda\u00e7\u00e3o Renova, al\u00e9m de conv\u00eanios e emendas parlamentares estaduais e federais, parcerias com empresas e conv\u00eanios com prefeituras.<\/p>\n\n\n\n<p class=\"wp-block-paragraph\">&#8212;&#8212;&#8212;&#8212;&#8212;&#8212;<br><br><strong>Sabia que o Aconteceu no Vale est\u00e1 tamb\u00e9m no Telegram? <a rel=\"noreferrer noopener\" href=\"https:\/\/t.me\/aconteceunovaleoficial\" target=\"_blank\">Inscreva-se no canal<\/a>.<\/strong><br><br><strong>J\u00e1 curtiu ou seguiu nossas p\u00e1ginas nas redes sociais?\u00a0Receba as not\u00edcias em primeira m\u00e3o:<\/strong><br>\u2022 <a rel=\"noreferrer noopener\" href=\"https:\/\/news.google.com\/publications\/CAAqBwgKMNjklQswi4etAw?hl=pt-BR&amp;gl=BR&amp;ceid=BR%3Apt-419\" target=\"_blank\">Google News<\/a><br>\u2022 <a rel=\"noreferrer noopener\" href=\"https:\/\/www.facebook.com\/aconteceunovale\/\" target=\"_blank\">Facebook<\/a><br>\u2022 <a rel=\"noreferrer noopener\" href=\"https:\/\/twitter.com\/noticiadosvales\" target=\"_blank\">Twitter<\/a><br>\u2022 <a rel=\"noreferrer noopener\" href=\"https:\/\/www.instagram.com\/aconteceunovale\" target=\"_blank\">Instagram<\/a><br>\u2022 <a rel=\"noreferrer noopener\" href=\"https:\/\/www.youtube.com\/AconteceunoValeOficial\" target=\"_blank\">Youtube<\/a><br>\u2022 <a rel=\"noreferrer noopener\" href=\"https:\/\/www.tiktok.com\/@aconteceunovale\" target=\"_blank\">TikTok<\/a><\/p>\n","protected":false},"excerpt":{"rendered":"<p>O\u00a0Departamento de Edifica\u00e7\u00f5es e Estradas de Rodagem de Minas Gerais (DER-MG)\u00a0concluir\u00e1, nos pr\u00f3ximos 30 dias, as obras de recupera\u00e7\u00e3o funcional do trecho da MG-311, entre o munic\u00edpio de Pescador e o entroncamento com a BR-116, pr\u00f3ximo a Campan\u00e1rio, no Leste do Estado. A obra integra o Provias. S\u00e3o cerca de 21 quil\u00f4metros que, ao final [&hellip;]<\/p>\n","protected":false},"author":4,"featured_media":191538,"comment_status":"open","ping_status":"closed","sticky":false,"template":"","format":"standard","meta":{"amp_status":"","footnotes":""},"categories":[121],"tags":[182,277,215389,1018,265155,6546,265156,265157,307,261246,265158,265159],"class_list":["post-191537","post","type-post","status-publish","format-standard","has-post-thumbnail","hentry","category-leste","tag-br-116","tag-campanario","tag-der-mg-2","tag-destaque","tag-estado-vai-antecipar-a-entrega-de-obras-da-mg-311","tag-governo-de-minas","tag-mg-311","tag-obras-da-mg-311","tag-pescador","tag-provias","tag-recuperacao-da-mg-311","tag-recuperacao-funcional-da-mg-311"],"yoast_head":"<!-- This site is optimized with the Yoast SEO plugin v28.3 - https:\/\/yoast.com\/product\/yoast-seo-wordpress\/ -->\n<title>Estado vai antecipar a entrega de obras da MG-311, no Leste de Minas - Aconteceu no Vale<\/title>\n<meta name=\"robots\" content=\"index, follow, max-snippet:-1, max-image-preview:large, max-video-preview:-1\" \/>\n<link rel=\"canonical\" href=\"https:\/\/aconteceunovale.com.br\/portal\/?p=191537\" \/>\n<meta property=\"og:locale\" content=\"pt_BR\" \/>\n<meta property=\"og:type\" content=\"article\" \/>\n<meta property=\"og:title\" content=\"Estado vai antecipar a entrega de obras da MG-311, no Leste de Minas - Aconteceu no Vale\" \/>\n<meta property=\"og:description\" content=\"O\u00a0Departamento de Edifica\u00e7\u00f5es e Estradas de Rodagem de Minas Gerais (DER-MG)\u00a0concluir\u00e1, nos pr\u00f3ximos 30 dias, as obras de recupera\u00e7\u00e3o funcional do trecho da MG-311, entre o munic\u00edpio de Pescador e o entroncamento com a BR-116, pr\u00f3ximo a Campan\u00e1rio, no Leste do Estado. A obra integra o Provias. S\u00e3o cerca de 21 quil\u00f4metros que, ao final [&hellip;]\" \/>\n<meta property=\"og:url\" content=\"https:\/\/aconteceunovale.com.br\/portal\/?p=191537\" \/>\n<meta property=\"og:site_name\" content=\"Aconteceu no Vale\" \/>\n<meta property=\"article:publisher\" content=\"https:\/\/www.facebook.com\/aconteceunovale\/\" \/>\n<meta property=\"article:published_time\" content=\"2022-10-14T23:14:09+00:00\" \/>\n<meta property=\"article:modified_time\" content=\"2022-10-14T23:15:02+00:00\" \/>\n<meta property=\"og:image\" content=\"https:\/\/aconteceunovale.com.br\/portal\/wp-content\/uploads\/2022\/10\/mg_311_1.jpeg\" \/>\n\t<meta property=\"og:image:width\" content=\"678\" \/>\n\t<meta property=\"og:image:height\" content=\"418\" \/>\n\t<meta property=\"og:image:type\" content=\"image\/jpeg\" \/>\n<meta name=\"author\" content=\"Reda\u00e7\u00e3o Aconteceu no Vale\" \/>\n<meta name=\"twitter:card\" content=\"summary_large_image\" \/>\n<meta name=\"twitter:creator\" content=\"@noticiadosvales\" \/>\n<meta name=\"twitter:site\" content=\"@noticiadosvales\" \/>\n<meta name=\"twitter:label1\" content=\"Escrito por\" \/>\n\t<meta name=\"twitter:data1\" content=\"Reda\u00e7\u00e3o Aconteceu no Vale\" \/>\n\t<meta name=\"twitter:label2\" content=\"Est. tempo de leitura\" \/>\n\t<meta name=\"twitter:data2\" content=\"3 minutos\" \/>\n<script type=\"application\/ld+json\" class=\"yoast-schema-graph\">{\"@context\":\"https:\\\/\\\/schema.org\",\"@graph\":[{\"@type\":\"Article\",\"@id\":\"https:\\\/\\\/aconteceunovale.com.br\\\/portal\\\/?p=191537#article\",\"isPartOf\":{\"@id\":\"https:\\\/\\\/aconteceunovale.com.br\\\/portal\\\/?p=191537\"},\"author\":{\"name\":\"Reda\u00e7\u00e3o Aconteceu no Vale\",\"@id\":\"https:\\\/\\\/aconteceunovale.com.br\\\/portal\\\/#\\\/schema\\\/person\\\/7d2f26d1483f8a63de73da1ee0754d35\"},\"headline\":\"Estado vai antecipar a entrega de obras da MG-311, no Leste de Minas\",\"datePublished\":\"2022-10-14T23:14:09+00:00\",\"dateModified\":\"2022-10-14T23:15:02+00:00\",\"mainEntityOfPage\":{\"@id\":\"https:\\\/\\\/aconteceunovale.com.br\\\/portal\\\/?p=191537\"},\"wordCount\":592,\"commentCount\":0,\"image\":{\"@id\":\"https:\\\/\\\/aconteceunovale.com.br\\\/portal\\\/?p=191537#primaryimage\"},\"thumbnailUrl\":\"https:\\\/\\\/aconteceunovale.com.br\\\/portal\\\/wp-content\\\/uploads\\\/2022\\\/10\\\/mg_311_1.jpeg\",\"keywords\":[\"BR-116\",\"Campan\u00e1rio\",\"DER-MG\",\"destaque\",\"Estado vai antecipar a entrega de obras da MG-311\",\"Governo de Minas\",\"MG-311\",\"Obras da MG-311\",\"Pescador\",\"Provias\",\"Recupera\u00e7\u00e3o da MG-311\",\"Recupera\u00e7\u00e3o funcional da MG-311\"],\"articleSection\":[\"Leste de Minas\"],\"inLanguage\":\"pt-BR\",\"potentialAction\":[{\"@type\":\"CommentAction\",\"name\":\"Comment\",\"target\":[\"https:\\\/\\\/aconteceunovale.com.br\\\/portal\\\/?p=191537#respond\"]}]},{\"@type\":\"WebPage\",\"@id\":\"https:\\\/\\\/aconteceunovale.com.br\\\/portal\\\/?p=191537\",\"url\":\"https:\\\/\\\/aconteceunovale.com.br\\\/portal\\\/?p=191537\",\"name\":\"Estado vai antecipar a entrega de obras da MG-311, no Leste de Minas - Aconteceu no Vale\",\"isPartOf\":{\"@id\":\"https:\\\/\\\/aconteceunovale.com.br\\\/portal\\\/#website\"},\"primaryImageOfPage\":{\"@id\":\"https:\\\/\\\/aconteceunovale.com.br\\\/portal\\\/?p=191537#primaryimage\"},\"image\":{\"@id\":\"https:\\\/\\\/aconteceunovale.com.br\\\/portal\\\/?p=191537#primaryimage\"},\"thumbnailUrl\":\"https:\\\/\\\/aconteceunovale.com.br\\\/portal\\\/wp-content\\\/uploads\\\/2022\\\/10\\\/mg_311_1.jpeg\",\"datePublished\":\"2022-10-14T23:14:09+00:00\",\"dateModified\":\"2022-10-14T23:15:02+00:00\",\"author\":{\"@id\":\"https:\\\/\\\/aconteceunovale.com.br\\\/portal\\\/#\\\/schema\\\/person\\\/7d2f26d1483f8a63de73da1ee0754d35\"},\"breadcrumb\":{\"@id\":\"https:\\\/\\\/aconteceunovale.com.br\\\/portal\\\/?p=191537#breadcrumb\"},\"inLanguage\":\"pt-BR\",\"potentialAction\":[{\"@type\":\"ReadAction\",\"target\":[\"https:\\\/\\\/aconteceunovale.com.br\\\/portal\\\/?p=191537\"]}]},{\"@type\":\"ImageObject\",\"inLanguage\":\"pt-BR\",\"@id\":\"https:\\\/\\\/aconteceunovale.com.br\\\/portal\\\/?p=191537#primaryimage\",\"url\":\"https:\\\/\\\/aconteceunovale.com.br\\\/portal\\\/wp-content\\\/uploads\\\/2022\\\/10\\\/mg_311_1.jpeg\",\"contentUrl\":\"https:\\\/\\\/aconteceunovale.com.br\\\/portal\\\/wp-content\\\/uploads\\\/2022\\\/10\\\/mg_311_1.jpeg\",\"width\":678,\"height\":418},{\"@type\":\"BreadcrumbList\",\"@id\":\"https:\\\/\\\/aconteceunovale.com.br\\\/portal\\\/?p=191537#breadcrumb\",\"itemListElement\":[{\"@type\":\"ListItem\",\"position\":1,\"name\":\"In\u00edcio\",\"item\":\"https:\\\/\\\/aconteceunovale.com.br\\\/portal\\\/\"},{\"@type\":\"ListItem\",\"position\":2,\"name\":\"Estado vai antecipar a entrega de obras da MG-311, no Leste de Minas\"}]},{\"@type\":\"WebSite\",\"@id\":\"https:\\\/\\\/aconteceunovale.com.br\\\/portal\\\/#website\",\"url\":\"https:\\\/\\\/aconteceunovale.com.br\\\/portal\\\/\",\"name\":\"Aconteceu no Vale\",\"description\":\"Portal de Not\u00edcias\",\"potentialAction\":[{\"@type\":\"SearchAction\",\"target\":{\"@type\":\"EntryPoint\",\"urlTemplate\":\"https:\\\/\\\/aconteceunovale.com.br\\\/portal\\\/?s={search_term_string}\"},\"query-input\":{\"@type\":\"PropertyValueSpecification\",\"valueRequired\":true,\"valueName\":\"search_term_string\"}}],\"inLanguage\":\"pt-BR\"},{\"@type\":\"Person\",\"@id\":\"https:\\\/\\\/aconteceunovale.com.br\\\/portal\\\/#\\\/schema\\\/person\\\/7d2f26d1483f8a63de73da1ee0754d35\",\"name\":\"Reda\u00e7\u00e3o Aconteceu no Vale\",\"description\":\"Equipe de reportagem do Aconteceu no Vale, portal de not\u00edcias do Vale do Jequitinhonha, em Minas Gerais. Cobrimos as 51 cidades do Vale desde 2013. Sugest\u00f5es de pauta e pedidos de corre\u00e7\u00e3o: contato@aconteceunovale.com.br\",\"url\":\"https:\\\/\\\/aconteceunovale.com.br\\\/portal\\\/?author=4\"}]}<\/script>\n<!-- \/ Yoast SEO plugin. -->","yoast_head_json":{"title":"Estado vai antecipar a entrega de obras da MG-311, no Leste de Minas - Aconteceu no Vale","robots":{"index":"index","follow":"follow","max-snippet":"max-snippet:-1","max-image-preview":"max-image-preview:large","max-video-preview":"max-video-preview:-1"},"canonical":"https:\/\/aconteceunovale.com.br\/portal\/?p=191537","og_locale":"pt_BR","og_type":"article","og_title":"Estado vai antecipar a entrega de obras da MG-311, no Leste de Minas - Aconteceu no Vale","og_description":"O\u00a0Departamento de Edifica\u00e7\u00f5es e Estradas de Rodagem de Minas Gerais (DER-MG)\u00a0concluir\u00e1, nos pr\u00f3ximos 30 dias, as obras de recupera\u00e7\u00e3o funcional do trecho da MG-311, entre o munic\u00edpio de Pescador e o entroncamento com a BR-116, pr\u00f3ximo a Campan\u00e1rio, no Leste do Estado. A obra integra o Provias. S\u00e3o cerca de 21 quil\u00f4metros que, ao final [&hellip;]","og_url":"https:\/\/aconteceunovale.com.br\/portal\/?p=191537","og_site_name":"Aconteceu no Vale","article_publisher":"https:\/\/www.facebook.com\/aconteceunovale\/","article_published_time":"2022-10-14T23:14:09+00:00","article_modified_time":"2022-10-14T23:15:02+00:00","og_image":[{"width":678,"height":418,"url":"https:\/\/aconteceunovale.com.br\/portal\/wp-content\/uploads\/2022\/10\/mg_311_1.jpeg","type":"image\/jpeg"}],"author":"Reda\u00e7\u00e3o Aconteceu no Vale","twitter_card":"summary_large_image","twitter_creator":"@noticiadosvales","twitter_site":"@noticiadosvales","twitter_misc":{"Escrito por":"Reda\u00e7\u00e3o Aconteceu no Vale","Est. tempo de leitura":"3 minutos"},"schema":{"@context":"https:\/\/schema.org","@graph":[{"@type":"Article","@id":"https:\/\/aconteceunovale.com.br\/portal\/?p=191537#article","isPartOf":{"@id":"https:\/\/aconteceunovale.com.br\/portal\/?p=191537"},"author":{"name":"Reda\u00e7\u00e3o Aconteceu no Vale","@id":"https:\/\/aconteceunovale.com.br\/portal\/#\/schema\/person\/7d2f26d1483f8a63de73da1ee0754d35"},"headline":"Estado vai antecipar a entrega de obras da MG-311, no Leste de Minas","datePublished":"2022-10-14T23:14:09+00:00","dateModified":"2022-10-14T23:15:02+00:00","mainEntityOfPage":{"@id":"https:\/\/aconteceunovale.com.br\/portal\/?p=191537"},"wordCount":592,"commentCount":0,"image":{"@id":"https:\/\/aconteceunovale.com.br\/portal\/?p=191537#primaryimage"},"thumbnailUrl":"https:\/\/aconteceunovale.com.br\/portal\/wp-content\/uploads\/2022\/10\/mg_311_1.jpeg","keywords":["BR-116","Campan\u00e1rio","DER-MG","destaque","Estado vai antecipar a entrega de obras da MG-311","Governo de Minas","MG-311","Obras da MG-311","Pescador","Provias","Recupera\u00e7\u00e3o da MG-311","Recupera\u00e7\u00e3o funcional da MG-311"],"articleSection":["Leste de Minas"],"inLanguage":"pt-BR","potentialAction":[{"@type":"CommentAction","name":"Comment","target":["https:\/\/aconteceunovale.com.br\/portal\/?p=191537#respond"]}]},{"@type":"WebPage","@id":"https:\/\/aconteceunovale.com.br\/portal\/?p=191537","url":"https:\/\/aconteceunovale.com.br\/portal\/?p=191537","name":"Estado vai antecipar a entrega de obras da MG-311, no Leste de Minas - Aconteceu no Vale","isPartOf":{"@id":"https:\/\/aconteceunovale.com.br\/portal\/#website"},"primaryImageOfPage":{"@id":"https:\/\/aconteceunovale.com.br\/portal\/?p=191537#primaryimage"},"image":{"@id":"https:\/\/aconteceunovale.com.br\/portal\/?p=191537#primaryimage"},"thumbnailUrl":"https:\/\/aconteceunovale.com.br\/portal\/wp-content\/uploads\/2022\/10\/mg_311_1.jpeg","datePublished":"2022-10-14T23:14:09+00:00","dateModified":"2022-10-14T23:15:02+00:00","author":{"@id":"https:\/\/aconteceunovale.com.br\/portal\/#\/schema\/person\/7d2f26d1483f8a63de73da1ee0754d35"},"breadcrumb":{"@id":"https:\/\/aconteceunovale.com.br\/portal\/?p=191537#breadcrumb"},"inLanguage":"pt-BR","potentialAction":[{"@type":"ReadAction","target":["https:\/\/aconteceunovale.com.br\/portal\/?p=191537"]}]},{"@type":"ImageObject","inLanguage":"pt-BR","@id":"https:\/\/aconteceunovale.com.br\/portal\/?p=191537#primaryimage","url":"https:\/\/aconteceunovale.com.br\/portal\/wp-content\/uploads\/2022\/10\/mg_311_1.jpeg","contentUrl":"https:\/\/aconteceunovale.com.br\/portal\/wp-content\/uploads\/2022\/10\/mg_311_1.jpeg","width":678,"height":418},{"@type":"BreadcrumbList","@id":"https:\/\/aconteceunovale.com.br\/portal\/?p=191537#breadcrumb","itemListElement":[{"@type":"ListItem","position":1,"name":"In\u00edcio","item":"https:\/\/aconteceunovale.com.br\/portal\/"},{"@type":"ListItem","position":2,"name":"Estado vai antecipar a entrega de obras da MG-311, no Leste de Minas"}]},{"@type":"WebSite","@id":"https:\/\/aconteceunovale.com.br\/portal\/#website","url":"https:\/\/aconteceunovale.com.br\/portal\/","name":"Aconteceu no Vale","description":"Portal de Not\u00edcias","potentialAction":[{"@type":"SearchAction","target":{"@type":"EntryPoint","urlTemplate":"https:\/\/aconteceunovale.com.br\/portal\/?s={search_term_string}"},"query-input":{"@type":"PropertyValueSpecification","valueRequired":true,"valueName":"search_term_string"}}],"inLanguage":"pt-BR"},{"@type":"Person","@id":"https:\/\/aconteceunovale.com.br\/portal\/#\/schema\/person\/7d2f26d1483f8a63de73da1ee0754d35","name":"Reda\u00e7\u00e3o Aconteceu no Vale","description":"Equipe de reportagem do Aconteceu no Vale, portal de not\u00edcias do Vale do Jequitinhonha, em Minas Gerais. Cobrimos as 51 cidades do Vale desde 2013. Sugest\u00f5es de pauta e pedidos de corre\u00e7\u00e3o: contato@aconteceunovale.com.br","url":"https:\/\/aconteceunovale.com.br\/portal\/?author=4"}]}},"_links":{"self":[{"href":"https:\/\/aconteceunovale.com.br\/portal\/index.php?rest_route=\/wp\/v2\/posts\/191537","targetHints":{"allow":["GET"]}}],"collection":[{"href":"https:\/\/aconteceunovale.com.br\/portal\/index.php?rest_route=\/wp\/v2\/posts"}],"about":[{"href":"https:\/\/aconteceunovale.com.br\/portal\/index.php?rest_route=\/wp\/v2\/types\/post"}],"author":[{"embeddable":true,"href":"https:\/\/aconteceunovale.com.br\/portal\/index.php?rest_route=\/wp\/v2\/users\/4"}],"replies":[{"embeddable":true,"href":"https:\/\/aconteceunovale.com.br\/portal\/index.php?rest_route=%2Fwp%2Fv2%2Fcomments&post=191537"}],"version-history":[{"count":1,"href":"https:\/\/aconteceunovale.com.br\/portal\/index.php?rest_route=\/wp\/v2\/posts\/191537\/revisions"}],"predecessor-version":[{"id":191540,"href":"https:\/\/aconteceunovale.com.br\/portal\/index.php?rest_route=\/wp\/v2\/posts\/191537\/revisions\/191540"}],"wp:featuredmedia":[{"embeddable":true,"href":"https:\/\/aconteceunovale.com.br\/portal\/index.php?rest_route=\/wp\/v2\/media\/191538"}],"wp:attachment":[{"href":"https:\/\/aconteceunovale.com.br\/portal\/index.php?rest_route=%2Fwp%2Fv2%2Fmedia&parent=191537"}],"wp:term":[{"taxonomy":"category","embeddable":true,"href":"https:\/\/aconteceunovale.com.br\/portal\/index.php?rest_route=%2Fwp%2Fv2%2Fcategories&post=191537"},{"taxonomy":"post_tag","embeddable":true,"href":"https:\/\/aconteceunovale.com.br\/portal\/index.php?rest_route=%2Fwp%2Fv2%2Ftags&post=191537"}],"curies":[{"name":"wp","href":"https:\/\/api.w.org\/{rel}","templated":true}]}}