{"id":191534,"date":"2022-10-14T20:07:20","date_gmt":"2022-10-14T23:07:20","guid":{"rendered":"https:\/\/aconteceunovale.com.br\/portal\/?p=191534"},"modified":"2022-10-14T20:07:54","modified_gmt":"2022-10-14T23:07:54","slug":"copasa-alerta-familias-carentes-em-minas-gerais-para-beneficios-da-tarifa-social","status":"publish","type":"post","link":"https:\/\/aconteceunovale.com.br\/portal\/?p=191534","title":{"rendered":"Copasa alerta fam\u00edlias carentes em Minas Gerais para benef\u00edcios da tarifa social"},"content":{"rendered":"\n<p class=\"wp-block-paragraph\">A tarifa social da\u00a0Copasa\u00a0\u00e9 disponibilizada \u00e0s fam\u00edlias inscritas no Cadastro \u00danico de Programas Sociais do governo federal (Cad\u00danico), que tenham a renda mensal de at\u00e9 meio sal\u00e1rio m\u00ednimo por pessoa. A unidade usu\u00e1ria deve ser residencial. A iniciativa j\u00e1 beneficia mais de 682.456 fam\u00edlias em Minas Gerais, com a redu\u00e7\u00e3o de at\u00e9 50% no valor da conta de \u00e1gua\/esgoto.<\/p>\n\n\n\n<figure class=\"wp-block-gallery has-nested-images columns-default is-cropped wp-block-gallery-1 is-layout-flex wp-block-gallery-is-layout-flex\">\n<figure class=\"wp-block-image size-large\"><img loading=\"lazy\" decoding=\"async\" width=\"600\" height=\"450\" data-id=\"191535\" src=\"https:\/\/aconteceunovale.com.br\/portal\/wp-content\/uploads\/2022\/10\/tarifa_social_copasa.jpg\" alt=\"\" class=\"wp-image-191535\" srcset=\"https:\/\/aconteceunovale.com.br\/portal\/wp-content\/uploads\/2022\/10\/tarifa_social_copasa.jpg 600w, https:\/\/aconteceunovale.com.br\/portal\/wp-content\/uploads\/2022\/10\/tarifa_social_copasa-300x225.jpg 300w, https:\/\/aconteceunovale.com.br\/portal\/wp-content\/uploads\/2022\/10\/tarifa_social_copasa-80x60.jpg 80w, https:\/\/aconteceunovale.com.br\/portal\/wp-content\/uploads\/2022\/10\/tarifa_social_copasa-265x198.jpg 265w, https:\/\/aconteceunovale.com.br\/portal\/wp-content\/uploads\/2022\/10\/tarifa_social_copasa-560x420.jpg 560w\" sizes=\"auto, (max-width: 600px) 100vw, 600px\" \/><figcaption><em><sub>Foto: Copasa \/ Divulga\u00e7\u00e3o<\/sub><\/em><\/figcaption><\/figure>\n<\/figure>\n\n\n\n<p class=\"wp-block-paragraph\">A Copasa faz ainda um alerta aos benefici\u00e1rios da tarifa social que est\u00e3o com os dados cadastrais desatualizados. Est\u00e1 sendo inclu\u00eddo um comunicado nas faturas dos meses 10 e 11\/2022, no campo \u201cInforma\u00e7\u00f5es Gerais\u201d. O objetivo \u00e9 informar o cliente sobre a necessidade de atualizar o seu Cad\u00danico para continuar tendo o benef\u00edcio da Copasa na fatura mensal.<\/p>\n\n\n\n<p class=\"wp-block-paragraph\">O benefici\u00e1rio que n\u00e3o apresentar o Cad\u00danico atualizado na Copasa, conforme solicitado, ter\u00e1 a Tarifa Social suspensa a partir de 12\/2022.<\/p>\n\n\n\n<p class=\"wp-block-paragraph\">O benef\u00edcio \u00e9 uma das a\u00e7\u00f5es de responsabilidade social da companhia, e est\u00e1 alinhado aos Objetivos do Desenvolvimento Sustent\u00e1vel (ODS), com foco principal no ODS n\u00b0 06, que trata da disponibiliza\u00e7\u00e3o de \u00e1gua pot\u00e1vel e de esgotamento sanit\u00e1rio.<\/p>\n\n\n\n<p class=\"wp-block-paragraph\">Para poder contar com o benef\u00edcio da tarifa social, o primeiro passo \u00e9 procurar o Centro de Refer\u00eancia da Assist\u00eancia Social (Cras) do seu munic\u00edpio para inscri\u00e7\u00e3o ou atualiza\u00e7\u00e3o do cadastro no Cad\u00danico, para obter o documento chamado \u201cFolha Resumo\u201d. Em seguida, o cliente deve entrar em contato com a Copasa, por meio de um dos canais de relacionamento com o cliente, e, al\u00e9m da \u201cFolha Resumo\u201d, apresentar o CPF e a conta atual do im\u00f3vel a ser cadastrado no programa. Depois disso \u00e9 s\u00f3 aguardar a an\u00e1lise da documenta\u00e7\u00e3o. Estando tudo certo, o benef\u00edcio do desconto j\u00e1 ser\u00e1 concedido na pr\u00f3xima conta.<\/p>\n\n\n\n<p class=\"wp-block-paragraph\">A solicita\u00e7\u00e3o de inclus\u00e3o na tarifa social poder\u00e1 ser feita por meio de um dos canais digitais de atendimento: webchat no&nbsp;<a href=\"https:\/\/www.copasa.com.br\/wps\/portal\/internet\/\" target=\"_blank\" rel=\"noreferrer noopener\">site da Copasa<\/a>&nbsp;e o WhatsApp (31) 99770-7000, ambos o funcionamento \u00e9 de segunda a sexta-feira, das 8h \u00e0s 16h.<\/p>\n\n\n\n<p class=\"wp-block-paragraph\">O benef\u00edcio da tarifa social da Copasa est\u00e1 em conformidade com a Resolu\u00e7\u00e3o Normativa n\u00b0 150, da\u00a0Ag\u00eancia Reguladora de Abastecimento de \u00c1gua e de Esgotamento Sanit\u00e1rio do Estado de Minas Gerais (Arsae-MG).<\/p>\n\n\n\n<p class=\"wp-block-paragraph\">A redu\u00e7\u00e3o no valor da conta \u00e9 calculada de acordo com o consumo de cada fam\u00edlia, ou seja, quanto menor for o consumo de \u00e1gua do im\u00f3vel, maior ser\u00e1 o desconto, sendo limitado at\u00e9 20 metros c\u00fabicos (20 mil litros).<\/p>\n\n\n\n<p class=\"wp-block-paragraph\">&#8212;&#8212;&#8212;&#8212;&#8212;&#8212;<br><br><strong>Sabia que o Aconteceu no Vale est\u00e1 tamb\u00e9m no Telegram? <a rel=\"noreferrer noopener\" href=\"https:\/\/t.me\/aconteceunovaleoficial\" target=\"_blank\">Inscreva-se no canal<\/a>.<\/strong><br><br><strong>J\u00e1 curtiu ou seguiu nossas p\u00e1ginas nas redes sociais?\u00a0Receba as not\u00edcias em primeira m\u00e3o:<\/strong><br>\u2022 <a rel=\"noreferrer noopener\" href=\"https:\/\/news.google.com\/publications\/CAAqBwgKMNjklQswi4etAw?hl=pt-BR&amp;gl=BR&amp;ceid=BR%3Apt-419\" target=\"_blank\">Google News<\/a><br>\u2022 <a rel=\"noreferrer noopener\" href=\"https:\/\/www.facebook.com\/aconteceunovale\/\" target=\"_blank\">Facebook<\/a><br>\u2022 <a rel=\"noreferrer noopener\" href=\"https:\/\/twitter.com\/noticiadosvales\" target=\"_blank\">Twitter<\/a><br>\u2022 <a rel=\"noreferrer noopener\" href=\"https:\/\/www.instagram.com\/aconteceunovale\" target=\"_blank\">Instagram<\/a><br>\u2022 <a rel=\"noreferrer noopener\" href=\"https:\/\/www.youtube.com\/AconteceunoValeOficial\" target=\"_blank\">Youtube<\/a><br>\u2022 <a rel=\"noreferrer noopener\" href=\"https:\/\/www.tiktok.com\/@aconteceunovale\" target=\"_blank\">TikTok<\/a><\/p>\n","protected":false},"excerpt":{"rendered":"<p>A tarifa social da\u00a0Copasa\u00a0\u00e9 disponibilizada \u00e0s fam\u00edlias inscritas no Cadastro \u00danico de Programas Sociais do governo federal (Cad\u00danico), que tenham a renda mensal de at\u00e9 meio sal\u00e1rio m\u00ednimo por pessoa. A unidade usu\u00e1ria deve ser residencial. A iniciativa j\u00e1 beneficia mais de 682.456 fam\u00edlias em Minas Gerais, com a redu\u00e7\u00e3o de at\u00e9 50% no valor [&hellip;]<\/p>\n","protected":false},"author":4,"featured_media":191535,"comment_status":"open","ping_status":"closed","sticky":false,"template":"","format":"standard","meta":{"amp_status":"","footnotes":""},"categories":[123],"tags":[265154,179,265150,265151,265152,265153,218245],"class_list":["post-191534","post","type-post","status-publish","format-standard","has-post-thumbnail","hentry","category-gerais","tag-beneficio-copasa","tag-copasa","tag-copasa-alerta-familias-carentes-em-minas-gerais-para-beneficios-da-tarifa-social","tag-copasa-tarifa-social","tag-desconto-conta-da-copasa","tag-desconto-copasa","tag-tarifa-social-copasa"],"yoast_head":"<!-- This site is optimized with the Yoast SEO plugin v28.3 - https:\/\/yoast.com\/product\/yoast-seo-wordpress\/ -->\n<title>Copasa alerta fam\u00edlias carentes em Minas Gerais para benef\u00edcios da tarifa social - Aconteceu no Vale<\/title>\n<meta name=\"robots\" content=\"index, follow, max-snippet:-1, max-image-preview:large, max-video-preview:-1\" \/>\n<link rel=\"canonical\" href=\"https:\/\/aconteceunovale.com.br\/portal\/?p=191534\" \/>\n<meta property=\"og:locale\" content=\"pt_BR\" \/>\n<meta property=\"og:type\" content=\"article\" \/>\n<meta property=\"og:title\" content=\"Copasa alerta fam\u00edlias carentes em Minas Gerais para benef\u00edcios da tarifa social - Aconteceu no Vale\" \/>\n<meta property=\"og:description\" content=\"A tarifa social da\u00a0Copasa\u00a0\u00e9 disponibilizada \u00e0s fam\u00edlias inscritas no Cadastro \u00danico de Programas Sociais do governo federal (Cad\u00danico), que tenham a renda mensal de at\u00e9 meio sal\u00e1rio m\u00ednimo por pessoa. A unidade usu\u00e1ria deve ser residencial. A iniciativa j\u00e1 beneficia mais de 682.456 fam\u00edlias em Minas Gerais, com a redu\u00e7\u00e3o de at\u00e9 50% no valor [&hellip;]\" \/>\n<meta property=\"og:url\" content=\"https:\/\/aconteceunovale.com.br\/portal\/?p=191534\" \/>\n<meta property=\"og:site_name\" content=\"Aconteceu no Vale\" \/>\n<meta property=\"article:publisher\" content=\"https:\/\/www.facebook.com\/aconteceunovale\/\" \/>\n<meta property=\"article:published_time\" content=\"2022-10-14T23:07:20+00:00\" \/>\n<meta property=\"article:modified_time\" content=\"2022-10-14T23:07:54+00:00\" \/>\n<meta property=\"og:image\" content=\"https:\/\/aconteceunovale.com.br\/portal\/wp-content\/uploads\/2022\/10\/tarifa_social_copasa.jpg\" \/>\n\t<meta property=\"og:image:width\" content=\"600\" \/>\n\t<meta property=\"og:image:height\" content=\"450\" \/>\n\t<meta property=\"og:image:type\" content=\"image\/jpeg\" \/>\n<meta name=\"author\" content=\"Reda\u00e7\u00e3o Aconteceu no Vale\" \/>\n<meta name=\"twitter:card\" content=\"summary_large_image\" \/>\n<meta name=\"twitter:creator\" content=\"@noticiadosvales\" \/>\n<meta name=\"twitter:site\" content=\"@noticiadosvales\" \/>\n<meta name=\"twitter:label1\" content=\"Escrito por\" \/>\n\t<meta name=\"twitter:data1\" content=\"Reda\u00e7\u00e3o Aconteceu no Vale\" \/>\n\t<meta name=\"twitter:label2\" content=\"Est. tempo de leitura\" \/>\n\t<meta name=\"twitter:data2\" content=\"2 minutos\" \/>\n<script type=\"application\/ld+json\" class=\"yoast-schema-graph\">{\"@context\":\"https:\\\/\\\/schema.org\",\"@graph\":[{\"@type\":\"Article\",\"@id\":\"https:\\\/\\\/aconteceunovale.com.br\\\/portal\\\/?p=191534#article\",\"isPartOf\":{\"@id\":\"https:\\\/\\\/aconteceunovale.com.br\\\/portal\\\/?p=191534\"},\"author\":{\"name\":\"Reda\u00e7\u00e3o Aconteceu no Vale\",\"@id\":\"https:\\\/\\\/aconteceunovale.com.br\\\/portal\\\/#\\\/schema\\\/person\\\/7d2f26d1483f8a63de73da1ee0754d35\"},\"headline\":\"Copasa alerta fam\u00edlias carentes em Minas Gerais para benef\u00edcios da tarifa social\",\"datePublished\":\"2022-10-14T23:07:20+00:00\",\"dateModified\":\"2022-10-14T23:07:54+00:00\",\"mainEntityOfPage\":{\"@id\":\"https:\\\/\\\/aconteceunovale.com.br\\\/portal\\\/?p=191534\"},\"wordCount\":484,\"commentCount\":0,\"image\":{\"@id\":\"https:\\\/\\\/aconteceunovale.com.br\\\/portal\\\/?p=191534#primaryimage\"},\"thumbnailUrl\":\"https:\\\/\\\/aconteceunovale.com.br\\\/portal\\\/wp-content\\\/uploads\\\/2022\\\/10\\\/tarifa_social_copasa.jpg\",\"keywords\":[\"Benef\u00edcio Copasa\",\"Copasa\",\"Copasa alerta fam\u00edlias carentes em Minas Gerais para benef\u00edcios da tarifa social\",\"Copasa tarifa social\",\"Desconto conta da Copasa\",\"Desconto Copasa\",\"Tarifa social Copasa\"],\"articleSection\":[\"Minas Gerais\"],\"inLanguage\":\"pt-BR\",\"potentialAction\":[{\"@type\":\"CommentAction\",\"name\":\"Comment\",\"target\":[\"https:\\\/\\\/aconteceunovale.com.br\\\/portal\\\/?p=191534#respond\"]}]},{\"@type\":\"WebPage\",\"@id\":\"https:\\\/\\\/aconteceunovale.com.br\\\/portal\\\/?p=191534\",\"url\":\"https:\\\/\\\/aconteceunovale.com.br\\\/portal\\\/?p=191534\",\"name\":\"Copasa alerta fam\u00edlias carentes em Minas Gerais para benef\u00edcios da tarifa social - Aconteceu no Vale\",\"isPartOf\":{\"@id\":\"https:\\\/\\\/aconteceunovale.com.br\\\/portal\\\/#website\"},\"primaryImageOfPage\":{\"@id\":\"https:\\\/\\\/aconteceunovale.com.br\\\/portal\\\/?p=191534#primaryimage\"},\"image\":{\"@id\":\"https:\\\/\\\/aconteceunovale.com.br\\\/portal\\\/?p=191534#primaryimage\"},\"thumbnailUrl\":\"https:\\\/\\\/aconteceunovale.com.br\\\/portal\\\/wp-content\\\/uploads\\\/2022\\\/10\\\/tarifa_social_copasa.jpg\",\"datePublished\":\"2022-10-14T23:07:20+00:00\",\"dateModified\":\"2022-10-14T23:07:54+00:00\",\"author\":{\"@id\":\"https:\\\/\\\/aconteceunovale.com.br\\\/portal\\\/#\\\/schema\\\/person\\\/7d2f26d1483f8a63de73da1ee0754d35\"},\"breadcrumb\":{\"@id\":\"https:\\\/\\\/aconteceunovale.com.br\\\/portal\\\/?p=191534#breadcrumb\"},\"inLanguage\":\"pt-BR\",\"potentialAction\":[{\"@type\":\"ReadAction\",\"target\":[\"https:\\\/\\\/aconteceunovale.com.br\\\/portal\\\/?p=191534\"]}]},{\"@type\":\"ImageObject\",\"inLanguage\":\"pt-BR\",\"@id\":\"https:\\\/\\\/aconteceunovale.com.br\\\/portal\\\/?p=191534#primaryimage\",\"url\":\"https:\\\/\\\/aconteceunovale.com.br\\\/portal\\\/wp-content\\\/uploads\\\/2022\\\/10\\\/tarifa_social_copasa.jpg\",\"contentUrl\":\"https:\\\/\\\/aconteceunovale.com.br\\\/portal\\\/wp-content\\\/uploads\\\/2022\\\/10\\\/tarifa_social_copasa.jpg\",\"width\":600,\"height\":450},{\"@type\":\"BreadcrumbList\",\"@id\":\"https:\\\/\\\/aconteceunovale.com.br\\\/portal\\\/?p=191534#breadcrumb\",\"itemListElement\":[{\"@type\":\"ListItem\",\"position\":1,\"name\":\"In\u00edcio\",\"item\":\"https:\\\/\\\/aconteceunovale.com.br\\\/portal\\\/\"},{\"@type\":\"ListItem\",\"position\":2,\"name\":\"Copasa alerta fam\u00edlias carentes em Minas Gerais para benef\u00edcios da tarifa social\"}]},{\"@type\":\"WebSite\",\"@id\":\"https:\\\/\\\/aconteceunovale.com.br\\\/portal\\\/#website\",\"url\":\"https:\\\/\\\/aconteceunovale.com.br\\\/portal\\\/\",\"name\":\"Aconteceu no Vale\",\"description\":\"Portal de Not\u00edcias\",\"potentialAction\":[{\"@type\":\"SearchAction\",\"target\":{\"@type\":\"EntryPoint\",\"urlTemplate\":\"https:\\\/\\\/aconteceunovale.com.br\\\/portal\\\/?s={search_term_string}\"},\"query-input\":{\"@type\":\"PropertyValueSpecification\",\"valueRequired\":true,\"valueName\":\"search_term_string\"}}],\"inLanguage\":\"pt-BR\"},{\"@type\":\"Person\",\"@id\":\"https:\\\/\\\/aconteceunovale.com.br\\\/portal\\\/#\\\/schema\\\/person\\\/7d2f26d1483f8a63de73da1ee0754d35\",\"name\":\"Reda\u00e7\u00e3o Aconteceu no Vale\",\"description\":\"Equipe de reportagem do Aconteceu no Vale, portal de not\u00edcias do Vale do Jequitinhonha, em Minas Gerais. Cobrimos as 51 cidades do Vale desde 2013. Sugest\u00f5es de pauta e pedidos de corre\u00e7\u00e3o: contato@aconteceunovale.com.br\",\"url\":\"https:\\\/\\\/aconteceunovale.com.br\\\/portal\\\/?author=4\"}]}<\/script>\n<!-- \/ Yoast SEO plugin. -->","yoast_head_json":{"title":"Copasa alerta fam\u00edlias carentes em Minas Gerais para benef\u00edcios da tarifa social - Aconteceu no Vale","robots":{"index":"index","follow":"follow","max-snippet":"max-snippet:-1","max-image-preview":"max-image-preview:large","max-video-preview":"max-video-preview:-1"},"canonical":"https:\/\/aconteceunovale.com.br\/portal\/?p=191534","og_locale":"pt_BR","og_type":"article","og_title":"Copasa alerta fam\u00edlias carentes em Minas Gerais para benef\u00edcios da tarifa social - Aconteceu no Vale","og_description":"A tarifa social da\u00a0Copasa\u00a0\u00e9 disponibilizada \u00e0s fam\u00edlias inscritas no Cadastro \u00danico de Programas Sociais do governo federal (Cad\u00danico), que tenham a renda mensal de at\u00e9 meio sal\u00e1rio m\u00ednimo por pessoa. A unidade usu\u00e1ria deve ser residencial. A iniciativa j\u00e1 beneficia mais de 682.456 fam\u00edlias em Minas Gerais, com a redu\u00e7\u00e3o de at\u00e9 50% no valor [&hellip;]","og_url":"https:\/\/aconteceunovale.com.br\/portal\/?p=191534","og_site_name":"Aconteceu no Vale","article_publisher":"https:\/\/www.facebook.com\/aconteceunovale\/","article_published_time":"2022-10-14T23:07:20+00:00","article_modified_time":"2022-10-14T23:07:54+00:00","og_image":[{"width":600,"height":450,"url":"https:\/\/aconteceunovale.com.br\/portal\/wp-content\/uploads\/2022\/10\/tarifa_social_copasa.jpg","type":"image\/jpeg"}],"author":"Reda\u00e7\u00e3o Aconteceu no Vale","twitter_card":"summary_large_image","twitter_creator":"@noticiadosvales","twitter_site":"@noticiadosvales","twitter_misc":{"Escrito por":"Reda\u00e7\u00e3o Aconteceu no Vale","Est. tempo de leitura":"2 minutos"},"schema":{"@context":"https:\/\/schema.org","@graph":[{"@type":"Article","@id":"https:\/\/aconteceunovale.com.br\/portal\/?p=191534#article","isPartOf":{"@id":"https:\/\/aconteceunovale.com.br\/portal\/?p=191534"},"author":{"name":"Reda\u00e7\u00e3o Aconteceu no Vale","@id":"https:\/\/aconteceunovale.com.br\/portal\/#\/schema\/person\/7d2f26d1483f8a63de73da1ee0754d35"},"headline":"Copasa alerta fam\u00edlias carentes em Minas Gerais para benef\u00edcios da tarifa social","datePublished":"2022-10-14T23:07:20+00:00","dateModified":"2022-10-14T23:07:54+00:00","mainEntityOfPage":{"@id":"https:\/\/aconteceunovale.com.br\/portal\/?p=191534"},"wordCount":484,"commentCount":0,"image":{"@id":"https:\/\/aconteceunovale.com.br\/portal\/?p=191534#primaryimage"},"thumbnailUrl":"https:\/\/aconteceunovale.com.br\/portal\/wp-content\/uploads\/2022\/10\/tarifa_social_copasa.jpg","keywords":["Benef\u00edcio Copasa","Copasa","Copasa alerta fam\u00edlias carentes em Minas Gerais para benef\u00edcios da tarifa social","Copasa tarifa social","Desconto conta da Copasa","Desconto Copasa","Tarifa social Copasa"],"articleSection":["Minas Gerais"],"inLanguage":"pt-BR","potentialAction":[{"@type":"CommentAction","name":"Comment","target":["https:\/\/aconteceunovale.com.br\/portal\/?p=191534#respond"]}]},{"@type":"WebPage","@id":"https:\/\/aconteceunovale.com.br\/portal\/?p=191534","url":"https:\/\/aconteceunovale.com.br\/portal\/?p=191534","name":"Copasa alerta fam\u00edlias carentes em Minas Gerais para benef\u00edcios da tarifa social - Aconteceu no Vale","isPartOf":{"@id":"https:\/\/aconteceunovale.com.br\/portal\/#website"},"primaryImageOfPage":{"@id":"https:\/\/aconteceunovale.com.br\/portal\/?p=191534#primaryimage"},"image":{"@id":"https:\/\/aconteceunovale.com.br\/portal\/?p=191534#primaryimage"},"thumbnailUrl":"https:\/\/aconteceunovale.com.br\/portal\/wp-content\/uploads\/2022\/10\/tarifa_social_copasa.jpg","datePublished":"2022-10-14T23:07:20+00:00","dateModified":"2022-10-14T23:07:54+00:00","author":{"@id":"https:\/\/aconteceunovale.com.br\/portal\/#\/schema\/person\/7d2f26d1483f8a63de73da1ee0754d35"},"breadcrumb":{"@id":"https:\/\/aconteceunovale.com.br\/portal\/?p=191534#breadcrumb"},"inLanguage":"pt-BR","potentialAction":[{"@type":"ReadAction","target":["https:\/\/aconteceunovale.com.br\/portal\/?p=191534"]}]},{"@type":"ImageObject","inLanguage":"pt-BR","@id":"https:\/\/aconteceunovale.com.br\/portal\/?p=191534#primaryimage","url":"https:\/\/aconteceunovale.com.br\/portal\/wp-content\/uploads\/2022\/10\/tarifa_social_copasa.jpg","contentUrl":"https:\/\/aconteceunovale.com.br\/portal\/wp-content\/uploads\/2022\/10\/tarifa_social_copasa.jpg","width":600,"height":450},{"@type":"BreadcrumbList","@id":"https:\/\/aconteceunovale.com.br\/portal\/?p=191534#breadcrumb","itemListElement":[{"@type":"ListItem","position":1,"name":"In\u00edcio","item":"https:\/\/aconteceunovale.com.br\/portal\/"},{"@type":"ListItem","position":2,"name":"Copasa alerta fam\u00edlias carentes em Minas Gerais para benef\u00edcios da tarifa social"}]},{"@type":"WebSite","@id":"https:\/\/aconteceunovale.com.br\/portal\/#website","url":"https:\/\/aconteceunovale.com.br\/portal\/","name":"Aconteceu no Vale","description":"Portal de Not\u00edcias","potentialAction":[{"@type":"SearchAction","target":{"@type":"EntryPoint","urlTemplate":"https:\/\/aconteceunovale.com.br\/portal\/?s={search_term_string}"},"query-input":{"@type":"PropertyValueSpecification","valueRequired":true,"valueName":"search_term_string"}}],"inLanguage":"pt-BR"},{"@type":"Person","@id":"https:\/\/aconteceunovale.com.br\/portal\/#\/schema\/person\/7d2f26d1483f8a63de73da1ee0754d35","name":"Reda\u00e7\u00e3o Aconteceu no Vale","description":"Equipe de reportagem do Aconteceu no Vale, portal de not\u00edcias do Vale do Jequitinhonha, em Minas Gerais. Cobrimos as 51 cidades do Vale desde 2013. Sugest\u00f5es de pauta e pedidos de corre\u00e7\u00e3o: contato@aconteceunovale.com.br","url":"https:\/\/aconteceunovale.com.br\/portal\/?author=4"}]}},"_links":{"self":[{"href":"https:\/\/aconteceunovale.com.br\/portal\/index.php?rest_route=\/wp\/v2\/posts\/191534","targetHints":{"allow":["GET"]}}],"collection":[{"href":"https:\/\/aconteceunovale.com.br\/portal\/index.php?rest_route=\/wp\/v2\/posts"}],"about":[{"href":"https:\/\/aconteceunovale.com.br\/portal\/index.php?rest_route=\/wp\/v2\/types\/post"}],"author":[{"embeddable":true,"href":"https:\/\/aconteceunovale.com.br\/portal\/index.php?rest_route=\/wp\/v2\/users\/4"}],"replies":[{"embeddable":true,"href":"https:\/\/aconteceunovale.com.br\/portal\/index.php?rest_route=%2Fwp%2Fv2%2Fcomments&post=191534"}],"version-history":[{"count":1,"href":"https:\/\/aconteceunovale.com.br\/portal\/index.php?rest_route=\/wp\/v2\/posts\/191534\/revisions"}],"predecessor-version":[{"id":191536,"href":"https:\/\/aconteceunovale.com.br\/portal\/index.php?rest_route=\/wp\/v2\/posts\/191534\/revisions\/191536"}],"wp:featuredmedia":[{"embeddable":true,"href":"https:\/\/aconteceunovale.com.br\/portal\/index.php?rest_route=\/wp\/v2\/media\/191535"}],"wp:attachment":[{"href":"https:\/\/aconteceunovale.com.br\/portal\/index.php?rest_route=%2Fwp%2Fv2%2Fmedia&parent=191534"}],"wp:term":[{"taxonomy":"category","embeddable":true,"href":"https:\/\/aconteceunovale.com.br\/portal\/index.php?rest_route=%2Fwp%2Fv2%2Fcategories&post=191534"},{"taxonomy":"post_tag","embeddable":true,"href":"https:\/\/aconteceunovale.com.br\/portal\/index.php?rest_route=%2Fwp%2Fv2%2Ftags&post=191534"}],"curies":[{"name":"wp","href":"https:\/\/api.w.org\/{rel}","templated":true}]}}