{"id":191531,"date":"2022-10-14T20:02:54","date_gmt":"2022-10-14T23:02:54","guid":{"rendered":"https:\/\/aconteceunovale.com.br\/portal\/?p=191531"},"modified":"2022-10-14T20:04:05","modified_gmt":"2022-10-14T23:04:05","slug":"passaros-apreendidos-no-norte-de-minas-serao-reabilitados-para-volta-a-natureza","status":"publish","type":"post","link":"https:\/\/aconteceunovale.com.br\/portal\/?p=191531","title":{"rendered":"P\u00e1ssaros apreendidos no Norte de Minas ser\u00e3o reabilitados para volta \u00e0 natureza"},"content":{"rendered":"\n<p class=\"wp-block-paragraph\">O Centro de Triagem de Animais Silvestres (Cetas) de Montes Claros, administrado pelo\u00a0Instituto Estadual de Florestas (IEF), recebeu 1.234 can\u00e1rios da terra apreendidos pela\u00a0Pol\u00edcia Militar\u00a0durante fiscaliza\u00e7\u00e3o de rotina realizada na rodovia LMG-653, pr\u00f3ximo ao munic\u00edpio do Norte de Minas. Dois suspeitos foram presos durante a a\u00e7\u00e3o e dever\u00e3o responder por maus-tratos e transporte ilegal de animais silvestres. Ap\u00f3s reabilita\u00e7\u00e3o e anilhamento, as aves ser\u00e3o reintroduzidas \u00e0 natureza.<\/p>\n\n\n\n<figure class=\"wp-block-gallery has-nested-images columns-default is-cropped wp-block-gallery-1 is-layout-flex wp-block-gallery-is-layout-flex\">\n<figure class=\"wp-block-image size-large\"><img loading=\"lazy\" decoding=\"async\" width=\"640\" height=\"360\" data-id=\"191532\" src=\"https:\/\/aconteceunovale.com.br\/portal\/wp-content\/uploads\/2022\/10\/aves_moc.jpg\" alt=\"\" class=\"wp-image-191532\" srcset=\"https:\/\/aconteceunovale.com.br\/portal\/wp-content\/uploads\/2022\/10\/aves_moc.jpg 640w, https:\/\/aconteceunovale.com.br\/portal\/wp-content\/uploads\/2022\/10\/aves_moc-300x169.jpg 300w\" sizes=\"auto, (max-width: 640px) 100vw, 640px\" \/><figcaption><em><sub>Foto: Divulga\u00e7\u00e3o\/PMMG<\/sub><\/em><\/figcaption><\/figure>\n<\/figure>\n\n\n\n<p class=\"wp-block-paragraph\">Segundo a PM, os animais estavam sendo transportados ilegalmente para Pernambuco, onde, conforme os suspeitos, seriam vendidos individualmente por cerca de R$ 15. Questionados, tanto motorista quanto passageiro do ve\u00edculo apreendido n\u00e3o apresentaram a \u201cGuia de Tr\u00e2nsito Animal\u201d, considerado documento oficial para transporte de animais no Brasil.<\/p>\n\n\n\n<h2 class=\"wp-block-heading\"><strong>Soltura&nbsp;<\/strong><\/h2>\n\n\n\n<p class=\"wp-block-paragraph\">\u201cIdentificamos que os animais s\u00e3o rec\u00e9m-capturados. Desta forma, o trabalho de recupera\u00e7\u00e3o consiste na vermifuga\u00e7\u00e3o e anilhamento das aves, al\u00e9m do tratamento daquelas que chegaram mais debilitadas. Infelizmente, dez animais j\u00e1 estavam mortos quando as gaiolas foram trazidas para o Cetas\u201d, conta a veterin\u00e1ria do Cetas Montes Claros, Osmarina Aparecida Santos. &nbsp;<\/p>\n\n\n\n<p class=\"wp-block-paragraph\">O trabalho de soltura das aves j\u00e1 reabilitadas teve in\u00edcio nessa quinta-feira (13\/10) e \u00e9 realizado sob supervis\u00e3o da equipe t\u00e9cnica do Cetas Montes Claros, nas \u00c1reas de Soltura de Animais Silvestres (Asas) cadastradas pelo IEF.<\/p>\n\n\n\n<p class=\"wp-block-paragraph\">No Brasil, a legisla\u00e7\u00e3o prev\u00ea reclus\u00e3o de dois a cinco anos, multa e proibi\u00e7\u00e3o da guarda para o crime de maus-tratos aos animais. Caso o crime resulte na morte do animal, a pena pode ser aumentada em at\u00e9 1\/3 da inicial.<\/p>\n\n\n\n<p class=\"wp-block-paragraph\">&#8212;&#8212;&#8212;&#8212;&#8212;&#8212;<br><br><strong>Sabia que o Aconteceu no Vale est\u00e1 tamb\u00e9m no Telegram? <a rel=\"noreferrer noopener\" href=\"https:\/\/t.me\/aconteceunovaleoficial\" target=\"_blank\">Inscreva-se no canal<\/a>.<\/strong><br><br><strong>J\u00e1 curtiu ou seguiu nossas p\u00e1ginas nas redes sociais?\u00a0Receba as not\u00edcias em primeira m\u00e3o:<\/strong><br>\u2022 <a rel=\"noreferrer noopener\" href=\"https:\/\/news.google.com\/publications\/CAAqBwgKMNjklQswi4etAw?hl=pt-BR&amp;gl=BR&amp;ceid=BR%3Apt-419\" target=\"_blank\">Google News<\/a><br>\u2022 <a rel=\"noreferrer noopener\" href=\"https:\/\/www.facebook.com\/aconteceunovale\/\" target=\"_blank\">Facebook<\/a><br>\u2022 <a rel=\"noreferrer noopener\" href=\"https:\/\/twitter.com\/noticiadosvales\" target=\"_blank\">Twitter<\/a><br>\u2022 <a rel=\"noreferrer noopener\" href=\"https:\/\/www.instagram.com\/aconteceunovale\" target=\"_blank\">Instagram<\/a><br>\u2022 <a rel=\"noreferrer noopener\" href=\"https:\/\/www.youtube.com\/AconteceunoValeOficial\" target=\"_blank\">Youtube<\/a><br>\u2022 <a rel=\"noreferrer noopener\" href=\"https:\/\/www.tiktok.com\/@aconteceunovale\" target=\"_blank\">TikTok<\/a><\/p>\n","protected":false},"excerpt":{"rendered":"<p>O Centro de Triagem de Animais Silvestres (Cetas) de Montes Claros, administrado pelo\u00a0Instituto Estadual de Florestas (IEF), recebeu 1.234 can\u00e1rios da terra apreendidos pela\u00a0Pol\u00edcia Militar\u00a0durante fiscaliza\u00e7\u00e3o de rotina realizada na rodovia LMG-653, pr\u00f3ximo ao munic\u00edpio do Norte de Minas. Dois suspeitos foram presos durante a a\u00e7\u00e3o e dever\u00e3o responder por maus-tratos e transporte ilegal de [&hellip;]<\/p>\n","protected":false},"author":4,"featured_media":191532,"comment_status":"open","ping_status":"closed","sticky":false,"template":"","format":"standard","meta":{"amp_status":"","footnotes":""},"categories":[1236],"tags":[265148,94293,265147,748,143479,210,145,94294,265146,265145,265149],"class_list":["post-191531","post","type-post","status-publish","format-standard","has-post-thumbnail","hentry","category-norte_de_minas","tag-apreensao-de-aves-silvestres-em-montes-claros","tag-apreensao-de-passaros-em-montes-claros","tag-cetas-de-montes-claros","tag-ief","tag-lmg-653","tag-montes-claros","tag-norte-de-minas","tag-passaros-apreendidos-em-montes-claros","tag-passaros-apreendidos-no-norte-de-minas","tag-passaros-apreendidos-no-norte-de-minas-serao-reabilitados-para-volta-a-natureza","tag-presos-com-passaros-em-montes-claros"],"yoast_head":"<!-- This site is optimized with the Yoast SEO plugin v28.3 - https:\/\/yoast.com\/product\/yoast-seo-wordpress\/ -->\n<title>P\u00e1ssaros apreendidos no Norte de Minas ser\u00e3o reabilitados para volta \u00e0 natureza - Aconteceu no Vale<\/title>\n<meta name=\"robots\" content=\"index, follow, max-snippet:-1, max-image-preview:large, max-video-preview:-1\" \/>\n<link rel=\"canonical\" href=\"https:\/\/aconteceunovale.com.br\/portal\/?p=191531\" \/>\n<meta property=\"og:locale\" content=\"pt_BR\" \/>\n<meta property=\"og:type\" content=\"article\" \/>\n<meta property=\"og:title\" content=\"P\u00e1ssaros apreendidos no Norte de Minas ser\u00e3o reabilitados para volta \u00e0 natureza - Aconteceu no Vale\" \/>\n<meta property=\"og:description\" content=\"O Centro de Triagem de Animais Silvestres (Cetas) de Montes Claros, administrado pelo\u00a0Instituto Estadual de Florestas (IEF), recebeu 1.234 can\u00e1rios da terra apreendidos pela\u00a0Pol\u00edcia Militar\u00a0durante fiscaliza\u00e7\u00e3o de rotina realizada na rodovia LMG-653, pr\u00f3ximo ao munic\u00edpio do Norte de Minas. Dois suspeitos foram presos durante a a\u00e7\u00e3o e dever\u00e3o responder por maus-tratos e transporte ilegal de [&hellip;]\" \/>\n<meta property=\"og:url\" content=\"https:\/\/aconteceunovale.com.br\/portal\/?p=191531\" \/>\n<meta property=\"og:site_name\" content=\"Aconteceu no Vale\" \/>\n<meta property=\"article:publisher\" content=\"https:\/\/www.facebook.com\/aconteceunovale\/\" \/>\n<meta property=\"article:published_time\" content=\"2022-10-14T23:02:54+00:00\" \/>\n<meta property=\"article:modified_time\" content=\"2022-10-14T23:04:05+00:00\" \/>\n<meta property=\"og:image\" content=\"https:\/\/aconteceunovale.com.br\/portal\/wp-content\/uploads\/2022\/10\/aves_moc.jpg\" \/>\n\t<meta property=\"og:image:width\" content=\"640\" \/>\n\t<meta property=\"og:image:height\" content=\"360\" \/>\n\t<meta property=\"og:image:type\" content=\"image\/jpeg\" \/>\n<meta name=\"author\" content=\"Reda\u00e7\u00e3o Aconteceu no Vale\" \/>\n<meta name=\"twitter:card\" content=\"summary_large_image\" \/>\n<meta name=\"twitter:creator\" content=\"@noticiadosvales\" \/>\n<meta name=\"twitter:site\" content=\"@noticiadosvales\" \/>\n<meta name=\"twitter:label1\" content=\"Escrito por\" \/>\n\t<meta name=\"twitter:data1\" content=\"Reda\u00e7\u00e3o Aconteceu no Vale\" \/>\n\t<meta name=\"twitter:label2\" content=\"Est. tempo de leitura\" \/>\n\t<meta name=\"twitter:data2\" content=\"2 minutos\" \/>\n<script type=\"application\/ld+json\" class=\"yoast-schema-graph\">{\"@context\":\"https:\\\/\\\/schema.org\",\"@graph\":[{\"@type\":\"Article\",\"@id\":\"https:\\\/\\\/aconteceunovale.com.br\\\/portal\\\/?p=191531#article\",\"isPartOf\":{\"@id\":\"https:\\\/\\\/aconteceunovale.com.br\\\/portal\\\/?p=191531\"},\"author\":{\"name\":\"Reda\u00e7\u00e3o Aconteceu no Vale\",\"@id\":\"https:\\\/\\\/aconteceunovale.com.br\\\/portal\\\/#\\\/schema\\\/person\\\/7d2f26d1483f8a63de73da1ee0754d35\"},\"headline\":\"P\u00e1ssaros apreendidos no Norte de Minas ser\u00e3o reabilitados para volta \u00e0 natureza\",\"datePublished\":\"2022-10-14T23:02:54+00:00\",\"dateModified\":\"2022-10-14T23:04:05+00:00\",\"mainEntityOfPage\":{\"@id\":\"https:\\\/\\\/aconteceunovale.com.br\\\/portal\\\/?p=191531\"},\"wordCount\":324,\"commentCount\":0,\"image\":{\"@id\":\"https:\\\/\\\/aconteceunovale.com.br\\\/portal\\\/?p=191531#primaryimage\"},\"thumbnailUrl\":\"https:\\\/\\\/aconteceunovale.com.br\\\/portal\\\/wp-content\\\/uploads\\\/2022\\\/10\\\/aves_moc.jpg\",\"keywords\":[\"Apreens\u00e3o de aves silvestres em Montes Claros\",\"apreens\u00e3o de p\u00e1ssaros em Montes Claros\",\"Cetas de Montes Claros\",\"IEF\",\"LMG-653\",\"Montes Claros\",\"Norte de Minas\",\"p\u00e1ssaros apreendidos em Montes Claros\",\"P\u00e1ssaros apreendidos no Norte de Minas\",\"P\u00e1ssaros apreendidos no Norte de Minas ser\u00e3o reabilitados para volta \u00e0 natureza\",\"Presos com p\u00e1ssaros em Montes Claros\"],\"articleSection\":[\"Norte de Minas\"],\"inLanguage\":\"pt-BR\",\"potentialAction\":[{\"@type\":\"CommentAction\",\"name\":\"Comment\",\"target\":[\"https:\\\/\\\/aconteceunovale.com.br\\\/portal\\\/?p=191531#respond\"]}]},{\"@type\":\"WebPage\",\"@id\":\"https:\\\/\\\/aconteceunovale.com.br\\\/portal\\\/?p=191531\",\"url\":\"https:\\\/\\\/aconteceunovale.com.br\\\/portal\\\/?p=191531\",\"name\":\"P\u00e1ssaros apreendidos no Norte de Minas ser\u00e3o reabilitados para volta \u00e0 natureza - Aconteceu no Vale\",\"isPartOf\":{\"@id\":\"https:\\\/\\\/aconteceunovale.com.br\\\/portal\\\/#website\"},\"primaryImageOfPage\":{\"@id\":\"https:\\\/\\\/aconteceunovale.com.br\\\/portal\\\/?p=191531#primaryimage\"},\"image\":{\"@id\":\"https:\\\/\\\/aconteceunovale.com.br\\\/portal\\\/?p=191531#primaryimage\"},\"thumbnailUrl\":\"https:\\\/\\\/aconteceunovale.com.br\\\/portal\\\/wp-content\\\/uploads\\\/2022\\\/10\\\/aves_moc.jpg\",\"datePublished\":\"2022-10-14T23:02:54+00:00\",\"dateModified\":\"2022-10-14T23:04:05+00:00\",\"author\":{\"@id\":\"https:\\\/\\\/aconteceunovale.com.br\\\/portal\\\/#\\\/schema\\\/person\\\/7d2f26d1483f8a63de73da1ee0754d35\"},\"breadcrumb\":{\"@id\":\"https:\\\/\\\/aconteceunovale.com.br\\\/portal\\\/?p=191531#breadcrumb\"},\"inLanguage\":\"pt-BR\",\"potentialAction\":[{\"@type\":\"ReadAction\",\"target\":[\"https:\\\/\\\/aconteceunovale.com.br\\\/portal\\\/?p=191531\"]}]},{\"@type\":\"ImageObject\",\"inLanguage\":\"pt-BR\",\"@id\":\"https:\\\/\\\/aconteceunovale.com.br\\\/portal\\\/?p=191531#primaryimage\",\"url\":\"https:\\\/\\\/aconteceunovale.com.br\\\/portal\\\/wp-content\\\/uploads\\\/2022\\\/10\\\/aves_moc.jpg\",\"contentUrl\":\"https:\\\/\\\/aconteceunovale.com.br\\\/portal\\\/wp-content\\\/uploads\\\/2022\\\/10\\\/aves_moc.jpg\",\"width\":640,\"height\":360},{\"@type\":\"BreadcrumbList\",\"@id\":\"https:\\\/\\\/aconteceunovale.com.br\\\/portal\\\/?p=191531#breadcrumb\",\"itemListElement\":[{\"@type\":\"ListItem\",\"position\":1,\"name\":\"In\u00edcio\",\"item\":\"https:\\\/\\\/aconteceunovale.com.br\\\/portal\\\/\"},{\"@type\":\"ListItem\",\"position\":2,\"name\":\"P\u00e1ssaros apreendidos no Norte de Minas ser\u00e3o reabilitados para volta \u00e0 natureza\"}]},{\"@type\":\"WebSite\",\"@id\":\"https:\\\/\\\/aconteceunovale.com.br\\\/portal\\\/#website\",\"url\":\"https:\\\/\\\/aconteceunovale.com.br\\\/portal\\\/\",\"name\":\"Aconteceu no Vale\",\"description\":\"Portal de Not\u00edcias\",\"potentialAction\":[{\"@type\":\"SearchAction\",\"target\":{\"@type\":\"EntryPoint\",\"urlTemplate\":\"https:\\\/\\\/aconteceunovale.com.br\\\/portal\\\/?s={search_term_string}\"},\"query-input\":{\"@type\":\"PropertyValueSpecification\",\"valueRequired\":true,\"valueName\":\"search_term_string\"}}],\"inLanguage\":\"pt-BR\"},{\"@type\":\"Person\",\"@id\":\"https:\\\/\\\/aconteceunovale.com.br\\\/portal\\\/#\\\/schema\\\/person\\\/7d2f26d1483f8a63de73da1ee0754d35\",\"name\":\"Reda\u00e7\u00e3o Aconteceu no Vale\",\"description\":\"Equipe de reportagem do Aconteceu no Vale, portal de not\u00edcias do Vale do Jequitinhonha, em Minas Gerais. Cobrimos as 51 cidades do Vale desde 2013. Sugest\u00f5es de pauta e pedidos de corre\u00e7\u00e3o: contato@aconteceunovale.com.br\",\"url\":\"https:\\\/\\\/aconteceunovale.com.br\\\/portal\\\/?author=4\"}]}<\/script>\n<!-- \/ Yoast SEO plugin. -->","yoast_head_json":{"title":"P\u00e1ssaros apreendidos no Norte de Minas ser\u00e3o reabilitados para volta \u00e0 natureza - Aconteceu no Vale","robots":{"index":"index","follow":"follow","max-snippet":"max-snippet:-1","max-image-preview":"max-image-preview:large","max-video-preview":"max-video-preview:-1"},"canonical":"https:\/\/aconteceunovale.com.br\/portal\/?p=191531","og_locale":"pt_BR","og_type":"article","og_title":"P\u00e1ssaros apreendidos no Norte de Minas ser\u00e3o reabilitados para volta \u00e0 natureza - Aconteceu no Vale","og_description":"O Centro de Triagem de Animais Silvestres (Cetas) de Montes Claros, administrado pelo\u00a0Instituto Estadual de Florestas (IEF), recebeu 1.234 can\u00e1rios da terra apreendidos pela\u00a0Pol\u00edcia Militar\u00a0durante fiscaliza\u00e7\u00e3o de rotina realizada na rodovia LMG-653, pr\u00f3ximo ao munic\u00edpio do Norte de Minas. Dois suspeitos foram presos durante a a\u00e7\u00e3o e dever\u00e3o responder por maus-tratos e transporte ilegal de [&hellip;]","og_url":"https:\/\/aconteceunovale.com.br\/portal\/?p=191531","og_site_name":"Aconteceu no Vale","article_publisher":"https:\/\/www.facebook.com\/aconteceunovale\/","article_published_time":"2022-10-14T23:02:54+00:00","article_modified_time":"2022-10-14T23:04:05+00:00","og_image":[{"width":640,"height":360,"url":"https:\/\/aconteceunovale.com.br\/portal\/wp-content\/uploads\/2022\/10\/aves_moc.jpg","type":"image\/jpeg"}],"author":"Reda\u00e7\u00e3o Aconteceu no Vale","twitter_card":"summary_large_image","twitter_creator":"@noticiadosvales","twitter_site":"@noticiadosvales","twitter_misc":{"Escrito por":"Reda\u00e7\u00e3o Aconteceu no Vale","Est. tempo de leitura":"2 minutos"},"schema":{"@context":"https:\/\/schema.org","@graph":[{"@type":"Article","@id":"https:\/\/aconteceunovale.com.br\/portal\/?p=191531#article","isPartOf":{"@id":"https:\/\/aconteceunovale.com.br\/portal\/?p=191531"},"author":{"name":"Reda\u00e7\u00e3o Aconteceu no Vale","@id":"https:\/\/aconteceunovale.com.br\/portal\/#\/schema\/person\/7d2f26d1483f8a63de73da1ee0754d35"},"headline":"P\u00e1ssaros apreendidos no Norte de Minas ser\u00e3o reabilitados para volta \u00e0 natureza","datePublished":"2022-10-14T23:02:54+00:00","dateModified":"2022-10-14T23:04:05+00:00","mainEntityOfPage":{"@id":"https:\/\/aconteceunovale.com.br\/portal\/?p=191531"},"wordCount":324,"commentCount":0,"image":{"@id":"https:\/\/aconteceunovale.com.br\/portal\/?p=191531#primaryimage"},"thumbnailUrl":"https:\/\/aconteceunovale.com.br\/portal\/wp-content\/uploads\/2022\/10\/aves_moc.jpg","keywords":["Apreens\u00e3o de aves silvestres em Montes Claros","apreens\u00e3o de p\u00e1ssaros em Montes Claros","Cetas de Montes Claros","IEF","LMG-653","Montes Claros","Norte de Minas","p\u00e1ssaros apreendidos em Montes Claros","P\u00e1ssaros apreendidos no Norte de Minas","P\u00e1ssaros apreendidos no Norte de Minas ser\u00e3o reabilitados para volta \u00e0 natureza","Presos com p\u00e1ssaros em Montes Claros"],"articleSection":["Norte de Minas"],"inLanguage":"pt-BR","potentialAction":[{"@type":"CommentAction","name":"Comment","target":["https:\/\/aconteceunovale.com.br\/portal\/?p=191531#respond"]}]},{"@type":"WebPage","@id":"https:\/\/aconteceunovale.com.br\/portal\/?p=191531","url":"https:\/\/aconteceunovale.com.br\/portal\/?p=191531","name":"P\u00e1ssaros apreendidos no Norte de Minas ser\u00e3o reabilitados para volta \u00e0 natureza - Aconteceu no Vale","isPartOf":{"@id":"https:\/\/aconteceunovale.com.br\/portal\/#website"},"primaryImageOfPage":{"@id":"https:\/\/aconteceunovale.com.br\/portal\/?p=191531#primaryimage"},"image":{"@id":"https:\/\/aconteceunovale.com.br\/portal\/?p=191531#primaryimage"},"thumbnailUrl":"https:\/\/aconteceunovale.com.br\/portal\/wp-content\/uploads\/2022\/10\/aves_moc.jpg","datePublished":"2022-10-14T23:02:54+00:00","dateModified":"2022-10-14T23:04:05+00:00","author":{"@id":"https:\/\/aconteceunovale.com.br\/portal\/#\/schema\/person\/7d2f26d1483f8a63de73da1ee0754d35"},"breadcrumb":{"@id":"https:\/\/aconteceunovale.com.br\/portal\/?p=191531#breadcrumb"},"inLanguage":"pt-BR","potentialAction":[{"@type":"ReadAction","target":["https:\/\/aconteceunovale.com.br\/portal\/?p=191531"]}]},{"@type":"ImageObject","inLanguage":"pt-BR","@id":"https:\/\/aconteceunovale.com.br\/portal\/?p=191531#primaryimage","url":"https:\/\/aconteceunovale.com.br\/portal\/wp-content\/uploads\/2022\/10\/aves_moc.jpg","contentUrl":"https:\/\/aconteceunovale.com.br\/portal\/wp-content\/uploads\/2022\/10\/aves_moc.jpg","width":640,"height":360},{"@type":"BreadcrumbList","@id":"https:\/\/aconteceunovale.com.br\/portal\/?p=191531#breadcrumb","itemListElement":[{"@type":"ListItem","position":1,"name":"In\u00edcio","item":"https:\/\/aconteceunovale.com.br\/portal\/"},{"@type":"ListItem","position":2,"name":"P\u00e1ssaros apreendidos no Norte de Minas ser\u00e3o reabilitados para volta \u00e0 natureza"}]},{"@type":"WebSite","@id":"https:\/\/aconteceunovale.com.br\/portal\/#website","url":"https:\/\/aconteceunovale.com.br\/portal\/","name":"Aconteceu no Vale","description":"Portal de Not\u00edcias","potentialAction":[{"@type":"SearchAction","target":{"@type":"EntryPoint","urlTemplate":"https:\/\/aconteceunovale.com.br\/portal\/?s={search_term_string}"},"query-input":{"@type":"PropertyValueSpecification","valueRequired":true,"valueName":"search_term_string"}}],"inLanguage":"pt-BR"},{"@type":"Person","@id":"https:\/\/aconteceunovale.com.br\/portal\/#\/schema\/person\/7d2f26d1483f8a63de73da1ee0754d35","name":"Reda\u00e7\u00e3o Aconteceu no Vale","description":"Equipe de reportagem do Aconteceu no Vale, portal de not\u00edcias do Vale do Jequitinhonha, em Minas Gerais. Cobrimos as 51 cidades do Vale desde 2013. Sugest\u00f5es de pauta e pedidos de corre\u00e7\u00e3o: contato@aconteceunovale.com.br","url":"https:\/\/aconteceunovale.com.br\/portal\/?author=4"}]}},"_links":{"self":[{"href":"https:\/\/aconteceunovale.com.br\/portal\/index.php?rest_route=\/wp\/v2\/posts\/191531","targetHints":{"allow":["GET"]}}],"collection":[{"href":"https:\/\/aconteceunovale.com.br\/portal\/index.php?rest_route=\/wp\/v2\/posts"}],"about":[{"href":"https:\/\/aconteceunovale.com.br\/portal\/index.php?rest_route=\/wp\/v2\/types\/post"}],"author":[{"embeddable":true,"href":"https:\/\/aconteceunovale.com.br\/portal\/index.php?rest_route=\/wp\/v2\/users\/4"}],"replies":[{"embeddable":true,"href":"https:\/\/aconteceunovale.com.br\/portal\/index.php?rest_route=%2Fwp%2Fv2%2Fcomments&post=191531"}],"version-history":[{"count":1,"href":"https:\/\/aconteceunovale.com.br\/portal\/index.php?rest_route=\/wp\/v2\/posts\/191531\/revisions"}],"predecessor-version":[{"id":191533,"href":"https:\/\/aconteceunovale.com.br\/portal\/index.php?rest_route=\/wp\/v2\/posts\/191531\/revisions\/191533"}],"wp:featuredmedia":[{"embeddable":true,"href":"https:\/\/aconteceunovale.com.br\/portal\/index.php?rest_route=\/wp\/v2\/media\/191532"}],"wp:attachment":[{"href":"https:\/\/aconteceunovale.com.br\/portal\/index.php?rest_route=%2Fwp%2Fv2%2Fmedia&parent=191531"}],"wp:term":[{"taxonomy":"category","embeddable":true,"href":"https:\/\/aconteceunovale.com.br\/portal\/index.php?rest_route=%2Fwp%2Fv2%2Fcategories&post=191531"},{"taxonomy":"post_tag","embeddable":true,"href":"https:\/\/aconteceunovale.com.br\/portal\/index.php?rest_route=%2Fwp%2Fv2%2Ftags&post=191531"}],"curies":[{"name":"wp","href":"https:\/\/api.w.org\/{rel}","templated":true}]}}