{"id":191528,"date":"2022-10-14T19:58:15","date_gmt":"2022-10-14T22:58:15","guid":{"rendered":"https:\/\/aconteceunovale.com.br\/portal\/?p=191528"},"modified":"2022-10-14T19:59:09","modified_gmt":"2022-10-14T22:59:09","slug":"diagnostico-precoce-e-fundamental-para-evitar-transmissao-da-sifilis","status":"publish","type":"post","link":"https:\/\/aconteceunovale.com.br\/portal\/?p=191528","title":{"rendered":"Diagn\u00f3stico precoce \u00e9 fundamental para evitar transmiss\u00e3o da s\u00edfilis"},"content":{"rendered":"\n<p class=\"wp-block-paragraph\">Apesar de ser uma doen\u00e7a que tem cura e do tratamento estar dispon\u00edvel no Sistema \u00danico de Sa\u00fade (SUS), os n\u00fameros da s\u00edfilis acendem um alerta nos servi\u00e7os de sa\u00fade. Minas Gerais registrou, de janeiro a setembro deste ano, 12.623 casos confirmados de s\u00edfilis adquirida, 3.442 casos de s\u00edfilis em gestantes e 1.445 casos de s\u00edfilis cong\u00eanita. Em 2021, durante todo o ano, foram diagnosticados 16.133 casos de s\u00edfilis adquirida, 5.627 de s\u00edfilis em gestante e 2.143 casos de s\u00edfilis cong\u00eanita.<\/p>\n\n\n\n<figure class=\"wp-block-gallery has-nested-images columns-default is-cropped wp-block-gallery-1 is-layout-flex wp-block-gallery-is-layout-flex\">\n<figure class=\"wp-block-image size-large\"><img loading=\"lazy\" decoding=\"async\" width=\"674\" height=\"450\" data-id=\"191529\" src=\"https:\/\/aconteceunovale.com.br\/portal\/wp-content\/uploads\/2022\/10\/diagnostico_sifilis.jpeg\" alt=\"\" class=\"wp-image-191529\" srcset=\"https:\/\/aconteceunovale.com.br\/portal\/wp-content\/uploads\/2022\/10\/diagnostico_sifilis.jpeg 674w, https:\/\/aconteceunovale.com.br\/portal\/wp-content\/uploads\/2022\/10\/diagnostico_sifilis-300x200.jpeg 300w, https:\/\/aconteceunovale.com.br\/portal\/wp-content\/uploads\/2022\/10\/diagnostico_sifilis-629x420.jpeg 629w\" sizes=\"auto, (max-width: 674px) 100vw, 674px\" \/><figcaption><em><sub>Foto: F\u00e1bio Marchetto \/ Reprodu\u00e7\u00e3o Ag\u00eancia Minas<\/sub><\/em><\/figcaption><\/figure>\n<\/figure>\n\n\n\n<p class=\"wp-block-paragraph\">Como refor\u00e7o na aten\u00e7\u00e3o aos casos, a\u00a0Secretaria de Estado de Sa\u00fade de Minas Gerais (SES\/MG)\u00a0est\u00e1 realizando a campanha Outubro Verde, que tem como objetivo conscientizar a popula\u00e7\u00e3o sobre os cuidados de preven\u00e7\u00e3o e combate \u00e0 doen\u00e7a.<\/p>\n\n\n\n<p class=\"wp-block-paragraph\">A porta de entrada para o diagn\u00f3stico e tratamento \u00e9 a Aten\u00e7\u00e3o Prim\u00e1ria \u00e0 Sa\u00fade (APS), por meio das unidades b\u00e1sicas de sa\u00fade. A SES-MG orienta que as equipes realizam a\u00e7\u00f5es que estimulem a\u00a0testagem r\u00e1pida, como forma de diagn\u00f3stico precoce e tratamento oportuno.\u00a0Recomenda-se que a\u00a0popula\u00e7\u00e3o sexualmente ativa\u00a0v\u00e1 a um posto de sa\u00fade fazer o teste sempre que tiver uma rela\u00e7\u00e3o sexual desprotegida ou apresentar algum sintoma da doen\u00e7a. Mesmo assintom\u00e1tica, quando n\u00e3o h\u00e1 sinais vis\u00edveis, a pessoa continua transmitindo a bact\u00e9ria.\u00a0\u00a0No caso de\u00a0gestantes, o indicado \u00e9 realizar o teste com frequ\u00eancia para diagnosticar a infec\u00e7\u00e3o em pelo menos em tr\u00eas momentos: no primeiro trimestre de gesta\u00e7\u00e3o, no terceiro trimestre de gesta\u00e7\u00e3o, e no momento do parto ou em casos de aborto. \u00c9 muito importante tamb\u00e9m testar e tratar a parceria sexual da gestante.<\/p>\n\n\n\n<p class=\"wp-block-paragraph\">\u201cA\u00a0s\u00edfilis \u00e9 uma infec\u00e7\u00e3o altamente transmiss\u00edvel e que pode causar complica\u00e7\u00f5es graves,\u00a0se o\u00a0tratamento\u00a0n\u00e3o for realizado. O diagn\u00f3stico em tempo precoce e o tratamento em tempo oportuno e de forma adequada \u00e9 importante para evitar a transmiss\u00e3o, especialmente no caso das gestantes, que podem\u00a0transmitir para o feto caso o tratamento n\u00e3o ocorra em tempo oportuno e de forma adequada\u201d, alerta a\u00a0coordenadora de IST\/ Aids e Hepatites Virais da SES\/MG, Mayara Marques de Almeida.<\/p>\n\n\n\n<p class=\"wp-block-paragraph\">A s\u00edfilis adquirida pode ser transmitida de uma pessoa para a outra durante o sexo sem preservativo (anal, vaginal ou oral) ou por transfus\u00e3o de sangue. J\u00e1 a transmiss\u00e3o da s\u00edfilis cong\u00eanita acontece da m\u00e3e infectada para a crian\u00e7a durante a gesta\u00e7\u00e3o ou no momento do parto. Nos est\u00e1gios prim\u00e1rio e secund\u00e1rio da infec\u00e7\u00e3o, a possibilidade de transmiss\u00e3o \u00e9 maior. A principal forma de preven\u00e7\u00e3o da doen\u00e7a \u00e9 o uso do preservativo em todas as rela\u00e7\u00f5es sexuais. \u00a0\u00a0\u00a0\u00a0<\/p>\n\n\n\n<p class=\"wp-block-paragraph\">Para mais informa\u00e7\u00f5es sobre preven\u00e7\u00e3o, diagn\u00f3stico, testagem e tratamento da s\u00edfilis\/s\u00edfilis cong\u00eanita, acesse\u00a0<a rel=\"noreferrer noopener\" href=\"http:\/\/www.saude.mg.gov.br\/sifilis\" target=\"_blank\">www.saude.mg.gov.br\/sifilis<\/a>.<\/p>\n\n\n\n<p class=\"wp-block-paragraph\">&#8212;&#8212;&#8212;&#8212;&#8212;&#8212;<br><br><strong>Sabia que o Aconteceu no Vale est\u00e1 tamb\u00e9m no Telegram? <a rel=\"noreferrer noopener\" href=\"https:\/\/t.me\/aconteceunovaleoficial\" target=\"_blank\">Inscreva-se no canal<\/a>.<\/strong><br><br><strong>J\u00e1 curtiu ou seguiu nossas p\u00e1ginas nas redes sociais?\u00a0Receba as not\u00edcias em primeira m\u00e3o:<\/strong><br>\u2022 <a rel=\"noreferrer noopener\" href=\"https:\/\/news.google.com\/publications\/CAAqBwgKMNjklQswi4etAw?hl=pt-BR&amp;gl=BR&amp;ceid=BR%3Apt-419\" target=\"_blank\">Google News<\/a><br>\u2022 <a rel=\"noreferrer noopener\" href=\"https:\/\/www.facebook.com\/aconteceunovale\/\" target=\"_blank\">Facebook<\/a><br>\u2022 <a rel=\"noreferrer noopener\" href=\"https:\/\/twitter.com\/noticiadosvales\" target=\"_blank\">Twitter<\/a><br>\u2022 <a rel=\"noreferrer noopener\" href=\"https:\/\/www.instagram.com\/aconteceunovale\" target=\"_blank\">Instagram<\/a><br>\u2022 <a rel=\"noreferrer noopener\" href=\"https:\/\/www.youtube.com\/AconteceunoValeOficial\" target=\"_blank\">Youtube<\/a><br>\u2022 <a rel=\"noreferrer noopener\" href=\"https:\/\/www.tiktok.com\/@aconteceunovale\" target=\"_blank\">TikTok<\/a><\/p>\n","protected":false},"excerpt":{"rendered":"<p>Apesar de ser uma doen\u00e7a que tem cura e do tratamento estar dispon\u00edvel no Sistema \u00danico de Sa\u00fade (SUS), os n\u00fameros da s\u00edfilis acendem um alerta nos servi\u00e7os de sa\u00fade. Minas Gerais registrou, de janeiro a setembro deste ano, 12.623 casos confirmados de s\u00edfilis adquirida, 3.442 casos de s\u00edfilis em gestantes e 1.445 casos de [&hellip;]<\/p>\n","protected":false},"author":4,"featured_media":191529,"comment_status":"open","ping_status":"closed","sticky":false,"template":"","format":"standard","meta":{"amp_status":"","footnotes":""},"categories":[123,40242],"tags":[259888,1018,265143,265142,259890,52113,215758,265144],"class_list":["post-191528","post","type-post","status-publish","format-standard","has-post-thumbnail","hentry","category-gerais","category-saude-2","tag-casos-de-sifilis-em-minas-gerais","tag-destaque","tag-diagnostico-precoce-da-sifilis","tag-diagnostico-precoce-e-fundamental-para-evitar-transmissao-da-sifilis","tag-prevencao-sifilis","tag-ses-mg","tag-sifilis-em-minas-gerais","tag-tratamento-da-sifilis"],"yoast_head":"<!-- This site is optimized with the Yoast SEO plugin v28.3 - https:\/\/yoast.com\/product\/yoast-seo-wordpress\/ -->\n<title>Diagn\u00f3stico precoce \u00e9 fundamental para evitar transmiss\u00e3o da s\u00edfilis - Aconteceu no Vale<\/title>\n<meta name=\"robots\" content=\"index, follow, max-snippet:-1, max-image-preview:large, max-video-preview:-1\" \/>\n<link rel=\"canonical\" href=\"https:\/\/aconteceunovale.com.br\/portal\/?p=191528\" \/>\n<meta property=\"og:locale\" content=\"pt_BR\" \/>\n<meta property=\"og:type\" content=\"article\" \/>\n<meta property=\"og:title\" content=\"Diagn\u00f3stico precoce \u00e9 fundamental para evitar transmiss\u00e3o da s\u00edfilis - Aconteceu no Vale\" \/>\n<meta property=\"og:description\" content=\"Apesar de ser uma doen\u00e7a que tem cura e do tratamento estar dispon\u00edvel no Sistema \u00danico de Sa\u00fade (SUS), os n\u00fameros da s\u00edfilis acendem um alerta nos servi\u00e7os de sa\u00fade. Minas Gerais registrou, de janeiro a setembro deste ano, 12.623 casos confirmados de s\u00edfilis adquirida, 3.442 casos de s\u00edfilis em gestantes e 1.445 casos de [&hellip;]\" \/>\n<meta property=\"og:url\" content=\"https:\/\/aconteceunovale.com.br\/portal\/?p=191528\" \/>\n<meta property=\"og:site_name\" content=\"Aconteceu no Vale\" \/>\n<meta property=\"article:publisher\" content=\"https:\/\/www.facebook.com\/aconteceunovale\/\" \/>\n<meta property=\"article:published_time\" content=\"2022-10-14T22:58:15+00:00\" \/>\n<meta property=\"article:modified_time\" content=\"2022-10-14T22:59:09+00:00\" \/>\n<meta property=\"og:image\" content=\"https:\/\/aconteceunovale.com.br\/portal\/wp-content\/uploads\/2022\/10\/diagnostico_sifilis.jpeg\" \/>\n\t<meta property=\"og:image:width\" content=\"674\" \/>\n\t<meta property=\"og:image:height\" content=\"450\" \/>\n\t<meta property=\"og:image:type\" content=\"image\/jpeg\" \/>\n<meta name=\"author\" content=\"Reda\u00e7\u00e3o Aconteceu no Vale\" \/>\n<meta name=\"twitter:card\" content=\"summary_large_image\" \/>\n<meta name=\"twitter:creator\" content=\"@noticiadosvales\" \/>\n<meta name=\"twitter:site\" content=\"@noticiadosvales\" \/>\n<meta name=\"twitter:label1\" content=\"Escrito por\" \/>\n\t<meta name=\"twitter:data1\" content=\"Reda\u00e7\u00e3o Aconteceu no Vale\" \/>\n\t<meta name=\"twitter:label2\" content=\"Est. tempo de leitura\" \/>\n\t<meta name=\"twitter:data2\" content=\"3 minutos\" \/>\n<script type=\"application\/ld+json\" class=\"yoast-schema-graph\">{\"@context\":\"https:\\\/\\\/schema.org\",\"@graph\":[{\"@type\":\"Article\",\"@id\":\"https:\\\/\\\/aconteceunovale.com.br\\\/portal\\\/?p=191528#article\",\"isPartOf\":{\"@id\":\"https:\\\/\\\/aconteceunovale.com.br\\\/portal\\\/?p=191528\"},\"author\":{\"name\":\"Reda\u00e7\u00e3o Aconteceu no Vale\",\"@id\":\"https:\\\/\\\/aconteceunovale.com.br\\\/portal\\\/#\\\/schema\\\/person\\\/7d2f26d1483f8a63de73da1ee0754d35\"},\"headline\":\"Diagn\u00f3stico precoce \u00e9 fundamental para evitar transmiss\u00e3o da s\u00edfilis\",\"datePublished\":\"2022-10-14T22:58:15+00:00\",\"dateModified\":\"2022-10-14T22:59:09+00:00\",\"mainEntityOfPage\":{\"@id\":\"https:\\\/\\\/aconteceunovale.com.br\\\/portal\\\/?p=191528\"},\"wordCount\":553,\"commentCount\":0,\"image\":{\"@id\":\"https:\\\/\\\/aconteceunovale.com.br\\\/portal\\\/?p=191528#primaryimage\"},\"thumbnailUrl\":\"https:\\\/\\\/aconteceunovale.com.br\\\/portal\\\/wp-content\\\/uploads\\\/2022\\\/10\\\/diagnostico_sifilis.jpeg\",\"keywords\":[\"Casos de s\u00edfilis em Minas Gerais\",\"destaque\",\"Diagn\u00f3stico precoce da s\u00edfilis\",\"Diagn\u00f3stico precoce \u00e9 fundamental para evitar transmiss\u00e3o da s\u00edfilis\",\"Preven\u00e7\u00e3o s\u00edfilis\",\"SES-MG\",\"S\u00edfilis em Minas Gerais\",\"Tratamento da s\u00edfilis\"],\"articleSection\":[\"Minas Gerais\",\"Sa\u00fade\"],\"inLanguage\":\"pt-BR\",\"potentialAction\":[{\"@type\":\"CommentAction\",\"name\":\"Comment\",\"target\":[\"https:\\\/\\\/aconteceunovale.com.br\\\/portal\\\/?p=191528#respond\"]}]},{\"@type\":\"WebPage\",\"@id\":\"https:\\\/\\\/aconteceunovale.com.br\\\/portal\\\/?p=191528\",\"url\":\"https:\\\/\\\/aconteceunovale.com.br\\\/portal\\\/?p=191528\",\"name\":\"Diagn\u00f3stico precoce \u00e9 fundamental para evitar transmiss\u00e3o da s\u00edfilis - Aconteceu no Vale\",\"isPartOf\":{\"@id\":\"https:\\\/\\\/aconteceunovale.com.br\\\/portal\\\/#website\"},\"primaryImageOfPage\":{\"@id\":\"https:\\\/\\\/aconteceunovale.com.br\\\/portal\\\/?p=191528#primaryimage\"},\"image\":{\"@id\":\"https:\\\/\\\/aconteceunovale.com.br\\\/portal\\\/?p=191528#primaryimage\"},\"thumbnailUrl\":\"https:\\\/\\\/aconteceunovale.com.br\\\/portal\\\/wp-content\\\/uploads\\\/2022\\\/10\\\/diagnostico_sifilis.jpeg\",\"datePublished\":\"2022-10-14T22:58:15+00:00\",\"dateModified\":\"2022-10-14T22:59:09+00:00\",\"author\":{\"@id\":\"https:\\\/\\\/aconteceunovale.com.br\\\/portal\\\/#\\\/schema\\\/person\\\/7d2f26d1483f8a63de73da1ee0754d35\"},\"breadcrumb\":{\"@id\":\"https:\\\/\\\/aconteceunovale.com.br\\\/portal\\\/?p=191528#breadcrumb\"},\"inLanguage\":\"pt-BR\",\"potentialAction\":[{\"@type\":\"ReadAction\",\"target\":[\"https:\\\/\\\/aconteceunovale.com.br\\\/portal\\\/?p=191528\"]}]},{\"@type\":\"ImageObject\",\"inLanguage\":\"pt-BR\",\"@id\":\"https:\\\/\\\/aconteceunovale.com.br\\\/portal\\\/?p=191528#primaryimage\",\"url\":\"https:\\\/\\\/aconteceunovale.com.br\\\/portal\\\/wp-content\\\/uploads\\\/2022\\\/10\\\/diagnostico_sifilis.jpeg\",\"contentUrl\":\"https:\\\/\\\/aconteceunovale.com.br\\\/portal\\\/wp-content\\\/uploads\\\/2022\\\/10\\\/diagnostico_sifilis.jpeg\",\"width\":674,\"height\":450},{\"@type\":\"BreadcrumbList\",\"@id\":\"https:\\\/\\\/aconteceunovale.com.br\\\/portal\\\/?p=191528#breadcrumb\",\"itemListElement\":[{\"@type\":\"ListItem\",\"position\":1,\"name\":\"In\u00edcio\",\"item\":\"https:\\\/\\\/aconteceunovale.com.br\\\/portal\\\/\"},{\"@type\":\"ListItem\",\"position\":2,\"name\":\"Diagn\u00f3stico precoce \u00e9 fundamental para evitar transmiss\u00e3o da s\u00edfilis\"}]},{\"@type\":\"WebSite\",\"@id\":\"https:\\\/\\\/aconteceunovale.com.br\\\/portal\\\/#website\",\"url\":\"https:\\\/\\\/aconteceunovale.com.br\\\/portal\\\/\",\"name\":\"Aconteceu no Vale\",\"description\":\"Portal de Not\u00edcias\",\"potentialAction\":[{\"@type\":\"SearchAction\",\"target\":{\"@type\":\"EntryPoint\",\"urlTemplate\":\"https:\\\/\\\/aconteceunovale.com.br\\\/portal\\\/?s={search_term_string}\"},\"query-input\":{\"@type\":\"PropertyValueSpecification\",\"valueRequired\":true,\"valueName\":\"search_term_string\"}}],\"inLanguage\":\"pt-BR\"},{\"@type\":\"Person\",\"@id\":\"https:\\\/\\\/aconteceunovale.com.br\\\/portal\\\/#\\\/schema\\\/person\\\/7d2f26d1483f8a63de73da1ee0754d35\",\"name\":\"Reda\u00e7\u00e3o Aconteceu no Vale\",\"description\":\"Equipe de reportagem do Aconteceu no Vale, portal de not\u00edcias do Vale do Jequitinhonha, em Minas Gerais. Cobrimos as 51 cidades do Vale desde 2013. Sugest\u00f5es de pauta e pedidos de corre\u00e7\u00e3o: contato@aconteceunovale.com.br\",\"url\":\"https:\\\/\\\/aconteceunovale.com.br\\\/portal\\\/?author=4\"}]}<\/script>\n<!-- \/ Yoast SEO plugin. -->","yoast_head_json":{"title":"Diagn\u00f3stico precoce \u00e9 fundamental para evitar transmiss\u00e3o da s\u00edfilis - Aconteceu no Vale","robots":{"index":"index","follow":"follow","max-snippet":"max-snippet:-1","max-image-preview":"max-image-preview:large","max-video-preview":"max-video-preview:-1"},"canonical":"https:\/\/aconteceunovale.com.br\/portal\/?p=191528","og_locale":"pt_BR","og_type":"article","og_title":"Diagn\u00f3stico precoce \u00e9 fundamental para evitar transmiss\u00e3o da s\u00edfilis - Aconteceu no Vale","og_description":"Apesar de ser uma doen\u00e7a que tem cura e do tratamento estar dispon\u00edvel no Sistema \u00danico de Sa\u00fade (SUS), os n\u00fameros da s\u00edfilis acendem um alerta nos servi\u00e7os de sa\u00fade. Minas Gerais registrou, de janeiro a setembro deste ano, 12.623 casos confirmados de s\u00edfilis adquirida, 3.442 casos de s\u00edfilis em gestantes e 1.445 casos de [&hellip;]","og_url":"https:\/\/aconteceunovale.com.br\/portal\/?p=191528","og_site_name":"Aconteceu no Vale","article_publisher":"https:\/\/www.facebook.com\/aconteceunovale\/","article_published_time":"2022-10-14T22:58:15+00:00","article_modified_time":"2022-10-14T22:59:09+00:00","og_image":[{"width":674,"height":450,"url":"https:\/\/aconteceunovale.com.br\/portal\/wp-content\/uploads\/2022\/10\/diagnostico_sifilis.jpeg","type":"image\/jpeg"}],"author":"Reda\u00e7\u00e3o Aconteceu no Vale","twitter_card":"summary_large_image","twitter_creator":"@noticiadosvales","twitter_site":"@noticiadosvales","twitter_misc":{"Escrito por":"Reda\u00e7\u00e3o Aconteceu no Vale","Est. tempo de leitura":"3 minutos"},"schema":{"@context":"https:\/\/schema.org","@graph":[{"@type":"Article","@id":"https:\/\/aconteceunovale.com.br\/portal\/?p=191528#article","isPartOf":{"@id":"https:\/\/aconteceunovale.com.br\/portal\/?p=191528"},"author":{"name":"Reda\u00e7\u00e3o Aconteceu no Vale","@id":"https:\/\/aconteceunovale.com.br\/portal\/#\/schema\/person\/7d2f26d1483f8a63de73da1ee0754d35"},"headline":"Diagn\u00f3stico precoce \u00e9 fundamental para evitar transmiss\u00e3o da s\u00edfilis","datePublished":"2022-10-14T22:58:15+00:00","dateModified":"2022-10-14T22:59:09+00:00","mainEntityOfPage":{"@id":"https:\/\/aconteceunovale.com.br\/portal\/?p=191528"},"wordCount":553,"commentCount":0,"image":{"@id":"https:\/\/aconteceunovale.com.br\/portal\/?p=191528#primaryimage"},"thumbnailUrl":"https:\/\/aconteceunovale.com.br\/portal\/wp-content\/uploads\/2022\/10\/diagnostico_sifilis.jpeg","keywords":["Casos de s\u00edfilis em Minas Gerais","destaque","Diagn\u00f3stico precoce da s\u00edfilis","Diagn\u00f3stico precoce \u00e9 fundamental para evitar transmiss\u00e3o da s\u00edfilis","Preven\u00e7\u00e3o s\u00edfilis","SES-MG","S\u00edfilis em Minas Gerais","Tratamento da s\u00edfilis"],"articleSection":["Minas Gerais","Sa\u00fade"],"inLanguage":"pt-BR","potentialAction":[{"@type":"CommentAction","name":"Comment","target":["https:\/\/aconteceunovale.com.br\/portal\/?p=191528#respond"]}]},{"@type":"WebPage","@id":"https:\/\/aconteceunovale.com.br\/portal\/?p=191528","url":"https:\/\/aconteceunovale.com.br\/portal\/?p=191528","name":"Diagn\u00f3stico precoce \u00e9 fundamental para evitar transmiss\u00e3o da s\u00edfilis - Aconteceu no Vale","isPartOf":{"@id":"https:\/\/aconteceunovale.com.br\/portal\/#website"},"primaryImageOfPage":{"@id":"https:\/\/aconteceunovale.com.br\/portal\/?p=191528#primaryimage"},"image":{"@id":"https:\/\/aconteceunovale.com.br\/portal\/?p=191528#primaryimage"},"thumbnailUrl":"https:\/\/aconteceunovale.com.br\/portal\/wp-content\/uploads\/2022\/10\/diagnostico_sifilis.jpeg","datePublished":"2022-10-14T22:58:15+00:00","dateModified":"2022-10-14T22:59:09+00:00","author":{"@id":"https:\/\/aconteceunovale.com.br\/portal\/#\/schema\/person\/7d2f26d1483f8a63de73da1ee0754d35"},"breadcrumb":{"@id":"https:\/\/aconteceunovale.com.br\/portal\/?p=191528#breadcrumb"},"inLanguage":"pt-BR","potentialAction":[{"@type":"ReadAction","target":["https:\/\/aconteceunovale.com.br\/portal\/?p=191528"]}]},{"@type":"ImageObject","inLanguage":"pt-BR","@id":"https:\/\/aconteceunovale.com.br\/portal\/?p=191528#primaryimage","url":"https:\/\/aconteceunovale.com.br\/portal\/wp-content\/uploads\/2022\/10\/diagnostico_sifilis.jpeg","contentUrl":"https:\/\/aconteceunovale.com.br\/portal\/wp-content\/uploads\/2022\/10\/diagnostico_sifilis.jpeg","width":674,"height":450},{"@type":"BreadcrumbList","@id":"https:\/\/aconteceunovale.com.br\/portal\/?p=191528#breadcrumb","itemListElement":[{"@type":"ListItem","position":1,"name":"In\u00edcio","item":"https:\/\/aconteceunovale.com.br\/portal\/"},{"@type":"ListItem","position":2,"name":"Diagn\u00f3stico precoce \u00e9 fundamental para evitar transmiss\u00e3o da s\u00edfilis"}]},{"@type":"WebSite","@id":"https:\/\/aconteceunovale.com.br\/portal\/#website","url":"https:\/\/aconteceunovale.com.br\/portal\/","name":"Aconteceu no Vale","description":"Portal de Not\u00edcias","potentialAction":[{"@type":"SearchAction","target":{"@type":"EntryPoint","urlTemplate":"https:\/\/aconteceunovale.com.br\/portal\/?s={search_term_string}"},"query-input":{"@type":"PropertyValueSpecification","valueRequired":true,"valueName":"search_term_string"}}],"inLanguage":"pt-BR"},{"@type":"Person","@id":"https:\/\/aconteceunovale.com.br\/portal\/#\/schema\/person\/7d2f26d1483f8a63de73da1ee0754d35","name":"Reda\u00e7\u00e3o Aconteceu no Vale","description":"Equipe de reportagem do Aconteceu no Vale, portal de not\u00edcias do Vale do Jequitinhonha, em Minas Gerais. Cobrimos as 51 cidades do Vale desde 2013. Sugest\u00f5es de pauta e pedidos de corre\u00e7\u00e3o: contato@aconteceunovale.com.br","url":"https:\/\/aconteceunovale.com.br\/portal\/?author=4"}]}},"_links":{"self":[{"href":"https:\/\/aconteceunovale.com.br\/portal\/index.php?rest_route=\/wp\/v2\/posts\/191528","targetHints":{"allow":["GET"]}}],"collection":[{"href":"https:\/\/aconteceunovale.com.br\/portal\/index.php?rest_route=\/wp\/v2\/posts"}],"about":[{"href":"https:\/\/aconteceunovale.com.br\/portal\/index.php?rest_route=\/wp\/v2\/types\/post"}],"author":[{"embeddable":true,"href":"https:\/\/aconteceunovale.com.br\/portal\/index.php?rest_route=\/wp\/v2\/users\/4"}],"replies":[{"embeddable":true,"href":"https:\/\/aconteceunovale.com.br\/portal\/index.php?rest_route=%2Fwp%2Fv2%2Fcomments&post=191528"}],"version-history":[{"count":1,"href":"https:\/\/aconteceunovale.com.br\/portal\/index.php?rest_route=\/wp\/v2\/posts\/191528\/revisions"}],"predecessor-version":[{"id":191530,"href":"https:\/\/aconteceunovale.com.br\/portal\/index.php?rest_route=\/wp\/v2\/posts\/191528\/revisions\/191530"}],"wp:featuredmedia":[{"embeddable":true,"href":"https:\/\/aconteceunovale.com.br\/portal\/index.php?rest_route=\/wp\/v2\/media\/191529"}],"wp:attachment":[{"href":"https:\/\/aconteceunovale.com.br\/portal\/index.php?rest_route=%2Fwp%2Fv2%2Fmedia&parent=191528"}],"wp:term":[{"taxonomy":"category","embeddable":true,"href":"https:\/\/aconteceunovale.com.br\/portal\/index.php?rest_route=%2Fwp%2Fv2%2Fcategories&post=191528"},{"taxonomy":"post_tag","embeddable":true,"href":"https:\/\/aconteceunovale.com.br\/portal\/index.php?rest_route=%2Fwp%2Fv2%2Ftags&post=191528"}],"curies":[{"name":"wp","href":"https:\/\/api.w.org\/{rel}","templated":true}]}}