{"id":19152,"date":"2014-01-23T13:46:37","date_gmt":"2014-01-23T15:46:37","guid":{"rendered":"http:\/\/aconteceunovale.com.br\/portal\/?p=19152"},"modified":"2014-01-23T13:46:37","modified_gmt":"2014-01-23T15:46:37","slug":"homem-e-morto-a-facadas-no-bairro-mae-de-deus-em-governador-valadares","status":"publish","type":"post","link":"https:\/\/aconteceunovale.com.br\/portal\/?p=19152","title":{"rendered":"Homem \u00e9 morto a facadas no bairro M\u00e3e de Deus em Governador Valadares"},"content":{"rendered":"<p>Um homem de 46 anos foi morto a facadas na manh\u00e3 desta quinta-feira (23\/01) no bairro M\u00e3e de Deus em Governador Valadares, no Leste de Minas Gerais. O crime pode ter sido motivado por uma briga entre a v\u00edtima e o autor.<\/p>\n<p>De acordo com a Pol\u00edcia Militar, o suspeito, um homem de 64 anos, foi encontrado pr\u00f3ximo ao local do crime, ele tamb\u00e9m estava ferido. A suspeita \u00e9 que eles tenham se desentendido e que a v\u00edtima tenha dado uma paulada na cabe\u00e7a do autor. O  idoso teria revidado e dado duas facadas no homem, uma delas atingiu o peito da v\u00edtima.<\/p>\n<p>O Samu tentou reanimar a v\u00edtima, mas n\u00e3o obteve sucesso. De acordo com a PM, o suspeito foi levado para o Hospital Municipal de Governador Valadares e depois ser\u00e1 encaminhado para a delegacia.<\/p>\n<p><img decoding=\"async\" src=\"http:\/\/aconteceunovale.com.br\/portal\/wp-content\/uploads\/2014\/01\/homem_morto_bairro_mae_de_deus.jpg\" alt=\"\" \/><br \/>\n<em>(Foto e informa\u00e7\u00f5es da Inter TV dos Vales)<\/em><\/p>\n","protected":false},"excerpt":{"rendered":"<p>Um homem de 46 anos foi morto a facadas na manh\u00e3 desta quinta-feira (23\/01) no bairro M\u00e3e de Deus em Governador Valadares, no Leste de Minas Gerais. O crime pode ter sido motivado por uma briga entre a v\u00edtima e o autor. De acordo com a Pol\u00edcia Militar, o suspeito, um homem de 64 anos, [&hellip;]<\/p>\n","protected":false},"author":1,"featured_media":19153,"comment_status":"open","ping_status":"closed","sticky":false,"template":"","format":"standard","meta":{"amp_status":"","footnotes":""},"categories":[121],"tags":[247,3387],"class_list":["post-19152","post","type-post","status-publish","format-standard","has-post-thumbnail","hentry","category-leste","tag-governador-valadares","tag-homem-e-morto-a-facadas-no-bairro-mae-de-deus-em-governador-valadares"],"_links":{"self":[{"href":"https:\/\/aconteceunovale.com.br\/portal\/index.php?rest_route=\/wp\/v2\/posts\/19152","targetHints":{"allow":["GET"]}}],"collection":[{"href":"https:\/\/aconteceunovale.com.br\/portal\/index.php?rest_route=\/wp\/v2\/posts"}],"about":[{"href":"https:\/\/aconteceunovale.com.br\/portal\/index.php?rest_route=\/wp\/v2\/types\/post"}],"author":[{"embeddable":true,"href":"https:\/\/aconteceunovale.com.br\/portal\/index.php?rest_route=\/wp\/v2\/users\/1"}],"replies":[{"embeddable":true,"href":"https:\/\/aconteceunovale.com.br\/portal\/index.php?rest_route=%2Fwp%2Fv2%2Fcomments&post=19152"}],"version-history":[{"count":0,"href":"https:\/\/aconteceunovale.com.br\/portal\/index.php?rest_route=\/wp\/v2\/posts\/19152\/revisions"}],"wp:featuredmedia":[{"embeddable":true,"href":"https:\/\/aconteceunovale.com.br\/portal\/index.php?rest_route=\/wp\/v2\/media\/19153"}],"wp:attachment":[{"href":"https:\/\/aconteceunovale.com.br\/portal\/index.php?rest_route=%2Fwp%2Fv2%2Fmedia&parent=19152"}],"wp:term":[{"taxonomy":"category","embeddable":true,"href":"https:\/\/aconteceunovale.com.br\/portal\/index.php?rest_route=%2Fwp%2Fv2%2Fcategories&post=19152"},{"taxonomy":"post_tag","embeddable":true,"href":"https:\/\/aconteceunovale.com.br\/portal\/index.php?rest_route=%2Fwp%2Fv2%2Ftags&post=19152"}],"curies":[{"name":"wp","href":"https:\/\/api.w.org\/{rel}","templated":true}]}}