{"id":191508,"date":"2022-10-14T11:54:36","date_gmt":"2022-10-14T14:54:36","guid":{"rendered":"https:\/\/aconteceunovale.com.br\/portal\/?p=191508"},"modified":"2022-10-14T11:55:03","modified_gmt":"2022-10-14T14:55:03","slug":"policias-civil-e-militar-deflagram-operacao-desmantelamento-em-santa-maria-do-suacui","status":"publish","type":"post","link":"https:\/\/aconteceunovale.com.br\/portal\/?p=191508","title":{"rendered":"Pol\u00edcias Civil e Militar deflagram opera\u00e7\u00e3o Desmantelamento em Santa Maria do Sua\u00e7u\u00ed"},"content":{"rendered":"\n<p class=\"wp-block-paragraph\">Nesta sexta-feira (14\/10\/2022), as pol\u00edcias Civil e Militar deflagraram a opera\u00e7\u00e3o Desmantelamento, em Santa Maria do Sua\u00e7u\u00ed, regi\u00e3o Leste do Estado, com o objetivo de cumprir mandados de busca e apreens\u00e3o domiciliar e, tamb\u00e9m, mandado de apreens\u00e3o contra um adolescente, de 17 anos, suspeito de comandar o tr\u00e1fico de drogas na regi\u00e3o.<\/p>\n\n\n\n<figure class=\"wp-block-gallery has-nested-images columns-default is-cropped wp-block-gallery-1 is-layout-flex wp-block-gallery-is-layout-flex\">\n<figure class=\"wp-block-image size-large\"><img loading=\"lazy\" decoding=\"async\" width=\"678\" height=\"445\" data-id=\"191509\" src=\"https:\/\/aconteceunovale.com.br\/portal\/wp-content\/uploads\/2022\/10\/operacao_sms.jpeg\" alt=\"\" class=\"wp-image-191509\" srcset=\"https:\/\/aconteceunovale.com.br\/portal\/wp-content\/uploads\/2022\/10\/operacao_sms.jpeg 678w, https:\/\/aconteceunovale.com.br\/portal\/wp-content\/uploads\/2022\/10\/operacao_sms-300x197.jpeg 300w, https:\/\/aconteceunovale.com.br\/portal\/wp-content\/uploads\/2022\/10\/operacao_sms-640x420.jpeg 640w\" sizes=\"auto, (max-width: 678px) 100vw, 678px\" \/><figcaption><em><sub>Foto: Divulga\u00e7\u00e3o \/ PCMG<\/sub><\/em><\/figcaption><\/figure>\n<\/figure>\n\n\n\n<p class=\"wp-block-paragraph\">As investiga\u00e7\u00f5es tiveram in\u00edcio em setembro deste ano, quando o jovem investigado foi abordado com subst\u00e2ncias il\u00edcitas no momento em que se deslocava para a cidade de Santa Maria do Sua\u00e7u\u00ed, passando a ser monitorado pelos policiais, que apuraram liga\u00e7\u00f5es dele com outros tr\u00eas suspeitos, maiores de idade.<\/p>\n\n\n\n<p class=\"wp-block-paragraph\">Durante os levantamentos investigativas, apurou-se o envolvimento dessas quatro pessoas com o tr\u00e1fico de drogas e o com\u00e9rcio ilegal de armas de fogo, o que motivou a Pol\u00edcia Civil a representar por mandados de busca a apreens\u00e3o em quatro endere\u00e7os, cujas medidas foram deferidas pela Justi\u00e7a. Al\u00e9m disso, contra o adolescente j\u00e1 havia mandado de apreens\u00e3o em aberto, em raz\u00e3o de uma condena\u00e7\u00e3o anterior, sendo cumprida tamb\u00e9m esta ordem judicial.<\/p>\n\n\n\n<p class=\"wp-block-paragraph\">Durante as buscas, foram encontradas, na resid\u00eancia do adolescente, pedras de crack, celulares, dinheiro e materiais utilizados para a prepara\u00e7\u00e3o de entorpecentes. O adolescente foi apreendido e, ap\u00f3s os procedimentos de pol\u00edcia judici\u00e1ria, encaminhado para o sistema socioeducativo.<\/p>\n\n\n\n<p class=\"wp-block-paragraph\">&#8212;&#8212;&#8212;&#8212;&#8212;&#8212;<br><br><strong>Sabia que o Aconteceu no Vale est\u00e1 tamb\u00e9m no Telegram? <a rel=\"noreferrer noopener\" href=\"https:\/\/t.me\/aconteceunovaleoficial\" target=\"_blank\">Inscreva-se no canal<\/a>.<\/strong><br><br><strong>J\u00e1 curtiu ou seguiu nossas p\u00e1ginas nas redes sociais?\u00a0Receba as not\u00edcias em primeira m\u00e3o:<\/strong><br>\u2022 <a rel=\"noreferrer noopener\" href=\"https:\/\/news.google.com\/publications\/CAAqBwgKMNjklQswi4etAw?hl=pt-BR&amp;gl=BR&amp;ceid=BR%3Apt-419\" target=\"_blank\">Google News<\/a><br>\u2022 <a rel=\"noreferrer noopener\" href=\"https:\/\/www.facebook.com\/aconteceunovale\/\" target=\"_blank\">Facebook<\/a><br>\u2022 <a rel=\"noreferrer noopener\" href=\"https:\/\/twitter.com\/noticiadosvales\" target=\"_blank\">Twitter<\/a><br>\u2022 <a rel=\"noreferrer noopener\" href=\"https:\/\/www.instagram.com\/aconteceunovale\" target=\"_blank\">Instagram<\/a><br>\u2022 <a rel=\"noreferrer noopener\" href=\"https:\/\/www.youtube.com\/AconteceunoValeOficial\" target=\"_blank\">Youtube<\/a><br>\u2022 <a rel=\"noreferrer noopener\" href=\"https:\/\/www.tiktok.com\/@aconteceunovale\" target=\"_blank\">TikTok<\/a><\/p>\n","protected":false},"excerpt":{"rendered":"<p>Nesta sexta-feira (14\/10\/2022), as pol\u00edcias Civil e Militar deflagraram a opera\u00e7\u00e3o Desmantelamento, em Santa Maria do Sua\u00e7u\u00ed, regi\u00e3o Leste do Estado, com o objetivo de cumprir mandados de busca e apreens\u00e3o domiciliar e, tamb\u00e9m, mandado de apreens\u00e3o contra um adolescente, de 17 anos, suspeito de comandar o tr\u00e1fico de drogas na regi\u00e3o. As investiga\u00e7\u00f5es tiveram [&hellip;]<\/p>\n","protected":false},"author":4,"featured_media":191509,"comment_status":"open","ping_status":"closed","sticky":false,"template":"","format":"standard","meta":{"amp_status":"","footnotes":""},"categories":[121],"tags":[265092,246461,227921,604,38187,265091,240],"class_list":["post-191508","post","type-post","status-publish","format-standard","has-post-thumbnail","hentry","category-leste","tag-operacao-contra-o-trafico-em-santa-maria-do-suacui","tag-operacao-em-santa-maria-do-suacui","tag-operacao-policial-em-santa-maria-do-suacui","tag-pcmg","tag-pmmg","tag-policias-civil-e-militar-deflagram-operacao-desmantelamento-em-santa-maria-do-suacui","tag-santa-maria-do-suacui"],"yoast_head":"<!-- This site is optimized with the Yoast SEO plugin v28.3 - https:\/\/yoast.com\/product\/yoast-seo-wordpress\/ -->\n<title>Pol\u00edcias Civil e Militar deflagram opera\u00e7\u00e3o Desmantelamento em Santa Maria do Sua\u00e7u\u00ed - Aconteceu no Vale<\/title>\n<meta name=\"robots\" content=\"index, follow, max-snippet:-1, max-image-preview:large, max-video-preview:-1\" \/>\n<link rel=\"canonical\" href=\"https:\/\/aconteceunovale.com.br\/portal\/?p=191508\" \/>\n<meta property=\"og:locale\" content=\"pt_BR\" \/>\n<meta property=\"og:type\" content=\"article\" \/>\n<meta property=\"og:title\" content=\"Pol\u00edcias Civil e Militar deflagram opera\u00e7\u00e3o Desmantelamento em Santa Maria do Sua\u00e7u\u00ed - Aconteceu no Vale\" \/>\n<meta property=\"og:description\" content=\"Nesta sexta-feira (14\/10\/2022), as pol\u00edcias Civil e Militar deflagraram a opera\u00e7\u00e3o Desmantelamento, em Santa Maria do Sua\u00e7u\u00ed, regi\u00e3o Leste do Estado, com o objetivo de cumprir mandados de busca e apreens\u00e3o domiciliar e, tamb\u00e9m, mandado de apreens\u00e3o contra um adolescente, de 17 anos, suspeito de comandar o tr\u00e1fico de drogas na regi\u00e3o. As investiga\u00e7\u00f5es tiveram [&hellip;]\" \/>\n<meta property=\"og:url\" content=\"https:\/\/aconteceunovale.com.br\/portal\/?p=191508\" \/>\n<meta property=\"og:site_name\" content=\"Aconteceu no Vale\" \/>\n<meta property=\"article:publisher\" content=\"https:\/\/www.facebook.com\/aconteceunovale\/\" \/>\n<meta property=\"article:published_time\" content=\"2022-10-14T14:54:36+00:00\" \/>\n<meta property=\"article:modified_time\" content=\"2022-10-14T14:55:03+00:00\" \/>\n<meta property=\"og:image\" content=\"https:\/\/aconteceunovale.com.br\/portal\/wp-content\/uploads\/2022\/10\/operacao_sms.jpeg\" \/>\n\t<meta property=\"og:image:width\" content=\"678\" \/>\n\t<meta property=\"og:image:height\" content=\"445\" \/>\n\t<meta property=\"og:image:type\" content=\"image\/jpeg\" \/>\n<meta name=\"author\" content=\"Reda\u00e7\u00e3o Aconteceu no Vale\" \/>\n<meta name=\"twitter:card\" content=\"summary_large_image\" \/>\n<meta name=\"twitter:creator\" content=\"@noticiadosvales\" \/>\n<meta name=\"twitter:site\" content=\"@noticiadosvales\" \/>\n<meta name=\"twitter:label1\" content=\"Escrito por\" \/>\n\t<meta name=\"twitter:data1\" content=\"Reda\u00e7\u00e3o Aconteceu no Vale\" \/>\n\t<meta name=\"twitter:label2\" content=\"Est. tempo de leitura\" \/>\n\t<meta name=\"twitter:data2\" content=\"1 minuto\" \/>\n<script type=\"application\/ld+json\" class=\"yoast-schema-graph\">{\"@context\":\"https:\\\/\\\/schema.org\",\"@graph\":[{\"@type\":\"Article\",\"@id\":\"https:\\\/\\\/aconteceunovale.com.br\\\/portal\\\/?p=191508#article\",\"isPartOf\":{\"@id\":\"https:\\\/\\\/aconteceunovale.com.br\\\/portal\\\/?p=191508\"},\"author\":{\"name\":\"Reda\u00e7\u00e3o Aconteceu no Vale\",\"@id\":\"https:\\\/\\\/aconteceunovale.com.br\\\/portal\\\/#\\\/schema\\\/person\\\/7d2f26d1483f8a63de73da1ee0754d35\"},\"headline\":\"Pol\u00edcias Civil e Militar deflagram opera\u00e7\u00e3o Desmantelamento em Santa Maria do Sua\u00e7u\u00ed\",\"datePublished\":\"2022-10-14T14:54:36+00:00\",\"dateModified\":\"2022-10-14T14:55:03+00:00\",\"mainEntityOfPage\":{\"@id\":\"https:\\\/\\\/aconteceunovale.com.br\\\/portal\\\/?p=191508\"},\"wordCount\":297,\"commentCount\":0,\"image\":{\"@id\":\"https:\\\/\\\/aconteceunovale.com.br\\\/portal\\\/?p=191508#primaryimage\"},\"thumbnailUrl\":\"https:\\\/\\\/aconteceunovale.com.br\\\/portal\\\/wp-content\\\/uploads\\\/2022\\\/10\\\/operacao_sms.jpeg\",\"keywords\":[\"Opera\u00e7\u00e3o contra o tr\u00e1fico em Santa Maria do Sua\u00e7u\u00ed\",\"Opera\u00e7\u00e3o em Santa Maria do Sua\u00e7u\u00ed\",\"Opera\u00e7\u00e3o policial em Santa Maria do Sua\u00e7u\u00ed\",\"PCMG\",\"PMMG\",\"Pol\u00edcias Civil e Militar deflagram opera\u00e7\u00e3o Desmantelamento em Santa Maria do Sua\u00e7u\u00ed\",\"Santa Maria do Sua\u00e7u\u00ed\"],\"articleSection\":[\"Leste de Minas\"],\"inLanguage\":\"pt-BR\",\"potentialAction\":[{\"@type\":\"CommentAction\",\"name\":\"Comment\",\"target\":[\"https:\\\/\\\/aconteceunovale.com.br\\\/portal\\\/?p=191508#respond\"]}]},{\"@type\":\"WebPage\",\"@id\":\"https:\\\/\\\/aconteceunovale.com.br\\\/portal\\\/?p=191508\",\"url\":\"https:\\\/\\\/aconteceunovale.com.br\\\/portal\\\/?p=191508\",\"name\":\"Pol\u00edcias Civil e Militar deflagram opera\u00e7\u00e3o Desmantelamento em Santa Maria do Sua\u00e7u\u00ed - Aconteceu no Vale\",\"isPartOf\":{\"@id\":\"https:\\\/\\\/aconteceunovale.com.br\\\/portal\\\/#website\"},\"primaryImageOfPage\":{\"@id\":\"https:\\\/\\\/aconteceunovale.com.br\\\/portal\\\/?p=191508#primaryimage\"},\"image\":{\"@id\":\"https:\\\/\\\/aconteceunovale.com.br\\\/portal\\\/?p=191508#primaryimage\"},\"thumbnailUrl\":\"https:\\\/\\\/aconteceunovale.com.br\\\/portal\\\/wp-content\\\/uploads\\\/2022\\\/10\\\/operacao_sms.jpeg\",\"datePublished\":\"2022-10-14T14:54:36+00:00\",\"dateModified\":\"2022-10-14T14:55:03+00:00\",\"author\":{\"@id\":\"https:\\\/\\\/aconteceunovale.com.br\\\/portal\\\/#\\\/schema\\\/person\\\/7d2f26d1483f8a63de73da1ee0754d35\"},\"breadcrumb\":{\"@id\":\"https:\\\/\\\/aconteceunovale.com.br\\\/portal\\\/?p=191508#breadcrumb\"},\"inLanguage\":\"pt-BR\",\"potentialAction\":[{\"@type\":\"ReadAction\",\"target\":[\"https:\\\/\\\/aconteceunovale.com.br\\\/portal\\\/?p=191508\"]}]},{\"@type\":\"ImageObject\",\"inLanguage\":\"pt-BR\",\"@id\":\"https:\\\/\\\/aconteceunovale.com.br\\\/portal\\\/?p=191508#primaryimage\",\"url\":\"https:\\\/\\\/aconteceunovale.com.br\\\/portal\\\/wp-content\\\/uploads\\\/2022\\\/10\\\/operacao_sms.jpeg\",\"contentUrl\":\"https:\\\/\\\/aconteceunovale.com.br\\\/portal\\\/wp-content\\\/uploads\\\/2022\\\/10\\\/operacao_sms.jpeg\",\"width\":678,\"height\":445},{\"@type\":\"BreadcrumbList\",\"@id\":\"https:\\\/\\\/aconteceunovale.com.br\\\/portal\\\/?p=191508#breadcrumb\",\"itemListElement\":[{\"@type\":\"ListItem\",\"position\":1,\"name\":\"In\u00edcio\",\"item\":\"https:\\\/\\\/aconteceunovale.com.br\\\/portal\\\/\"},{\"@type\":\"ListItem\",\"position\":2,\"name\":\"Pol\u00edcias Civil e Militar deflagram opera\u00e7\u00e3o Desmantelamento em Santa Maria do Sua\u00e7u\u00ed\"}]},{\"@type\":\"WebSite\",\"@id\":\"https:\\\/\\\/aconteceunovale.com.br\\\/portal\\\/#website\",\"url\":\"https:\\\/\\\/aconteceunovale.com.br\\\/portal\\\/\",\"name\":\"Aconteceu no Vale\",\"description\":\"Portal de Not\u00edcias\",\"potentialAction\":[{\"@type\":\"SearchAction\",\"target\":{\"@type\":\"EntryPoint\",\"urlTemplate\":\"https:\\\/\\\/aconteceunovale.com.br\\\/portal\\\/?s={search_term_string}\"},\"query-input\":{\"@type\":\"PropertyValueSpecification\",\"valueRequired\":true,\"valueName\":\"search_term_string\"}}],\"inLanguage\":\"pt-BR\"},{\"@type\":\"Person\",\"@id\":\"https:\\\/\\\/aconteceunovale.com.br\\\/portal\\\/#\\\/schema\\\/person\\\/7d2f26d1483f8a63de73da1ee0754d35\",\"name\":\"Reda\u00e7\u00e3o Aconteceu no Vale\",\"description\":\"Equipe de reportagem do Aconteceu no Vale, portal de not\u00edcias do Vale do Jequitinhonha, em Minas Gerais. Cobrimos as 51 cidades do Vale desde 2013. Sugest\u00f5es de pauta e pedidos de corre\u00e7\u00e3o: contato@aconteceunovale.com.br\",\"url\":\"https:\\\/\\\/aconteceunovale.com.br\\\/portal\\\/?author=4\"}]}<\/script>\n<!-- \/ Yoast SEO plugin. -->","yoast_head_json":{"title":"Pol\u00edcias Civil e Militar deflagram opera\u00e7\u00e3o Desmantelamento em Santa Maria do Sua\u00e7u\u00ed - Aconteceu no Vale","robots":{"index":"index","follow":"follow","max-snippet":"max-snippet:-1","max-image-preview":"max-image-preview:large","max-video-preview":"max-video-preview:-1"},"canonical":"https:\/\/aconteceunovale.com.br\/portal\/?p=191508","og_locale":"pt_BR","og_type":"article","og_title":"Pol\u00edcias Civil e Militar deflagram opera\u00e7\u00e3o Desmantelamento em Santa Maria do Sua\u00e7u\u00ed - Aconteceu no Vale","og_description":"Nesta sexta-feira (14\/10\/2022), as pol\u00edcias Civil e Militar deflagraram a opera\u00e7\u00e3o Desmantelamento, em Santa Maria do Sua\u00e7u\u00ed, regi\u00e3o Leste do Estado, com o objetivo de cumprir mandados de busca e apreens\u00e3o domiciliar e, tamb\u00e9m, mandado de apreens\u00e3o contra um adolescente, de 17 anos, suspeito de comandar o tr\u00e1fico de drogas na regi\u00e3o. As investiga\u00e7\u00f5es tiveram [&hellip;]","og_url":"https:\/\/aconteceunovale.com.br\/portal\/?p=191508","og_site_name":"Aconteceu no Vale","article_publisher":"https:\/\/www.facebook.com\/aconteceunovale\/","article_published_time":"2022-10-14T14:54:36+00:00","article_modified_time":"2022-10-14T14:55:03+00:00","og_image":[{"width":678,"height":445,"url":"https:\/\/aconteceunovale.com.br\/portal\/wp-content\/uploads\/2022\/10\/operacao_sms.jpeg","type":"image\/jpeg"}],"author":"Reda\u00e7\u00e3o Aconteceu no Vale","twitter_card":"summary_large_image","twitter_creator":"@noticiadosvales","twitter_site":"@noticiadosvales","twitter_misc":{"Escrito por":"Reda\u00e7\u00e3o Aconteceu no Vale","Est. tempo de leitura":"1 minuto"},"schema":{"@context":"https:\/\/schema.org","@graph":[{"@type":"Article","@id":"https:\/\/aconteceunovale.com.br\/portal\/?p=191508#article","isPartOf":{"@id":"https:\/\/aconteceunovale.com.br\/portal\/?p=191508"},"author":{"name":"Reda\u00e7\u00e3o Aconteceu no Vale","@id":"https:\/\/aconteceunovale.com.br\/portal\/#\/schema\/person\/7d2f26d1483f8a63de73da1ee0754d35"},"headline":"Pol\u00edcias Civil e Militar deflagram opera\u00e7\u00e3o Desmantelamento em Santa Maria do Sua\u00e7u\u00ed","datePublished":"2022-10-14T14:54:36+00:00","dateModified":"2022-10-14T14:55:03+00:00","mainEntityOfPage":{"@id":"https:\/\/aconteceunovale.com.br\/portal\/?p=191508"},"wordCount":297,"commentCount":0,"image":{"@id":"https:\/\/aconteceunovale.com.br\/portal\/?p=191508#primaryimage"},"thumbnailUrl":"https:\/\/aconteceunovale.com.br\/portal\/wp-content\/uploads\/2022\/10\/operacao_sms.jpeg","keywords":["Opera\u00e7\u00e3o contra o tr\u00e1fico em Santa Maria do Sua\u00e7u\u00ed","Opera\u00e7\u00e3o em Santa Maria do Sua\u00e7u\u00ed","Opera\u00e7\u00e3o policial em Santa Maria do Sua\u00e7u\u00ed","PCMG","PMMG","Pol\u00edcias Civil e Militar deflagram opera\u00e7\u00e3o Desmantelamento em Santa Maria do Sua\u00e7u\u00ed","Santa Maria do Sua\u00e7u\u00ed"],"articleSection":["Leste de Minas"],"inLanguage":"pt-BR","potentialAction":[{"@type":"CommentAction","name":"Comment","target":["https:\/\/aconteceunovale.com.br\/portal\/?p=191508#respond"]}]},{"@type":"WebPage","@id":"https:\/\/aconteceunovale.com.br\/portal\/?p=191508","url":"https:\/\/aconteceunovale.com.br\/portal\/?p=191508","name":"Pol\u00edcias Civil e Militar deflagram opera\u00e7\u00e3o Desmantelamento em Santa Maria do Sua\u00e7u\u00ed - Aconteceu no Vale","isPartOf":{"@id":"https:\/\/aconteceunovale.com.br\/portal\/#website"},"primaryImageOfPage":{"@id":"https:\/\/aconteceunovale.com.br\/portal\/?p=191508#primaryimage"},"image":{"@id":"https:\/\/aconteceunovale.com.br\/portal\/?p=191508#primaryimage"},"thumbnailUrl":"https:\/\/aconteceunovale.com.br\/portal\/wp-content\/uploads\/2022\/10\/operacao_sms.jpeg","datePublished":"2022-10-14T14:54:36+00:00","dateModified":"2022-10-14T14:55:03+00:00","author":{"@id":"https:\/\/aconteceunovale.com.br\/portal\/#\/schema\/person\/7d2f26d1483f8a63de73da1ee0754d35"},"breadcrumb":{"@id":"https:\/\/aconteceunovale.com.br\/portal\/?p=191508#breadcrumb"},"inLanguage":"pt-BR","potentialAction":[{"@type":"ReadAction","target":["https:\/\/aconteceunovale.com.br\/portal\/?p=191508"]}]},{"@type":"ImageObject","inLanguage":"pt-BR","@id":"https:\/\/aconteceunovale.com.br\/portal\/?p=191508#primaryimage","url":"https:\/\/aconteceunovale.com.br\/portal\/wp-content\/uploads\/2022\/10\/operacao_sms.jpeg","contentUrl":"https:\/\/aconteceunovale.com.br\/portal\/wp-content\/uploads\/2022\/10\/operacao_sms.jpeg","width":678,"height":445},{"@type":"BreadcrumbList","@id":"https:\/\/aconteceunovale.com.br\/portal\/?p=191508#breadcrumb","itemListElement":[{"@type":"ListItem","position":1,"name":"In\u00edcio","item":"https:\/\/aconteceunovale.com.br\/portal\/"},{"@type":"ListItem","position":2,"name":"Pol\u00edcias Civil e Militar deflagram opera\u00e7\u00e3o Desmantelamento em Santa Maria do Sua\u00e7u\u00ed"}]},{"@type":"WebSite","@id":"https:\/\/aconteceunovale.com.br\/portal\/#website","url":"https:\/\/aconteceunovale.com.br\/portal\/","name":"Aconteceu no Vale","description":"Portal de Not\u00edcias","potentialAction":[{"@type":"SearchAction","target":{"@type":"EntryPoint","urlTemplate":"https:\/\/aconteceunovale.com.br\/portal\/?s={search_term_string}"},"query-input":{"@type":"PropertyValueSpecification","valueRequired":true,"valueName":"search_term_string"}}],"inLanguage":"pt-BR"},{"@type":"Person","@id":"https:\/\/aconteceunovale.com.br\/portal\/#\/schema\/person\/7d2f26d1483f8a63de73da1ee0754d35","name":"Reda\u00e7\u00e3o Aconteceu no Vale","description":"Equipe de reportagem do Aconteceu no Vale, portal de not\u00edcias do Vale do Jequitinhonha, em Minas Gerais. Cobrimos as 51 cidades do Vale desde 2013. Sugest\u00f5es de pauta e pedidos de corre\u00e7\u00e3o: contato@aconteceunovale.com.br","url":"https:\/\/aconteceunovale.com.br\/portal\/?author=4"}]}},"_links":{"self":[{"href":"https:\/\/aconteceunovale.com.br\/portal\/index.php?rest_route=\/wp\/v2\/posts\/191508","targetHints":{"allow":["GET"]}}],"collection":[{"href":"https:\/\/aconteceunovale.com.br\/portal\/index.php?rest_route=\/wp\/v2\/posts"}],"about":[{"href":"https:\/\/aconteceunovale.com.br\/portal\/index.php?rest_route=\/wp\/v2\/types\/post"}],"author":[{"embeddable":true,"href":"https:\/\/aconteceunovale.com.br\/portal\/index.php?rest_route=\/wp\/v2\/users\/4"}],"replies":[{"embeddable":true,"href":"https:\/\/aconteceunovale.com.br\/portal\/index.php?rest_route=%2Fwp%2Fv2%2Fcomments&post=191508"}],"version-history":[{"count":1,"href":"https:\/\/aconteceunovale.com.br\/portal\/index.php?rest_route=\/wp\/v2\/posts\/191508\/revisions"}],"predecessor-version":[{"id":191510,"href":"https:\/\/aconteceunovale.com.br\/portal\/index.php?rest_route=\/wp\/v2\/posts\/191508\/revisions\/191510"}],"wp:featuredmedia":[{"embeddable":true,"href":"https:\/\/aconteceunovale.com.br\/portal\/index.php?rest_route=\/wp\/v2\/media\/191509"}],"wp:attachment":[{"href":"https:\/\/aconteceunovale.com.br\/portal\/index.php?rest_route=%2Fwp%2Fv2%2Fmedia&parent=191508"}],"wp:term":[{"taxonomy":"category","embeddable":true,"href":"https:\/\/aconteceunovale.com.br\/portal\/index.php?rest_route=%2Fwp%2Fv2%2Fcategories&post=191508"},{"taxonomy":"post_tag","embeddable":true,"href":"https:\/\/aconteceunovale.com.br\/portal\/index.php?rest_route=%2Fwp%2Fv2%2Ftags&post=191508"}],"curies":[{"name":"wp","href":"https:\/\/api.w.org\/{rel}","templated":true}]}}