{"id":191505,"date":"2022-10-13T21:53:13","date_gmt":"2022-10-14T00:53:13","guid":{"rendered":"https:\/\/aconteceunovale.com.br\/portal\/?p=191505"},"modified":"2022-10-13T21:53:55","modified_gmt":"2022-10-14T00:53:55","slug":"tse-vai-acelerar-combate-a-assedio-eleitoral-em-empresas","status":"publish","type":"post","link":"https:\/\/aconteceunovale.com.br\/portal\/?p=191505","title":{"rendered":"TSE vai acelerar combate a ass\u00e9dio eleitoral em empresas"},"content":{"rendered":"\n<p class=\"wp-block-paragraph\">O presidente do Tribunal Superior Eleitoral (TSE), ministro Alexandre de Moraes, afirmou hoje (13) que o combate ao ass\u00e9dio eleitoral nas empresas ser\u00e1 intensificado e acelerado, diante do aumento de casos noticiados desde o in\u00edcio do segundo turno das elei\u00e7\u00f5es.<\/p>\n\n\n\n<figure class=\"wp-block-gallery has-nested-images columns-default is-cropped wp-block-gallery-1 is-layout-flex wp-block-gallery-is-layout-flex\">\n<figure class=\"wp-block-image size-large\"><img loading=\"lazy\" decoding=\"async\" width=\"678\" height=\"406\" data-id=\"191506\" src=\"https:\/\/aconteceunovale.com.br\/portal\/wp-content\/uploads\/2022\/10\/moraes_tse.jpg\" alt=\"\" class=\"wp-image-191506\" srcset=\"https:\/\/aconteceunovale.com.br\/portal\/wp-content\/uploads\/2022\/10\/moraes_tse.jpg 678w, https:\/\/aconteceunovale.com.br\/portal\/wp-content\/uploads\/2022\/10\/moraes_tse-300x180.jpg 300w\" sizes=\"auto, (max-width: 678px) 100vw, 678px\" \/><figcaption><em><sub>Foto: Fabio Rodrigues-Pozzebom\/Ag\u00eancia Brasil<\/sub><\/em><\/figcaption><\/figure>\n<\/figure>\n\n\n\n<p class=\"wp-block-paragraph\">\u201cEssa atua\u00e7\u00e3o ser\u00e1 mais efetiva, mais r\u00e1pida, porque n\u00e3o \u00e9 poss\u00edvel que, em pleno s\u00e9culo 21, se pretenda coagir o empregado em rela\u00e7\u00e3o ao seu voto\u201d, disse Moraes antes de encerrar a sess\u00e3o plen\u00e1ria do TSE, nesta quinta-feira (13).<\/p>\n\n\n\n<p class=\"wp-block-paragraph\">Ele acrescentou que se reunir\u00e1 com o vice-procurador-geral eleitoral, Paulo Gonet, e com o&nbsp;procurador-geral do Trabalho, Jos\u00e9 de Lima Ramos Pereira, para alinhar formas mais eficazes de combate ao ass\u00e9dio eleitoral dentro das empresas.<\/p>\n\n\n\n<p class=\"wp-block-paragraph\">\u201cAlguns empregadores [est\u00e3o] coagindo, amea\u00e7ando, concedendo benef\u00edcios para que seus funcion\u00e1rios votem em determinado candidato\u201d, descreveu Moraes.<\/p>\n\n\n\n<p class=\"wp-block-paragraph\">O presidente do TSE contou que, em reuni\u00e3o que teve com todos os comandantes das pol\u00edcias militares do pa\u00eds, foram relatados casos em que empregadores tentaram comprar o pr\u00f3prio documento de identifica\u00e7\u00e3o do eleitor para que n\u00e3o fosse votar. \u201cIsso \u00e9 crime comum, isso \u00e9 crime eleitoral, isso vai ser combatido e continua a ser combatido\u201d, afirmou ele.<\/p>\n\n\n\n<p class=\"wp-block-paragraph\">&#8212;&#8212;&#8212;&#8212;&#8212;&#8212;<br><br><strong>Sabia que o Aconteceu no Vale est\u00e1 tamb\u00e9m no Telegram? <a rel=\"noreferrer noopener\" href=\"https:\/\/t.me\/aconteceunovaleoficial\" target=\"_blank\">Inscreva-se no canal<\/a>.<\/strong><br><br><strong>J\u00e1 curtiu ou seguiu nossas p\u00e1ginas nas redes sociais?\u00a0Receba as not\u00edcias em primeira m\u00e3o:<\/strong><br>\u2022 <a rel=\"noreferrer noopener\" href=\"https:\/\/news.google.com\/publications\/CAAqBwgKMNjklQswi4etAw?hl=pt-BR&amp;gl=BR&amp;ceid=BR%3Apt-419\" target=\"_blank\">Google News<\/a><br>\u2022 <a rel=\"noreferrer noopener\" href=\"https:\/\/www.facebook.com\/aconteceunovale\/\" target=\"_blank\">Facebook<\/a><br>\u2022 <a rel=\"noreferrer noopener\" href=\"https:\/\/twitter.com\/noticiadosvales\" target=\"_blank\">Twitter<\/a><br>\u2022 <a rel=\"noreferrer noopener\" href=\"https:\/\/www.instagram.com\/aconteceunovale\" target=\"_blank\">Instagram<\/a><br>\u2022 <a rel=\"noreferrer noopener\" href=\"https:\/\/www.youtube.com\/AconteceunoValeOficial\" target=\"_blank\">Youtube<\/a><br>\u2022 <a rel=\"noreferrer noopener\" href=\"https:\/\/www.tiktok.com\/@aconteceunovale\" target=\"_blank\">TikTok<\/a><\/p>\n","protected":false},"excerpt":{"rendered":"<p>O presidente do Tribunal Superior Eleitoral (TSE), ministro Alexandre de Moraes, afirmou hoje (13) que o combate ao ass\u00e9dio eleitoral nas empresas ser\u00e1 intensificado e acelerado, diante do aumento de casos noticiados desde o in\u00edcio do segundo turno das elei\u00e7\u00f5es. \u201cEssa atua\u00e7\u00e3o ser\u00e1 mais efetiva, mais r\u00e1pida, porque n\u00e3o \u00e9 poss\u00edvel que, em pleno s\u00e9culo [&hellip;]<\/p>\n","protected":false},"author":4,"featured_media":191506,"comment_status":"open","ping_status":"closed","sticky":false,"template":"","format":"standard","meta":{"amp_status":"","footnotes":""},"categories":[6,249933],"tags":[35211,265089,265090,1018,94060,267,265088],"class_list":["post-191505","post","type-post","status-publish","format-standard","has-post-thumbnail","hentry","category-br","category-eleicoes-2022","tag-alexandre-de-moraes","tag-assedio-eleitoral-em-empresas","tag-combate-ao-assedio-eleitoral-em-empresas","tag-destaque","tag-tribunal-superior-eleitoral","tag-tse","tag-tse-vai-acelerar-combate-a-assedio-eleitoral-em-empresas"],"yoast_head":"<!-- This site is optimized with the Yoast SEO plugin v28.3 - https:\/\/yoast.com\/product\/yoast-seo-wordpress\/ -->\n<title>TSE vai acelerar combate a ass\u00e9dio eleitoral em empresas - Aconteceu no Vale<\/title>\n<meta name=\"robots\" content=\"index, follow, max-snippet:-1, max-image-preview:large, max-video-preview:-1\" \/>\n<link rel=\"canonical\" href=\"https:\/\/aconteceunovale.com.br\/portal\/?p=191505\" \/>\n<meta property=\"og:locale\" content=\"pt_BR\" \/>\n<meta property=\"og:type\" content=\"article\" \/>\n<meta property=\"og:title\" content=\"TSE vai acelerar combate a ass\u00e9dio eleitoral em empresas - Aconteceu no Vale\" \/>\n<meta property=\"og:description\" content=\"O presidente do Tribunal Superior Eleitoral (TSE), ministro Alexandre de Moraes, afirmou hoje (13) que o combate ao ass\u00e9dio eleitoral nas empresas ser\u00e1 intensificado e acelerado, diante do aumento de casos noticiados desde o in\u00edcio do segundo turno das elei\u00e7\u00f5es. \u201cEssa atua\u00e7\u00e3o ser\u00e1 mais efetiva, mais r\u00e1pida, porque n\u00e3o \u00e9 poss\u00edvel que, em pleno s\u00e9culo [&hellip;]\" \/>\n<meta property=\"og:url\" content=\"https:\/\/aconteceunovale.com.br\/portal\/?p=191505\" \/>\n<meta property=\"og:site_name\" content=\"Aconteceu no Vale\" \/>\n<meta property=\"article:publisher\" content=\"https:\/\/www.facebook.com\/aconteceunovale\/\" \/>\n<meta property=\"article:published_time\" content=\"2022-10-14T00:53:13+00:00\" \/>\n<meta property=\"article:modified_time\" content=\"2022-10-14T00:53:55+00:00\" \/>\n<meta property=\"og:image\" content=\"https:\/\/aconteceunovale.com.br\/portal\/wp-content\/uploads\/2022\/10\/moraes_tse.jpg\" \/>\n\t<meta property=\"og:image:width\" content=\"678\" \/>\n\t<meta property=\"og:image:height\" content=\"406\" \/>\n\t<meta property=\"og:image:type\" content=\"image\/jpeg\" \/>\n<meta name=\"author\" content=\"Reda\u00e7\u00e3o Aconteceu no Vale\" \/>\n<meta name=\"twitter:card\" content=\"summary_large_image\" \/>\n<meta name=\"twitter:creator\" content=\"@noticiadosvales\" \/>\n<meta name=\"twitter:site\" content=\"@noticiadosvales\" \/>\n<meta name=\"twitter:label1\" content=\"Escrito por\" \/>\n\t<meta name=\"twitter:data1\" content=\"Reda\u00e7\u00e3o Aconteceu no Vale\" \/>\n\t<meta name=\"twitter:label2\" content=\"Est. tempo de leitura\" \/>\n\t<meta name=\"twitter:data2\" content=\"1 minuto\" \/>\n<script type=\"application\/ld+json\" class=\"yoast-schema-graph\">{\"@context\":\"https:\\\/\\\/schema.org\",\"@graph\":[{\"@type\":\"Article\",\"@id\":\"https:\\\/\\\/aconteceunovale.com.br\\\/portal\\\/?p=191505#article\",\"isPartOf\":{\"@id\":\"https:\\\/\\\/aconteceunovale.com.br\\\/portal\\\/?p=191505\"},\"author\":{\"name\":\"Reda\u00e7\u00e3o Aconteceu no Vale\",\"@id\":\"https:\\\/\\\/aconteceunovale.com.br\\\/portal\\\/#\\\/schema\\\/person\\\/7d2f26d1483f8a63de73da1ee0754d35\"},\"headline\":\"TSE vai acelerar combate a ass\u00e9dio eleitoral em empresas\",\"datePublished\":\"2022-10-14T00:53:13+00:00\",\"dateModified\":\"2022-10-14T00:53:55+00:00\",\"mainEntityOfPage\":{\"@id\":\"https:\\\/\\\/aconteceunovale.com.br\\\/portal\\\/?p=191505\"},\"wordCount\":262,\"commentCount\":0,\"image\":{\"@id\":\"https:\\\/\\\/aconteceunovale.com.br\\\/portal\\\/?p=191505#primaryimage\"},\"thumbnailUrl\":\"https:\\\/\\\/aconteceunovale.com.br\\\/portal\\\/wp-content\\\/uploads\\\/2022\\\/10\\\/moraes_tse.jpg\",\"keywords\":[\"Alexandre de Moraes\",\"Ass\u00e9dio eleitoral em empresas\",\"Combate ao ass\u00e9dio eleitoral em empresas\",\"destaque\",\"Tribunal Superior Eleitoral\",\"TSE\",\"TSE vai acelerar combate a ass\u00e9dio eleitoral em empresas\"],\"articleSection\":[\"Brasil\",\"Elei\u00e7\u00f5es 2022\"],\"inLanguage\":\"pt-BR\",\"potentialAction\":[{\"@type\":\"CommentAction\",\"name\":\"Comment\",\"target\":[\"https:\\\/\\\/aconteceunovale.com.br\\\/portal\\\/?p=191505#respond\"]}]},{\"@type\":\"WebPage\",\"@id\":\"https:\\\/\\\/aconteceunovale.com.br\\\/portal\\\/?p=191505\",\"url\":\"https:\\\/\\\/aconteceunovale.com.br\\\/portal\\\/?p=191505\",\"name\":\"TSE vai acelerar combate a ass\u00e9dio eleitoral em empresas - Aconteceu no Vale\",\"isPartOf\":{\"@id\":\"https:\\\/\\\/aconteceunovale.com.br\\\/portal\\\/#website\"},\"primaryImageOfPage\":{\"@id\":\"https:\\\/\\\/aconteceunovale.com.br\\\/portal\\\/?p=191505#primaryimage\"},\"image\":{\"@id\":\"https:\\\/\\\/aconteceunovale.com.br\\\/portal\\\/?p=191505#primaryimage\"},\"thumbnailUrl\":\"https:\\\/\\\/aconteceunovale.com.br\\\/portal\\\/wp-content\\\/uploads\\\/2022\\\/10\\\/moraes_tse.jpg\",\"datePublished\":\"2022-10-14T00:53:13+00:00\",\"dateModified\":\"2022-10-14T00:53:55+00:00\",\"author\":{\"@id\":\"https:\\\/\\\/aconteceunovale.com.br\\\/portal\\\/#\\\/schema\\\/person\\\/7d2f26d1483f8a63de73da1ee0754d35\"},\"breadcrumb\":{\"@id\":\"https:\\\/\\\/aconteceunovale.com.br\\\/portal\\\/?p=191505#breadcrumb\"},\"inLanguage\":\"pt-BR\",\"potentialAction\":[{\"@type\":\"ReadAction\",\"target\":[\"https:\\\/\\\/aconteceunovale.com.br\\\/portal\\\/?p=191505\"]}]},{\"@type\":\"ImageObject\",\"inLanguage\":\"pt-BR\",\"@id\":\"https:\\\/\\\/aconteceunovale.com.br\\\/portal\\\/?p=191505#primaryimage\",\"url\":\"https:\\\/\\\/aconteceunovale.com.br\\\/portal\\\/wp-content\\\/uploads\\\/2022\\\/10\\\/moraes_tse.jpg\",\"contentUrl\":\"https:\\\/\\\/aconteceunovale.com.br\\\/portal\\\/wp-content\\\/uploads\\\/2022\\\/10\\\/moraes_tse.jpg\",\"width\":678,\"height\":406,\"caption\":\"O presidente do Tribunal Superior Eleitoral, Alexandre de Moraes, comenta em coletiva de imprensa, o andamento das elei\u00e7\u00f5es gerais\"},{\"@type\":\"BreadcrumbList\",\"@id\":\"https:\\\/\\\/aconteceunovale.com.br\\\/portal\\\/?p=191505#breadcrumb\",\"itemListElement\":[{\"@type\":\"ListItem\",\"position\":1,\"name\":\"In\u00edcio\",\"item\":\"https:\\\/\\\/aconteceunovale.com.br\\\/portal\\\/\"},{\"@type\":\"ListItem\",\"position\":2,\"name\":\"TSE vai acelerar combate a ass\u00e9dio eleitoral em empresas\"}]},{\"@type\":\"WebSite\",\"@id\":\"https:\\\/\\\/aconteceunovale.com.br\\\/portal\\\/#website\",\"url\":\"https:\\\/\\\/aconteceunovale.com.br\\\/portal\\\/\",\"name\":\"Aconteceu no Vale\",\"description\":\"Portal de Not\u00edcias\",\"potentialAction\":[{\"@type\":\"SearchAction\",\"target\":{\"@type\":\"EntryPoint\",\"urlTemplate\":\"https:\\\/\\\/aconteceunovale.com.br\\\/portal\\\/?s={search_term_string}\"},\"query-input\":{\"@type\":\"PropertyValueSpecification\",\"valueRequired\":true,\"valueName\":\"search_term_string\"}}],\"inLanguage\":\"pt-BR\"},{\"@type\":\"Person\",\"@id\":\"https:\\\/\\\/aconteceunovale.com.br\\\/portal\\\/#\\\/schema\\\/person\\\/7d2f26d1483f8a63de73da1ee0754d35\",\"name\":\"Reda\u00e7\u00e3o Aconteceu no Vale\",\"description\":\"Equipe de reportagem do Aconteceu no Vale, portal de not\u00edcias do Vale do Jequitinhonha, em Minas Gerais. Cobrimos as 51 cidades do Vale desde 2013. Sugest\u00f5es de pauta e pedidos de corre\u00e7\u00e3o: contato@aconteceunovale.com.br\",\"url\":\"https:\\\/\\\/aconteceunovale.com.br\\\/portal\\\/?author=4\"}]}<\/script>\n<!-- \/ Yoast SEO plugin. -->","yoast_head_json":{"title":"TSE vai acelerar combate a ass\u00e9dio eleitoral em empresas - Aconteceu no Vale","robots":{"index":"index","follow":"follow","max-snippet":"max-snippet:-1","max-image-preview":"max-image-preview:large","max-video-preview":"max-video-preview:-1"},"canonical":"https:\/\/aconteceunovale.com.br\/portal\/?p=191505","og_locale":"pt_BR","og_type":"article","og_title":"TSE vai acelerar combate a ass\u00e9dio eleitoral em empresas - Aconteceu no Vale","og_description":"O presidente do Tribunal Superior Eleitoral (TSE), ministro Alexandre de Moraes, afirmou hoje (13) que o combate ao ass\u00e9dio eleitoral nas empresas ser\u00e1 intensificado e acelerado, diante do aumento de casos noticiados desde o in\u00edcio do segundo turno das elei\u00e7\u00f5es. \u201cEssa atua\u00e7\u00e3o ser\u00e1 mais efetiva, mais r\u00e1pida, porque n\u00e3o \u00e9 poss\u00edvel que, em pleno s\u00e9culo [&hellip;]","og_url":"https:\/\/aconteceunovale.com.br\/portal\/?p=191505","og_site_name":"Aconteceu no Vale","article_publisher":"https:\/\/www.facebook.com\/aconteceunovale\/","article_published_time":"2022-10-14T00:53:13+00:00","article_modified_time":"2022-10-14T00:53:55+00:00","og_image":[{"width":678,"height":406,"url":"https:\/\/aconteceunovale.com.br\/portal\/wp-content\/uploads\/2022\/10\/moraes_tse.jpg","type":"image\/jpeg"}],"author":"Reda\u00e7\u00e3o Aconteceu no Vale","twitter_card":"summary_large_image","twitter_creator":"@noticiadosvales","twitter_site":"@noticiadosvales","twitter_misc":{"Escrito por":"Reda\u00e7\u00e3o Aconteceu no Vale","Est. tempo de leitura":"1 minuto"},"schema":{"@context":"https:\/\/schema.org","@graph":[{"@type":"Article","@id":"https:\/\/aconteceunovale.com.br\/portal\/?p=191505#article","isPartOf":{"@id":"https:\/\/aconteceunovale.com.br\/portal\/?p=191505"},"author":{"name":"Reda\u00e7\u00e3o Aconteceu no Vale","@id":"https:\/\/aconteceunovale.com.br\/portal\/#\/schema\/person\/7d2f26d1483f8a63de73da1ee0754d35"},"headline":"TSE vai acelerar combate a ass\u00e9dio eleitoral em empresas","datePublished":"2022-10-14T00:53:13+00:00","dateModified":"2022-10-14T00:53:55+00:00","mainEntityOfPage":{"@id":"https:\/\/aconteceunovale.com.br\/portal\/?p=191505"},"wordCount":262,"commentCount":0,"image":{"@id":"https:\/\/aconteceunovale.com.br\/portal\/?p=191505#primaryimage"},"thumbnailUrl":"https:\/\/aconteceunovale.com.br\/portal\/wp-content\/uploads\/2022\/10\/moraes_tse.jpg","keywords":["Alexandre de Moraes","Ass\u00e9dio eleitoral em empresas","Combate ao ass\u00e9dio eleitoral em empresas","destaque","Tribunal Superior Eleitoral","TSE","TSE vai acelerar combate a ass\u00e9dio eleitoral em empresas"],"articleSection":["Brasil","Elei\u00e7\u00f5es 2022"],"inLanguage":"pt-BR","potentialAction":[{"@type":"CommentAction","name":"Comment","target":["https:\/\/aconteceunovale.com.br\/portal\/?p=191505#respond"]}]},{"@type":"WebPage","@id":"https:\/\/aconteceunovale.com.br\/portal\/?p=191505","url":"https:\/\/aconteceunovale.com.br\/portal\/?p=191505","name":"TSE vai acelerar combate a ass\u00e9dio eleitoral em empresas - Aconteceu no Vale","isPartOf":{"@id":"https:\/\/aconteceunovale.com.br\/portal\/#website"},"primaryImageOfPage":{"@id":"https:\/\/aconteceunovale.com.br\/portal\/?p=191505#primaryimage"},"image":{"@id":"https:\/\/aconteceunovale.com.br\/portal\/?p=191505#primaryimage"},"thumbnailUrl":"https:\/\/aconteceunovale.com.br\/portal\/wp-content\/uploads\/2022\/10\/moraes_tse.jpg","datePublished":"2022-10-14T00:53:13+00:00","dateModified":"2022-10-14T00:53:55+00:00","author":{"@id":"https:\/\/aconteceunovale.com.br\/portal\/#\/schema\/person\/7d2f26d1483f8a63de73da1ee0754d35"},"breadcrumb":{"@id":"https:\/\/aconteceunovale.com.br\/portal\/?p=191505#breadcrumb"},"inLanguage":"pt-BR","potentialAction":[{"@type":"ReadAction","target":["https:\/\/aconteceunovale.com.br\/portal\/?p=191505"]}]},{"@type":"ImageObject","inLanguage":"pt-BR","@id":"https:\/\/aconteceunovale.com.br\/portal\/?p=191505#primaryimage","url":"https:\/\/aconteceunovale.com.br\/portal\/wp-content\/uploads\/2022\/10\/moraes_tse.jpg","contentUrl":"https:\/\/aconteceunovale.com.br\/portal\/wp-content\/uploads\/2022\/10\/moraes_tse.jpg","width":678,"height":406,"caption":"O presidente do Tribunal Superior Eleitoral, Alexandre de Moraes, comenta em coletiva de imprensa, o andamento das elei\u00e7\u00f5es gerais"},{"@type":"BreadcrumbList","@id":"https:\/\/aconteceunovale.com.br\/portal\/?p=191505#breadcrumb","itemListElement":[{"@type":"ListItem","position":1,"name":"In\u00edcio","item":"https:\/\/aconteceunovale.com.br\/portal\/"},{"@type":"ListItem","position":2,"name":"TSE vai acelerar combate a ass\u00e9dio eleitoral em empresas"}]},{"@type":"WebSite","@id":"https:\/\/aconteceunovale.com.br\/portal\/#website","url":"https:\/\/aconteceunovale.com.br\/portal\/","name":"Aconteceu no Vale","description":"Portal de Not\u00edcias","potentialAction":[{"@type":"SearchAction","target":{"@type":"EntryPoint","urlTemplate":"https:\/\/aconteceunovale.com.br\/portal\/?s={search_term_string}"},"query-input":{"@type":"PropertyValueSpecification","valueRequired":true,"valueName":"search_term_string"}}],"inLanguage":"pt-BR"},{"@type":"Person","@id":"https:\/\/aconteceunovale.com.br\/portal\/#\/schema\/person\/7d2f26d1483f8a63de73da1ee0754d35","name":"Reda\u00e7\u00e3o Aconteceu no Vale","description":"Equipe de reportagem do Aconteceu no Vale, portal de not\u00edcias do Vale do Jequitinhonha, em Minas Gerais. Cobrimos as 51 cidades do Vale desde 2013. Sugest\u00f5es de pauta e pedidos de corre\u00e7\u00e3o: contato@aconteceunovale.com.br","url":"https:\/\/aconteceunovale.com.br\/portal\/?author=4"}]}},"_links":{"self":[{"href":"https:\/\/aconteceunovale.com.br\/portal\/index.php?rest_route=\/wp\/v2\/posts\/191505","targetHints":{"allow":["GET"]}}],"collection":[{"href":"https:\/\/aconteceunovale.com.br\/portal\/index.php?rest_route=\/wp\/v2\/posts"}],"about":[{"href":"https:\/\/aconteceunovale.com.br\/portal\/index.php?rest_route=\/wp\/v2\/types\/post"}],"author":[{"embeddable":true,"href":"https:\/\/aconteceunovale.com.br\/portal\/index.php?rest_route=\/wp\/v2\/users\/4"}],"replies":[{"embeddable":true,"href":"https:\/\/aconteceunovale.com.br\/portal\/index.php?rest_route=%2Fwp%2Fv2%2Fcomments&post=191505"}],"version-history":[{"count":1,"href":"https:\/\/aconteceunovale.com.br\/portal\/index.php?rest_route=\/wp\/v2\/posts\/191505\/revisions"}],"predecessor-version":[{"id":191507,"href":"https:\/\/aconteceunovale.com.br\/portal\/index.php?rest_route=\/wp\/v2\/posts\/191505\/revisions\/191507"}],"wp:featuredmedia":[{"embeddable":true,"href":"https:\/\/aconteceunovale.com.br\/portal\/index.php?rest_route=\/wp\/v2\/media\/191506"}],"wp:attachment":[{"href":"https:\/\/aconteceunovale.com.br\/portal\/index.php?rest_route=%2Fwp%2Fv2%2Fmedia&parent=191505"}],"wp:term":[{"taxonomy":"category","embeddable":true,"href":"https:\/\/aconteceunovale.com.br\/portal\/index.php?rest_route=%2Fwp%2Fv2%2Fcategories&post=191505"},{"taxonomy":"post_tag","embeddable":true,"href":"https:\/\/aconteceunovale.com.br\/portal\/index.php?rest_route=%2Fwp%2Fv2%2Ftags&post=191505"}],"curies":[{"name":"wp","href":"https:\/\/api.w.org\/{rel}","templated":true}]}}