{"id":191499,"date":"2022-10-13T21:39:22","date_gmt":"2022-10-14T00:39:22","guid":{"rendered":"https:\/\/aconteceunovale.com.br\/portal\/?p=191499"},"modified":"2022-10-13T21:40:14","modified_gmt":"2022-10-14T00:40:14","slug":"ministerio-da-saude-libera-vacina-contra-covid-19-em-criancas-a-partir-de-6-meses","status":"publish","type":"post","link":"https:\/\/aconteceunovale.com.br\/portal\/?p=191499","title":{"rendered":"Minist\u00e9rio da Sa\u00fade libera vacina contra Covid-19 para crian\u00e7as de 6 meses a 4 anos"},"content":{"rendered":"\n<p class=\"wp-block-paragraph\">O Minist\u00e9rio da Sa\u00fade liberou a aplica\u00e7\u00e3o de vacinas contra a covid-19 da Pfizer em crian\u00e7as de 6 meses a 4 anos de idade que tenham comorbidades. Ainda n\u00e3o h\u00e1 informa\u00e7\u00f5es sobre quando a pasta receber\u00e1 e qual o total de vacinas espec\u00edficas para esse p\u00fablico.<\/p>\n\n\n\n<p class=\"wp-block-paragraph\">A amplia\u00e7\u00e3o de uso da vacina da Pfizer para imunizar crian\u00e7as de 6 meses a 4 anos de idade contra a covid-19 foi aprovada pela Anvisa em setembro. Desde a libera\u00e7\u00e3o, h\u00e1 um impasse no Minist\u00e9rio da Sa\u00fade sobre a incorpora\u00e7\u00e3o da vacina no plano de imuniza\u00e7\u00e3o.<\/p>\n\n\n\n<p class=\"wp-block-paragraph\">Em nota, nesta quinta-feira (13), a pasta informou que solicitar\u00e1 \u00e0 Comiss\u00e3o Nacional de Incorpora\u00e7\u00e3o de Tecnologias no SUS (Conitec) a avalia\u00e7\u00e3o de poss\u00edvel amplia\u00e7\u00e3o do uso da vacina pedi\u00e1trica nessa faixa et\u00e1ria. At\u00e9 que seja analisado pela comiss\u00e3o, a vacina\u00e7\u00e3o estar\u00e1\u00a0restrita ao p\u00fablico com comorbidades.<\/p>\n\n\n\n<h2 class=\"wp-block-heading\">Diferen\u00e7as<\/h2>\n\n\n\n<p class=\"wp-block-paragraph\">A vacina para crian\u00e7as de 6 meses a 4 anos de idade tem dosagem e composi\u00e7\u00e3o diferentes daquelas utilizadas para as faixas et\u00e1rias previamente aprovadas. A formula\u00e7\u00e3o da vacina autorizada hoje dever\u00e1 ser aplicada em tr\u00eas doses de 0,2 ml (equivalente a 3 microgramas).<\/p>\n\n\n\n<p class=\"wp-block-paragraph\">As duas doses iniciais devem ser administradas com 3 semanas de intervalo, seguidas por uma terceira dose administrada pelo menos 8 semanas ap\u00f3s a segunda dose. A tampa do frasco da vacina vir\u00e1 na cor vinho, para facilitar a identifica\u00e7\u00e3o pelas equipes de vacina\u00e7\u00e3o e, tamb\u00e9m, pelos pais, m\u00e3es e cuidadores que levar\u00e3o as crian\u00e7as para serem vacinadas. O uso de diferentes cores de tampa \u00e9 uma estrat\u00e9gia para evitar erros de administra\u00e7\u00e3o, j\u00e1 que o produto requer diferentes dosagens para diferentes faixas et\u00e1rias.<\/p>\n\n\n\n<p class=\"wp-block-paragraph\">\u201cA vacina tem 12 meses de validade, quando armazenada a temperatura entre -90\u00b0C e -60\u00b0C. Uma vez retirado do congelamento, o frasco fechado pode ser armazenado em geladeira entre 2\u00b0C e 8\u00b0C durante um per\u00edodo \u00fanico de 10 semanas, n\u00e3o excedendo a data de validade original\u201d, explicou a Anvisa.<\/p>\n\n\n\n<p class=\"wp-block-paragraph\">&#8212;&#8212;&#8212;&#8212;&#8212;&#8212;<br><br><strong>Sabia que o Aconteceu no Vale est\u00e1 tamb\u00e9m no Telegram? <a rel=\"noreferrer noopener\" href=\"https:\/\/t.me\/aconteceunovaleoficial\" target=\"_blank\">Inscreva-se no canal<\/a>.<\/strong><br><br><strong>J\u00e1 curtiu ou seguiu nossas p\u00e1ginas nas redes sociais?\u00a0Receba as not\u00edcias em primeira m\u00e3o:<\/strong><br>\u2022 <a rel=\"noreferrer noopener\" href=\"https:\/\/news.google.com\/publications\/CAAqBwgKMNjklQswi4etAw?hl=pt-BR&amp;gl=BR&amp;ceid=BR%3Apt-419\" target=\"_blank\">Google News<\/a><br>\u2022 <a rel=\"noreferrer noopener\" href=\"https:\/\/www.facebook.com\/aconteceunovale\/\" target=\"_blank\">Facebook<\/a><br>\u2022 <a rel=\"noreferrer noopener\" href=\"https:\/\/twitter.com\/noticiadosvales\" target=\"_blank\">Twitter<\/a><br>\u2022 <a rel=\"noreferrer noopener\" href=\"https:\/\/www.instagram.com\/aconteceunovale\" target=\"_blank\">Instagram<\/a><br>\u2022 <a rel=\"noreferrer noopener\" href=\"https:\/\/www.youtube.com\/AconteceunoValeOficial\" target=\"_blank\">Youtube<\/a><br>\u2022 <a rel=\"noreferrer noopener\" href=\"https:\/\/www.tiktok.com\/@aconteceunovale\" target=\"_blank\">TikTok<\/a><\/p>\n","protected":false},"excerpt":{"rendered":"<p>O Minist\u00e9rio da Sa\u00fade liberou a aplica\u00e7\u00e3o de vacinas contra a covid-19 da Pfizer em crian\u00e7as de 6 meses a 4 anos de idade que tenham comorbidades. Ainda n\u00e3o h\u00e1 informa\u00e7\u00f5es sobre quando a pasta receber\u00e1 e qual o total de vacinas espec\u00edficas para esse p\u00fablico. A amplia\u00e7\u00e3o de uso da vacina da Pfizer para [&hellip;]<\/p>\n","protected":false},"author":4,"featured_media":190527,"comment_status":"open","ping_status":"closed","sticky":false,"template":"","format":"standard","meta":{"amp_status":"","footnotes":""},"categories":[6,40242],"tags":[2278,4785,1018,265082,237338,230828,263326,263328,263327,25476],"class_list":["post-191499","post","type-post","status-publish","format-standard","has-post-thumbnail","hentry","category-br","category-saude-2","tag-anvisa","tag-brasil","tag-destaque","tag-ministerio-da-saude-libera-vacina-contra-covid-19-para-criancas-de-6-meses-a-4-anos","tag-vacina-contra-covid-19-para-criancas","tag-vacina-da-pfizer","tag-vacina-da-pfizer-contra-covid-19-para-criancas","tag-vacina-pediatrica-contra-covid-19","tag-vacinacao-de-criancas-no-brasil","tag-vigilancia-sanitaria"],"yoast_head":"<!-- This site is optimized with the Yoast SEO plugin v28.3 - https:\/\/yoast.com\/product\/yoast-seo-wordpress\/ -->\n<title>Minist\u00e9rio da Sa\u00fade libera vacina contra Covid-19 para crian\u00e7as de 6 meses a 4 anos - Aconteceu no Vale<\/title>\n<meta name=\"robots\" content=\"index, follow, max-snippet:-1, max-image-preview:large, max-video-preview:-1\" \/>\n<link rel=\"canonical\" href=\"https:\/\/aconteceunovale.com.br\/portal\/?p=191499\" \/>\n<meta property=\"og:locale\" content=\"pt_BR\" \/>\n<meta property=\"og:type\" content=\"article\" \/>\n<meta property=\"og:title\" content=\"Minist\u00e9rio da Sa\u00fade libera vacina contra Covid-19 para crian\u00e7as de 6 meses a 4 anos - Aconteceu no Vale\" \/>\n<meta property=\"og:description\" content=\"O Minist\u00e9rio da Sa\u00fade liberou a aplica\u00e7\u00e3o de vacinas contra a covid-19 da Pfizer em crian\u00e7as de 6 meses a 4 anos de idade que tenham comorbidades. Ainda n\u00e3o h\u00e1 informa\u00e7\u00f5es sobre quando a pasta receber\u00e1 e qual o total de vacinas espec\u00edficas para esse p\u00fablico. A amplia\u00e7\u00e3o de uso da vacina da Pfizer para [&hellip;]\" \/>\n<meta property=\"og:url\" content=\"https:\/\/aconteceunovale.com.br\/portal\/?p=191499\" \/>\n<meta property=\"og:site_name\" content=\"Aconteceu no Vale\" \/>\n<meta property=\"article:publisher\" content=\"https:\/\/www.facebook.com\/aconteceunovale\/\" \/>\n<meta property=\"article:published_time\" content=\"2022-10-14T00:39:22+00:00\" \/>\n<meta property=\"article:modified_time\" content=\"2022-10-14T00:40:14+00:00\" \/>\n<meta property=\"og:image\" content=\"https:\/\/aconteceunovale.com.br\/portal\/wp-content\/uploads\/2022\/09\/vacina_pfizer.jpg\" \/>\n\t<meta property=\"og:image:width\" content=\"678\" \/>\n\t<meta property=\"og:image:height\" content=\"406\" \/>\n\t<meta property=\"og:image:type\" content=\"image\/jpeg\" \/>\n<meta name=\"author\" content=\"Reda\u00e7\u00e3o Aconteceu no Vale\" \/>\n<meta name=\"twitter:card\" content=\"summary_large_image\" \/>\n<meta name=\"twitter:creator\" content=\"@noticiadosvales\" \/>\n<meta name=\"twitter:site\" content=\"@noticiadosvales\" \/>\n<meta name=\"twitter:label1\" content=\"Escrito por\" \/>\n\t<meta name=\"twitter:data1\" content=\"Reda\u00e7\u00e3o Aconteceu no Vale\" \/>\n\t<meta name=\"twitter:label2\" content=\"Est. tempo de leitura\" \/>\n\t<meta name=\"twitter:data2\" content=\"2 minutos\" \/>\n<script type=\"application\/ld+json\" class=\"yoast-schema-graph\">{\"@context\":\"https:\\\/\\\/schema.org\",\"@graph\":[{\"@type\":\"Article\",\"@id\":\"https:\\\/\\\/aconteceunovale.com.br\\\/portal\\\/?p=191499#article\",\"isPartOf\":{\"@id\":\"https:\\\/\\\/aconteceunovale.com.br\\\/portal\\\/?p=191499\"},\"author\":{\"name\":\"Reda\u00e7\u00e3o Aconteceu no Vale\",\"@id\":\"https:\\\/\\\/aconteceunovale.com.br\\\/portal\\\/#\\\/schema\\\/person\\\/7d2f26d1483f8a63de73da1ee0754d35\"},\"headline\":\"Minist\u00e9rio da Sa\u00fade libera vacina contra Covid-19 para crian\u00e7as de 6 meses a 4 anos\",\"datePublished\":\"2022-10-14T00:39:22+00:00\",\"dateModified\":\"2022-10-14T00:40:14+00:00\",\"mainEntityOfPage\":{\"@id\":\"https:\\\/\\\/aconteceunovale.com.br\\\/portal\\\/?p=191499\"},\"wordCount\":404,\"commentCount\":0,\"image\":{\"@id\":\"https:\\\/\\\/aconteceunovale.com.br\\\/portal\\\/?p=191499#primaryimage\"},\"thumbnailUrl\":\"https:\\\/\\\/aconteceunovale.com.br\\\/portal\\\/wp-content\\\/uploads\\\/2022\\\/09\\\/vacina_pfizer.jpg\",\"keywords\":[\"Anvisa\",\"brasil\",\"destaque\",\"Minist\u00e9rio da Sa\u00fade libera vacina contra Covid-19 para crian\u00e7as de 6 meses a 4 anos\",\"Vacina contra covid-19 para crian\u00e7as\",\"Vacina da Pfizer\",\"Vacina da Pfizer contra Covid-19 para crian\u00e7as\",\"Vacina pedi\u00e1trica contra covid-19\",\"Vacina\u00e7\u00e3o de crian\u00e7as no Brasil\",\"Vigil\u00e2ncia Sanit\u00e1ria\"],\"articleSection\":[\"Brasil\",\"Sa\u00fade\"],\"inLanguage\":\"pt-BR\",\"potentialAction\":[{\"@type\":\"CommentAction\",\"name\":\"Comment\",\"target\":[\"https:\\\/\\\/aconteceunovale.com.br\\\/portal\\\/?p=191499#respond\"]}]},{\"@type\":\"WebPage\",\"@id\":\"https:\\\/\\\/aconteceunovale.com.br\\\/portal\\\/?p=191499\",\"url\":\"https:\\\/\\\/aconteceunovale.com.br\\\/portal\\\/?p=191499\",\"name\":\"Minist\u00e9rio da Sa\u00fade libera vacina contra Covid-19 para crian\u00e7as de 6 meses a 4 anos - Aconteceu no Vale\",\"isPartOf\":{\"@id\":\"https:\\\/\\\/aconteceunovale.com.br\\\/portal\\\/#website\"},\"primaryImageOfPage\":{\"@id\":\"https:\\\/\\\/aconteceunovale.com.br\\\/portal\\\/?p=191499#primaryimage\"},\"image\":{\"@id\":\"https:\\\/\\\/aconteceunovale.com.br\\\/portal\\\/?p=191499#primaryimage\"},\"thumbnailUrl\":\"https:\\\/\\\/aconteceunovale.com.br\\\/portal\\\/wp-content\\\/uploads\\\/2022\\\/09\\\/vacina_pfizer.jpg\",\"datePublished\":\"2022-10-14T00:39:22+00:00\",\"dateModified\":\"2022-10-14T00:40:14+00:00\",\"author\":{\"@id\":\"https:\\\/\\\/aconteceunovale.com.br\\\/portal\\\/#\\\/schema\\\/person\\\/7d2f26d1483f8a63de73da1ee0754d35\"},\"breadcrumb\":{\"@id\":\"https:\\\/\\\/aconteceunovale.com.br\\\/portal\\\/?p=191499#breadcrumb\"},\"inLanguage\":\"pt-BR\",\"potentialAction\":[{\"@type\":\"ReadAction\",\"target\":[\"https:\\\/\\\/aconteceunovale.com.br\\\/portal\\\/?p=191499\"]}]},{\"@type\":\"ImageObject\",\"inLanguage\":\"pt-BR\",\"@id\":\"https:\\\/\\\/aconteceunovale.com.br\\\/portal\\\/?p=191499#primaryimage\",\"url\":\"https:\\\/\\\/aconteceunovale.com.br\\\/portal\\\/wp-content\\\/uploads\\\/2022\\\/09\\\/vacina_pfizer.jpg\",\"contentUrl\":\"https:\\\/\\\/aconteceunovale.com.br\\\/portal\\\/wp-content\\\/uploads\\\/2022\\\/09\\\/vacina_pfizer.jpg\",\"width\":678,\"height\":406,\"caption\":\"Vacinas Covid-19 pedi\u00e1tricas da Pfizer-BioNTech, 17\\\/01\\\/2022, Foto: Myke Sena\\\/MS\"},{\"@type\":\"BreadcrumbList\",\"@id\":\"https:\\\/\\\/aconteceunovale.com.br\\\/portal\\\/?p=191499#breadcrumb\",\"itemListElement\":[{\"@type\":\"ListItem\",\"position\":1,\"name\":\"In\u00edcio\",\"item\":\"https:\\\/\\\/aconteceunovale.com.br\\\/portal\\\/\"},{\"@type\":\"ListItem\",\"position\":2,\"name\":\"Minist\u00e9rio da Sa\u00fade libera vacina contra Covid-19 para crian\u00e7as de 6 meses a 4 anos\"}]},{\"@type\":\"WebSite\",\"@id\":\"https:\\\/\\\/aconteceunovale.com.br\\\/portal\\\/#website\",\"url\":\"https:\\\/\\\/aconteceunovale.com.br\\\/portal\\\/\",\"name\":\"Aconteceu no Vale\",\"description\":\"Portal de Not\u00edcias\",\"potentialAction\":[{\"@type\":\"SearchAction\",\"target\":{\"@type\":\"EntryPoint\",\"urlTemplate\":\"https:\\\/\\\/aconteceunovale.com.br\\\/portal\\\/?s={search_term_string}\"},\"query-input\":{\"@type\":\"PropertyValueSpecification\",\"valueRequired\":true,\"valueName\":\"search_term_string\"}}],\"inLanguage\":\"pt-BR\"},{\"@type\":\"Person\",\"@id\":\"https:\\\/\\\/aconteceunovale.com.br\\\/portal\\\/#\\\/schema\\\/person\\\/7d2f26d1483f8a63de73da1ee0754d35\",\"name\":\"Reda\u00e7\u00e3o Aconteceu no Vale\",\"description\":\"Equipe de reportagem do Aconteceu no Vale, portal de not\u00edcias do Vale do Jequitinhonha, em Minas Gerais. Cobrimos as 51 cidades do Vale desde 2013. Sugest\u00f5es de pauta e pedidos de corre\u00e7\u00e3o: contato@aconteceunovale.com.br\",\"url\":\"https:\\\/\\\/aconteceunovale.com.br\\\/portal\\\/?author=4\"}]}<\/script>\n<!-- \/ Yoast SEO plugin. -->","yoast_head_json":{"title":"Minist\u00e9rio da Sa\u00fade libera vacina contra Covid-19 para crian\u00e7as de 6 meses a 4 anos - Aconteceu no Vale","robots":{"index":"index","follow":"follow","max-snippet":"max-snippet:-1","max-image-preview":"max-image-preview:large","max-video-preview":"max-video-preview:-1"},"canonical":"https:\/\/aconteceunovale.com.br\/portal\/?p=191499","og_locale":"pt_BR","og_type":"article","og_title":"Minist\u00e9rio da Sa\u00fade libera vacina contra Covid-19 para crian\u00e7as de 6 meses a 4 anos - Aconteceu no Vale","og_description":"O Minist\u00e9rio da Sa\u00fade liberou a aplica\u00e7\u00e3o de vacinas contra a covid-19 da Pfizer em crian\u00e7as de 6 meses a 4 anos de idade que tenham comorbidades. Ainda n\u00e3o h\u00e1 informa\u00e7\u00f5es sobre quando a pasta receber\u00e1 e qual o total de vacinas espec\u00edficas para esse p\u00fablico. A amplia\u00e7\u00e3o de uso da vacina da Pfizer para [&hellip;]","og_url":"https:\/\/aconteceunovale.com.br\/portal\/?p=191499","og_site_name":"Aconteceu no Vale","article_publisher":"https:\/\/www.facebook.com\/aconteceunovale\/","article_published_time":"2022-10-14T00:39:22+00:00","article_modified_time":"2022-10-14T00:40:14+00:00","og_image":[{"width":678,"height":406,"url":"https:\/\/aconteceunovale.com.br\/portal\/wp-content\/uploads\/2022\/09\/vacina_pfizer.jpg","type":"image\/jpeg"}],"author":"Reda\u00e7\u00e3o Aconteceu no Vale","twitter_card":"summary_large_image","twitter_creator":"@noticiadosvales","twitter_site":"@noticiadosvales","twitter_misc":{"Escrito por":"Reda\u00e7\u00e3o Aconteceu no Vale","Est. tempo de leitura":"2 minutos"},"schema":{"@context":"https:\/\/schema.org","@graph":[{"@type":"Article","@id":"https:\/\/aconteceunovale.com.br\/portal\/?p=191499#article","isPartOf":{"@id":"https:\/\/aconteceunovale.com.br\/portal\/?p=191499"},"author":{"name":"Reda\u00e7\u00e3o Aconteceu no Vale","@id":"https:\/\/aconteceunovale.com.br\/portal\/#\/schema\/person\/7d2f26d1483f8a63de73da1ee0754d35"},"headline":"Minist\u00e9rio da Sa\u00fade libera vacina contra Covid-19 para crian\u00e7as de 6 meses a 4 anos","datePublished":"2022-10-14T00:39:22+00:00","dateModified":"2022-10-14T00:40:14+00:00","mainEntityOfPage":{"@id":"https:\/\/aconteceunovale.com.br\/portal\/?p=191499"},"wordCount":404,"commentCount":0,"image":{"@id":"https:\/\/aconteceunovale.com.br\/portal\/?p=191499#primaryimage"},"thumbnailUrl":"https:\/\/aconteceunovale.com.br\/portal\/wp-content\/uploads\/2022\/09\/vacina_pfizer.jpg","keywords":["Anvisa","brasil","destaque","Minist\u00e9rio da Sa\u00fade libera vacina contra Covid-19 para crian\u00e7as de 6 meses a 4 anos","Vacina contra covid-19 para crian\u00e7as","Vacina da Pfizer","Vacina da Pfizer contra Covid-19 para crian\u00e7as","Vacina pedi\u00e1trica contra covid-19","Vacina\u00e7\u00e3o de crian\u00e7as no Brasil","Vigil\u00e2ncia Sanit\u00e1ria"],"articleSection":["Brasil","Sa\u00fade"],"inLanguage":"pt-BR","potentialAction":[{"@type":"CommentAction","name":"Comment","target":["https:\/\/aconteceunovale.com.br\/portal\/?p=191499#respond"]}]},{"@type":"WebPage","@id":"https:\/\/aconteceunovale.com.br\/portal\/?p=191499","url":"https:\/\/aconteceunovale.com.br\/portal\/?p=191499","name":"Minist\u00e9rio da Sa\u00fade libera vacina contra Covid-19 para crian\u00e7as de 6 meses a 4 anos - Aconteceu no Vale","isPartOf":{"@id":"https:\/\/aconteceunovale.com.br\/portal\/#website"},"primaryImageOfPage":{"@id":"https:\/\/aconteceunovale.com.br\/portal\/?p=191499#primaryimage"},"image":{"@id":"https:\/\/aconteceunovale.com.br\/portal\/?p=191499#primaryimage"},"thumbnailUrl":"https:\/\/aconteceunovale.com.br\/portal\/wp-content\/uploads\/2022\/09\/vacina_pfizer.jpg","datePublished":"2022-10-14T00:39:22+00:00","dateModified":"2022-10-14T00:40:14+00:00","author":{"@id":"https:\/\/aconteceunovale.com.br\/portal\/#\/schema\/person\/7d2f26d1483f8a63de73da1ee0754d35"},"breadcrumb":{"@id":"https:\/\/aconteceunovale.com.br\/portal\/?p=191499#breadcrumb"},"inLanguage":"pt-BR","potentialAction":[{"@type":"ReadAction","target":["https:\/\/aconteceunovale.com.br\/portal\/?p=191499"]}]},{"@type":"ImageObject","inLanguage":"pt-BR","@id":"https:\/\/aconteceunovale.com.br\/portal\/?p=191499#primaryimage","url":"https:\/\/aconteceunovale.com.br\/portal\/wp-content\/uploads\/2022\/09\/vacina_pfizer.jpg","contentUrl":"https:\/\/aconteceunovale.com.br\/portal\/wp-content\/uploads\/2022\/09\/vacina_pfizer.jpg","width":678,"height":406,"caption":"Vacinas Covid-19 pedi\u00e1tricas da Pfizer-BioNTech, 17\/01\/2022, Foto: Myke Sena\/MS"},{"@type":"BreadcrumbList","@id":"https:\/\/aconteceunovale.com.br\/portal\/?p=191499#breadcrumb","itemListElement":[{"@type":"ListItem","position":1,"name":"In\u00edcio","item":"https:\/\/aconteceunovale.com.br\/portal\/"},{"@type":"ListItem","position":2,"name":"Minist\u00e9rio da Sa\u00fade libera vacina contra Covid-19 para crian\u00e7as de 6 meses a 4 anos"}]},{"@type":"WebSite","@id":"https:\/\/aconteceunovale.com.br\/portal\/#website","url":"https:\/\/aconteceunovale.com.br\/portal\/","name":"Aconteceu no Vale","description":"Portal de Not\u00edcias","potentialAction":[{"@type":"SearchAction","target":{"@type":"EntryPoint","urlTemplate":"https:\/\/aconteceunovale.com.br\/portal\/?s={search_term_string}"},"query-input":{"@type":"PropertyValueSpecification","valueRequired":true,"valueName":"search_term_string"}}],"inLanguage":"pt-BR"},{"@type":"Person","@id":"https:\/\/aconteceunovale.com.br\/portal\/#\/schema\/person\/7d2f26d1483f8a63de73da1ee0754d35","name":"Reda\u00e7\u00e3o Aconteceu no Vale","description":"Equipe de reportagem do Aconteceu no Vale, portal de not\u00edcias do Vale do Jequitinhonha, em Minas Gerais. Cobrimos as 51 cidades do Vale desde 2013. Sugest\u00f5es de pauta e pedidos de corre\u00e7\u00e3o: contato@aconteceunovale.com.br","url":"https:\/\/aconteceunovale.com.br\/portal\/?author=4"}]}},"_links":{"self":[{"href":"https:\/\/aconteceunovale.com.br\/portal\/index.php?rest_route=\/wp\/v2\/posts\/191499","targetHints":{"allow":["GET"]}}],"collection":[{"href":"https:\/\/aconteceunovale.com.br\/portal\/index.php?rest_route=\/wp\/v2\/posts"}],"about":[{"href":"https:\/\/aconteceunovale.com.br\/portal\/index.php?rest_route=\/wp\/v2\/types\/post"}],"author":[{"embeddable":true,"href":"https:\/\/aconteceunovale.com.br\/portal\/index.php?rest_route=\/wp\/v2\/users\/4"}],"replies":[{"embeddable":true,"href":"https:\/\/aconteceunovale.com.br\/portal\/index.php?rest_route=%2Fwp%2Fv2%2Fcomments&post=191499"}],"version-history":[{"count":2,"href":"https:\/\/aconteceunovale.com.br\/portal\/index.php?rest_route=\/wp\/v2\/posts\/191499\/revisions"}],"predecessor-version":[{"id":191501,"href":"https:\/\/aconteceunovale.com.br\/portal\/index.php?rest_route=\/wp\/v2\/posts\/191499\/revisions\/191501"}],"wp:featuredmedia":[{"embeddable":true,"href":"https:\/\/aconteceunovale.com.br\/portal\/index.php?rest_route=\/wp\/v2\/media\/190527"}],"wp:attachment":[{"href":"https:\/\/aconteceunovale.com.br\/portal\/index.php?rest_route=%2Fwp%2Fv2%2Fmedia&parent=191499"}],"wp:term":[{"taxonomy":"category","embeddable":true,"href":"https:\/\/aconteceunovale.com.br\/portal\/index.php?rest_route=%2Fwp%2Fv2%2Fcategories&post=191499"},{"taxonomy":"post_tag","embeddable":true,"href":"https:\/\/aconteceunovale.com.br\/portal\/index.php?rest_route=%2Fwp%2Fv2%2Ftags&post=191499"}],"curies":[{"name":"wp","href":"https:\/\/api.w.org\/{rel}","templated":true}]}}