{"id":191493,"date":"2022-10-13T12:32:39","date_gmt":"2022-10-13T15:32:39","guid":{"rendered":"https:\/\/aconteceunovale.com.br\/portal\/?p=191493"},"modified":"2022-10-13T14:26:05","modified_gmt":"2022-10-13T17:26:05","slug":"tse-manda-apagar-publicacao-que-associa-lula-a-casos-de-corrupcao","status":"publish","type":"post","link":"https:\/\/aconteceunovale.com.br\/portal\/?p=191493","title":{"rendered":"TSE manda apagar publica\u00e7\u00e3o que associa Lula a casos de corrup\u00e7\u00e3o"},"content":{"rendered":"\n<p class=\"wp-block-paragraph\">O plen\u00e1rio do Tribunal Superior Eleitoral (TSE) decidiu hoje (13\/10\/2022), por 4 votos a 3, ordenar a remo\u00e7\u00e3o de um post no Twitter em que a produtora Brasil Paralelo vincula diversos casos de corrup\u00e7\u00e3o ao ex-presidente Luiz In\u00e1cio Lula da Silva, candidato no segundo turno da corrida presidencial.<\/p>\n\n\n\n<p class=\"wp-block-paragraph\">Com a decis\u00e3o, o TSE atendeu a um pedido da coliga\u00e7\u00e3o Brasil da Esperan\u00e7a, de Lula. Na peti\u00e7\u00e3o inicial, os advogados da campanha do ex-presidente alegaram haver grave distor\u00e7\u00e3o de not\u00edcias jornal\u00edsticas sobre casos de corrup\u00e7\u00e3o, \u201cde modo a levar a popula\u00e7\u00e3o a crer que ele estava envolvido em todos eles\u201d.<\/p>\n\n\n\n<p class=\"wp-block-paragraph\">No v\u00eddeo, s\u00e3o mostradas reportagens sobre esquemas investigados na \u00e9poca em que Lula era presidente, como o mensal\u00e3o, o esc\u00e2ndalo dos bingos e a m\u00e1fia dos sanguessugas. Em sua defesa, a produtora alega que a publica\u00e7\u00e3o se baseia em not\u00edcias verdadeiras, n\u00e3o sendo portanto informa\u00e7\u00f5es falsas.<\/p>\n\n\n\n<p class=\"wp-block-paragraph\">Ao final, venceu o entendimento do vice-presidente da Corte, ministro Ricardo Lewandowski, para quem o material elaborado pela produtora promove uma \u201cdesordem informacional\u201d.<\/p>\n\n\n\n<p class=\"wp-block-paragraph\">O ministro afirmou que os casos citados no v\u00eddeo \u201cjamais foram judicialmente imputados a ele [Lula] e aos quais nunca ele [Lula] teve oportunidade de exercer sua defesa\u201d. Lewandowski criticou a tentativa de vincular o ex-presidente a casos de corrup\u00e7\u00e3o em que ele n\u00e3o estava envolvido, somente porque teriam ocorrido enquanto Lula ocupava a Presid\u00eancia da Rep\u00fablica.<\/p>\n\n\n\n<p class=\"wp-block-paragraph\">Lewandowski foi acompanhado pelos ministros Benedito Gon\u00e7alves, C\u00e1rmen L\u00facia e pelo presidente do TSE, ministro Alexandre de Moraes, para quem o v\u00eddeo promove uma \u201cmanipula\u00e7\u00e3o de premissas verdadeiras\u201d, mas que resultam numa \u201cdesinforma\u00e7\u00e3o de segunda gera\u00e7\u00e3o\u201d.<\/p>\n\n\n\n<p class=\"wp-block-paragraph\">Os ministros deram 24 horas para que a plataforma Twitter remova a referida publica\u00e7\u00e3o e proibiu novos&nbsp;<em>posts<\/em>&nbsp;do tipo. Com a decis\u00e3o, o plen\u00e1rio reverteu entendimento do relator do caso, ministro Paulo de Tarso Sanseverino, que havia negado liminar (decis\u00e3o provis\u00f3ria) para remover o v\u00eddeo, por n\u00e3o ver not\u00edcias inver\u00eddicas no material.<\/p>\n\n\n\n<p class=\"wp-block-paragraph\">Em manifesta\u00e7\u00f5es no pr\u00f3prio Twitter e em artigo publicado em sua p\u00e1gina na internet, a Brasil Paralelo classificou o pedido de remo\u00e7\u00e3o do v\u00eddeo como \u201ccensura\u201d, e disse haver persegui\u00e7\u00e3o pol\u00edtica ao material que produz.<\/p>\n\n\n\n<h2 class=\"wp-block-heading\">Propaganda eleitoral<\/h2>\n\n\n\n<p class=\"wp-block-paragraph\">Outra decis\u00e3o favor\u00e1vel a Lula foi a do ministro do TSE Paulo de Tarso Sanseverino que determinou, ontem (12), a suspens\u00e3o da veicula\u00e7\u00e3o de propaganda eleitoral em que a campanha do presidente Jair Bolsonaro, que tenta a reelei\u00e7\u00e3o, chama de \u201cladr\u00e3o\u201d e \u201ccorrupto\u201d seu advers\u00e1rio no segundo turno.<\/p>\n\n\n\n<p class=\"wp-block-paragraph\">Na propaganda, veiculada no \u00faltimo domingo (9), a campanha de Bolsonaro levou ao ar uma entrevista do ministro aposentado Marco Aur\u00e9lio Mello, do Superior Tribunal Federal (STF), que diz que \u201co Supremo n\u00e3o inocentou Lula\u201d. Em seguida o locutor afirma que \u201ca maior mentira dessa elei\u00e7\u00e3o \u00e9 dizer que Lula n\u00e3o \u00e9 ladr\u00e3o. Votar no Lula \u00e9 votar em corrupto.&#8221;<\/p>\n\n\n\n<p class=\"wp-block-paragraph\">Os advogados de Lula argumentaram que as declara\u00e7\u00f5es est\u00e3o factualmente e conceitualmente incorretas, e que Marco Aur\u00e9lio se referia ao julgamento de um&nbsp;<em>habeas corpus<\/em>&nbsp;do ex-presidente em que \u201ca Suprema Corte reafirmou o estado de inoc\u00eancia do ex-presidente Lula\u201d.<\/p>\n\n\n\n<p class=\"wp-block-paragraph\">A defesa argumentou ainda que a Constitui\u00e7\u00e3o determina que o cidad\u00e3o \u00e9 inocente at\u00e9 que pese sobre condena\u00e7\u00e3o penal com tr\u00e2nsito em julgado &#8211; sem a possibilidade de recurso &#8211; o que n\u00e3o \u00e9 caso de Lula.&nbsp;<\/p>\n\n\n\n<p class=\"wp-block-paragraph\">O ministro Sanseverino concordou com os argumentos. Na decis\u00e3o, ele escreveu que \u201ca ilegalidade da propaganda impugnada encontra-se na utiliza\u00e7\u00e3o das express\u00f5es \u2018corrupto\u2019 e \u2018ladr\u00e3o\u2019, atribu\u00eddas abusivamente ao candidato da coliga\u00e7\u00e3o representante, em viola\u00e7\u00e3o a presun\u00e7\u00e3o de inoc\u00eancia\u201d.&nbsp;<\/p>\n\n\n\n<p class=\"wp-block-paragraph\">O magistrado determinou a suspens\u00e3o da veicula\u00e7\u00e3o da propaganda eleitoral em quest\u00e3o pela campanha de Bolsonaro, sob pena de multa de R$ 50 mil em caso de descumprimento.\u00a0<\/p>\n\n\n\n<p class=\"wp-block-paragraph\">&#8212;&#8212;&#8212;&#8212;&#8212;&#8212;<br><br><strong>Sabia que o Aconteceu no Vale est\u00e1 tamb\u00e9m no Telegram? <a rel=\"noreferrer noopener\" href=\"https:\/\/t.me\/aconteceunovaleoficial\" target=\"_blank\">Inscreva-se no canal<\/a>.<\/strong><br><br><strong>J\u00e1 curtiu ou seguiu nossas p\u00e1ginas nas redes sociais?\u00a0Receba as not\u00edcias em primeira m\u00e3o:<\/strong><br>\u2022 <a rel=\"noreferrer noopener\" href=\"https:\/\/news.google.com\/publications\/CAAqBwgKMNjklQswi4etAw?hl=pt-BR&amp;gl=BR&amp;ceid=BR%3Apt-419\" target=\"_blank\">Google News<\/a><br>\u2022 <a rel=\"noreferrer noopener\" href=\"https:\/\/www.facebook.com\/aconteceunovale\/\" target=\"_blank\">Facebook<\/a><br>\u2022 <a rel=\"noreferrer noopener\" href=\"https:\/\/twitter.com\/noticiadosvales\" target=\"_blank\">Twitter<\/a><br>\u2022 <a rel=\"noreferrer noopener\" href=\"https:\/\/www.instagram.com\/aconteceunovale\" target=\"_blank\">Instagram<\/a><br>\u2022 <a rel=\"noreferrer noopener\" href=\"https:\/\/www.youtube.com\/AconteceunoValeOficial\" target=\"_blank\">Youtube<\/a><br>\u2022 <a rel=\"noreferrer noopener\" href=\"https:\/\/www.tiktok.com\/@aconteceunovale\" target=\"_blank\">TikTok<\/a><\/p>\n","protected":false},"excerpt":{"rendered":"<p>O plen\u00e1rio do Tribunal Superior Eleitoral (TSE) decidiu hoje (13\/10\/2022), por 4 votos a 3, ordenar a remo\u00e7\u00e3o de um post no Twitter em que a produtora Brasil Paralelo vincula diversos casos de corrup\u00e7\u00e3o ao ex-presidente Luiz In\u00e1cio Lula da Silva, candidato no segundo turno da corrida presidencial. Com a decis\u00e3o, o TSE atendeu a [&hellip;]<\/p>\n","protected":false},"author":4,"featured_media":189776,"comment_status":"open","ping_status":"closed","sticky":false,"template":"","format":"standard","meta":{"amp_status":"","footnotes":""},"categories":[6,249933],"tags":[265074,264575,1018,14124,265075,265076,265073,265077,94060,267,265072],"class_list":["post-191493","post","type-post","status-publish","format-standard","has-post-thumbnail","hentry","category-br","category-eleicoes-2022","tag-associacao-de-lula-a-casos-de-corrupcao","tag-coligacao-brasil-da-esperanca","tag-destaque","tag-luiz-inacio-lula-da-silva","tag-post-que-associa-lula-a-casos-de-corrupcao","tag-post-que-vincula-lula-a-casos-de-corrupcao","tag-produtora-brasil-paralelo","tag-propaganda-que-chama-lula-de-ladrao","tag-tribunal-superior-eleitoral","tag-tse","tag-tse-manda-apagar-publicacao-que-associa-lula-a-casos-de-corrupcao"],"yoast_head":"<!-- This site is optimized with the Yoast SEO plugin v28.3 - https:\/\/yoast.com\/product\/yoast-seo-wordpress\/ -->\n<title>TSE manda apagar publica\u00e7\u00e3o que associa Lula a casos de corrup\u00e7\u00e3o - Aconteceu no Vale<\/title>\n<meta name=\"robots\" content=\"index, follow, max-snippet:-1, max-image-preview:large, max-video-preview:-1\" \/>\n<link rel=\"canonical\" href=\"https:\/\/aconteceunovale.com.br\/portal\/?p=191493\" \/>\n<meta property=\"og:locale\" content=\"pt_BR\" \/>\n<meta property=\"og:type\" content=\"article\" \/>\n<meta property=\"og:title\" content=\"TSE manda apagar publica\u00e7\u00e3o que associa Lula a casos de corrup\u00e7\u00e3o - Aconteceu no Vale\" \/>\n<meta property=\"og:description\" content=\"O plen\u00e1rio do Tribunal Superior Eleitoral (TSE) decidiu hoje (13\/10\/2022), por 4 votos a 3, ordenar a remo\u00e7\u00e3o de um post no Twitter em que a produtora Brasil Paralelo vincula diversos casos de corrup\u00e7\u00e3o ao ex-presidente Luiz In\u00e1cio Lula da Silva, candidato no segundo turno da corrida presidencial. Com a decis\u00e3o, o TSE atendeu a [&hellip;]\" \/>\n<meta property=\"og:url\" content=\"https:\/\/aconteceunovale.com.br\/portal\/?p=191493\" \/>\n<meta property=\"og:site_name\" content=\"Aconteceu no Vale\" \/>\n<meta property=\"article:publisher\" content=\"https:\/\/www.facebook.com\/aconteceunovale\/\" \/>\n<meta property=\"article:published_time\" content=\"2022-10-13T15:32:39+00:00\" \/>\n<meta property=\"article:modified_time\" content=\"2022-10-13T17:26:05+00:00\" \/>\n<meta property=\"og:image\" content=\"https:\/\/aconteceunovale.com.br\/portal\/wp-content\/uploads\/2022\/08\/tse_placa3.jpg\" \/>\n\t<meta property=\"og:image:width\" content=\"678\" \/>\n\t<meta property=\"og:image:height\" content=\"406\" \/>\n\t<meta property=\"og:image:type\" content=\"image\/jpeg\" \/>\n<meta name=\"author\" content=\"Reda\u00e7\u00e3o Aconteceu no Vale\" \/>\n<meta name=\"twitter:card\" content=\"summary_large_image\" \/>\n<meta name=\"twitter:creator\" content=\"@noticiadosvales\" \/>\n<meta name=\"twitter:site\" content=\"@noticiadosvales\" \/>\n<meta name=\"twitter:label1\" content=\"Escrito por\" \/>\n\t<meta name=\"twitter:data1\" content=\"Reda\u00e7\u00e3o Aconteceu no Vale\" \/>\n\t<meta name=\"twitter:label2\" content=\"Est. tempo de leitura\" \/>\n\t<meta name=\"twitter:data2\" content=\"4 minutos\" \/>\n<script type=\"application\/ld+json\" class=\"yoast-schema-graph\">{\"@context\":\"https:\\\/\\\/schema.org\",\"@graph\":[{\"@type\":\"Article\",\"@id\":\"https:\\\/\\\/aconteceunovale.com.br\\\/portal\\\/?p=191493#article\",\"isPartOf\":{\"@id\":\"https:\\\/\\\/aconteceunovale.com.br\\\/portal\\\/?p=191493\"},\"author\":{\"name\":\"Reda\u00e7\u00e3o Aconteceu no Vale\",\"@id\":\"https:\\\/\\\/aconteceunovale.com.br\\\/portal\\\/#\\\/schema\\\/person\\\/7d2f26d1483f8a63de73da1ee0754d35\"},\"headline\":\"TSE manda apagar publica\u00e7\u00e3o que associa Lula a casos de corrup\u00e7\u00e3o\",\"datePublished\":\"2022-10-13T15:32:39+00:00\",\"dateModified\":\"2022-10-13T17:26:05+00:00\",\"mainEntityOfPage\":{\"@id\":\"https:\\\/\\\/aconteceunovale.com.br\\\/portal\\\/?p=191493\"},\"wordCount\":732,\"commentCount\":0,\"image\":{\"@id\":\"https:\\\/\\\/aconteceunovale.com.br\\\/portal\\\/?p=191493#primaryimage\"},\"thumbnailUrl\":\"https:\\\/\\\/aconteceunovale.com.br\\\/portal\\\/wp-content\\\/uploads\\\/2022\\\/08\\\/tse_placa3.jpg\",\"keywords\":[\"Associa\u00e7\u00e3o de Lula a casos de corrup\u00e7\u00e3o\",\"Coliga\u00e7\u00e3o Brasil da Esperan\u00e7a\",\"destaque\",\"Luiz In\u00e1cio Lula da Silva\",\"Post que associa Lula a casos de corrup\u00e7\u00e3o\",\"Post que vincula Lula a casos de corrup\u00e7\u00e3o\",\"Produtora Brasil Paralelo\",\"Propaganda que chama Lula de ladr\u00e3o\",\"Tribunal Superior Eleitoral\",\"TSE\",\"TSE manda apagar publica\u00e7\u00e3o que associa Lula a casos de corrup\u00e7\u00e3o\"],\"articleSection\":[\"Brasil\",\"Elei\u00e7\u00f5es 2022\"],\"inLanguage\":\"pt-BR\",\"potentialAction\":[{\"@type\":\"CommentAction\",\"name\":\"Comment\",\"target\":[\"https:\\\/\\\/aconteceunovale.com.br\\\/portal\\\/?p=191493#respond\"]}]},{\"@type\":\"WebPage\",\"@id\":\"https:\\\/\\\/aconteceunovale.com.br\\\/portal\\\/?p=191493\",\"url\":\"https:\\\/\\\/aconteceunovale.com.br\\\/portal\\\/?p=191493\",\"name\":\"TSE manda apagar publica\u00e7\u00e3o que associa Lula a casos de corrup\u00e7\u00e3o - Aconteceu no Vale\",\"isPartOf\":{\"@id\":\"https:\\\/\\\/aconteceunovale.com.br\\\/portal\\\/#website\"},\"primaryImageOfPage\":{\"@id\":\"https:\\\/\\\/aconteceunovale.com.br\\\/portal\\\/?p=191493#primaryimage\"},\"image\":{\"@id\":\"https:\\\/\\\/aconteceunovale.com.br\\\/portal\\\/?p=191493#primaryimage\"},\"thumbnailUrl\":\"https:\\\/\\\/aconteceunovale.com.br\\\/portal\\\/wp-content\\\/uploads\\\/2022\\\/08\\\/tse_placa3.jpg\",\"datePublished\":\"2022-10-13T15:32:39+00:00\",\"dateModified\":\"2022-10-13T17:26:05+00:00\",\"author\":{\"@id\":\"https:\\\/\\\/aconteceunovale.com.br\\\/portal\\\/#\\\/schema\\\/person\\\/7d2f26d1483f8a63de73da1ee0754d35\"},\"breadcrumb\":{\"@id\":\"https:\\\/\\\/aconteceunovale.com.br\\\/portal\\\/?p=191493#breadcrumb\"},\"inLanguage\":\"pt-BR\",\"potentialAction\":[{\"@type\":\"ReadAction\",\"target\":[\"https:\\\/\\\/aconteceunovale.com.br\\\/portal\\\/?p=191493\"]}]},{\"@type\":\"ImageObject\",\"inLanguage\":\"pt-BR\",\"@id\":\"https:\\\/\\\/aconteceunovale.com.br\\\/portal\\\/?p=191493#primaryimage\",\"url\":\"https:\\\/\\\/aconteceunovale.com.br\\\/portal\\\/wp-content\\\/uploads\\\/2022\\\/08\\\/tse_placa3.jpg\",\"contentUrl\":\"https:\\\/\\\/aconteceunovale.com.br\\\/portal\\\/wp-content\\\/uploads\\\/2022\\\/08\\\/tse_placa3.jpg\",\"width\":678,\"height\":406,\"caption\":\"Edif\u00edcio sede do Tribunal Superior Eleitoral (TSE).\"},{\"@type\":\"BreadcrumbList\",\"@id\":\"https:\\\/\\\/aconteceunovale.com.br\\\/portal\\\/?p=191493#breadcrumb\",\"itemListElement\":[{\"@type\":\"ListItem\",\"position\":1,\"name\":\"In\u00edcio\",\"item\":\"https:\\\/\\\/aconteceunovale.com.br\\\/portal\\\/\"},{\"@type\":\"ListItem\",\"position\":2,\"name\":\"TSE manda apagar publica\u00e7\u00e3o que associa Lula a casos de corrup\u00e7\u00e3o\"}]},{\"@type\":\"WebSite\",\"@id\":\"https:\\\/\\\/aconteceunovale.com.br\\\/portal\\\/#website\",\"url\":\"https:\\\/\\\/aconteceunovale.com.br\\\/portal\\\/\",\"name\":\"Aconteceu no Vale\",\"description\":\"Portal de Not\u00edcias\",\"potentialAction\":[{\"@type\":\"SearchAction\",\"target\":{\"@type\":\"EntryPoint\",\"urlTemplate\":\"https:\\\/\\\/aconteceunovale.com.br\\\/portal\\\/?s={search_term_string}\"},\"query-input\":{\"@type\":\"PropertyValueSpecification\",\"valueRequired\":true,\"valueName\":\"search_term_string\"}}],\"inLanguage\":\"pt-BR\"},{\"@type\":\"Person\",\"@id\":\"https:\\\/\\\/aconteceunovale.com.br\\\/portal\\\/#\\\/schema\\\/person\\\/7d2f26d1483f8a63de73da1ee0754d35\",\"name\":\"Reda\u00e7\u00e3o Aconteceu no Vale\",\"description\":\"Equipe de reportagem do Aconteceu no Vale, portal de not\u00edcias do Vale do Jequitinhonha, em Minas Gerais. Cobrimos as 51 cidades do Vale desde 2013. Sugest\u00f5es de pauta e pedidos de corre\u00e7\u00e3o: contato@aconteceunovale.com.br\",\"url\":\"https:\\\/\\\/aconteceunovale.com.br\\\/portal\\\/?author=4\"}]}<\/script>\n<!-- \/ Yoast SEO plugin. -->","yoast_head_json":{"title":"TSE manda apagar publica\u00e7\u00e3o que associa Lula a casos de corrup\u00e7\u00e3o - Aconteceu no Vale","robots":{"index":"index","follow":"follow","max-snippet":"max-snippet:-1","max-image-preview":"max-image-preview:large","max-video-preview":"max-video-preview:-1"},"canonical":"https:\/\/aconteceunovale.com.br\/portal\/?p=191493","og_locale":"pt_BR","og_type":"article","og_title":"TSE manda apagar publica\u00e7\u00e3o que associa Lula a casos de corrup\u00e7\u00e3o - Aconteceu no Vale","og_description":"O plen\u00e1rio do Tribunal Superior Eleitoral (TSE) decidiu hoje (13\/10\/2022), por 4 votos a 3, ordenar a remo\u00e7\u00e3o de um post no Twitter em que a produtora Brasil Paralelo vincula diversos casos de corrup\u00e7\u00e3o ao ex-presidente Luiz In\u00e1cio Lula da Silva, candidato no segundo turno da corrida presidencial. Com a decis\u00e3o, o TSE atendeu a [&hellip;]","og_url":"https:\/\/aconteceunovale.com.br\/portal\/?p=191493","og_site_name":"Aconteceu no Vale","article_publisher":"https:\/\/www.facebook.com\/aconteceunovale\/","article_published_time":"2022-10-13T15:32:39+00:00","article_modified_time":"2022-10-13T17:26:05+00:00","og_image":[{"width":678,"height":406,"url":"https:\/\/aconteceunovale.com.br\/portal\/wp-content\/uploads\/2022\/08\/tse_placa3.jpg","type":"image\/jpeg"}],"author":"Reda\u00e7\u00e3o Aconteceu no Vale","twitter_card":"summary_large_image","twitter_creator":"@noticiadosvales","twitter_site":"@noticiadosvales","twitter_misc":{"Escrito por":"Reda\u00e7\u00e3o Aconteceu no Vale","Est. tempo de leitura":"4 minutos"},"schema":{"@context":"https:\/\/schema.org","@graph":[{"@type":"Article","@id":"https:\/\/aconteceunovale.com.br\/portal\/?p=191493#article","isPartOf":{"@id":"https:\/\/aconteceunovale.com.br\/portal\/?p=191493"},"author":{"name":"Reda\u00e7\u00e3o Aconteceu no Vale","@id":"https:\/\/aconteceunovale.com.br\/portal\/#\/schema\/person\/7d2f26d1483f8a63de73da1ee0754d35"},"headline":"TSE manda apagar publica\u00e7\u00e3o que associa Lula a casos de corrup\u00e7\u00e3o","datePublished":"2022-10-13T15:32:39+00:00","dateModified":"2022-10-13T17:26:05+00:00","mainEntityOfPage":{"@id":"https:\/\/aconteceunovale.com.br\/portal\/?p=191493"},"wordCount":732,"commentCount":0,"image":{"@id":"https:\/\/aconteceunovale.com.br\/portal\/?p=191493#primaryimage"},"thumbnailUrl":"https:\/\/aconteceunovale.com.br\/portal\/wp-content\/uploads\/2022\/08\/tse_placa3.jpg","keywords":["Associa\u00e7\u00e3o de Lula a casos de corrup\u00e7\u00e3o","Coliga\u00e7\u00e3o Brasil da Esperan\u00e7a","destaque","Luiz In\u00e1cio Lula da Silva","Post que associa Lula a casos de corrup\u00e7\u00e3o","Post que vincula Lula a casos de corrup\u00e7\u00e3o","Produtora Brasil Paralelo","Propaganda que chama Lula de ladr\u00e3o","Tribunal Superior Eleitoral","TSE","TSE manda apagar publica\u00e7\u00e3o que associa Lula a casos de corrup\u00e7\u00e3o"],"articleSection":["Brasil","Elei\u00e7\u00f5es 2022"],"inLanguage":"pt-BR","potentialAction":[{"@type":"CommentAction","name":"Comment","target":["https:\/\/aconteceunovale.com.br\/portal\/?p=191493#respond"]}]},{"@type":"WebPage","@id":"https:\/\/aconteceunovale.com.br\/portal\/?p=191493","url":"https:\/\/aconteceunovale.com.br\/portal\/?p=191493","name":"TSE manda apagar publica\u00e7\u00e3o que associa Lula a casos de corrup\u00e7\u00e3o - Aconteceu no Vale","isPartOf":{"@id":"https:\/\/aconteceunovale.com.br\/portal\/#website"},"primaryImageOfPage":{"@id":"https:\/\/aconteceunovale.com.br\/portal\/?p=191493#primaryimage"},"image":{"@id":"https:\/\/aconteceunovale.com.br\/portal\/?p=191493#primaryimage"},"thumbnailUrl":"https:\/\/aconteceunovale.com.br\/portal\/wp-content\/uploads\/2022\/08\/tse_placa3.jpg","datePublished":"2022-10-13T15:32:39+00:00","dateModified":"2022-10-13T17:26:05+00:00","author":{"@id":"https:\/\/aconteceunovale.com.br\/portal\/#\/schema\/person\/7d2f26d1483f8a63de73da1ee0754d35"},"breadcrumb":{"@id":"https:\/\/aconteceunovale.com.br\/portal\/?p=191493#breadcrumb"},"inLanguage":"pt-BR","potentialAction":[{"@type":"ReadAction","target":["https:\/\/aconteceunovale.com.br\/portal\/?p=191493"]}]},{"@type":"ImageObject","inLanguage":"pt-BR","@id":"https:\/\/aconteceunovale.com.br\/portal\/?p=191493#primaryimage","url":"https:\/\/aconteceunovale.com.br\/portal\/wp-content\/uploads\/2022\/08\/tse_placa3.jpg","contentUrl":"https:\/\/aconteceunovale.com.br\/portal\/wp-content\/uploads\/2022\/08\/tse_placa3.jpg","width":678,"height":406,"caption":"Edif\u00edcio sede do Tribunal Superior Eleitoral (TSE)."},{"@type":"BreadcrumbList","@id":"https:\/\/aconteceunovale.com.br\/portal\/?p=191493#breadcrumb","itemListElement":[{"@type":"ListItem","position":1,"name":"In\u00edcio","item":"https:\/\/aconteceunovale.com.br\/portal\/"},{"@type":"ListItem","position":2,"name":"TSE manda apagar publica\u00e7\u00e3o que associa Lula a casos de corrup\u00e7\u00e3o"}]},{"@type":"WebSite","@id":"https:\/\/aconteceunovale.com.br\/portal\/#website","url":"https:\/\/aconteceunovale.com.br\/portal\/","name":"Aconteceu no Vale","description":"Portal de Not\u00edcias","potentialAction":[{"@type":"SearchAction","target":{"@type":"EntryPoint","urlTemplate":"https:\/\/aconteceunovale.com.br\/portal\/?s={search_term_string}"},"query-input":{"@type":"PropertyValueSpecification","valueRequired":true,"valueName":"search_term_string"}}],"inLanguage":"pt-BR"},{"@type":"Person","@id":"https:\/\/aconteceunovale.com.br\/portal\/#\/schema\/person\/7d2f26d1483f8a63de73da1ee0754d35","name":"Reda\u00e7\u00e3o Aconteceu no Vale","description":"Equipe de reportagem do Aconteceu no Vale, portal de not\u00edcias do Vale do Jequitinhonha, em Minas Gerais. Cobrimos as 51 cidades do Vale desde 2013. Sugest\u00f5es de pauta e pedidos de corre\u00e7\u00e3o: contato@aconteceunovale.com.br","url":"https:\/\/aconteceunovale.com.br\/portal\/?author=4"}]}},"_links":{"self":[{"href":"https:\/\/aconteceunovale.com.br\/portal\/index.php?rest_route=\/wp\/v2\/posts\/191493","targetHints":{"allow":["GET"]}}],"collection":[{"href":"https:\/\/aconteceunovale.com.br\/portal\/index.php?rest_route=\/wp\/v2\/posts"}],"about":[{"href":"https:\/\/aconteceunovale.com.br\/portal\/index.php?rest_route=\/wp\/v2\/types\/post"}],"author":[{"embeddable":true,"href":"https:\/\/aconteceunovale.com.br\/portal\/index.php?rest_route=\/wp\/v2\/users\/4"}],"replies":[{"embeddable":true,"href":"https:\/\/aconteceunovale.com.br\/portal\/index.php?rest_route=%2Fwp%2Fv2%2Fcomments&post=191493"}],"version-history":[{"count":1,"href":"https:\/\/aconteceunovale.com.br\/portal\/index.php?rest_route=\/wp\/v2\/posts\/191493\/revisions"}],"predecessor-version":[{"id":191494,"href":"https:\/\/aconteceunovale.com.br\/portal\/index.php?rest_route=\/wp\/v2\/posts\/191493\/revisions\/191494"}],"wp:featuredmedia":[{"embeddable":true,"href":"https:\/\/aconteceunovale.com.br\/portal\/index.php?rest_route=\/wp\/v2\/media\/189776"}],"wp:attachment":[{"href":"https:\/\/aconteceunovale.com.br\/portal\/index.php?rest_route=%2Fwp%2Fv2%2Fmedia&parent=191493"}],"wp:term":[{"taxonomy":"category","embeddable":true,"href":"https:\/\/aconteceunovale.com.br\/portal\/index.php?rest_route=%2Fwp%2Fv2%2Fcategories&post=191493"},{"taxonomy":"post_tag","embeddable":true,"href":"https:\/\/aconteceunovale.com.br\/portal\/index.php?rest_route=%2Fwp%2Fv2%2Ftags&post=191493"}],"curies":[{"name":"wp","href":"https:\/\/api.w.org\/{rel}","templated":true}]}}