{"id":191485,"date":"2022-10-13T00:03:32","date_gmt":"2022-10-13T03:03:32","guid":{"rendered":"https:\/\/aconteceunovale.com.br\/portal\/?p=191485"},"modified":"2022-10-13T00:09:12","modified_gmt":"2022-10-13T03:09:12","slug":"acidente-com-bicicleta-deixa-dois-mortos-em-teofilo-otoni","status":"publish","type":"post","link":"https:\/\/aconteceunovale.com.br\/portal\/?p=191485","title":{"rendered":"Acidente com bicicleta deixa dois mortos em Te\u00f3filo Otoni"},"content":{"rendered":"\n<p class=\"wp-block-paragraph\">Dois adolescentes morreram em um acidente no bairro Filad\u00e9lfia, em Te\u00f3filo Otoni (MG), na manh\u00e3 desta quarta-feira (12\/10\/2022). Um morador relatou que estava transitando pela rua Altamiro Nunes Leite, no sentido Centro, quando viu as v\u00edtimas em uma bicicleta aparentemente com problema mec\u00e2nico (sem freios).<\/p>\n\n\n\n<figure class=\"wp-block-gallery has-nested-images columns-default is-cropped wp-block-gallery-1 is-layout-flex wp-block-gallery-is-layout-flex\">\n<figure class=\"wp-block-image size-large\"><img loading=\"lazy\" decoding=\"async\" width=\"676\" height=\"450\" data-id=\"191486\" src=\"https:\/\/aconteceunovale.com.br\/portal\/wp-content\/uploads\/2022\/10\/acidente_teo_1.png\" alt=\"\" class=\"wp-image-191486\" srcset=\"https:\/\/aconteceunovale.com.br\/portal\/wp-content\/uploads\/2022\/10\/acidente_teo_1.png 676w, https:\/\/aconteceunovale.com.br\/portal\/wp-content\/uploads\/2022\/10\/acidente_teo_1-300x200.png 300w, https:\/\/aconteceunovale.com.br\/portal\/wp-content\/uploads\/2022\/10\/acidente_teo_1-631x420.png 631w\" sizes=\"auto, (max-width: 676px) 100vw, 676px\" \/><figcaption><em><sub>Bicicleta que era utilizada pelas v\u00edtimas &#8211; Foto: Reprodu\u00e7\u00e3o\/WhatsApp<\/sub><\/em><\/figcaption><\/figure>\n<\/figure>\n\n\n\n<p class=\"wp-block-paragraph\">A v\u00edtima do sexo feminino, que conduzia a bicicleta, perdeu o controle do ve\u00edculo e colidiu violentamente contra o muro de uma resid\u00eancia. Uma equipe do Servi\u00e7o de Atendimento M\u00f3vel de Urg\u00eancia (SAMU) foi acionada, mas os dois jovens, identificados como Gabriela Fernandes Batista e Reinaldo Moreira da Silva, ambos de 17 anos, n\u00e3o resistiram aos ferimentos e morreram no local.<\/p>\n\n\n\n<p class=\"wp-block-paragraph\">A Per\u00edcia T\u00e9cnica da Pol\u00edcia Civil foi acionada e, ap\u00f3s os trabalhos de praxe, os corpos foram liberados para o Instituto M\u00e9dico Legal (IML) de Te\u00f3filo Otoni. As causas do acidente devem ser apuradas.<\/p>\n\n\n\n<h2 class=\"wp-block-heading\">Outro acidente em Te\u00f3filo Otoni<\/h2>\n\n\n\n<figure class=\"wp-block-gallery has-nested-images columns-default is-cropped wp-block-gallery-2 is-layout-flex wp-block-gallery-is-layout-flex\">\n<figure class=\"wp-block-image size-large\"><img loading=\"lazy\" decoding=\"async\" width=\"674\" height=\"450\" data-id=\"191487\" src=\"https:\/\/aconteceunovale.com.br\/portal\/wp-content\/uploads\/2022\/10\/acidente_teo_2.png\" alt=\"\" class=\"wp-image-191487\" srcset=\"https:\/\/aconteceunovale.com.br\/portal\/wp-content\/uploads\/2022\/10\/acidente_teo_2.png 674w, https:\/\/aconteceunovale.com.br\/portal\/wp-content\/uploads\/2022\/10\/acidente_teo_2-300x200.png 300w, https:\/\/aconteceunovale.com.br\/portal\/wp-content\/uploads\/2022\/10\/acidente_teo_2-629x420.png 629w\" sizes=\"auto, (max-width: 674px) 100vw, 674px\" \/><figcaption><em><sub>Ve\u00edculos colidiram frontalmente &#8211; Foto: Reprodu\u00e7\u00e3o\/WhatsApp<\/sub><\/em><\/figcaption><\/figure>\n<\/figure>\n\n\n\n<p class=\"wp-block-paragraph\">Na madrugada desta quarta-feira, por volta das 4h, um jovem de 23 anos morreu ap\u00f3s a colis\u00e3o frontal entre um carro e um caminh\u00e3o no per\u00edmetro urbano da BR-116, no trecho da Avenida Alfredo S\u00e1, em Te\u00f3filo Otoni. Breno dos Santos Viana conduzia o autom\u00f3vel e veio a \u00f3bito no local do acidente.<\/p>\n\n\n\n<p class=\"wp-block-paragraph\">O corpo foi encaminhado para o IML de Te\u00f3filo Otoni. As causas do acidente devem ser apuradas pelas autoridades locais.<\/p>\n\n\n\n<p class=\"wp-block-paragraph\">&#8212;&#8212;&#8212;&#8212;&#8212;&#8212;<br><br><strong>Sabia que o Aconteceu no Vale est\u00e1 tamb\u00e9m no Telegram? <a rel=\"noreferrer noopener\" href=\"https:\/\/t.me\/aconteceunovaleoficial\" target=\"_blank\">Inscreva-se no canal<\/a>.<\/strong><br><br><strong>J\u00e1 curtiu ou seguiu nossas p\u00e1ginas nas redes sociais?\u00a0Receba as not\u00edcias em primeira m\u00e3o:<\/strong><br>\u2022 <a rel=\"noreferrer noopener\" href=\"https:\/\/news.google.com\/publications\/CAAqBwgKMNjklQswi4etAw?hl=pt-BR&amp;gl=BR&amp;ceid=BR%3Apt-419\" target=\"_blank\">Google News<\/a><br>\u2022 <a rel=\"noreferrer noopener\" href=\"https:\/\/www.facebook.com\/aconteceunovale\/\" target=\"_blank\">Facebook<\/a><br>\u2022 <a rel=\"noreferrer noopener\" href=\"https:\/\/twitter.com\/noticiadosvales\" target=\"_blank\">Twitter<\/a><br>\u2022 <a rel=\"noreferrer noopener\" href=\"https:\/\/www.instagram.com\/aconteceunovale\" target=\"_blank\">Instagram<\/a><br>\u2022 <a rel=\"noreferrer noopener\" href=\"https:\/\/www.youtube.com\/AconteceunoValeOficial\" target=\"_blank\">Youtube<\/a><br>\u2022 <a rel=\"noreferrer noopener\" href=\"https:\/\/www.tiktok.com\/@aconteceunovale\" target=\"_blank\">TikTok<\/a><\/p>\n","protected":false},"excerpt":{"rendered":"<p>Dois adolescentes morreram em um acidente no bairro Filad\u00e9lfia, em Te\u00f3filo Otoni (MG), na manh\u00e3 desta quarta-feira (12\/10\/2022). Um morador relatou que estava transitando pela rua Altamiro Nunes Leite, no sentido Centro, quando viu as v\u00edtimas em uma bicicleta aparentemente com problema mec\u00e2nico (sem freios). A v\u00edtima do sexo feminino, que conduzia a bicicleta, perdeu [&hellip;]<\/p>\n","protected":false},"author":4,"featured_media":191486,"comment_status":"open","ping_status":"closed","sticky":false,"template":"","format":"standard","meta":{"amp_status":"","footnotes":""},"categories":[122],"tags":[265066,265069,13880,84590,265071,31846,10406,25947,265070,1175,1018,265067,265068,164],"class_list":["post-191485","post","type-post","status-publish","format-standard","has-post-thumbnail","hentry","category-mucuri","tag-acidente-com-bicicleta-deixa-dois-mortos-em-teofilo-otoni","tag-acidente-com-bicicleta-em-teofilo-otoni","tag-acidente-em-teofilo-otoni","tag-acidente-entre-carro-e-caminhao-em-teofilo-otoni","tag-acidente-na-avenida-alfredo-sa-em-teofilo-otoni","tag-acidente-na-br-116-em-teofilo-otoni","tag-acidentes-de-transito-em-teofilo-otoni","tag-acidentes-em-teofilo-otoni","tag-breno-dos-santos-viana","tag-carlos-chagas","tag-destaque","tag-gabriela-fernandes-batista","tag-reinaldo-moreira-da-silva","tag-teofilo-otoni"],"yoast_head":"<!-- This site is optimized with the Yoast SEO plugin v28.3 - https:\/\/yoast.com\/product\/yoast-seo-wordpress\/ -->\n<title>Acidente com bicicleta deixa dois mortos em Te\u00f3filo Otoni - Aconteceu no Vale<\/title>\n<meta name=\"robots\" content=\"index, follow, max-snippet:-1, max-image-preview:large, max-video-preview:-1\" \/>\n<link rel=\"canonical\" href=\"https:\/\/aconteceunovale.com.br\/portal\/?p=191485\" \/>\n<meta property=\"og:locale\" content=\"pt_BR\" \/>\n<meta property=\"og:type\" content=\"article\" \/>\n<meta property=\"og:title\" content=\"Acidente com bicicleta deixa dois mortos em Te\u00f3filo Otoni - Aconteceu no Vale\" \/>\n<meta property=\"og:description\" content=\"Dois adolescentes morreram em um acidente no bairro Filad\u00e9lfia, em Te\u00f3filo Otoni (MG), na manh\u00e3 desta quarta-feira (12\/10\/2022). Um morador relatou que estava transitando pela rua Altamiro Nunes Leite, no sentido Centro, quando viu as v\u00edtimas em uma bicicleta aparentemente com problema mec\u00e2nico (sem freios). A v\u00edtima do sexo feminino, que conduzia a bicicleta, perdeu [&hellip;]\" \/>\n<meta property=\"og:url\" content=\"https:\/\/aconteceunovale.com.br\/portal\/?p=191485\" \/>\n<meta property=\"og:site_name\" content=\"Aconteceu no Vale\" \/>\n<meta property=\"article:publisher\" content=\"https:\/\/www.facebook.com\/aconteceunovale\/\" \/>\n<meta property=\"article:published_time\" content=\"2022-10-13T03:03:32+00:00\" \/>\n<meta property=\"article:modified_time\" content=\"2022-10-13T03:09:12+00:00\" \/>\n<meta property=\"og:image\" content=\"https:\/\/aconteceunovale.com.br\/portal\/wp-content\/uploads\/2022\/10\/acidente_teo_1.png\" \/>\n\t<meta property=\"og:image:width\" content=\"676\" \/>\n\t<meta property=\"og:image:height\" content=\"450\" \/>\n\t<meta property=\"og:image:type\" content=\"image\/png\" \/>\n<meta name=\"author\" content=\"Reda\u00e7\u00e3o Aconteceu no Vale\" \/>\n<meta name=\"twitter:card\" content=\"summary_large_image\" \/>\n<meta name=\"twitter:creator\" content=\"@noticiadosvales\" \/>\n<meta name=\"twitter:site\" content=\"@noticiadosvales\" \/>\n<meta name=\"twitter:label1\" content=\"Escrito por\" \/>\n\t<meta name=\"twitter:data1\" content=\"Reda\u00e7\u00e3o Aconteceu no Vale\" \/>\n\t<meta name=\"twitter:label2\" content=\"Est. tempo de leitura\" \/>\n\t<meta name=\"twitter:data2\" content=\"2 minutos\" \/>\n<script type=\"application\/ld+json\" class=\"yoast-schema-graph\">{\"@context\":\"https:\\\/\\\/schema.org\",\"@graph\":[{\"@type\":\"Article\",\"@id\":\"https:\\\/\\\/aconteceunovale.com.br\\\/portal\\\/?p=191485#article\",\"isPartOf\":{\"@id\":\"https:\\\/\\\/aconteceunovale.com.br\\\/portal\\\/?p=191485\"},\"author\":{\"name\":\"Reda\u00e7\u00e3o Aconteceu no Vale\",\"@id\":\"https:\\\/\\\/aconteceunovale.com.br\\\/portal\\\/#\\\/schema\\\/person\\\/7d2f26d1483f8a63de73da1ee0754d35\"},\"headline\":\"Acidente com bicicleta deixa dois mortos em Te\u00f3filo Otoni\",\"datePublished\":\"2022-10-13T03:03:32+00:00\",\"dateModified\":\"2022-10-13T03:09:12+00:00\",\"mainEntityOfPage\":{\"@id\":\"https:\\\/\\\/aconteceunovale.com.br\\\/portal\\\/?p=191485\"},\"wordCount\":311,\"commentCount\":0,\"image\":{\"@id\":\"https:\\\/\\\/aconteceunovale.com.br\\\/portal\\\/?p=191485#primaryimage\"},\"thumbnailUrl\":\"https:\\\/\\\/aconteceunovale.com.br\\\/portal\\\/wp-content\\\/uploads\\\/2022\\\/10\\\/acidente_teo_1.png\",\"keywords\":[\"Acidente com bicicleta deixa dois mortos em Te\u00f3filo Otoni\",\"Acidente com bicicleta em Te\u00f3filo Otoni\",\"acidente em Te\u00f3filo Otoni\",\"acidente entre carro e caminh\u00e3o em Te\u00f3filo Otoni\",\"Acidente na Avenida Alfredo S\u00e1 em Te\u00f3filo Otoni\",\"acidente na br 116 em te\u00f3filo otoni\",\"acidentes de tr\u00e2nsito em te\u00f3filo otoni\",\"acidentes em te\u00f3filo otoni\",\"Breno dos Santos Viana\",\"carlos chagas\",\"destaque\",\"Gabriela Fernandes Batista\",\"Reinaldo Moreira da Silva\",\"Te\u00f3filo Otoni\"],\"articleSection\":[\"Vale do Mucuri\"],\"inLanguage\":\"pt-BR\",\"potentialAction\":[{\"@type\":\"CommentAction\",\"name\":\"Comment\",\"target\":[\"https:\\\/\\\/aconteceunovale.com.br\\\/portal\\\/?p=191485#respond\"]}]},{\"@type\":\"WebPage\",\"@id\":\"https:\\\/\\\/aconteceunovale.com.br\\\/portal\\\/?p=191485\",\"url\":\"https:\\\/\\\/aconteceunovale.com.br\\\/portal\\\/?p=191485\",\"name\":\"Acidente com bicicleta deixa dois mortos em Te\u00f3filo Otoni - Aconteceu no Vale\",\"isPartOf\":{\"@id\":\"https:\\\/\\\/aconteceunovale.com.br\\\/portal\\\/#website\"},\"primaryImageOfPage\":{\"@id\":\"https:\\\/\\\/aconteceunovale.com.br\\\/portal\\\/?p=191485#primaryimage\"},\"image\":{\"@id\":\"https:\\\/\\\/aconteceunovale.com.br\\\/portal\\\/?p=191485#primaryimage\"},\"thumbnailUrl\":\"https:\\\/\\\/aconteceunovale.com.br\\\/portal\\\/wp-content\\\/uploads\\\/2022\\\/10\\\/acidente_teo_1.png\",\"datePublished\":\"2022-10-13T03:03:32+00:00\",\"dateModified\":\"2022-10-13T03:09:12+00:00\",\"author\":{\"@id\":\"https:\\\/\\\/aconteceunovale.com.br\\\/portal\\\/#\\\/schema\\\/person\\\/7d2f26d1483f8a63de73da1ee0754d35\"},\"breadcrumb\":{\"@id\":\"https:\\\/\\\/aconteceunovale.com.br\\\/portal\\\/?p=191485#breadcrumb\"},\"inLanguage\":\"pt-BR\",\"potentialAction\":[{\"@type\":\"ReadAction\",\"target\":[\"https:\\\/\\\/aconteceunovale.com.br\\\/portal\\\/?p=191485\"]}]},{\"@type\":\"ImageObject\",\"inLanguage\":\"pt-BR\",\"@id\":\"https:\\\/\\\/aconteceunovale.com.br\\\/portal\\\/?p=191485#primaryimage\",\"url\":\"https:\\\/\\\/aconteceunovale.com.br\\\/portal\\\/wp-content\\\/uploads\\\/2022\\\/10\\\/acidente_teo_1.png\",\"contentUrl\":\"https:\\\/\\\/aconteceunovale.com.br\\\/portal\\\/wp-content\\\/uploads\\\/2022\\\/10\\\/acidente_teo_1.png\",\"width\":676,\"height\":450},{\"@type\":\"BreadcrumbList\",\"@id\":\"https:\\\/\\\/aconteceunovale.com.br\\\/portal\\\/?p=191485#breadcrumb\",\"itemListElement\":[{\"@type\":\"ListItem\",\"position\":1,\"name\":\"In\u00edcio\",\"item\":\"https:\\\/\\\/aconteceunovale.com.br\\\/portal\\\/\"},{\"@type\":\"ListItem\",\"position\":2,\"name\":\"Acidente com bicicleta deixa dois mortos em Te\u00f3filo Otoni\"}]},{\"@type\":\"WebSite\",\"@id\":\"https:\\\/\\\/aconteceunovale.com.br\\\/portal\\\/#website\",\"url\":\"https:\\\/\\\/aconteceunovale.com.br\\\/portal\\\/\",\"name\":\"Aconteceu no Vale\",\"description\":\"Portal de Not\u00edcias\",\"potentialAction\":[{\"@type\":\"SearchAction\",\"target\":{\"@type\":\"EntryPoint\",\"urlTemplate\":\"https:\\\/\\\/aconteceunovale.com.br\\\/portal\\\/?s={search_term_string}\"},\"query-input\":{\"@type\":\"PropertyValueSpecification\",\"valueRequired\":true,\"valueName\":\"search_term_string\"}}],\"inLanguage\":\"pt-BR\"},{\"@type\":\"Person\",\"@id\":\"https:\\\/\\\/aconteceunovale.com.br\\\/portal\\\/#\\\/schema\\\/person\\\/7d2f26d1483f8a63de73da1ee0754d35\",\"name\":\"Reda\u00e7\u00e3o Aconteceu no Vale\",\"description\":\"Equipe de reportagem do Aconteceu no Vale, portal de not\u00edcias do Vale do Jequitinhonha, em Minas Gerais. Cobrimos as 51 cidades do Vale desde 2013. Sugest\u00f5es de pauta e pedidos de corre\u00e7\u00e3o: contato@aconteceunovale.com.br\",\"url\":\"https:\\\/\\\/aconteceunovale.com.br\\\/portal\\\/?author=4\"}]}<\/script>\n<!-- \/ Yoast SEO plugin. -->","yoast_head_json":{"title":"Acidente com bicicleta deixa dois mortos em Te\u00f3filo Otoni - Aconteceu no Vale","robots":{"index":"index","follow":"follow","max-snippet":"max-snippet:-1","max-image-preview":"max-image-preview:large","max-video-preview":"max-video-preview:-1"},"canonical":"https:\/\/aconteceunovale.com.br\/portal\/?p=191485","og_locale":"pt_BR","og_type":"article","og_title":"Acidente com bicicleta deixa dois mortos em Te\u00f3filo Otoni - Aconteceu no Vale","og_description":"Dois adolescentes morreram em um acidente no bairro Filad\u00e9lfia, em Te\u00f3filo Otoni (MG), na manh\u00e3 desta quarta-feira (12\/10\/2022). Um morador relatou que estava transitando pela rua Altamiro Nunes Leite, no sentido Centro, quando viu as v\u00edtimas em uma bicicleta aparentemente com problema mec\u00e2nico (sem freios). A v\u00edtima do sexo feminino, que conduzia a bicicleta, perdeu [&hellip;]","og_url":"https:\/\/aconteceunovale.com.br\/portal\/?p=191485","og_site_name":"Aconteceu no Vale","article_publisher":"https:\/\/www.facebook.com\/aconteceunovale\/","article_published_time":"2022-10-13T03:03:32+00:00","article_modified_time":"2022-10-13T03:09:12+00:00","og_image":[{"width":676,"height":450,"url":"https:\/\/aconteceunovale.com.br\/portal\/wp-content\/uploads\/2022\/10\/acidente_teo_1.png","type":"image\/png"}],"author":"Reda\u00e7\u00e3o Aconteceu no Vale","twitter_card":"summary_large_image","twitter_creator":"@noticiadosvales","twitter_site":"@noticiadosvales","twitter_misc":{"Escrito por":"Reda\u00e7\u00e3o Aconteceu no Vale","Est. tempo de leitura":"2 minutos"},"schema":{"@context":"https:\/\/schema.org","@graph":[{"@type":"Article","@id":"https:\/\/aconteceunovale.com.br\/portal\/?p=191485#article","isPartOf":{"@id":"https:\/\/aconteceunovale.com.br\/portal\/?p=191485"},"author":{"name":"Reda\u00e7\u00e3o Aconteceu no Vale","@id":"https:\/\/aconteceunovale.com.br\/portal\/#\/schema\/person\/7d2f26d1483f8a63de73da1ee0754d35"},"headline":"Acidente com bicicleta deixa dois mortos em Te\u00f3filo Otoni","datePublished":"2022-10-13T03:03:32+00:00","dateModified":"2022-10-13T03:09:12+00:00","mainEntityOfPage":{"@id":"https:\/\/aconteceunovale.com.br\/portal\/?p=191485"},"wordCount":311,"commentCount":0,"image":{"@id":"https:\/\/aconteceunovale.com.br\/portal\/?p=191485#primaryimage"},"thumbnailUrl":"https:\/\/aconteceunovale.com.br\/portal\/wp-content\/uploads\/2022\/10\/acidente_teo_1.png","keywords":["Acidente com bicicleta deixa dois mortos em Te\u00f3filo Otoni","Acidente com bicicleta em Te\u00f3filo Otoni","acidente em Te\u00f3filo Otoni","acidente entre carro e caminh\u00e3o em Te\u00f3filo Otoni","Acidente na Avenida Alfredo S\u00e1 em Te\u00f3filo Otoni","acidente na br 116 em te\u00f3filo otoni","acidentes de tr\u00e2nsito em te\u00f3filo otoni","acidentes em te\u00f3filo otoni","Breno dos Santos Viana","carlos chagas","destaque","Gabriela Fernandes Batista","Reinaldo Moreira da Silva","Te\u00f3filo Otoni"],"articleSection":["Vale do Mucuri"],"inLanguage":"pt-BR","potentialAction":[{"@type":"CommentAction","name":"Comment","target":["https:\/\/aconteceunovale.com.br\/portal\/?p=191485#respond"]}]},{"@type":"WebPage","@id":"https:\/\/aconteceunovale.com.br\/portal\/?p=191485","url":"https:\/\/aconteceunovale.com.br\/portal\/?p=191485","name":"Acidente com bicicleta deixa dois mortos em Te\u00f3filo Otoni - Aconteceu no Vale","isPartOf":{"@id":"https:\/\/aconteceunovale.com.br\/portal\/#website"},"primaryImageOfPage":{"@id":"https:\/\/aconteceunovale.com.br\/portal\/?p=191485#primaryimage"},"image":{"@id":"https:\/\/aconteceunovale.com.br\/portal\/?p=191485#primaryimage"},"thumbnailUrl":"https:\/\/aconteceunovale.com.br\/portal\/wp-content\/uploads\/2022\/10\/acidente_teo_1.png","datePublished":"2022-10-13T03:03:32+00:00","dateModified":"2022-10-13T03:09:12+00:00","author":{"@id":"https:\/\/aconteceunovale.com.br\/portal\/#\/schema\/person\/7d2f26d1483f8a63de73da1ee0754d35"},"breadcrumb":{"@id":"https:\/\/aconteceunovale.com.br\/portal\/?p=191485#breadcrumb"},"inLanguage":"pt-BR","potentialAction":[{"@type":"ReadAction","target":["https:\/\/aconteceunovale.com.br\/portal\/?p=191485"]}]},{"@type":"ImageObject","inLanguage":"pt-BR","@id":"https:\/\/aconteceunovale.com.br\/portal\/?p=191485#primaryimage","url":"https:\/\/aconteceunovale.com.br\/portal\/wp-content\/uploads\/2022\/10\/acidente_teo_1.png","contentUrl":"https:\/\/aconteceunovale.com.br\/portal\/wp-content\/uploads\/2022\/10\/acidente_teo_1.png","width":676,"height":450},{"@type":"BreadcrumbList","@id":"https:\/\/aconteceunovale.com.br\/portal\/?p=191485#breadcrumb","itemListElement":[{"@type":"ListItem","position":1,"name":"In\u00edcio","item":"https:\/\/aconteceunovale.com.br\/portal\/"},{"@type":"ListItem","position":2,"name":"Acidente com bicicleta deixa dois mortos em Te\u00f3filo Otoni"}]},{"@type":"WebSite","@id":"https:\/\/aconteceunovale.com.br\/portal\/#website","url":"https:\/\/aconteceunovale.com.br\/portal\/","name":"Aconteceu no Vale","description":"Portal de Not\u00edcias","potentialAction":[{"@type":"SearchAction","target":{"@type":"EntryPoint","urlTemplate":"https:\/\/aconteceunovale.com.br\/portal\/?s={search_term_string}"},"query-input":{"@type":"PropertyValueSpecification","valueRequired":true,"valueName":"search_term_string"}}],"inLanguage":"pt-BR"},{"@type":"Person","@id":"https:\/\/aconteceunovale.com.br\/portal\/#\/schema\/person\/7d2f26d1483f8a63de73da1ee0754d35","name":"Reda\u00e7\u00e3o Aconteceu no Vale","description":"Equipe de reportagem do Aconteceu no Vale, portal de not\u00edcias do Vale do Jequitinhonha, em Minas Gerais. Cobrimos as 51 cidades do Vale desde 2013. Sugest\u00f5es de pauta e pedidos de corre\u00e7\u00e3o: contato@aconteceunovale.com.br","url":"https:\/\/aconteceunovale.com.br\/portal\/?author=4"}]}},"_links":{"self":[{"href":"https:\/\/aconteceunovale.com.br\/portal\/index.php?rest_route=\/wp\/v2\/posts\/191485","targetHints":{"allow":["GET"]}}],"collection":[{"href":"https:\/\/aconteceunovale.com.br\/portal\/index.php?rest_route=\/wp\/v2\/posts"}],"about":[{"href":"https:\/\/aconteceunovale.com.br\/portal\/index.php?rest_route=\/wp\/v2\/types\/post"}],"author":[{"embeddable":true,"href":"https:\/\/aconteceunovale.com.br\/portal\/index.php?rest_route=\/wp\/v2\/users\/4"}],"replies":[{"embeddable":true,"href":"https:\/\/aconteceunovale.com.br\/portal\/index.php?rest_route=%2Fwp%2Fv2%2Fcomments&post=191485"}],"version-history":[{"count":3,"href":"https:\/\/aconteceunovale.com.br\/portal\/index.php?rest_route=\/wp\/v2\/posts\/191485\/revisions"}],"predecessor-version":[{"id":191492,"href":"https:\/\/aconteceunovale.com.br\/portal\/index.php?rest_route=\/wp\/v2\/posts\/191485\/revisions\/191492"}],"wp:featuredmedia":[{"embeddable":true,"href":"https:\/\/aconteceunovale.com.br\/portal\/index.php?rest_route=\/wp\/v2\/media\/191486"}],"wp:attachment":[{"href":"https:\/\/aconteceunovale.com.br\/portal\/index.php?rest_route=%2Fwp%2Fv2%2Fmedia&parent=191485"}],"wp:term":[{"taxonomy":"category","embeddable":true,"href":"https:\/\/aconteceunovale.com.br\/portal\/index.php?rest_route=%2Fwp%2Fv2%2Fcategories&post=191485"},{"taxonomy":"post_tag","embeddable":true,"href":"https:\/\/aconteceunovale.com.br\/portal\/index.php?rest_route=%2Fwp%2Fv2%2Ftags&post=191485"}],"curies":[{"name":"wp","href":"https:\/\/api.w.org\/{rel}","templated":true}]}}