{"id":19147,"date":"2014-01-23T13:39:49","date_gmt":"2014-01-23T15:39:49","guid":{"rendered":"http:\/\/aconteceunovale.com.br\/portal\/?p=19147"},"modified":"2014-01-23T13:39:49","modified_gmt":"2014-01-23T15:39:49","slug":"vereador-de-jampruca-e-preso-suspeito-de-estupro-de-menor","status":"publish","type":"post","link":"https:\/\/aconteceunovale.com.br\/portal\/?p=19147","title":{"rendered":"Vereador de Jampruca \u00e9 preso suspeito de estupro de menor"},"content":{"rendered":"<p>Um vereador da cidade de Jampruca, no Leste de Minas Gerais, foi preso em Governador Valadares, suspeito de ter estuprado uma garota de 12 anos, em setembro de 2013. Ele foi apresentado na delegacia de Te\u00f3filo Otoni nessa quarta-feira (22\/01).<\/p>\n<p>Valdeci Ramalho dos Santos, de 31 anos, estava foragido da justi\u00e7a, desde setembro, quando membros do conselho tutelar de Jampruca encontraram uma adolescente de12 anos dentro da casa dele, ap\u00f3s terem recebido uma den\u00fancia an\u00f4nima.<\/p>\n<p>O suspeito era motorista de \u00f4nibus escolar e pode pegar de oito a 15 anos de pris\u00e3o pelo crime. A Pol\u00edcia Civil investiga tamb\u00e9m o poss\u00edvel envolvimento do suspeito em outros casos de pedofilia.<\/p>\n<p>Os advogados de Valdeci Ramalho dos Santos n\u00e3o foram encontrados para falar sobre o caso.<\/p>\n<p><img decoding=\"async\" src=\"http:\/\/aconteceunovale.com.br\/portal\/wp-content\/uploads\/2014\/01\/vereador_de_jampruca_preso.jpg\" alt=\"\" \/><br \/>\n<strong><em>(Foto e informa\u00e7\u00f5es da Inter TV dos Vales)<\/em><\/strong><\/p>\n","protected":false},"excerpt":{"rendered":"<p>Um vereador da cidade de Jampruca, no Leste de Minas Gerais, foi preso em Governador Valadares, suspeito de ter estuprado uma garota de 12 anos, em setembro de 2013. Ele foi apresentado na delegacia de Te\u00f3filo Otoni nessa quarta-feira (22\/01). Valdeci Ramalho dos Santos, de 31 anos, estava foragido da justi\u00e7a, desde setembro, quando membros [&hellip;]<\/p>\n","protected":false},"author":1,"featured_media":19148,"comment_status":"open","ping_status":"closed","sticky":false,"template":"","format":"standard","meta":{"amp_status":"","footnotes":""},"categories":[121],"tags":[247,236,164,3385,3384],"class_list":["post-19147","post","type-post","status-publish","format-standard","has-post-thumbnail","hentry","category-leste","tag-governador-valadares","tag-jampruca","tag-teofilo-otoni","tag-valdeci-ramalho-dos-santos","tag-vereador-de-jampruca-e-preso-suspeito-de-estupro-de-menor"],"_links":{"self":[{"href":"https:\/\/aconteceunovale.com.br\/portal\/index.php?rest_route=\/wp\/v2\/posts\/19147","targetHints":{"allow":["GET"]}}],"collection":[{"href":"https:\/\/aconteceunovale.com.br\/portal\/index.php?rest_route=\/wp\/v2\/posts"}],"about":[{"href":"https:\/\/aconteceunovale.com.br\/portal\/index.php?rest_route=\/wp\/v2\/types\/post"}],"author":[{"embeddable":true,"href":"https:\/\/aconteceunovale.com.br\/portal\/index.php?rest_route=\/wp\/v2\/users\/1"}],"replies":[{"embeddable":true,"href":"https:\/\/aconteceunovale.com.br\/portal\/index.php?rest_route=%2Fwp%2Fv2%2Fcomments&post=19147"}],"version-history":[{"count":0,"href":"https:\/\/aconteceunovale.com.br\/portal\/index.php?rest_route=\/wp\/v2\/posts\/19147\/revisions"}],"wp:featuredmedia":[{"embeddable":true,"href":"https:\/\/aconteceunovale.com.br\/portal\/index.php?rest_route=\/wp\/v2\/media\/19148"}],"wp:attachment":[{"href":"https:\/\/aconteceunovale.com.br\/portal\/index.php?rest_route=%2Fwp%2Fv2%2Fmedia&parent=19147"}],"wp:term":[{"taxonomy":"category","embeddable":true,"href":"https:\/\/aconteceunovale.com.br\/portal\/index.php?rest_route=%2Fwp%2Fv2%2Fcategories&post=19147"},{"taxonomy":"post_tag","embeddable":true,"href":"https:\/\/aconteceunovale.com.br\/portal\/index.php?rest_route=%2Fwp%2Fv2%2Ftags&post=19147"}],"curies":[{"name":"wp","href":"https:\/\/api.w.org\/{rel}","templated":true}]}}