{"id":191412,"date":"2022-10-10T15:32:09","date_gmt":"2022-10-10T18:32:09","guid":{"rendered":"https:\/\/aconteceunovale.com.br\/portal\/?p=191412"},"modified":"2022-10-10T15:33:14","modified_gmt":"2022-10-10T18:33:14","slug":"candidato-ao-segundo-turno-nao-podera-ser-preso-a-partir-de-sabado","status":"publish","type":"post","link":"https:\/\/aconteceunovale.com.br\/portal\/?p=191412","title":{"rendered":"Candidato ao segundo turno n\u00e3o poder\u00e1 ser preso a partir de s\u00e1bado"},"content":{"rendered":"\n<p class=\"wp-block-paragraph\">A partir do pr\u00f3ximo s\u00e1bado (15\/10), e at\u00e9 48 horas ap\u00f3s o pleito marcado para o dia 30 deste m\u00eas, nenhum dos candidatos que disputam o segundo turno das elei\u00e7\u00f5es poder\u00e1 ser preso, a n\u00e3o ser que seja pego em flagrante delito.<\/p>\n\n\n\n<p class=\"wp-block-paragraph\">A outra exce\u00e7\u00e3o \u00e9 se pesar condena\u00e7\u00e3o por crime inafian\u00e7\u00e1vel, caso no qual a pol\u00edcia poder\u00e1 cumprir a ordem de pris\u00e3o determinada pela Justi\u00e7a. Tamb\u00e9m pode ser preso quem descumprir o salvo-conduto dos candidatos.<\/p>\n\n\n\n<p class=\"wp-block-paragraph\">A regra que veda a pris\u00e3o de candidatos nos 15 dias antes das elei\u00e7\u00f5es vale tamb\u00e9m para fiscais eleitorais, mes\u00e1rios e delegados de partidos. A norma tamb\u00e9m se aplica a eleitores, por\u00e9m, com intervalo menor, de cinco dias antes at\u00e9 48 horas ap\u00f3s o pleito.<\/p>\n\n\n\n<h2 class=\"wp-block-heading\">Dispositivo<\/h2>\n\n\n\n<p class=\"wp-block-paragraph\">A norma e as exce\u00e7\u00f5es constam do Artigo 236 do C\u00f3digo Eleitoral (Lei 4.737\/1965). A l\u00f3gica do dispositivo, herdado de normas eleitorais mais antigas, \u00e9 impedir que alguma autoridade utilize o seu poder de pris\u00e3o para interferir no resultado das elei\u00e7\u00f5es.<\/p>\n\n\n\n<p class=\"wp-block-paragraph\">No caso de pris\u00e3o de algum candidato, a partir do pr\u00f3ximo s\u00e1bado,\u00a0a previs\u00e3o \u00e9 que o detido seja levado \u00e0 presen\u00e7a de um juiz para que seja verificada a legalidade do ato. Caso seja constatada alguma ilegalidade, o respons\u00e1vel pela pris\u00e3o pode ser responsabilizado. A pena prevista \u00e9 de quatro\u00a0anos de reclus\u00e3o.<\/p>\n\n\n\n<p class=\"wp-block-paragraph\">Neste ano, participar\u00e3o do segundo turno das elei\u00e7\u00f5es gerais os candidatos a presidente da Rep\u00fablica, Jair Bolsonaro e Luiz In\u00e1cio Lula da Silva, al\u00e9m de 24 candidatos que disputam os governos de 12 estados.<\/p>\n\n\n\n<p class=\"wp-block-paragraph\">&#8212;&#8212;&#8212;&#8212;&#8212;&#8212;<br><br><strong>Sabia que o Aconteceu no Vale est\u00e1 tamb\u00e9m no Telegram? <a rel=\"noreferrer noopener\" href=\"https:\/\/t.me\/aconteceunovaleoficial\" target=\"_blank\">Inscreva-se no canal<\/a>.<\/strong><br><br><strong>J\u00e1 curtiu ou seguiu nossas p\u00e1ginas nas redes sociais?\u00a0Receba as not\u00edcias em primeira m\u00e3o:<\/strong><br>\u2022 <a rel=\"noreferrer noopener\" href=\"https:\/\/news.google.com\/publications\/CAAqBwgKMNjklQswi4etAw?hl=pt-BR&amp;gl=BR&amp;ceid=BR%3Apt-419\" target=\"_blank\">Google News<\/a><br>\u2022 <a rel=\"noreferrer noopener\" href=\"https:\/\/www.facebook.com\/aconteceunovale\/\" target=\"_blank\">Facebook<\/a><br>\u2022 <a rel=\"noreferrer noopener\" href=\"https:\/\/twitter.com\/noticiadosvales\" target=\"_blank\">Twitter<\/a><br>\u2022 <a rel=\"noreferrer noopener\" href=\"https:\/\/www.instagram.com\/aconteceunovale\" target=\"_blank\">Instagram<\/a><br>\u2022 <a rel=\"noreferrer noopener\" href=\"https:\/\/www.youtube.com\/AconteceunoValeOficial\" target=\"_blank\">Youtube<\/a><br>\u2022 <a rel=\"noreferrer noopener\" href=\"https:\/\/www.tiktok.com\/@aconteceunovale\" target=\"_blank\">TikTok<\/a><\/p>\n","protected":false},"excerpt":{"rendered":"<p>A partir do pr\u00f3ximo s\u00e1bado (15\/10), e at\u00e9 48 horas ap\u00f3s o pleito marcado para o dia 30 deste m\u00eas, nenhum dos candidatos que disputam o segundo turno das elei\u00e7\u00f5es poder\u00e1 ser preso, a n\u00e3o ser que seja pego em flagrante delito. A outra exce\u00e7\u00e3o \u00e9 se pesar condena\u00e7\u00e3o por crime inafian\u00e7\u00e1vel, caso no qual [&hellip;]<\/p>\n","protected":false},"author":4,"featured_media":95688,"comment_status":"open","ping_status":"closed","sticky":false,"template":"","format":"standard","meta":{"amp_status":"","footnotes":""},"categories":[6,249933],"tags":[264957,264958,252238,20322,26436,7147,263330,264572],"class_list":["post-191412","post","type-post","status-publish","format-standard","has-post-thumbnail","hentry","category-br","category-eleicoes-2022","tag-candidato-ao-segundo-turno-nao-podera-ser-preso-a-partir-de-sabado","tag-candidato-nao-pode-ser-preso","tag-eleicoes-2022","tag-governadores","tag-jair-bolsonaro","tag-lula","tag-prisao-de-candidato","tag-segundo-turno-das-eleicoes-2022"],"yoast_head":"<!-- This site is optimized with the Yoast SEO plugin v28.3 - https:\/\/yoast.com\/product\/yoast-seo-wordpress\/ -->\n<title>Candidato ao segundo turno n\u00e3o poder\u00e1 ser preso a partir de s\u00e1bado - Aconteceu no Vale<\/title>\n<meta name=\"robots\" content=\"index, follow, max-snippet:-1, max-image-preview:large, max-video-preview:-1\" \/>\n<link rel=\"canonical\" href=\"https:\/\/aconteceunovale.com.br\/portal\/?p=191412\" \/>\n<meta property=\"og:locale\" content=\"pt_BR\" \/>\n<meta property=\"og:type\" content=\"article\" \/>\n<meta property=\"og:title\" content=\"Candidato ao segundo turno n\u00e3o poder\u00e1 ser preso a partir de s\u00e1bado - Aconteceu no Vale\" \/>\n<meta property=\"og:description\" content=\"A partir do pr\u00f3ximo s\u00e1bado (15\/10), e at\u00e9 48 horas ap\u00f3s o pleito marcado para o dia 30 deste m\u00eas, nenhum dos candidatos que disputam o segundo turno das elei\u00e7\u00f5es poder\u00e1 ser preso, a n\u00e3o ser que seja pego em flagrante delito. A outra exce\u00e7\u00e3o \u00e9 se pesar condena\u00e7\u00e3o por crime inafian\u00e7\u00e1vel, caso no qual [&hellip;]\" \/>\n<meta property=\"og:url\" content=\"https:\/\/aconteceunovale.com.br\/portal\/?p=191412\" \/>\n<meta property=\"og:site_name\" content=\"Aconteceu no Vale\" \/>\n<meta property=\"article:publisher\" content=\"https:\/\/www.facebook.com\/aconteceunovale\/\" \/>\n<meta property=\"article:published_time\" content=\"2022-10-10T18:32:09+00:00\" \/>\n<meta property=\"article:modified_time\" content=\"2022-10-10T18:33:14+00:00\" \/>\n<meta property=\"og:image\" content=\"https:\/\/aconteceunovale.com.br\/portal\/wp-content\/uploads\/2016\/08\/candidato1.jpg\" \/>\n\t<meta property=\"og:image:width\" content=\"600\" \/>\n\t<meta property=\"og:image:height\" content=\"450\" \/>\n\t<meta property=\"og:image:type\" content=\"image\/jpeg\" \/>\n<meta name=\"author\" content=\"Reda\u00e7\u00e3o Aconteceu no Vale\" \/>\n<meta name=\"twitter:card\" content=\"summary_large_image\" \/>\n<meta name=\"twitter:creator\" content=\"@noticiadosvales\" \/>\n<meta name=\"twitter:site\" content=\"@noticiadosvales\" \/>\n<meta name=\"twitter:label1\" content=\"Escrito por\" \/>\n\t<meta name=\"twitter:data1\" content=\"Reda\u00e7\u00e3o Aconteceu no Vale\" \/>\n\t<meta name=\"twitter:label2\" content=\"Est. tempo de leitura\" \/>\n\t<meta name=\"twitter:data2\" content=\"2 minutos\" \/>\n<script type=\"application\/ld+json\" class=\"yoast-schema-graph\">{\"@context\":\"https:\\\/\\\/schema.org\",\"@graph\":[{\"@type\":\"Article\",\"@id\":\"https:\\\/\\\/aconteceunovale.com.br\\\/portal\\\/?p=191412#article\",\"isPartOf\":{\"@id\":\"https:\\\/\\\/aconteceunovale.com.br\\\/portal\\\/?p=191412\"},\"author\":{\"name\":\"Reda\u00e7\u00e3o Aconteceu no Vale\",\"@id\":\"https:\\\/\\\/aconteceunovale.com.br\\\/portal\\\/#\\\/schema\\\/person\\\/7d2f26d1483f8a63de73da1ee0754d35\"},\"headline\":\"Candidato ao segundo turno n\u00e3o poder\u00e1 ser preso a partir de s\u00e1bado\",\"datePublished\":\"2022-10-10T18:32:09+00:00\",\"dateModified\":\"2022-10-10T18:33:14+00:00\",\"mainEntityOfPage\":{\"@id\":\"https:\\\/\\\/aconteceunovale.com.br\\\/portal\\\/?p=191412\"},\"wordCount\":329,\"commentCount\":0,\"image\":{\"@id\":\"https:\\\/\\\/aconteceunovale.com.br\\\/portal\\\/?p=191412#primaryimage\"},\"thumbnailUrl\":\"https:\\\/\\\/aconteceunovale.com.br\\\/portal\\\/wp-content\\\/uploads\\\/2016\\\/08\\\/candidato1.jpg\",\"keywords\":[\"Candidato ao segundo turno n\u00e3o poder\u00e1 ser preso a partir de s\u00e1bado\",\"Candidato n\u00e3o pode ser preso\",\"Elei\u00e7\u00f5es 2022\",\"governadores\",\"Jair Bolsonaro\",\"Lula\",\"Pris\u00e3o de candidato\",\"Segundo turno das elei\u00e7\u00f5es 2022\"],\"articleSection\":[\"Brasil\",\"Elei\u00e7\u00f5es 2022\"],\"inLanguage\":\"pt-BR\",\"potentialAction\":[{\"@type\":\"CommentAction\",\"name\":\"Comment\",\"target\":[\"https:\\\/\\\/aconteceunovale.com.br\\\/portal\\\/?p=191412#respond\"]}]},{\"@type\":\"WebPage\",\"@id\":\"https:\\\/\\\/aconteceunovale.com.br\\\/portal\\\/?p=191412\",\"url\":\"https:\\\/\\\/aconteceunovale.com.br\\\/portal\\\/?p=191412\",\"name\":\"Candidato ao segundo turno n\u00e3o poder\u00e1 ser preso a partir de s\u00e1bado - Aconteceu no Vale\",\"isPartOf\":{\"@id\":\"https:\\\/\\\/aconteceunovale.com.br\\\/portal\\\/#website\"},\"primaryImageOfPage\":{\"@id\":\"https:\\\/\\\/aconteceunovale.com.br\\\/portal\\\/?p=191412#primaryimage\"},\"image\":{\"@id\":\"https:\\\/\\\/aconteceunovale.com.br\\\/portal\\\/?p=191412#primaryimage\"},\"thumbnailUrl\":\"https:\\\/\\\/aconteceunovale.com.br\\\/portal\\\/wp-content\\\/uploads\\\/2016\\\/08\\\/candidato1.jpg\",\"datePublished\":\"2022-10-10T18:32:09+00:00\",\"dateModified\":\"2022-10-10T18:33:14+00:00\",\"author\":{\"@id\":\"https:\\\/\\\/aconteceunovale.com.br\\\/portal\\\/#\\\/schema\\\/person\\\/7d2f26d1483f8a63de73da1ee0754d35\"},\"breadcrumb\":{\"@id\":\"https:\\\/\\\/aconteceunovale.com.br\\\/portal\\\/?p=191412#breadcrumb\"},\"inLanguage\":\"pt-BR\",\"potentialAction\":[{\"@type\":\"ReadAction\",\"target\":[\"https:\\\/\\\/aconteceunovale.com.br\\\/portal\\\/?p=191412\"]}]},{\"@type\":\"ImageObject\",\"inLanguage\":\"pt-BR\",\"@id\":\"https:\\\/\\\/aconteceunovale.com.br\\\/portal\\\/?p=191412#primaryimage\",\"url\":\"https:\\\/\\\/aconteceunovale.com.br\\\/portal\\\/wp-content\\\/uploads\\\/2016\\\/08\\\/candidato1.jpg\",\"contentUrl\":\"https:\\\/\\\/aconteceunovale.com.br\\\/portal\\\/wp-content\\\/uploads\\\/2016\\\/08\\\/candidato1.jpg\",\"width\":600,\"height\":450},{\"@type\":\"BreadcrumbList\",\"@id\":\"https:\\\/\\\/aconteceunovale.com.br\\\/portal\\\/?p=191412#breadcrumb\",\"itemListElement\":[{\"@type\":\"ListItem\",\"position\":1,\"name\":\"In\u00edcio\",\"item\":\"https:\\\/\\\/aconteceunovale.com.br\\\/portal\\\/\"},{\"@type\":\"ListItem\",\"position\":2,\"name\":\"Candidato ao segundo turno n\u00e3o poder\u00e1 ser preso a partir de s\u00e1bado\"}]},{\"@type\":\"WebSite\",\"@id\":\"https:\\\/\\\/aconteceunovale.com.br\\\/portal\\\/#website\",\"url\":\"https:\\\/\\\/aconteceunovale.com.br\\\/portal\\\/\",\"name\":\"Aconteceu no Vale\",\"description\":\"Portal de Not\u00edcias\",\"potentialAction\":[{\"@type\":\"SearchAction\",\"target\":{\"@type\":\"EntryPoint\",\"urlTemplate\":\"https:\\\/\\\/aconteceunovale.com.br\\\/portal\\\/?s={search_term_string}\"},\"query-input\":{\"@type\":\"PropertyValueSpecification\",\"valueRequired\":true,\"valueName\":\"search_term_string\"}}],\"inLanguage\":\"pt-BR\"},{\"@type\":\"Person\",\"@id\":\"https:\\\/\\\/aconteceunovale.com.br\\\/portal\\\/#\\\/schema\\\/person\\\/7d2f26d1483f8a63de73da1ee0754d35\",\"name\":\"Reda\u00e7\u00e3o Aconteceu no Vale\",\"description\":\"Equipe de reportagem do Aconteceu no Vale, portal de not\u00edcias do Vale do Jequitinhonha, em Minas Gerais. Cobrimos as 51 cidades do Vale desde 2013. Sugest\u00f5es de pauta e pedidos de corre\u00e7\u00e3o: contato@aconteceunovale.com.br\",\"url\":\"https:\\\/\\\/aconteceunovale.com.br\\\/portal\\\/?author=4\"}]}<\/script>\n<!-- \/ Yoast SEO plugin. -->","yoast_head_json":{"title":"Candidato ao segundo turno n\u00e3o poder\u00e1 ser preso a partir de s\u00e1bado - Aconteceu no Vale","robots":{"index":"index","follow":"follow","max-snippet":"max-snippet:-1","max-image-preview":"max-image-preview:large","max-video-preview":"max-video-preview:-1"},"canonical":"https:\/\/aconteceunovale.com.br\/portal\/?p=191412","og_locale":"pt_BR","og_type":"article","og_title":"Candidato ao segundo turno n\u00e3o poder\u00e1 ser preso a partir de s\u00e1bado - Aconteceu no Vale","og_description":"A partir do pr\u00f3ximo s\u00e1bado (15\/10), e at\u00e9 48 horas ap\u00f3s o pleito marcado para o dia 30 deste m\u00eas, nenhum dos candidatos que disputam o segundo turno das elei\u00e7\u00f5es poder\u00e1 ser preso, a n\u00e3o ser que seja pego em flagrante delito. A outra exce\u00e7\u00e3o \u00e9 se pesar condena\u00e7\u00e3o por crime inafian\u00e7\u00e1vel, caso no qual [&hellip;]","og_url":"https:\/\/aconteceunovale.com.br\/portal\/?p=191412","og_site_name":"Aconteceu no Vale","article_publisher":"https:\/\/www.facebook.com\/aconteceunovale\/","article_published_time":"2022-10-10T18:32:09+00:00","article_modified_time":"2022-10-10T18:33:14+00:00","og_image":[{"width":600,"height":450,"url":"https:\/\/aconteceunovale.com.br\/portal\/wp-content\/uploads\/2016\/08\/candidato1.jpg","type":"image\/jpeg"}],"author":"Reda\u00e7\u00e3o Aconteceu no Vale","twitter_card":"summary_large_image","twitter_creator":"@noticiadosvales","twitter_site":"@noticiadosvales","twitter_misc":{"Escrito por":"Reda\u00e7\u00e3o Aconteceu no Vale","Est. tempo de leitura":"2 minutos"},"schema":{"@context":"https:\/\/schema.org","@graph":[{"@type":"Article","@id":"https:\/\/aconteceunovale.com.br\/portal\/?p=191412#article","isPartOf":{"@id":"https:\/\/aconteceunovale.com.br\/portal\/?p=191412"},"author":{"name":"Reda\u00e7\u00e3o Aconteceu no Vale","@id":"https:\/\/aconteceunovale.com.br\/portal\/#\/schema\/person\/7d2f26d1483f8a63de73da1ee0754d35"},"headline":"Candidato ao segundo turno n\u00e3o poder\u00e1 ser preso a partir de s\u00e1bado","datePublished":"2022-10-10T18:32:09+00:00","dateModified":"2022-10-10T18:33:14+00:00","mainEntityOfPage":{"@id":"https:\/\/aconteceunovale.com.br\/portal\/?p=191412"},"wordCount":329,"commentCount":0,"image":{"@id":"https:\/\/aconteceunovale.com.br\/portal\/?p=191412#primaryimage"},"thumbnailUrl":"https:\/\/aconteceunovale.com.br\/portal\/wp-content\/uploads\/2016\/08\/candidato1.jpg","keywords":["Candidato ao segundo turno n\u00e3o poder\u00e1 ser preso a partir de s\u00e1bado","Candidato n\u00e3o pode ser preso","Elei\u00e7\u00f5es 2022","governadores","Jair Bolsonaro","Lula","Pris\u00e3o de candidato","Segundo turno das elei\u00e7\u00f5es 2022"],"articleSection":["Brasil","Elei\u00e7\u00f5es 2022"],"inLanguage":"pt-BR","potentialAction":[{"@type":"CommentAction","name":"Comment","target":["https:\/\/aconteceunovale.com.br\/portal\/?p=191412#respond"]}]},{"@type":"WebPage","@id":"https:\/\/aconteceunovale.com.br\/portal\/?p=191412","url":"https:\/\/aconteceunovale.com.br\/portal\/?p=191412","name":"Candidato ao segundo turno n\u00e3o poder\u00e1 ser preso a partir de s\u00e1bado - Aconteceu no Vale","isPartOf":{"@id":"https:\/\/aconteceunovale.com.br\/portal\/#website"},"primaryImageOfPage":{"@id":"https:\/\/aconteceunovale.com.br\/portal\/?p=191412#primaryimage"},"image":{"@id":"https:\/\/aconteceunovale.com.br\/portal\/?p=191412#primaryimage"},"thumbnailUrl":"https:\/\/aconteceunovale.com.br\/portal\/wp-content\/uploads\/2016\/08\/candidato1.jpg","datePublished":"2022-10-10T18:32:09+00:00","dateModified":"2022-10-10T18:33:14+00:00","author":{"@id":"https:\/\/aconteceunovale.com.br\/portal\/#\/schema\/person\/7d2f26d1483f8a63de73da1ee0754d35"},"breadcrumb":{"@id":"https:\/\/aconteceunovale.com.br\/portal\/?p=191412#breadcrumb"},"inLanguage":"pt-BR","potentialAction":[{"@type":"ReadAction","target":["https:\/\/aconteceunovale.com.br\/portal\/?p=191412"]}]},{"@type":"ImageObject","inLanguage":"pt-BR","@id":"https:\/\/aconteceunovale.com.br\/portal\/?p=191412#primaryimage","url":"https:\/\/aconteceunovale.com.br\/portal\/wp-content\/uploads\/2016\/08\/candidato1.jpg","contentUrl":"https:\/\/aconteceunovale.com.br\/portal\/wp-content\/uploads\/2016\/08\/candidato1.jpg","width":600,"height":450},{"@type":"BreadcrumbList","@id":"https:\/\/aconteceunovale.com.br\/portal\/?p=191412#breadcrumb","itemListElement":[{"@type":"ListItem","position":1,"name":"In\u00edcio","item":"https:\/\/aconteceunovale.com.br\/portal\/"},{"@type":"ListItem","position":2,"name":"Candidato ao segundo turno n\u00e3o poder\u00e1 ser preso a partir de s\u00e1bado"}]},{"@type":"WebSite","@id":"https:\/\/aconteceunovale.com.br\/portal\/#website","url":"https:\/\/aconteceunovale.com.br\/portal\/","name":"Aconteceu no Vale","description":"Portal de Not\u00edcias","potentialAction":[{"@type":"SearchAction","target":{"@type":"EntryPoint","urlTemplate":"https:\/\/aconteceunovale.com.br\/portal\/?s={search_term_string}"},"query-input":{"@type":"PropertyValueSpecification","valueRequired":true,"valueName":"search_term_string"}}],"inLanguage":"pt-BR"},{"@type":"Person","@id":"https:\/\/aconteceunovale.com.br\/portal\/#\/schema\/person\/7d2f26d1483f8a63de73da1ee0754d35","name":"Reda\u00e7\u00e3o Aconteceu no Vale","description":"Equipe de reportagem do Aconteceu no Vale, portal de not\u00edcias do Vale do Jequitinhonha, em Minas Gerais. Cobrimos as 51 cidades do Vale desde 2013. Sugest\u00f5es de pauta e pedidos de corre\u00e7\u00e3o: contato@aconteceunovale.com.br","url":"https:\/\/aconteceunovale.com.br\/portal\/?author=4"}]}},"_links":{"self":[{"href":"https:\/\/aconteceunovale.com.br\/portal\/index.php?rest_route=\/wp\/v2\/posts\/191412","targetHints":{"allow":["GET"]}}],"collection":[{"href":"https:\/\/aconteceunovale.com.br\/portal\/index.php?rest_route=\/wp\/v2\/posts"}],"about":[{"href":"https:\/\/aconteceunovale.com.br\/portal\/index.php?rest_route=\/wp\/v2\/types\/post"}],"author":[{"embeddable":true,"href":"https:\/\/aconteceunovale.com.br\/portal\/index.php?rest_route=\/wp\/v2\/users\/4"}],"replies":[{"embeddable":true,"href":"https:\/\/aconteceunovale.com.br\/portal\/index.php?rest_route=%2Fwp%2Fv2%2Fcomments&post=191412"}],"version-history":[{"count":1,"href":"https:\/\/aconteceunovale.com.br\/portal\/index.php?rest_route=\/wp\/v2\/posts\/191412\/revisions"}],"predecessor-version":[{"id":191413,"href":"https:\/\/aconteceunovale.com.br\/portal\/index.php?rest_route=\/wp\/v2\/posts\/191412\/revisions\/191413"}],"wp:featuredmedia":[{"embeddable":true,"href":"https:\/\/aconteceunovale.com.br\/portal\/index.php?rest_route=\/wp\/v2\/media\/95688"}],"wp:attachment":[{"href":"https:\/\/aconteceunovale.com.br\/portal\/index.php?rest_route=%2Fwp%2Fv2%2Fmedia&parent=191412"}],"wp:term":[{"taxonomy":"category","embeddable":true,"href":"https:\/\/aconteceunovale.com.br\/portal\/index.php?rest_route=%2Fwp%2Fv2%2Fcategories&post=191412"},{"taxonomy":"post_tag","embeddable":true,"href":"https:\/\/aconteceunovale.com.br\/portal\/index.php?rest_route=%2Fwp%2Fv2%2Ftags&post=191412"}],"curies":[{"name":"wp","href":"https:\/\/api.w.org\/{rel}","templated":true}]}}