{"id":19140,"date":"2014-01-23T10:11:26","date_gmt":"2014-01-23T12:11:26","guid":{"rendered":"http:\/\/aconteceunovale.com.br\/portal\/?p=19140"},"modified":"2014-01-23T10:19:06","modified_gmt":"2014-01-23T12:19:06","slug":"motociclista-tem-fratura-ao-bater-em-eucalipto-caido-em-pista-na-mgc-120","status":"publish","type":"post","link":"https:\/\/aconteceunovale.com.br\/portal\/?p=19140","title":{"rendered":"Motociclista tem fratura ao bater em eucalipto ca\u00eddo em pista na MGC-120"},"content":{"rendered":"<p>O motociclista J\u00e9ferson Silva de Oliveira, 19 anos, ficou ferido ap\u00f3s sofrer um acidente no in\u00edcio da manh\u00e3 desta quinta-feira, 23 de janeiro. Ele seguia pela MGC-120, sentido Santa Maria de Itabira, e colidiu contra um tronco de eucalipto que havia ca\u00eddo na pista. O rapaz foi atendido pelo Samu e levado ao Pronto Socorro com uma fratura na perna direita.<\/p>\n<p><img decoding=\"async\" src=\"http:\/\/aconteceunovale.com.br\/portal\/wp-content\/uploads\/2014\/01\/acidente_tronco_arvore_smi_1.jpg\" alt=\"\" \/><br \/>\n<em>(Foto: Silvio Andrade)<\/em><\/p>\n<p>Um homem que passou pelo local disse que estava escuro, mas que conseguiu ver o jovem ca\u00eddo no ch\u00e3o. Ele sinalizou a pista e acionou o Samu. Segundo ele, J\u00e9ferson gritava muito por causa da dor.<\/p>\n<p>A moto do rapaz n\u00e3o foi encontrada. No local havia apenas peda\u00e7os da lanterna do ve\u00edculo. Ningu\u00e9m soube informar quem havia levado a motocicleta. O tr\u00e2nsito ficou lento, funcionando por algum tempo s\u00f3 em uma pista.<\/p>\n<p>A Pol\u00edcia Rodovi\u00e1ria Estadual foi acionada para fazer o registro da ocorr\u00eancia. Agentes do Corpo de Bombeiros tamb\u00e9m foram para o local para cortar o tronco ca\u00eddo e liberar a pista.<\/p>\n<p><img decoding=\"async\" src=\"http:\/\/aconteceunovale.com.br\/portal\/wp-content\/uploads\/2014\/01\/acidente_tronco_arvore_smi_2.jpg\" alt=\"\" \/><br \/>\n<em>(Foto: Silvio Andrade)<\/em><\/p>\n<p><em><strong>(Fonte: Portal DeFato)<\/strong><\/em><\/p>\n","protected":false},"excerpt":{"rendered":"<p>O motociclista J\u00e9ferson Silva de Oliveira, 19 anos, ficou ferido ap\u00f3s sofrer um acidente no in\u00edcio da manh\u00e3 desta quinta-feira, 23 de janeiro. Ele seguia pela MGC-120, sentido Santa Maria de Itabira, e colidiu contra um tronco de eucalipto que havia ca\u00eddo na pista. O rapaz foi atendido pelo Samu e levado ao Pronto Socorro [&hellip;]<\/p>\n","protected":false},"author":1,"featured_media":19142,"comment_status":"open","ping_status":"closed","sticky":false,"template":"","format":"standard","meta":{"amp_status":"","footnotes":""},"categories":[123],"tags":[202,3383,3382,1738],"class_list":["post-19140","post","type-post","status-publish","format-standard","has-post-thumbnail","hentry","category-gerais","tag-itabira","tag-jeferson-silva-de-oliveira","tag-motociclista-tem-fratura-ao-bater-em-eucalipto-caido-em-pista-na-mgc-120","tag-santa-maria-de-itabira"],"_links":{"self":[{"href":"https:\/\/aconteceunovale.com.br\/portal\/index.php?rest_route=\/wp\/v2\/posts\/19140","targetHints":{"allow":["GET"]}}],"collection":[{"href":"https:\/\/aconteceunovale.com.br\/portal\/index.php?rest_route=\/wp\/v2\/posts"}],"about":[{"href":"https:\/\/aconteceunovale.com.br\/portal\/index.php?rest_route=\/wp\/v2\/types\/post"}],"author":[{"embeddable":true,"href":"https:\/\/aconteceunovale.com.br\/portal\/index.php?rest_route=\/wp\/v2\/users\/1"}],"replies":[{"embeddable":true,"href":"https:\/\/aconteceunovale.com.br\/portal\/index.php?rest_route=%2Fwp%2Fv2%2Fcomments&post=19140"}],"version-history":[{"count":0,"href":"https:\/\/aconteceunovale.com.br\/portal\/index.php?rest_route=\/wp\/v2\/posts\/19140\/revisions"}],"wp:featuredmedia":[{"embeddable":true,"href":"https:\/\/aconteceunovale.com.br\/portal\/index.php?rest_route=\/wp\/v2\/media\/19142"}],"wp:attachment":[{"href":"https:\/\/aconteceunovale.com.br\/portal\/index.php?rest_route=%2Fwp%2Fv2%2Fmedia&parent=19140"}],"wp:term":[{"taxonomy":"category","embeddable":true,"href":"https:\/\/aconteceunovale.com.br\/portal\/index.php?rest_route=%2Fwp%2Fv2%2Fcategories&post=19140"},{"taxonomy":"post_tag","embeddable":true,"href":"https:\/\/aconteceunovale.com.br\/portal\/index.php?rest_route=%2Fwp%2Fv2%2Ftags&post=19140"}],"curies":[{"name":"wp","href":"https:\/\/api.w.org\/{rel}","templated":true}]}}