{"id":191373,"date":"2022-10-08T14:01:23","date_gmt":"2022-10-08T17:01:23","guid":{"rendered":"https:\/\/aconteceunovale.com.br\/portal\/?p=191373"},"modified":"2022-10-08T14:02:03","modified_gmt":"2022-10-08T17:02:03","slug":"imposto-de-renda-cobrado-sobre-pensao-alimenticia-sera-devolvido","status":"publish","type":"post","link":"https:\/\/aconteceunovale.com.br\/portal\/?p=191373","title":{"rendered":"Imposto de Renda cobrado sobre pens\u00e3o aliment\u00edcia ser\u00e1 devolvido"},"content":{"rendered":"\n<p class=\"wp-block-paragraph\">Os contribuintes que, nos \u00faltimos cinco anos, de 2018 a 2022, inclu\u00edram pens\u00e3o aliment\u00edcia como rendimento tribut\u00e1vel devem retificar as declara\u00e7\u00f5es de Imposto de Renda Pessoa F\u00edsica. A Receita Federal emitiu um esclarecimento sobre a n\u00e3o incid\u00eancia do imposto ap\u00f3s o Supremo Tribunal Federal (STF) decidir que esses rendimentos s\u00e3o isentos de tributos.<\/p>\n\n\n\n<p class=\"wp-block-paragraph\">Em\u00a023 de agosto, o STF publicou a decis\u00e3o que afastou a incid\u00eancia de Imposto de Renda sobre valores decorrentes de direito de fam\u00edlia. Como as pens\u00f5es alimentares se encaixam nessa categoria, tamb\u00e9m deixaram de pagar o Imposto de Renda.<\/p>\n\n\n\n<p class=\"wp-block-paragraph\">O contribuinte\u00a0ter\u00e1 de retificar a declara\u00e7\u00e3o para cada exerc\u00edcio de recolhimento ou de reten\u00e7\u00e3o indevidos de Imposto de Renda sobre pens\u00e3o aliment\u00edcia. A retifica\u00e7\u00e3o pode ser enviada por meio do programa gerador da declara\u00e7\u00e3o de cada ano, pelo\u00a0<a rel=\"noreferrer noopener\" href=\"https:\/\/cav.receita.fazenda.gov.br\/autenticacao\/login\" target=\"_blank\">Centro Virtual de Atendimento da Receita Federal (e-CAC)<\/a>, ou pelo aplicativo Meu Imposto de Renda.<\/p>\n\n\n\n<p class=\"wp-block-paragraph\">Para isso, basta informar o n\u00famero do recibo de entrega da declara\u00e7\u00e3o que ser\u00e1 retificada e manter o modelo de dedu\u00e7\u00e3o escolhido no envio da declara\u00e7\u00e3o. A Receita aconselha aos contribuintes que guardem todos os comprovantes referentes aos valores informados que podem ser pedidos para confer\u00eancia at\u00e9 que os cr\u00e9ditos tribut\u00e1rios (devolu\u00e7\u00e3o do imposto pago) prescrevam.<\/p>\n\n\n\n<h2 class=\"wp-block-heading\">Preenchimento<\/h2>\n\n\n\n<p class=\"wp-block-paragraph\">O valor de pens\u00e3o aliment\u00edcia declarado como imposto tribut\u00e1vel deve ser exclu\u00eddo e informado no campo \u201cRendimentos Isentos e N\u00e3o Tribut\u00e1veis\/Outros\u201d, especificando pens\u00e3o aliment\u00edcia. As demais informa\u00e7\u00f5es sobre o imposto pago ou retido na fonte devem ser mantidas.<\/p>\n\n\n\n<p class=\"wp-block-paragraph\">O declarante que deixou de inserir um dependente que tenha recebido rendimentos de pens\u00e3o aliment\u00edcia poder\u00e1 inclu\u00ed-lo, assim como as despesas relacionadas a ele. Nesse caso, \u00e9 necess\u00e1rio&nbsp;ter&nbsp;optado pela declara\u00e7\u00e3o tradicional em vez da simplificada na declara\u00e7\u00e3o original. Al\u00e9m disso, o dependente n\u00e3o pode ser titular da pr\u00f3pria declara\u00e7\u00e3o.<\/p>\n\n\n\n<h2 class=\"wp-block-heading\">Acerto de contas<\/h2>\n\n\n\n<p class=\"wp-block-paragraph\">Ap\u00f3s a retifica\u00e7\u00e3o o contribuinte poder\u00e1 se ver em duas situa\u00e7\u00f5es: com imposto a restituir ou com imposto pago a maior. No primeiro caso, o contribuinte\u00a0ter\u00e1 direito a uma restitui\u00e7\u00e3o maior que a da declara\u00e7\u00e3o original. A Receita pagar\u00e1 automaticamente a diferen\u00e7a na conta informada na declara\u00e7\u00e3o do Imposto de Renda, conforme cronograma de lotes e de prioridades legais.<\/p>\n\n\n\n<p class=\"wp-block-paragraph\">No segundo caso, em que o contribuinte pagou Imposto de Renda, mas teve o saldo reduzido ap\u00f3s a retifica\u00e7\u00e3o, ser\u00e1 necess\u00e1rio pedir o dinheiro de volta por meio de pedido eletr\u00f4nico de restitui\u00e7\u00e3o (Perdcomp).<\/p>\n\n\n\n<p class=\"wp-block-paragraph\">A compensa\u00e7\u00e3o do imposto pago a mais dever\u00e1 ser solicitada por meio do programa Perdcomp Web, dispon\u00edvel no Portal e-CAC.<\/p>\n\n\n\n<p class=\"wp-block-paragraph\">Em alguns casos, o contribuinte poder\u00e1 baixar o programa PGD Perdcomp, na p\u00e1gina da Receita Federal na internet. O \u00f3rg\u00e3o elaborou um\u00a0<a rel=\"noreferrer noopener\" href=\"https:\/\/www.gov.br\/pt-br\/servicos\/compensar-tributos-federais\" target=\"_blank\">guia para tirar d\u00favidas\u00a0<\/a>sobre a utiliza\u00e7\u00e3o do servi\u00e7o.<\/p>\n\n\n\n<p class=\"wp-block-paragraph\">Segundo a Receita Federal, est\u00e3o sendo analisadas op\u00e7\u00f5es para acelerar a an\u00e1lise das declara\u00e7\u00f5es retificadoras e dos lan\u00e7amentos de of\u00edcio de declara\u00e7\u00f5es com rendimentos de pens\u00e3o aliment\u00edcia.<\/p>\n\n\n\n<p class=\"wp-block-paragraph\">&#8212;&#8212;&#8212;&#8212;&#8212;&#8212;<br><br><strong>Sabia que o Aconteceu no Vale est\u00e1 tamb\u00e9m no Telegram? <a rel=\"noreferrer noopener\" href=\"https:\/\/t.me\/aconteceunovaleoficial\" target=\"_blank\">Inscreva-se no canal<\/a>.<\/strong><br><br><strong>J\u00e1 curtiu ou seguiu nossas p\u00e1ginas nas redes sociais?\u00a0Receba as not\u00edcias em primeira m\u00e3o:<\/strong><br>\u2022 <a rel=\"noreferrer noopener\" href=\"https:\/\/news.google.com\/publications\/CAAqBwgKMNjklQswi4etAw?hl=pt-BR&amp;gl=BR&amp;ceid=BR%3Apt-419\" target=\"_blank\">Google News<\/a><br>\u2022 <a rel=\"noreferrer noopener\" href=\"https:\/\/www.facebook.com\/aconteceunovale\/\" target=\"_blank\">Facebook<\/a><br>\u2022 <a rel=\"noreferrer noopener\" href=\"https:\/\/twitter.com\/noticiadosvales\" target=\"_blank\">Twitter<\/a><br>\u2022 <a rel=\"noreferrer noopener\" href=\"https:\/\/www.instagram.com\/aconteceunovale\" target=\"_blank\">Instagram<\/a><br>\u2022 <a rel=\"noreferrer noopener\" href=\"https:\/\/www.youtube.com\/AconteceunoValeOficial\" target=\"_blank\">Youtube<\/a><br>\u2022 <a rel=\"noreferrer noopener\" href=\"https:\/\/www.tiktok.com\/@aconteceunovale\" target=\"_blank\">TikTok<\/a><\/p>\n","protected":false},"excerpt":{"rendered":"<p>Os contribuintes que, nos \u00faltimos cinco anos, de 2018 a 2022, inclu\u00edram pens\u00e3o aliment\u00edcia como rendimento tribut\u00e1vel devem retificar as declara\u00e7\u00f5es de Imposto de Renda Pessoa F\u00edsica. A Receita Federal emitiu um esclarecimento sobre a n\u00e3o incid\u00eancia do imposto ap\u00f3s o Supremo Tribunal Federal (STF) decidir que esses rendimentos s\u00e3o isentos de tributos. Em\u00a023 de [&hellip;]<\/p>\n","protected":false},"author":4,"featured_media":155874,"comment_status":"open","ping_status":"closed","sticky":false,"template":"","format":"standard","meta":{"amp_status":"","footnotes":""},"categories":[6,40239],"tags":[1018,264909,264609,264911,264910,1464],"class_list":["post-191373","post","type-post","status-publish","format-standard","has-post-thumbnail","hentry","category-br","category-economia-2","tag-destaque","tag-imposto-de-renda-cobrado-sobre-pensao-alimenticia-sera-devolvido","tag-imposto-de-renda-sobre-pensao-alimenticia","tag-imposto-pensao-alimenticia","tag-irpf-pensao-alimenticia","tag-receita-federal"],"yoast_head":"<!-- This site is optimized with the Yoast SEO plugin v28.3 - https:\/\/yoast.com\/product\/yoast-seo-wordpress\/ -->\n<title>Imposto de Renda cobrado sobre pens\u00e3o aliment\u00edcia ser\u00e1 devolvido - Aconteceu no Vale<\/title>\n<meta name=\"robots\" content=\"index, follow, max-snippet:-1, max-image-preview:large, max-video-preview:-1\" \/>\n<link rel=\"canonical\" href=\"https:\/\/aconteceunovale.com.br\/portal\/?p=191373\" \/>\n<meta property=\"og:locale\" content=\"pt_BR\" \/>\n<meta property=\"og:type\" content=\"article\" \/>\n<meta property=\"og:title\" content=\"Imposto de Renda cobrado sobre pens\u00e3o aliment\u00edcia ser\u00e1 devolvido - Aconteceu no Vale\" \/>\n<meta property=\"og:description\" content=\"Os contribuintes que, nos \u00faltimos cinco anos, de 2018 a 2022, inclu\u00edram pens\u00e3o aliment\u00edcia como rendimento tribut\u00e1vel devem retificar as declara\u00e7\u00f5es de Imposto de Renda Pessoa F\u00edsica. A Receita Federal emitiu um esclarecimento sobre a n\u00e3o incid\u00eancia do imposto ap\u00f3s o Supremo Tribunal Federal (STF) decidir que esses rendimentos s\u00e3o isentos de tributos. Em\u00a023 de [&hellip;]\" \/>\n<meta property=\"og:url\" content=\"https:\/\/aconteceunovale.com.br\/portal\/?p=191373\" \/>\n<meta property=\"og:site_name\" content=\"Aconteceu no Vale\" \/>\n<meta property=\"article:publisher\" content=\"https:\/\/www.facebook.com\/aconteceunovale\/\" \/>\n<meta property=\"article:published_time\" content=\"2022-10-08T17:01:23+00:00\" \/>\n<meta property=\"article:modified_time\" content=\"2022-10-08T17:02:03+00:00\" \/>\n<meta property=\"og:image\" content=\"https:\/\/aconteceunovale.com.br\/portal\/wp-content\/uploads\/2019\/12\/receita_federal.jpg\" \/>\n\t<meta property=\"og:image:width\" content=\"675\" \/>\n\t<meta property=\"og:image:height\" content=\"450\" \/>\n\t<meta property=\"og:image:type\" content=\"image\/jpeg\" \/>\n<meta name=\"author\" content=\"Reda\u00e7\u00e3o Aconteceu no Vale\" \/>\n<meta name=\"twitter:card\" content=\"summary_large_image\" \/>\n<meta name=\"twitter:creator\" content=\"@noticiadosvales\" \/>\n<meta name=\"twitter:site\" content=\"@noticiadosvales\" \/>\n<meta name=\"twitter:label1\" content=\"Escrito por\" \/>\n\t<meta name=\"twitter:data1\" content=\"Reda\u00e7\u00e3o Aconteceu no Vale\" \/>\n\t<meta name=\"twitter:label2\" content=\"Est. tempo de leitura\" \/>\n\t<meta name=\"twitter:data2\" content=\"3 minutos\" \/>\n<script type=\"application\/ld+json\" class=\"yoast-schema-graph\">{\"@context\":\"https:\\\/\\\/schema.org\",\"@graph\":[{\"@type\":\"Article\",\"@id\":\"https:\\\/\\\/aconteceunovale.com.br\\\/portal\\\/?p=191373#article\",\"isPartOf\":{\"@id\":\"https:\\\/\\\/aconteceunovale.com.br\\\/portal\\\/?p=191373\"},\"author\":{\"name\":\"Reda\u00e7\u00e3o Aconteceu no Vale\",\"@id\":\"https:\\\/\\\/aconteceunovale.com.br\\\/portal\\\/#\\\/schema\\\/person\\\/7d2f26d1483f8a63de73da1ee0754d35\"},\"headline\":\"Imposto de Renda cobrado sobre pens\u00e3o aliment\u00edcia ser\u00e1 devolvido\",\"datePublished\":\"2022-10-08T17:01:23+00:00\",\"dateModified\":\"2022-10-08T17:02:03+00:00\",\"mainEntityOfPage\":{\"@id\":\"https:\\\/\\\/aconteceunovale.com.br\\\/portal\\\/?p=191373\"},\"wordCount\":595,\"commentCount\":0,\"image\":{\"@id\":\"https:\\\/\\\/aconteceunovale.com.br\\\/portal\\\/?p=191373#primaryimage\"},\"thumbnailUrl\":\"https:\\\/\\\/aconteceunovale.com.br\\\/portal\\\/wp-content\\\/uploads\\\/2019\\\/12\\\/receita_federal.jpg\",\"keywords\":[\"destaque\",\"Imposto de Renda cobrado sobre pens\u00e3o aliment\u00edcia ser\u00e1 devolvido\",\"Imposto de renda sobre pens\u00e3o aliment\u00edcia\",\"Imposto pens\u00e3o aliment\u00edcia\",\"IRPF pens\u00e3o aliment\u00edcia\",\"receita federal\"],\"articleSection\":[\"Brasil\",\"Economia\"],\"inLanguage\":\"pt-BR\",\"potentialAction\":[{\"@type\":\"CommentAction\",\"name\":\"Comment\",\"target\":[\"https:\\\/\\\/aconteceunovale.com.br\\\/portal\\\/?p=191373#respond\"]}]},{\"@type\":\"WebPage\",\"@id\":\"https:\\\/\\\/aconteceunovale.com.br\\\/portal\\\/?p=191373\",\"url\":\"https:\\\/\\\/aconteceunovale.com.br\\\/portal\\\/?p=191373\",\"name\":\"Imposto de Renda cobrado sobre pens\u00e3o aliment\u00edcia ser\u00e1 devolvido - Aconteceu no Vale\",\"isPartOf\":{\"@id\":\"https:\\\/\\\/aconteceunovale.com.br\\\/portal\\\/#website\"},\"primaryImageOfPage\":{\"@id\":\"https:\\\/\\\/aconteceunovale.com.br\\\/portal\\\/?p=191373#primaryimage\"},\"image\":{\"@id\":\"https:\\\/\\\/aconteceunovale.com.br\\\/portal\\\/?p=191373#primaryimage\"},\"thumbnailUrl\":\"https:\\\/\\\/aconteceunovale.com.br\\\/portal\\\/wp-content\\\/uploads\\\/2019\\\/12\\\/receita_federal.jpg\",\"datePublished\":\"2022-10-08T17:01:23+00:00\",\"dateModified\":\"2022-10-08T17:02:03+00:00\",\"author\":{\"@id\":\"https:\\\/\\\/aconteceunovale.com.br\\\/portal\\\/#\\\/schema\\\/person\\\/7d2f26d1483f8a63de73da1ee0754d35\"},\"breadcrumb\":{\"@id\":\"https:\\\/\\\/aconteceunovale.com.br\\\/portal\\\/?p=191373#breadcrumb\"},\"inLanguage\":\"pt-BR\",\"potentialAction\":[{\"@type\":\"ReadAction\",\"target\":[\"https:\\\/\\\/aconteceunovale.com.br\\\/portal\\\/?p=191373\"]}]},{\"@type\":\"ImageObject\",\"inLanguage\":\"pt-BR\",\"@id\":\"https:\\\/\\\/aconteceunovale.com.br\\\/portal\\\/?p=191373#primaryimage\",\"url\":\"https:\\\/\\\/aconteceunovale.com.br\\\/portal\\\/wp-content\\\/uploads\\\/2019\\\/12\\\/receita_federal.jpg\",\"contentUrl\":\"https:\\\/\\\/aconteceunovale.com.br\\\/portal\\\/wp-content\\\/uploads\\\/2019\\\/12\\\/receita_federal.jpg\",\"width\":675,\"height\":450},{\"@type\":\"BreadcrumbList\",\"@id\":\"https:\\\/\\\/aconteceunovale.com.br\\\/portal\\\/?p=191373#breadcrumb\",\"itemListElement\":[{\"@type\":\"ListItem\",\"position\":1,\"name\":\"In\u00edcio\",\"item\":\"https:\\\/\\\/aconteceunovale.com.br\\\/portal\\\/\"},{\"@type\":\"ListItem\",\"position\":2,\"name\":\"Imposto de Renda cobrado sobre pens\u00e3o aliment\u00edcia ser\u00e1 devolvido\"}]},{\"@type\":\"WebSite\",\"@id\":\"https:\\\/\\\/aconteceunovale.com.br\\\/portal\\\/#website\",\"url\":\"https:\\\/\\\/aconteceunovale.com.br\\\/portal\\\/\",\"name\":\"Aconteceu no Vale\",\"description\":\"Portal de Not\u00edcias\",\"potentialAction\":[{\"@type\":\"SearchAction\",\"target\":{\"@type\":\"EntryPoint\",\"urlTemplate\":\"https:\\\/\\\/aconteceunovale.com.br\\\/portal\\\/?s={search_term_string}\"},\"query-input\":{\"@type\":\"PropertyValueSpecification\",\"valueRequired\":true,\"valueName\":\"search_term_string\"}}],\"inLanguage\":\"pt-BR\"},{\"@type\":\"Person\",\"@id\":\"https:\\\/\\\/aconteceunovale.com.br\\\/portal\\\/#\\\/schema\\\/person\\\/7d2f26d1483f8a63de73da1ee0754d35\",\"name\":\"Reda\u00e7\u00e3o Aconteceu no Vale\",\"description\":\"Equipe de reportagem do Aconteceu no Vale, portal de not\u00edcias do Vale do Jequitinhonha, em Minas Gerais. Cobrimos as 51 cidades do Vale desde 2013. Sugest\u00f5es de pauta e pedidos de corre\u00e7\u00e3o: contato@aconteceunovale.com.br\",\"url\":\"https:\\\/\\\/aconteceunovale.com.br\\\/portal\\\/?author=4\"}]}<\/script>\n<!-- \/ Yoast SEO plugin. -->","yoast_head_json":{"title":"Imposto de Renda cobrado sobre pens\u00e3o aliment\u00edcia ser\u00e1 devolvido - Aconteceu no Vale","robots":{"index":"index","follow":"follow","max-snippet":"max-snippet:-1","max-image-preview":"max-image-preview:large","max-video-preview":"max-video-preview:-1"},"canonical":"https:\/\/aconteceunovale.com.br\/portal\/?p=191373","og_locale":"pt_BR","og_type":"article","og_title":"Imposto de Renda cobrado sobre pens\u00e3o aliment\u00edcia ser\u00e1 devolvido - Aconteceu no Vale","og_description":"Os contribuintes que, nos \u00faltimos cinco anos, de 2018 a 2022, inclu\u00edram pens\u00e3o aliment\u00edcia como rendimento tribut\u00e1vel devem retificar as declara\u00e7\u00f5es de Imposto de Renda Pessoa F\u00edsica. A Receita Federal emitiu um esclarecimento sobre a n\u00e3o incid\u00eancia do imposto ap\u00f3s o Supremo Tribunal Federal (STF) decidir que esses rendimentos s\u00e3o isentos de tributos. Em\u00a023 de [&hellip;]","og_url":"https:\/\/aconteceunovale.com.br\/portal\/?p=191373","og_site_name":"Aconteceu no Vale","article_publisher":"https:\/\/www.facebook.com\/aconteceunovale\/","article_published_time":"2022-10-08T17:01:23+00:00","article_modified_time":"2022-10-08T17:02:03+00:00","og_image":[{"width":675,"height":450,"url":"https:\/\/aconteceunovale.com.br\/portal\/wp-content\/uploads\/2019\/12\/receita_federal.jpg","type":"image\/jpeg"}],"author":"Reda\u00e7\u00e3o Aconteceu no Vale","twitter_card":"summary_large_image","twitter_creator":"@noticiadosvales","twitter_site":"@noticiadosvales","twitter_misc":{"Escrito por":"Reda\u00e7\u00e3o Aconteceu no Vale","Est. tempo de leitura":"3 minutos"},"schema":{"@context":"https:\/\/schema.org","@graph":[{"@type":"Article","@id":"https:\/\/aconteceunovale.com.br\/portal\/?p=191373#article","isPartOf":{"@id":"https:\/\/aconteceunovale.com.br\/portal\/?p=191373"},"author":{"name":"Reda\u00e7\u00e3o Aconteceu no Vale","@id":"https:\/\/aconteceunovale.com.br\/portal\/#\/schema\/person\/7d2f26d1483f8a63de73da1ee0754d35"},"headline":"Imposto de Renda cobrado sobre pens\u00e3o aliment\u00edcia ser\u00e1 devolvido","datePublished":"2022-10-08T17:01:23+00:00","dateModified":"2022-10-08T17:02:03+00:00","mainEntityOfPage":{"@id":"https:\/\/aconteceunovale.com.br\/portal\/?p=191373"},"wordCount":595,"commentCount":0,"image":{"@id":"https:\/\/aconteceunovale.com.br\/portal\/?p=191373#primaryimage"},"thumbnailUrl":"https:\/\/aconteceunovale.com.br\/portal\/wp-content\/uploads\/2019\/12\/receita_federal.jpg","keywords":["destaque","Imposto de Renda cobrado sobre pens\u00e3o aliment\u00edcia ser\u00e1 devolvido","Imposto de renda sobre pens\u00e3o aliment\u00edcia","Imposto pens\u00e3o aliment\u00edcia","IRPF pens\u00e3o aliment\u00edcia","receita federal"],"articleSection":["Brasil","Economia"],"inLanguage":"pt-BR","potentialAction":[{"@type":"CommentAction","name":"Comment","target":["https:\/\/aconteceunovale.com.br\/portal\/?p=191373#respond"]}]},{"@type":"WebPage","@id":"https:\/\/aconteceunovale.com.br\/portal\/?p=191373","url":"https:\/\/aconteceunovale.com.br\/portal\/?p=191373","name":"Imposto de Renda cobrado sobre pens\u00e3o aliment\u00edcia ser\u00e1 devolvido - Aconteceu no Vale","isPartOf":{"@id":"https:\/\/aconteceunovale.com.br\/portal\/#website"},"primaryImageOfPage":{"@id":"https:\/\/aconteceunovale.com.br\/portal\/?p=191373#primaryimage"},"image":{"@id":"https:\/\/aconteceunovale.com.br\/portal\/?p=191373#primaryimage"},"thumbnailUrl":"https:\/\/aconteceunovale.com.br\/portal\/wp-content\/uploads\/2019\/12\/receita_federal.jpg","datePublished":"2022-10-08T17:01:23+00:00","dateModified":"2022-10-08T17:02:03+00:00","author":{"@id":"https:\/\/aconteceunovale.com.br\/portal\/#\/schema\/person\/7d2f26d1483f8a63de73da1ee0754d35"},"breadcrumb":{"@id":"https:\/\/aconteceunovale.com.br\/portal\/?p=191373#breadcrumb"},"inLanguage":"pt-BR","potentialAction":[{"@type":"ReadAction","target":["https:\/\/aconteceunovale.com.br\/portal\/?p=191373"]}]},{"@type":"ImageObject","inLanguage":"pt-BR","@id":"https:\/\/aconteceunovale.com.br\/portal\/?p=191373#primaryimage","url":"https:\/\/aconteceunovale.com.br\/portal\/wp-content\/uploads\/2019\/12\/receita_federal.jpg","contentUrl":"https:\/\/aconteceunovale.com.br\/portal\/wp-content\/uploads\/2019\/12\/receita_federal.jpg","width":675,"height":450},{"@type":"BreadcrumbList","@id":"https:\/\/aconteceunovale.com.br\/portal\/?p=191373#breadcrumb","itemListElement":[{"@type":"ListItem","position":1,"name":"In\u00edcio","item":"https:\/\/aconteceunovale.com.br\/portal\/"},{"@type":"ListItem","position":2,"name":"Imposto de Renda cobrado sobre pens\u00e3o aliment\u00edcia ser\u00e1 devolvido"}]},{"@type":"WebSite","@id":"https:\/\/aconteceunovale.com.br\/portal\/#website","url":"https:\/\/aconteceunovale.com.br\/portal\/","name":"Aconteceu no Vale","description":"Portal de Not\u00edcias","potentialAction":[{"@type":"SearchAction","target":{"@type":"EntryPoint","urlTemplate":"https:\/\/aconteceunovale.com.br\/portal\/?s={search_term_string}"},"query-input":{"@type":"PropertyValueSpecification","valueRequired":true,"valueName":"search_term_string"}}],"inLanguage":"pt-BR"},{"@type":"Person","@id":"https:\/\/aconteceunovale.com.br\/portal\/#\/schema\/person\/7d2f26d1483f8a63de73da1ee0754d35","name":"Reda\u00e7\u00e3o Aconteceu no Vale","description":"Equipe de reportagem do Aconteceu no Vale, portal de not\u00edcias do Vale do Jequitinhonha, em Minas Gerais. Cobrimos as 51 cidades do Vale desde 2013. Sugest\u00f5es de pauta e pedidos de corre\u00e7\u00e3o: contato@aconteceunovale.com.br","url":"https:\/\/aconteceunovale.com.br\/portal\/?author=4"}]}},"_links":{"self":[{"href":"https:\/\/aconteceunovale.com.br\/portal\/index.php?rest_route=\/wp\/v2\/posts\/191373","targetHints":{"allow":["GET"]}}],"collection":[{"href":"https:\/\/aconteceunovale.com.br\/portal\/index.php?rest_route=\/wp\/v2\/posts"}],"about":[{"href":"https:\/\/aconteceunovale.com.br\/portal\/index.php?rest_route=\/wp\/v2\/types\/post"}],"author":[{"embeddable":true,"href":"https:\/\/aconteceunovale.com.br\/portal\/index.php?rest_route=\/wp\/v2\/users\/4"}],"replies":[{"embeddable":true,"href":"https:\/\/aconteceunovale.com.br\/portal\/index.php?rest_route=%2Fwp%2Fv2%2Fcomments&post=191373"}],"version-history":[{"count":1,"href":"https:\/\/aconteceunovale.com.br\/portal\/index.php?rest_route=\/wp\/v2\/posts\/191373\/revisions"}],"predecessor-version":[{"id":191374,"href":"https:\/\/aconteceunovale.com.br\/portal\/index.php?rest_route=\/wp\/v2\/posts\/191373\/revisions\/191374"}],"wp:featuredmedia":[{"embeddable":true,"href":"https:\/\/aconteceunovale.com.br\/portal\/index.php?rest_route=\/wp\/v2\/media\/155874"}],"wp:attachment":[{"href":"https:\/\/aconteceunovale.com.br\/portal\/index.php?rest_route=%2Fwp%2Fv2%2Fmedia&parent=191373"}],"wp:term":[{"taxonomy":"category","embeddable":true,"href":"https:\/\/aconteceunovale.com.br\/portal\/index.php?rest_route=%2Fwp%2Fv2%2Fcategories&post=191373"},{"taxonomy":"post_tag","embeddable":true,"href":"https:\/\/aconteceunovale.com.br\/portal\/index.php?rest_route=%2Fwp%2Fv2%2Ftags&post=191373"}],"curies":[{"name":"wp","href":"https:\/\/api.w.org\/{rel}","templated":true}]}}