{"id":19137,"date":"2014-01-23T10:07:30","date_gmt":"2014-01-23T12:07:30","guid":{"rendered":"http:\/\/aconteceunovale.com.br\/portal\/?p=19137"},"modified":"2014-01-23T10:07:30","modified_gmt":"2014-01-23T12:07:30","slug":"acervo-atribuido-a-aleijadinho-sera-restaurado-em-ferros","status":"publish","type":"post","link":"https:\/\/aconteceunovale.com.br\/portal\/?p=19137","title":{"rendered":"Acervo atribu\u00eddo a Aleijadinho ser\u00e1 restaurado em Ferros"},"content":{"rendered":"<p>Em breve, Ferros ter\u00e1 de volta um importante bem cultural: O acervo escult\u00f3rico dos Passos da Paix\u00e3o de Cristo, obra atribu\u00edda a Aleijadinho. S\u00e3o dez imagens de madeira policromada que retratam as cenas do mart\u00edrio de Cristo e que come\u00e7ar\u00e3o a ser restauradas ainda neste m\u00eas de janeiro.<\/p>\n<p><img decoding=\"async\" src=\"http:\/\/aconteceunovale.com.br\/portal\/wp-content\/uploads\/2014\/01\/acervo_aleijadinho_ferros.jpg\" alt=\"\" \/><br \/>\n<em><strong>Acervo, guardado por d\u00e9cadas na Matriz de Sant&#8217;Ana, encontra-se em p\u00e9ssimo estado de conserva\u00e7\u00e3o<\/strong><\/em><\/p>\n<p>Para assegurar a recupera\u00e7\u00e3o das sete primeiras imagens, foram captados junto ao Fundo Estadual de Cultural (FEC) R$ 88.000,00. Outros R$ 22.200,00 ser\u00e3o investidos na restaura\u00e7\u00e3o dessas pe\u00e7as como contrapartida obrigat\u00f3ria do munic\u00edpio. Em 2013, mais R$ 65.000,00 foram liberados pelo FEC para restaurar as tr\u00eas imagens restantes, com R$ 18.250 em contrapartidas obrigat\u00f3rias do munic\u00edpio.<\/p>\n<p>A engenheira arquiteta da Prefeitura, Rita Leite, explica a import\u00e2ncia da medida. \u201cEssas imagens foram doadas para Ferros pelo Col\u00e9gio do Cara\u00e7a em meados do s\u00e9culo passado, trazidas para a cidade em lombo de burro. Est\u00e3o em p\u00e9ssimo estado de conserva\u00e7\u00e3o, mas s\u00e3o tombadas pelo Patrim\u00f4nio Art\u00edstico e Cultural do munic\u00edpio. A sua restaura\u00e7\u00e3o significa devolver a Ferros e a Minas Gerais uma importante p\u00e1gina da hist\u00f3ria\u201d, diz Rita.<\/p>\n<p>A restaura\u00e7\u00e3o ficar\u00e1 a cargo da empresa Mem\u00f3ria Arquitetura Limitada, vencedora da licita\u00e7\u00e3o, e os trabalhos devem ser conclu\u00eddos at\u00e9 dezembro deste ano, de acordo com o contrato.<\/p>\n<p>Na d\u00e9cada de 1990, as imagens j\u00e1 haviam passado por interven\u00e7\u00e3o de t\u00e9cnicos do Instituto Estadual de Patrim\u00f4nio Hist\u00f3rico e Art\u00edstico (Iepha). Eles fizeram a desinfesta\u00e7\u00e3o de cupins. A Prefeitura elabora um projeto para instalar o acervo de volta ao seu local de origem, a Igreja Matriz de Sant\u2019Ana. Por quest\u00f5es de seguran\u00e7a, n\u00e3o ser\u00e1 informado o local da restaura\u00e7\u00e3o.<\/p>\n<p><em>(Fonte: Portal DeFato)<\/em><\/p>\n","protected":false},"excerpt":{"rendered":"<p>Em breve, Ferros ter\u00e1 de volta um importante bem cultural: O acervo escult\u00f3rico dos Passos da Paix\u00e3o de Cristo, obra atribu\u00edda a Aleijadinho. S\u00e3o dez imagens de madeira policromada que retratam as cenas do mart\u00edrio de Cristo e que come\u00e7ar\u00e3o a ser restauradas ainda neste m\u00eas de janeiro. Acervo, guardado por d\u00e9cadas na Matriz de [&hellip;]<\/p>\n","protected":false},"author":1,"featured_media":19138,"comment_status":"open","ping_status":"closed","sticky":false,"template":"","format":"standard","meta":{"amp_status":"","footnotes":""},"categories":[123],"tags":[3377,3381,3380,3379,3378],"class_list":["post-19137","post","type-post","status-publish","format-standard","has-post-thumbnail","hentry","category-gerais","tag-acervo-atribuido-a-aleijadinho-sera-restaurado-em-ferros","tag-acervo-escultorico-dos-passos-da-paixao-de-cristo","tag-aleijadinho","tag-arte-barroca","tag-ferros"],"_links":{"self":[{"href":"https:\/\/aconteceunovale.com.br\/portal\/index.php?rest_route=\/wp\/v2\/posts\/19137","targetHints":{"allow":["GET"]}}],"collection":[{"href":"https:\/\/aconteceunovale.com.br\/portal\/index.php?rest_route=\/wp\/v2\/posts"}],"about":[{"href":"https:\/\/aconteceunovale.com.br\/portal\/index.php?rest_route=\/wp\/v2\/types\/post"}],"author":[{"embeddable":true,"href":"https:\/\/aconteceunovale.com.br\/portal\/index.php?rest_route=\/wp\/v2\/users\/1"}],"replies":[{"embeddable":true,"href":"https:\/\/aconteceunovale.com.br\/portal\/index.php?rest_route=%2Fwp%2Fv2%2Fcomments&post=19137"}],"version-history":[{"count":0,"href":"https:\/\/aconteceunovale.com.br\/portal\/index.php?rest_route=\/wp\/v2\/posts\/19137\/revisions"}],"wp:featuredmedia":[{"embeddable":true,"href":"https:\/\/aconteceunovale.com.br\/portal\/index.php?rest_route=\/wp\/v2\/media\/19138"}],"wp:attachment":[{"href":"https:\/\/aconteceunovale.com.br\/portal\/index.php?rest_route=%2Fwp%2Fv2%2Fmedia&parent=19137"}],"wp:term":[{"taxonomy":"category","embeddable":true,"href":"https:\/\/aconteceunovale.com.br\/portal\/index.php?rest_route=%2Fwp%2Fv2%2Fcategories&post=19137"},{"taxonomy":"post_tag","embeddable":true,"href":"https:\/\/aconteceunovale.com.br\/portal\/index.php?rest_route=%2Fwp%2Fv2%2Ftags&post=19137"}],"curies":[{"name":"wp","href":"https:\/\/api.w.org\/{rel}","templated":true}]}}