{"id":191365,"date":"2022-10-07T16:15:20","date_gmt":"2022-10-07T19:15:20","guid":{"rendered":"https:\/\/aconteceunovale.com.br\/portal\/?p=191365"},"modified":"2022-10-07T16:16:39","modified_gmt":"2022-10-07T19:16:39","slug":"inscricoes-abertas-para-o-empretec-em-teofilo-otoni","status":"publish","type":"post","link":"https:\/\/aconteceunovale.com.br\/portal\/?p=191365","title":{"rendered":"Inscri\u00e7\u00f5es abertas para o Empretec em Te\u00f3filo Otoni"},"content":{"rendered":"\n<p class=\"wp-block-paragraph\">O Sebrae Minas est\u00e1 com inscri\u00e7\u00f5es abertas para o\u00a0Empretec,\u00a0que ir\u00e1 ocorrer entre 16 e 21 de outubro, em Te\u00f3filo Otoni, no Vale do Mucuri. A capacita\u00e7\u00e3o \u00e9 voltada para pessoas que desejam abrir um neg\u00f3cio, gerir melhor o seu empreendimento ou descobrir novas oportunidades de atua\u00e7\u00e3o no mercado. As vagas s\u00e3o limitadas e as inscri\u00e7\u00f5es podem ser feitas at\u00e9 sexta-feira (7\/10), no site do\u00a0<a rel=\"noreferrer noopener\" href=\"https:\/\/empretecsebraeminas.com.br\/curso\/teofilo-otoni-2\/\" target=\"_blank\">Empretec<\/a>, pelo telefone (33) 3529-4950 ou na ag\u00eancia de atendimento do Sebrae Minas no munic\u00edpio.\u00a0<\/p>\n\n\n\n<figure class=\"wp-block-gallery alignleft has-nested-images columns-default is-cropped wp-block-gallery-1 is-layout-flex wp-block-gallery-is-layout-flex\">\n<figure class=\"wp-block-image size-large\"><img loading=\"lazy\" decoding=\"async\" width=\"450\" height=\"450\" data-id=\"191366\" src=\"https:\/\/aconteceunovale.com.br\/portal\/wp-content\/uploads\/2022\/10\/empretec_teo_1.jpeg\" alt=\"\" class=\"wp-image-191366\" srcset=\"https:\/\/aconteceunovale.com.br\/portal\/wp-content\/uploads\/2022\/10\/empretec_teo_1.jpeg 450w, https:\/\/aconteceunovale.com.br\/portal\/wp-content\/uploads\/2022\/10\/empretec_teo_1-300x300.jpeg 300w, https:\/\/aconteceunovale.com.br\/portal\/wp-content\/uploads\/2022\/10\/empretec_teo_1-150x150.jpeg 150w, https:\/\/aconteceunovale.com.br\/portal\/wp-content\/uploads\/2022\/10\/empretec_teo_1-420x420.jpeg 420w\" sizes=\"auto, (max-width: 450px) 100vw, 450px\" \/><\/figure>\n<\/figure>\n\n\n\n<p class=\"wp-block-paragraph\">O Empretec \u00e9 um semin\u00e1rio desenvolvido pela Organiza\u00e7\u00e3o das Na\u00e7\u00f5es Unidas (ONU), promovido em 40 pa\u00edses e ministrado no Brasil com exclusividade pelo Sebrae. S\u00e3o seis dias de imers\u00e3o e 60 horas de dura\u00e7\u00e3o, com atividades pr\u00e1ticas e dedica\u00e7\u00e3o exclusiva dos participantes. O objetivo \u00e9 estimular compet\u00eancias e comportamentos empreendedores, tais como: a capacidade de identificar oportunidades, calcular riscos, buscar informa\u00e7\u00f5es, estabelecer metas, planejar e monitorar sistematicamente, criar redes de contatos, ser persistente, ter independ\u00eancia e autoconfian\u00e7a.\u00a0<\/p>\n\n\n\n<p class=\"wp-block-paragraph\">&#8220;O Empretec desperta nos participantes todo o seu potencial empreendedor. Se trata de uma capacita\u00e7\u00e3o comportamental e vivencial, que releva aos participantes que os fatores determinantes para se obter sucesso est\u00e3o dentro de cada um, sendo, muitas vezes, necess\u00e1rio lapid\u00e1-los. Estamos aqui para apoi\u00e1-los neste processo de descoberta e crescimento&#8221;, explica a analista do Sebrae Minas Deborah Constantino.<\/p>\n\n\n\n<p class=\"wp-block-paragraph\"><strong>SERVI\u00c7O<\/strong>&nbsp;<\/p>\n\n\n\n<p class=\"wp-block-paragraph\">Empretec em Te\u00f3filo Otoni&nbsp;<\/p>\n\n\n\n<p class=\"wp-block-paragraph\">Data: 16 a 21 de outubro&nbsp;<\/p>\n\n\n\n<p class=\"wp-block-paragraph\">Inscri\u00e7\u00f5es: At\u00e9 11 de outubro, pelo site&nbsp;<a href=\"http:\/\/www.empretecsebraeminas.com.br\/curso\/teofilo-otoni\/\" target=\"_blank\" rel=\"noreferrer noopener\">www.empretecsebraeminas.com.br\/curso\/teofilo-otoni\/<\/a>&nbsp;<\/p>\n\n\n\n<p class=\"wp-block-paragraph\">Informa\u00e7\u00f5es: (33) 3529-4950\u00a0<\/p>\n\n\n\n<p class=\"wp-block-paragraph\"><\/p>\n\n\n\n<p class=\"wp-block-paragraph\">&#8212;&#8212;&#8212;&#8212;&#8212;&#8212;<br><br><strong>Sabia que o Aconteceu no Vale est\u00e1 tamb\u00e9m no Telegram? <a rel=\"noreferrer noopener\" href=\"https:\/\/t.me\/aconteceunovaleoficial\" target=\"_blank\">Inscreva-se no canal<\/a>.<\/strong><br><br><strong>J\u00e1 curtiu ou seguiu nossas p\u00e1ginas nas redes sociais?\u00a0Receba as not\u00edcias em primeira m\u00e3o:<\/strong><br>\u2022 <a rel=\"noreferrer noopener\" href=\"https:\/\/news.google.com\/publications\/CAAqBwgKMNjklQswi4etAw?hl=pt-BR&amp;gl=BR&amp;ceid=BR%3Apt-419\" target=\"_blank\">Google News<\/a><br>\u2022 <a rel=\"noreferrer noopener\" href=\"https:\/\/www.facebook.com\/aconteceunovale\/\" target=\"_blank\">Facebook<\/a><br>\u2022 <a rel=\"noreferrer noopener\" href=\"https:\/\/twitter.com\/noticiadosvales\" target=\"_blank\">Twitter<\/a><br>\u2022 <a rel=\"noreferrer noopener\" href=\"https:\/\/www.instagram.com\/aconteceunovale\" target=\"_blank\">Instagram<\/a><br>\u2022 <a rel=\"noreferrer noopener\" href=\"https:\/\/www.youtube.com\/AconteceunoValeOficial\" target=\"_blank\">Youtube<\/a><br>\u2022 <a rel=\"noreferrer noopener\" href=\"https:\/\/www.tiktok.com\/@aconteceunovale\" target=\"_blank\">TikTok<\/a><\/p>\n","protected":false},"excerpt":{"rendered":"<p>O Sebrae Minas est\u00e1 com inscri\u00e7\u00f5es abertas para o\u00a0Empretec,\u00a0que ir\u00e1 ocorrer entre 16 e 21 de outubro, em Te\u00f3filo Otoni, no Vale do Mucuri. A capacita\u00e7\u00e3o \u00e9 voltada para pessoas que desejam abrir um neg\u00f3cio, gerir melhor o seu empreendimento ou descobrir novas oportunidades de atua\u00e7\u00e3o no mercado. As vagas s\u00e3o limitadas e as inscri\u00e7\u00f5es [&hellip;]<\/p>\n","protected":false},"author":4,"featured_media":191367,"comment_status":"open","ping_status":"closed","sticky":false,"template":"","format":"standard","meta":{"amp_status":"","footnotes":""},"categories":[125,122],"tags":[1018,138639,264901,264900,264902,176,44759,164],"class_list":["post-191365","post","type-post","status-publish","format-standard","has-post-thumbnail","hentry","category-noticias","category-mucuri","tag-destaque","tag-empretec","tag-empretec-em-teofilo-otoni","tag-inscricoes-abertas-para-o-empretec-em-teofilo-otoni","tag-inscricoes-empretec-em-teofilo-otoni","tag-sebrae","tag-sebrae-minas","tag-teofilo-otoni"],"yoast_head":"<!-- This site is optimized with the Yoast SEO plugin v28.3 - https:\/\/yoast.com\/product\/yoast-seo-wordpress\/ -->\n<title>Inscri\u00e7\u00f5es abertas para o Empretec em Te\u00f3filo Otoni - Aconteceu no Vale<\/title>\n<meta name=\"robots\" content=\"index, follow, max-snippet:-1, max-image-preview:large, max-video-preview:-1\" \/>\n<link rel=\"canonical\" href=\"https:\/\/aconteceunovale.com.br\/portal\/?p=191365\" \/>\n<meta property=\"og:locale\" content=\"pt_BR\" \/>\n<meta property=\"og:type\" content=\"article\" \/>\n<meta property=\"og:title\" content=\"Inscri\u00e7\u00f5es abertas para o Empretec em Te\u00f3filo Otoni - Aconteceu no Vale\" \/>\n<meta property=\"og:description\" content=\"O Sebrae Minas est\u00e1 com inscri\u00e7\u00f5es abertas para o\u00a0Empretec,\u00a0que ir\u00e1 ocorrer entre 16 e 21 de outubro, em Te\u00f3filo Otoni, no Vale do Mucuri. A capacita\u00e7\u00e3o \u00e9 voltada para pessoas que desejam abrir um neg\u00f3cio, gerir melhor o seu empreendimento ou descobrir novas oportunidades de atua\u00e7\u00e3o no mercado. As vagas s\u00e3o limitadas e as inscri\u00e7\u00f5es [&hellip;]\" \/>\n<meta property=\"og:url\" content=\"https:\/\/aconteceunovale.com.br\/portal\/?p=191365\" \/>\n<meta property=\"og:site_name\" content=\"Aconteceu no Vale\" \/>\n<meta property=\"article:publisher\" content=\"https:\/\/www.facebook.com\/aconteceunovale\/\" \/>\n<meta property=\"article:published_time\" content=\"2022-10-07T19:15:20+00:00\" \/>\n<meta property=\"article:modified_time\" content=\"2022-10-07T19:16:39+00:00\" \/>\n<meta property=\"og:image\" content=\"https:\/\/aconteceunovale.com.br\/portal\/wp-content\/uploads\/2022\/10\/empretec_teo_2.jpeg\" \/>\n\t<meta property=\"og:image:width\" content=\"678\" \/>\n\t<meta property=\"og:image:height\" content=\"450\" \/>\n\t<meta property=\"og:image:type\" content=\"image\/jpeg\" \/>\n<meta name=\"author\" content=\"Reda\u00e7\u00e3o Aconteceu no Vale\" \/>\n<meta name=\"twitter:card\" content=\"summary_large_image\" \/>\n<meta name=\"twitter:creator\" content=\"@noticiadosvales\" \/>\n<meta name=\"twitter:site\" content=\"@noticiadosvales\" \/>\n<meta name=\"twitter:label1\" content=\"Escrito por\" \/>\n\t<meta name=\"twitter:data1\" content=\"Reda\u00e7\u00e3o Aconteceu no Vale\" \/>\n\t<meta name=\"twitter:label2\" content=\"Est. tempo de leitura\" \/>\n\t<meta name=\"twitter:data2\" content=\"2 minutos\" \/>\n<script type=\"application\/ld+json\" class=\"yoast-schema-graph\">{\"@context\":\"https:\\\/\\\/schema.org\",\"@graph\":[{\"@type\":\"Article\",\"@id\":\"https:\\\/\\\/aconteceunovale.com.br\\\/portal\\\/?p=191365#article\",\"isPartOf\":{\"@id\":\"https:\\\/\\\/aconteceunovale.com.br\\\/portal\\\/?p=191365\"},\"author\":{\"name\":\"Reda\u00e7\u00e3o Aconteceu no Vale\",\"@id\":\"https:\\\/\\\/aconteceunovale.com.br\\\/portal\\\/#\\\/schema\\\/person\\\/7d2f26d1483f8a63de73da1ee0754d35\"},\"headline\":\"Inscri\u00e7\u00f5es abertas para o Empretec em Te\u00f3filo Otoni\",\"datePublished\":\"2022-10-07T19:15:20+00:00\",\"dateModified\":\"2022-10-07T19:16:39+00:00\",\"mainEntityOfPage\":{\"@id\":\"https:\\\/\\\/aconteceunovale.com.br\\\/portal\\\/?p=191365\"},\"wordCount\":316,\"commentCount\":0,\"image\":{\"@id\":\"https:\\\/\\\/aconteceunovale.com.br\\\/portal\\\/?p=191365#primaryimage\"},\"thumbnailUrl\":\"https:\\\/\\\/aconteceunovale.com.br\\\/portal\\\/wp-content\\\/uploads\\\/2022\\\/10\\\/empretec_teo_2.jpeg\",\"keywords\":[\"destaque\",\"Empretec\",\"Empretec em Te\u00f3filo Otoni\",\"Inscri\u00e7\u00f5es abertas para o Empretec em Te\u00f3filo Otoni\",\"Inscri\u00e7\u00f5es Empretec em Te\u00f3filo Otoni\",\"Sebrae\",\"Sebrae Minas\",\"Te\u00f3filo Otoni\"],\"articleSection\":[\"Eventos\",\"Vale do Mucuri\"],\"inLanguage\":\"pt-BR\",\"potentialAction\":[{\"@type\":\"CommentAction\",\"name\":\"Comment\",\"target\":[\"https:\\\/\\\/aconteceunovale.com.br\\\/portal\\\/?p=191365#respond\"]}]},{\"@type\":\"WebPage\",\"@id\":\"https:\\\/\\\/aconteceunovale.com.br\\\/portal\\\/?p=191365\",\"url\":\"https:\\\/\\\/aconteceunovale.com.br\\\/portal\\\/?p=191365\",\"name\":\"Inscri\u00e7\u00f5es abertas para o Empretec em Te\u00f3filo Otoni - Aconteceu no Vale\",\"isPartOf\":{\"@id\":\"https:\\\/\\\/aconteceunovale.com.br\\\/portal\\\/#website\"},\"primaryImageOfPage\":{\"@id\":\"https:\\\/\\\/aconteceunovale.com.br\\\/portal\\\/?p=191365#primaryimage\"},\"image\":{\"@id\":\"https:\\\/\\\/aconteceunovale.com.br\\\/portal\\\/?p=191365#primaryimage\"},\"thumbnailUrl\":\"https:\\\/\\\/aconteceunovale.com.br\\\/portal\\\/wp-content\\\/uploads\\\/2022\\\/10\\\/empretec_teo_2.jpeg\",\"datePublished\":\"2022-10-07T19:15:20+00:00\",\"dateModified\":\"2022-10-07T19:16:39+00:00\",\"author\":{\"@id\":\"https:\\\/\\\/aconteceunovale.com.br\\\/portal\\\/#\\\/schema\\\/person\\\/7d2f26d1483f8a63de73da1ee0754d35\"},\"breadcrumb\":{\"@id\":\"https:\\\/\\\/aconteceunovale.com.br\\\/portal\\\/?p=191365#breadcrumb\"},\"inLanguage\":\"pt-BR\",\"potentialAction\":[{\"@type\":\"ReadAction\",\"target\":[\"https:\\\/\\\/aconteceunovale.com.br\\\/portal\\\/?p=191365\"]}]},{\"@type\":\"ImageObject\",\"inLanguage\":\"pt-BR\",\"@id\":\"https:\\\/\\\/aconteceunovale.com.br\\\/portal\\\/?p=191365#primaryimage\",\"url\":\"https:\\\/\\\/aconteceunovale.com.br\\\/portal\\\/wp-content\\\/uploads\\\/2022\\\/10\\\/empretec_teo_2.jpeg\",\"contentUrl\":\"https:\\\/\\\/aconteceunovale.com.br\\\/portal\\\/wp-content\\\/uploads\\\/2022\\\/10\\\/empretec_teo_2.jpeg\",\"width\":678,\"height\":450},{\"@type\":\"BreadcrumbList\",\"@id\":\"https:\\\/\\\/aconteceunovale.com.br\\\/portal\\\/?p=191365#breadcrumb\",\"itemListElement\":[{\"@type\":\"ListItem\",\"position\":1,\"name\":\"In\u00edcio\",\"item\":\"https:\\\/\\\/aconteceunovale.com.br\\\/portal\\\/\"},{\"@type\":\"ListItem\",\"position\":2,\"name\":\"Inscri\u00e7\u00f5es abertas para o Empretec em Te\u00f3filo Otoni\"}]},{\"@type\":\"WebSite\",\"@id\":\"https:\\\/\\\/aconteceunovale.com.br\\\/portal\\\/#website\",\"url\":\"https:\\\/\\\/aconteceunovale.com.br\\\/portal\\\/\",\"name\":\"Aconteceu no Vale\",\"description\":\"Portal de Not\u00edcias\",\"potentialAction\":[{\"@type\":\"SearchAction\",\"target\":{\"@type\":\"EntryPoint\",\"urlTemplate\":\"https:\\\/\\\/aconteceunovale.com.br\\\/portal\\\/?s={search_term_string}\"},\"query-input\":{\"@type\":\"PropertyValueSpecification\",\"valueRequired\":true,\"valueName\":\"search_term_string\"}}],\"inLanguage\":\"pt-BR\"},{\"@type\":\"Person\",\"@id\":\"https:\\\/\\\/aconteceunovale.com.br\\\/portal\\\/#\\\/schema\\\/person\\\/7d2f26d1483f8a63de73da1ee0754d35\",\"name\":\"Reda\u00e7\u00e3o Aconteceu no Vale\",\"description\":\"Equipe de reportagem do Aconteceu no Vale, portal de not\u00edcias do Vale do Jequitinhonha, em Minas Gerais. Cobrimos as 51 cidades do Vale desde 2013. Sugest\u00f5es de pauta e pedidos de corre\u00e7\u00e3o: contato@aconteceunovale.com.br\",\"url\":\"https:\\\/\\\/aconteceunovale.com.br\\\/portal\\\/?author=4\"}]}<\/script>\n<!-- \/ Yoast SEO plugin. -->","yoast_head_json":{"title":"Inscri\u00e7\u00f5es abertas para o Empretec em Te\u00f3filo Otoni - Aconteceu no Vale","robots":{"index":"index","follow":"follow","max-snippet":"max-snippet:-1","max-image-preview":"max-image-preview:large","max-video-preview":"max-video-preview:-1"},"canonical":"https:\/\/aconteceunovale.com.br\/portal\/?p=191365","og_locale":"pt_BR","og_type":"article","og_title":"Inscri\u00e7\u00f5es abertas para o Empretec em Te\u00f3filo Otoni - Aconteceu no Vale","og_description":"O Sebrae Minas est\u00e1 com inscri\u00e7\u00f5es abertas para o\u00a0Empretec,\u00a0que ir\u00e1 ocorrer entre 16 e 21 de outubro, em Te\u00f3filo Otoni, no Vale do Mucuri. A capacita\u00e7\u00e3o \u00e9 voltada para pessoas que desejam abrir um neg\u00f3cio, gerir melhor o seu empreendimento ou descobrir novas oportunidades de atua\u00e7\u00e3o no mercado. As vagas s\u00e3o limitadas e as inscri\u00e7\u00f5es [&hellip;]","og_url":"https:\/\/aconteceunovale.com.br\/portal\/?p=191365","og_site_name":"Aconteceu no Vale","article_publisher":"https:\/\/www.facebook.com\/aconteceunovale\/","article_published_time":"2022-10-07T19:15:20+00:00","article_modified_time":"2022-10-07T19:16:39+00:00","og_image":[{"width":678,"height":450,"url":"https:\/\/aconteceunovale.com.br\/portal\/wp-content\/uploads\/2022\/10\/empretec_teo_2.jpeg","type":"image\/jpeg"}],"author":"Reda\u00e7\u00e3o Aconteceu no Vale","twitter_card":"summary_large_image","twitter_creator":"@noticiadosvales","twitter_site":"@noticiadosvales","twitter_misc":{"Escrito por":"Reda\u00e7\u00e3o Aconteceu no Vale","Est. tempo de leitura":"2 minutos"},"schema":{"@context":"https:\/\/schema.org","@graph":[{"@type":"Article","@id":"https:\/\/aconteceunovale.com.br\/portal\/?p=191365#article","isPartOf":{"@id":"https:\/\/aconteceunovale.com.br\/portal\/?p=191365"},"author":{"name":"Reda\u00e7\u00e3o Aconteceu no Vale","@id":"https:\/\/aconteceunovale.com.br\/portal\/#\/schema\/person\/7d2f26d1483f8a63de73da1ee0754d35"},"headline":"Inscri\u00e7\u00f5es abertas para o Empretec em Te\u00f3filo Otoni","datePublished":"2022-10-07T19:15:20+00:00","dateModified":"2022-10-07T19:16:39+00:00","mainEntityOfPage":{"@id":"https:\/\/aconteceunovale.com.br\/portal\/?p=191365"},"wordCount":316,"commentCount":0,"image":{"@id":"https:\/\/aconteceunovale.com.br\/portal\/?p=191365#primaryimage"},"thumbnailUrl":"https:\/\/aconteceunovale.com.br\/portal\/wp-content\/uploads\/2022\/10\/empretec_teo_2.jpeg","keywords":["destaque","Empretec","Empretec em Te\u00f3filo Otoni","Inscri\u00e7\u00f5es abertas para o Empretec em Te\u00f3filo Otoni","Inscri\u00e7\u00f5es Empretec em Te\u00f3filo Otoni","Sebrae","Sebrae Minas","Te\u00f3filo Otoni"],"articleSection":["Eventos","Vale do Mucuri"],"inLanguage":"pt-BR","potentialAction":[{"@type":"CommentAction","name":"Comment","target":["https:\/\/aconteceunovale.com.br\/portal\/?p=191365#respond"]}]},{"@type":"WebPage","@id":"https:\/\/aconteceunovale.com.br\/portal\/?p=191365","url":"https:\/\/aconteceunovale.com.br\/portal\/?p=191365","name":"Inscri\u00e7\u00f5es abertas para o Empretec em Te\u00f3filo Otoni - Aconteceu no Vale","isPartOf":{"@id":"https:\/\/aconteceunovale.com.br\/portal\/#website"},"primaryImageOfPage":{"@id":"https:\/\/aconteceunovale.com.br\/portal\/?p=191365#primaryimage"},"image":{"@id":"https:\/\/aconteceunovale.com.br\/portal\/?p=191365#primaryimage"},"thumbnailUrl":"https:\/\/aconteceunovale.com.br\/portal\/wp-content\/uploads\/2022\/10\/empretec_teo_2.jpeg","datePublished":"2022-10-07T19:15:20+00:00","dateModified":"2022-10-07T19:16:39+00:00","author":{"@id":"https:\/\/aconteceunovale.com.br\/portal\/#\/schema\/person\/7d2f26d1483f8a63de73da1ee0754d35"},"breadcrumb":{"@id":"https:\/\/aconteceunovale.com.br\/portal\/?p=191365#breadcrumb"},"inLanguage":"pt-BR","potentialAction":[{"@type":"ReadAction","target":["https:\/\/aconteceunovale.com.br\/portal\/?p=191365"]}]},{"@type":"ImageObject","inLanguage":"pt-BR","@id":"https:\/\/aconteceunovale.com.br\/portal\/?p=191365#primaryimage","url":"https:\/\/aconteceunovale.com.br\/portal\/wp-content\/uploads\/2022\/10\/empretec_teo_2.jpeg","contentUrl":"https:\/\/aconteceunovale.com.br\/portal\/wp-content\/uploads\/2022\/10\/empretec_teo_2.jpeg","width":678,"height":450},{"@type":"BreadcrumbList","@id":"https:\/\/aconteceunovale.com.br\/portal\/?p=191365#breadcrumb","itemListElement":[{"@type":"ListItem","position":1,"name":"In\u00edcio","item":"https:\/\/aconteceunovale.com.br\/portal\/"},{"@type":"ListItem","position":2,"name":"Inscri\u00e7\u00f5es abertas para o Empretec em Te\u00f3filo Otoni"}]},{"@type":"WebSite","@id":"https:\/\/aconteceunovale.com.br\/portal\/#website","url":"https:\/\/aconteceunovale.com.br\/portal\/","name":"Aconteceu no Vale","description":"Portal de Not\u00edcias","potentialAction":[{"@type":"SearchAction","target":{"@type":"EntryPoint","urlTemplate":"https:\/\/aconteceunovale.com.br\/portal\/?s={search_term_string}"},"query-input":{"@type":"PropertyValueSpecification","valueRequired":true,"valueName":"search_term_string"}}],"inLanguage":"pt-BR"},{"@type":"Person","@id":"https:\/\/aconteceunovale.com.br\/portal\/#\/schema\/person\/7d2f26d1483f8a63de73da1ee0754d35","name":"Reda\u00e7\u00e3o Aconteceu no Vale","description":"Equipe de reportagem do Aconteceu no Vale, portal de not\u00edcias do Vale do Jequitinhonha, em Minas Gerais. Cobrimos as 51 cidades do Vale desde 2013. Sugest\u00f5es de pauta e pedidos de corre\u00e7\u00e3o: contato@aconteceunovale.com.br","url":"https:\/\/aconteceunovale.com.br\/portal\/?author=4"}]}},"_links":{"self":[{"href":"https:\/\/aconteceunovale.com.br\/portal\/index.php?rest_route=\/wp\/v2\/posts\/191365","targetHints":{"allow":["GET"]}}],"collection":[{"href":"https:\/\/aconteceunovale.com.br\/portal\/index.php?rest_route=\/wp\/v2\/posts"}],"about":[{"href":"https:\/\/aconteceunovale.com.br\/portal\/index.php?rest_route=\/wp\/v2\/types\/post"}],"author":[{"embeddable":true,"href":"https:\/\/aconteceunovale.com.br\/portal\/index.php?rest_route=\/wp\/v2\/users\/4"}],"replies":[{"embeddable":true,"href":"https:\/\/aconteceunovale.com.br\/portal\/index.php?rest_route=%2Fwp%2Fv2%2Fcomments&post=191365"}],"version-history":[{"count":1,"href":"https:\/\/aconteceunovale.com.br\/portal\/index.php?rest_route=\/wp\/v2\/posts\/191365\/revisions"}],"predecessor-version":[{"id":191368,"href":"https:\/\/aconteceunovale.com.br\/portal\/index.php?rest_route=\/wp\/v2\/posts\/191365\/revisions\/191368"}],"wp:featuredmedia":[{"embeddable":true,"href":"https:\/\/aconteceunovale.com.br\/portal\/index.php?rest_route=\/wp\/v2\/media\/191367"}],"wp:attachment":[{"href":"https:\/\/aconteceunovale.com.br\/portal\/index.php?rest_route=%2Fwp%2Fv2%2Fmedia&parent=191365"}],"wp:term":[{"taxonomy":"category","embeddable":true,"href":"https:\/\/aconteceunovale.com.br\/portal\/index.php?rest_route=%2Fwp%2Fv2%2Fcategories&post=191365"},{"taxonomy":"post_tag","embeddable":true,"href":"https:\/\/aconteceunovale.com.br\/portal\/index.php?rest_route=%2Fwp%2Fv2%2Ftags&post=191365"}],"curies":[{"name":"wp","href":"https:\/\/api.w.org\/{rel}","templated":true}]}}