{"id":19135,"date":"2014-01-23T10:00:32","date_gmt":"2014-01-23T12:00:32","guid":{"rendered":"http:\/\/aconteceunovale.com.br\/portal\/?p=19135"},"modified":"2014-01-23T10:00:32","modified_gmt":"2014-01-23T12:00:32","slug":"minas-tera-concurso-para-preencher-306-postos-no-der-e-deop","status":"publish","type":"post","link":"https:\/\/aconteceunovale.com.br\/portal\/?p=19135","title":{"rendered":"Minas ter\u00e1 concurso para preencher 306 postos no DER e DEOP"},"content":{"rendered":"<p>A Secretaria de Estado de Planejamento e Gest\u00e3o de Minas Gerais (Seplag\/MG) est\u00e1 com inscri\u00e7\u00f5es abertas para o concurso p\u00fablico de seus \u00f3rg\u00e3os de infraestrutura, Departamento de Estradas (DER) e Departamento de Obras P\u00fablicas (DEOP). Ser\u00e3o oferecidas 306 vagas para os cargos de n\u00edveis m\u00e9dio e superior, que ir\u00e3o completar o efetivo dos departamentos.<\/p>\n<p>As vagas ser\u00e3o divididas para os cargos de gestor de transportes e obras p\u00fablicas, fiscal de transportes e obras rodovi\u00e1rias, agente de transportes e obras p\u00fablicas e fiscal assistente de transportes e obras rodovi\u00e1rias. Os sal\u00e1rios podem chegar a R$ 2 mil, para uma carga-hor\u00e1ria semanal de 40 horas.<\/p>\n<p>Os interessados t\u00eam at\u00e9 o dia 4 de fevereiro para realizar as inscri\u00e7\u00f5es, que podem ser feitas atrav\u00e9s do site <a href=\"http:\/\/www.ibfc.org.br\" target=\"_blank\">www.ibfc.org.br<\/a>. O valor taxa \u00e9 de R$ 40 para n\u00edvel m\u00e9dio e R$ 55 para n\u00edvel superior.<br \/>\nPrepara\u00e7\u00e3o<\/p>\n<p>No entanto, o candidatos dever\u00e3o se apressar no preparat\u00f3rio, pois as provas objetivas e de reda\u00e7\u00e3o est\u00e3o previstas para o dia 9 de mar\u00e7o e ser\u00e3o aplicadas nas cidades de Belo Horizonte, Te\u00f3filo Otoni, Patos de Minas, Montes Claros, Uberl\u00e2ndia ou Varginha. O concurso tem validade de dois anos.<\/p>\n<p><img decoding=\"async\" src=\"http:\/\/aconteceunovale.com.br\/portal\/wp-content\/uploads\/2013\/11\/concurso_der_deop.jpg\" alt=\"\" \/><\/p>\n","protected":false},"excerpt":{"rendered":"<p>A Secretaria de Estado de Planejamento e Gest\u00e3o de Minas Gerais (Seplag\/MG) est\u00e1 com inscri\u00e7\u00f5es abertas para o concurso p\u00fablico de seus \u00f3rg\u00e3os de infraestrutura, Departamento de Estradas (DER) e Departamento de Obras P\u00fablicas (DEOP). Ser\u00e3o oferecidas 306 vagas para os cargos de n\u00edveis m\u00e9dio e superior, que ir\u00e3o completar o efetivo dos departamentos. As [&hellip;]<\/p>\n","protected":false},"author":1,"featured_media":13894,"comment_status":"open","ping_status":"closed","sticky":false,"template":"","format":"standard","meta":{"amp_status":"","footnotes":""},"categories":[123],"tags":[3376,3375,3374,914,3373,3371,3372],"class_list":["post-19135","post","type-post","status-publish","format-standard","has-post-thumbnail","hentry","category-gerais","tag-concurso-publico-deop","tag-concurso-publico-der","tag-deop","tag-departamento-de-obras-publicas","tag-der","tag-secretaria-de-estado-de-planejamento-e-gestao-de-minas-gerais","tag-seplag"],"_links":{"self":[{"href":"https:\/\/aconteceunovale.com.br\/portal\/index.php?rest_route=\/wp\/v2\/posts\/19135","targetHints":{"allow":["GET"]}}],"collection":[{"href":"https:\/\/aconteceunovale.com.br\/portal\/index.php?rest_route=\/wp\/v2\/posts"}],"about":[{"href":"https:\/\/aconteceunovale.com.br\/portal\/index.php?rest_route=\/wp\/v2\/types\/post"}],"author":[{"embeddable":true,"href":"https:\/\/aconteceunovale.com.br\/portal\/index.php?rest_route=\/wp\/v2\/users\/1"}],"replies":[{"embeddable":true,"href":"https:\/\/aconteceunovale.com.br\/portal\/index.php?rest_route=%2Fwp%2Fv2%2Fcomments&post=19135"}],"version-history":[{"count":0,"href":"https:\/\/aconteceunovale.com.br\/portal\/index.php?rest_route=\/wp\/v2\/posts\/19135\/revisions"}],"wp:featuredmedia":[{"embeddable":true,"href":"https:\/\/aconteceunovale.com.br\/portal\/index.php?rest_route=\/wp\/v2\/media\/13894"}],"wp:attachment":[{"href":"https:\/\/aconteceunovale.com.br\/portal\/index.php?rest_route=%2Fwp%2Fv2%2Fmedia&parent=19135"}],"wp:term":[{"taxonomy":"category","embeddable":true,"href":"https:\/\/aconteceunovale.com.br\/portal\/index.php?rest_route=%2Fwp%2Fv2%2Fcategories&post=19135"},{"taxonomy":"post_tag","embeddable":true,"href":"https:\/\/aconteceunovale.com.br\/portal\/index.php?rest_route=%2Fwp%2Fv2%2Ftags&post=19135"}],"curies":[{"name":"wp","href":"https:\/\/api.w.org\/{rel}","templated":true}]}}