{"id":191332,"date":"2022-10-06T13:04:00","date_gmt":"2022-10-06T16:04:00","guid":{"rendered":"https:\/\/aconteceunovale.com.br\/portal\/?p=191332"},"modified":"2022-10-07T10:26:53","modified_gmt":"2022-10-07T13:26:53","slug":"suspeito-de-matar-homem-apos-discutir-por-som-alto-e-preso-no-norte-de-minas","status":"publish","type":"post","link":"https:\/\/aconteceunovale.com.br\/portal\/?p=191332","title":{"rendered":"Suspeito de matar homem ap\u00f3s discutir por som alto \u00e9 preso no Norte de Minas"},"content":{"rendered":"\n<p class=\"wp-block-paragraph\">A Pol\u00edcia Civil de Minas Gerais (PCMG) cumpriu, nessa quarta-feira (4\/10\/2022), na zona rural do munic\u00edpio de Ninheira, regi\u00e3o Norte do Estado, mandado de pris\u00e3o tempor\u00e1ria contra um homem, de 25 anos, por homic\u00eddio. O crime foi motivado por discuss\u00e3o pelo barulho de um som.<\/p>\n\n\n\n<figure class=\"wp-block-gallery has-nested-images columns-default is-cropped wp-block-gallery-1 is-layout-flex wp-block-gallery-is-layout-flex\">\n<figure class=\"wp-block-image size-large\"><img loading=\"lazy\" decoding=\"async\" width=\"678\" height=\"438\" data-id=\"191333\" src=\"https:\/\/aconteceunovale.com.br\/portal\/wp-content\/uploads\/2022\/10\/preso_ninheira.jpg\" alt=\"\" class=\"wp-image-191333\" srcset=\"https:\/\/aconteceunovale.com.br\/portal\/wp-content\/uploads\/2022\/10\/preso_ninheira.jpg 678w, https:\/\/aconteceunovale.com.br\/portal\/wp-content\/uploads\/2022\/10\/preso_ninheira-300x194.jpg 300w, https:\/\/aconteceunovale.com.br\/portal\/wp-content\/uploads\/2022\/10\/preso_ninheira-650x420.jpg 650w\" sizes=\"auto, (max-width: 678px) 100vw, 678px\" \/><figcaption><em><sub>Foto: Divulga\u00e7\u00e3o\/PCMG<\/sub><\/em><\/figcaption><\/figure>\n<\/figure>\n\n\n\n<p class=\"wp-block-paragraph\">O trabalho investigativo teve in\u00edcio no dia 29 de agosto, quando um homem, de 46 anos, foi encontrado morto, pr\u00f3ximo a um rio, na comunidade de Vereda do Para\u00edso. No local, os policiais tamb\u00e9m localizaram uma motocicleta que pertencia \u00e0 v\u00edtima. O ve\u00edculo estava estacionado a cerca de 100 metros do corpo.<\/p>\n\n\n\n<p class=\"wp-block-paragraph\">A v\u00edtima, conforme apurado, morreu em decorr\u00eancia de quatro disparos de arma de fogo, sendo dois na cabe\u00e7a, um no bra\u00e7o e outro na perna. As investiga\u00e7\u00f5es da PCMG apontaram que o crime foi motivado por desaven\u00e7a entre os envolvidos, impulsionada por uma diverg\u00eancia em rela\u00e7\u00e3o ao volume de um aparelho de som.<\/p>\n\n\n\n<p class=\"wp-block-paragraph\">Ainda segundo levantado, no dia do crime, a v\u00edtima teria sido atra\u00edda pelo suspeito ao local onde foi morta. Na vers\u00e3o apresentada \u00e0 pol\u00edcia, houve relatos de que a v\u00edtima teria recebido alguns \u00e1udios e, logo ap\u00f3s ouvi-los, se deslocou para a regi\u00e3o na qual o corpo foi encontrado.<\/p>\n\n\n\n<p class=\"wp-block-paragraph\">O delegado Everson Francisco de Moura, respons\u00e1vel pela investiga\u00e7\u00e3o, informou que, em raz\u00e3o das provas, representou pela pris\u00e3o do suspeito. \u201cO conjunto probat\u00f3rio \u00e9 robusto e suficiente para comprova\u00e7\u00e3o de materialidade e autoria do crime&#8221;, pontua.<\/p>\n\n\n\n<p class=\"wp-block-paragraph\">Na manh\u00e3 de ontem, o suspeito foi preso durante levantamentos da equipe de policiais civis lotados em S\u00e3o Jo\u00e3o do Para\u00edso. Ele foi encaminhado ao sistema prisional, ficando \u00e0 disposi\u00e7\u00e3o da Justi\u00e7a. <em>&#8220;As apura\u00e7\u00f5es continuam e, t\u00e3o logo conclu\u00eddas, o inqu\u00e9rito policial ser\u00e1 remetido ao Poder Judici\u00e1rio&#8221;<\/em>, informou a PCMG.<\/p>\n\n\n\n<p class=\"wp-block-paragraph\">&#8212;&#8212;&#8212;&#8212;&#8212;&#8212;<br><br><strong>Sabia que o Aconteceu no Vale est\u00e1 tamb\u00e9m no Telegram? <a rel=\"noreferrer noopener\" href=\"https:\/\/t.me\/aconteceunovaleoficial\" target=\"_blank\">Inscreva-se no canal<\/a>.<\/strong><br><br><strong>J\u00e1 curtiu ou seguiu nossas p\u00e1ginas nas redes sociais?\u00a0Receba as not\u00edcias em primeira m\u00e3o:<\/strong><br>\u2022 <a rel=\"noreferrer noopener\" href=\"https:\/\/news.google.com\/publications\/CAAqBwgKMNjklQswi4etAw?hl=pt-BR&amp;gl=BR&amp;ceid=BR%3Apt-419\" target=\"_blank\">Google News<\/a><br>\u2022 <a rel=\"noreferrer noopener\" href=\"https:\/\/www.facebook.com\/aconteceunovale\/\" target=\"_blank\">Facebook<\/a><br>\u2022 <a rel=\"noreferrer noopener\" href=\"https:\/\/twitter.com\/noticiadosvales\" target=\"_blank\">Twitter<\/a><br>\u2022 <a rel=\"noreferrer noopener\" href=\"https:\/\/www.instagram.com\/aconteceunovale\" target=\"_blank\">Instagram<\/a><br>\u2022 <a rel=\"noreferrer noopener\" href=\"https:\/\/www.youtube.com\/AconteceunoValeOficial\" target=\"_blank\">Youtube<\/a><br>\u2022 <a rel=\"noreferrer noopener\" href=\"https:\/\/www.tiktok.com\/@aconteceunovale\" target=\"_blank\">TikTok<\/a><\/p>\n","protected":false},"excerpt":{"rendered":"<p>A Pol\u00edcia Civil de Minas Gerais (PCMG) cumpriu, nessa quarta-feira (4\/10\/2022), na zona rural do munic\u00edpio de Ninheira, regi\u00e3o Norte do Estado, mandado de pris\u00e3o tempor\u00e1ria contra um homem, de 25 anos, por homic\u00eddio. O crime foi motivado por discuss\u00e3o pelo barulho de um som. O trabalho investigativo teve in\u00edcio no dia 29 de agosto, [&hellip;]<\/p>\n","protected":false},"author":4,"featured_media":191333,"comment_status":"open","ping_status":"closed","sticky":false,"template":"","format":"standard","meta":{"amp_status":"","footnotes":""},"categories":[1236],"tags":[1018,1804,604,57737,1403,264866,264865,264867],"class_list":["post-191332","post","type-post","status-publish","format-standard","has-post-thumbnail","hentry","category-norte_de_minas","tag-destaque","tag-ninheira","tag-pcmg","tag-preso-em-ninheira","tag-sao-joao-do-paraiso","tag-suspeito-de-matar-homem-apos-discutir-por-som-alto-e-preso-em-ninheira","tag-suspeito-de-matar-homem-apos-discutir-por-som-alto-e-preso-no-norte-de-minas","tag-vereda-do-paraiso"],"yoast_head":"<!-- This site is optimized with the Yoast SEO plugin v28.3 - https:\/\/yoast.com\/product\/yoast-seo-wordpress\/ -->\n<title>Suspeito de matar homem ap\u00f3s discutir por som alto \u00e9 preso no Norte de Minas - Aconteceu no Vale<\/title>\n<meta name=\"robots\" content=\"index, follow, max-snippet:-1, max-image-preview:large, max-video-preview:-1\" \/>\n<link rel=\"canonical\" href=\"https:\/\/aconteceunovale.com.br\/portal\/?p=191332\" \/>\n<meta property=\"og:locale\" content=\"pt_BR\" \/>\n<meta property=\"og:type\" content=\"article\" \/>\n<meta property=\"og:title\" content=\"Suspeito de matar homem ap\u00f3s discutir por som alto \u00e9 preso no Norte de Minas - Aconteceu no Vale\" \/>\n<meta property=\"og:description\" content=\"A Pol\u00edcia Civil de Minas Gerais (PCMG) cumpriu, nessa quarta-feira (4\/10\/2022), na zona rural do munic\u00edpio de Ninheira, regi\u00e3o Norte do Estado, mandado de pris\u00e3o tempor\u00e1ria contra um homem, de 25 anos, por homic\u00eddio. O crime foi motivado por discuss\u00e3o pelo barulho de um som. O trabalho investigativo teve in\u00edcio no dia 29 de agosto, [&hellip;]\" \/>\n<meta property=\"og:url\" content=\"https:\/\/aconteceunovale.com.br\/portal\/?p=191332\" \/>\n<meta property=\"og:site_name\" content=\"Aconteceu no Vale\" \/>\n<meta property=\"article:publisher\" content=\"https:\/\/www.facebook.com\/aconteceunovale\/\" \/>\n<meta property=\"article:published_time\" content=\"2022-10-06T16:04:00+00:00\" \/>\n<meta property=\"article:modified_time\" content=\"2022-10-07T13:26:53+00:00\" \/>\n<meta property=\"og:image\" content=\"https:\/\/aconteceunovale.com.br\/portal\/wp-content\/uploads\/2022\/10\/preso_ninheira.jpg\" \/>\n\t<meta property=\"og:image:width\" content=\"678\" \/>\n\t<meta property=\"og:image:height\" content=\"438\" \/>\n\t<meta property=\"og:image:type\" content=\"image\/jpeg\" \/>\n<meta name=\"author\" content=\"Reda\u00e7\u00e3o Aconteceu no Vale\" \/>\n<meta name=\"twitter:card\" content=\"summary_large_image\" \/>\n<meta name=\"twitter:creator\" content=\"@noticiadosvales\" \/>\n<meta name=\"twitter:site\" content=\"@noticiadosvales\" \/>\n<meta name=\"twitter:label1\" content=\"Escrito por\" \/>\n\t<meta name=\"twitter:data1\" content=\"Reda\u00e7\u00e3o Aconteceu no Vale\" \/>\n\t<meta name=\"twitter:label2\" content=\"Est. tempo de leitura\" \/>\n\t<meta name=\"twitter:data2\" content=\"2 minutos\" \/>\n<script type=\"application\/ld+json\" class=\"yoast-schema-graph\">{\"@context\":\"https:\\\/\\\/schema.org\",\"@graph\":[{\"@type\":\"Article\",\"@id\":\"https:\\\/\\\/aconteceunovale.com.br\\\/portal\\\/?p=191332#article\",\"isPartOf\":{\"@id\":\"https:\\\/\\\/aconteceunovale.com.br\\\/portal\\\/?p=191332\"},\"author\":{\"name\":\"Reda\u00e7\u00e3o Aconteceu no Vale\",\"@id\":\"https:\\\/\\\/aconteceunovale.com.br\\\/portal\\\/#\\\/schema\\\/person\\\/7d2f26d1483f8a63de73da1ee0754d35\"},\"headline\":\"Suspeito de matar homem ap\u00f3s discutir por som alto \u00e9 preso no Norte de Minas\",\"datePublished\":\"2022-10-06T16:04:00+00:00\",\"dateModified\":\"2022-10-07T13:26:53+00:00\",\"mainEntityOfPage\":{\"@id\":\"https:\\\/\\\/aconteceunovale.com.br\\\/portal\\\/?p=191332\"},\"wordCount\":379,\"commentCount\":0,\"image\":{\"@id\":\"https:\\\/\\\/aconteceunovale.com.br\\\/portal\\\/?p=191332#primaryimage\"},\"thumbnailUrl\":\"https:\\\/\\\/aconteceunovale.com.br\\\/portal\\\/wp-content\\\/uploads\\\/2022\\\/10\\\/preso_ninheira.jpg\",\"keywords\":[\"destaque\",\"Ninheira\",\"PCMG\",\"preso em Ninheira\",\"S\u00e3o Jo\u00e3o do Para\u00edso\",\"Suspeito de matar homem ap\u00f3s discutir por som alto \u00e9 preso em Ninheira\",\"Suspeito de matar homem ap\u00f3s discutir por som alto \u00e9 preso no Norte de Minas\",\"Vereda do Para\u00edso\"],\"articleSection\":[\"Norte de Minas\"],\"inLanguage\":\"pt-BR\",\"potentialAction\":[{\"@type\":\"CommentAction\",\"name\":\"Comment\",\"target\":[\"https:\\\/\\\/aconteceunovale.com.br\\\/portal\\\/?p=191332#respond\"]}]},{\"@type\":\"WebPage\",\"@id\":\"https:\\\/\\\/aconteceunovale.com.br\\\/portal\\\/?p=191332\",\"url\":\"https:\\\/\\\/aconteceunovale.com.br\\\/portal\\\/?p=191332\",\"name\":\"Suspeito de matar homem ap\u00f3s discutir por som alto \u00e9 preso no Norte de Minas - Aconteceu no Vale\",\"isPartOf\":{\"@id\":\"https:\\\/\\\/aconteceunovale.com.br\\\/portal\\\/#website\"},\"primaryImageOfPage\":{\"@id\":\"https:\\\/\\\/aconteceunovale.com.br\\\/portal\\\/?p=191332#primaryimage\"},\"image\":{\"@id\":\"https:\\\/\\\/aconteceunovale.com.br\\\/portal\\\/?p=191332#primaryimage\"},\"thumbnailUrl\":\"https:\\\/\\\/aconteceunovale.com.br\\\/portal\\\/wp-content\\\/uploads\\\/2022\\\/10\\\/preso_ninheira.jpg\",\"datePublished\":\"2022-10-06T16:04:00+00:00\",\"dateModified\":\"2022-10-07T13:26:53+00:00\",\"author\":{\"@id\":\"https:\\\/\\\/aconteceunovale.com.br\\\/portal\\\/#\\\/schema\\\/person\\\/7d2f26d1483f8a63de73da1ee0754d35\"},\"breadcrumb\":{\"@id\":\"https:\\\/\\\/aconteceunovale.com.br\\\/portal\\\/?p=191332#breadcrumb\"},\"inLanguage\":\"pt-BR\",\"potentialAction\":[{\"@type\":\"ReadAction\",\"target\":[\"https:\\\/\\\/aconteceunovale.com.br\\\/portal\\\/?p=191332\"]}]},{\"@type\":\"ImageObject\",\"inLanguage\":\"pt-BR\",\"@id\":\"https:\\\/\\\/aconteceunovale.com.br\\\/portal\\\/?p=191332#primaryimage\",\"url\":\"https:\\\/\\\/aconteceunovale.com.br\\\/portal\\\/wp-content\\\/uploads\\\/2022\\\/10\\\/preso_ninheira.jpg\",\"contentUrl\":\"https:\\\/\\\/aconteceunovale.com.br\\\/portal\\\/wp-content\\\/uploads\\\/2022\\\/10\\\/preso_ninheira.jpg\",\"width\":678,\"height\":438},{\"@type\":\"BreadcrumbList\",\"@id\":\"https:\\\/\\\/aconteceunovale.com.br\\\/portal\\\/?p=191332#breadcrumb\",\"itemListElement\":[{\"@type\":\"ListItem\",\"position\":1,\"name\":\"In\u00edcio\",\"item\":\"https:\\\/\\\/aconteceunovale.com.br\\\/portal\\\/\"},{\"@type\":\"ListItem\",\"position\":2,\"name\":\"Suspeito de matar homem ap\u00f3s discutir por som alto \u00e9 preso no Norte de Minas\"}]},{\"@type\":\"WebSite\",\"@id\":\"https:\\\/\\\/aconteceunovale.com.br\\\/portal\\\/#website\",\"url\":\"https:\\\/\\\/aconteceunovale.com.br\\\/portal\\\/\",\"name\":\"Aconteceu no Vale\",\"description\":\"Portal de Not\u00edcias\",\"potentialAction\":[{\"@type\":\"SearchAction\",\"target\":{\"@type\":\"EntryPoint\",\"urlTemplate\":\"https:\\\/\\\/aconteceunovale.com.br\\\/portal\\\/?s={search_term_string}\"},\"query-input\":{\"@type\":\"PropertyValueSpecification\",\"valueRequired\":true,\"valueName\":\"search_term_string\"}}],\"inLanguage\":\"pt-BR\"},{\"@type\":\"Person\",\"@id\":\"https:\\\/\\\/aconteceunovale.com.br\\\/portal\\\/#\\\/schema\\\/person\\\/7d2f26d1483f8a63de73da1ee0754d35\",\"name\":\"Reda\u00e7\u00e3o Aconteceu no Vale\",\"description\":\"Equipe de reportagem do Aconteceu no Vale, portal de not\u00edcias do Vale do Jequitinhonha, em Minas Gerais. Cobrimos as 51 cidades do Vale desde 2013. Sugest\u00f5es de pauta e pedidos de corre\u00e7\u00e3o: contato@aconteceunovale.com.br\",\"url\":\"https:\\\/\\\/aconteceunovale.com.br\\\/portal\\\/?author=4\"}]}<\/script>\n<!-- \/ Yoast SEO plugin. -->","yoast_head_json":{"title":"Suspeito de matar homem ap\u00f3s discutir por som alto \u00e9 preso no Norte de Minas - Aconteceu no Vale","robots":{"index":"index","follow":"follow","max-snippet":"max-snippet:-1","max-image-preview":"max-image-preview:large","max-video-preview":"max-video-preview:-1"},"canonical":"https:\/\/aconteceunovale.com.br\/portal\/?p=191332","og_locale":"pt_BR","og_type":"article","og_title":"Suspeito de matar homem ap\u00f3s discutir por som alto \u00e9 preso no Norte de Minas - Aconteceu no Vale","og_description":"A Pol\u00edcia Civil de Minas Gerais (PCMG) cumpriu, nessa quarta-feira (4\/10\/2022), na zona rural do munic\u00edpio de Ninheira, regi\u00e3o Norte do Estado, mandado de pris\u00e3o tempor\u00e1ria contra um homem, de 25 anos, por homic\u00eddio. O crime foi motivado por discuss\u00e3o pelo barulho de um som. O trabalho investigativo teve in\u00edcio no dia 29 de agosto, [&hellip;]","og_url":"https:\/\/aconteceunovale.com.br\/portal\/?p=191332","og_site_name":"Aconteceu no Vale","article_publisher":"https:\/\/www.facebook.com\/aconteceunovale\/","article_published_time":"2022-10-06T16:04:00+00:00","article_modified_time":"2022-10-07T13:26:53+00:00","og_image":[{"width":678,"height":438,"url":"https:\/\/aconteceunovale.com.br\/portal\/wp-content\/uploads\/2022\/10\/preso_ninheira.jpg","type":"image\/jpeg"}],"author":"Reda\u00e7\u00e3o Aconteceu no Vale","twitter_card":"summary_large_image","twitter_creator":"@noticiadosvales","twitter_site":"@noticiadosvales","twitter_misc":{"Escrito por":"Reda\u00e7\u00e3o Aconteceu no Vale","Est. tempo de leitura":"2 minutos"},"schema":{"@context":"https:\/\/schema.org","@graph":[{"@type":"Article","@id":"https:\/\/aconteceunovale.com.br\/portal\/?p=191332#article","isPartOf":{"@id":"https:\/\/aconteceunovale.com.br\/portal\/?p=191332"},"author":{"name":"Reda\u00e7\u00e3o Aconteceu no Vale","@id":"https:\/\/aconteceunovale.com.br\/portal\/#\/schema\/person\/7d2f26d1483f8a63de73da1ee0754d35"},"headline":"Suspeito de matar homem ap\u00f3s discutir por som alto \u00e9 preso no Norte de Minas","datePublished":"2022-10-06T16:04:00+00:00","dateModified":"2022-10-07T13:26:53+00:00","mainEntityOfPage":{"@id":"https:\/\/aconteceunovale.com.br\/portal\/?p=191332"},"wordCount":379,"commentCount":0,"image":{"@id":"https:\/\/aconteceunovale.com.br\/portal\/?p=191332#primaryimage"},"thumbnailUrl":"https:\/\/aconteceunovale.com.br\/portal\/wp-content\/uploads\/2022\/10\/preso_ninheira.jpg","keywords":["destaque","Ninheira","PCMG","preso em Ninheira","S\u00e3o Jo\u00e3o do Para\u00edso","Suspeito de matar homem ap\u00f3s discutir por som alto \u00e9 preso em Ninheira","Suspeito de matar homem ap\u00f3s discutir por som alto \u00e9 preso no Norte de Minas","Vereda do Para\u00edso"],"articleSection":["Norte de Minas"],"inLanguage":"pt-BR","potentialAction":[{"@type":"CommentAction","name":"Comment","target":["https:\/\/aconteceunovale.com.br\/portal\/?p=191332#respond"]}]},{"@type":"WebPage","@id":"https:\/\/aconteceunovale.com.br\/portal\/?p=191332","url":"https:\/\/aconteceunovale.com.br\/portal\/?p=191332","name":"Suspeito de matar homem ap\u00f3s discutir por som alto \u00e9 preso no Norte de Minas - Aconteceu no Vale","isPartOf":{"@id":"https:\/\/aconteceunovale.com.br\/portal\/#website"},"primaryImageOfPage":{"@id":"https:\/\/aconteceunovale.com.br\/portal\/?p=191332#primaryimage"},"image":{"@id":"https:\/\/aconteceunovale.com.br\/portal\/?p=191332#primaryimage"},"thumbnailUrl":"https:\/\/aconteceunovale.com.br\/portal\/wp-content\/uploads\/2022\/10\/preso_ninheira.jpg","datePublished":"2022-10-06T16:04:00+00:00","dateModified":"2022-10-07T13:26:53+00:00","author":{"@id":"https:\/\/aconteceunovale.com.br\/portal\/#\/schema\/person\/7d2f26d1483f8a63de73da1ee0754d35"},"breadcrumb":{"@id":"https:\/\/aconteceunovale.com.br\/portal\/?p=191332#breadcrumb"},"inLanguage":"pt-BR","potentialAction":[{"@type":"ReadAction","target":["https:\/\/aconteceunovale.com.br\/portal\/?p=191332"]}]},{"@type":"ImageObject","inLanguage":"pt-BR","@id":"https:\/\/aconteceunovale.com.br\/portal\/?p=191332#primaryimage","url":"https:\/\/aconteceunovale.com.br\/portal\/wp-content\/uploads\/2022\/10\/preso_ninheira.jpg","contentUrl":"https:\/\/aconteceunovale.com.br\/portal\/wp-content\/uploads\/2022\/10\/preso_ninheira.jpg","width":678,"height":438},{"@type":"BreadcrumbList","@id":"https:\/\/aconteceunovale.com.br\/portal\/?p=191332#breadcrumb","itemListElement":[{"@type":"ListItem","position":1,"name":"In\u00edcio","item":"https:\/\/aconteceunovale.com.br\/portal\/"},{"@type":"ListItem","position":2,"name":"Suspeito de matar homem ap\u00f3s discutir por som alto \u00e9 preso no Norte de Minas"}]},{"@type":"WebSite","@id":"https:\/\/aconteceunovale.com.br\/portal\/#website","url":"https:\/\/aconteceunovale.com.br\/portal\/","name":"Aconteceu no Vale","description":"Portal de Not\u00edcias","potentialAction":[{"@type":"SearchAction","target":{"@type":"EntryPoint","urlTemplate":"https:\/\/aconteceunovale.com.br\/portal\/?s={search_term_string}"},"query-input":{"@type":"PropertyValueSpecification","valueRequired":true,"valueName":"search_term_string"}}],"inLanguage":"pt-BR"},{"@type":"Person","@id":"https:\/\/aconteceunovale.com.br\/portal\/#\/schema\/person\/7d2f26d1483f8a63de73da1ee0754d35","name":"Reda\u00e7\u00e3o Aconteceu no Vale","description":"Equipe de reportagem do Aconteceu no Vale, portal de not\u00edcias do Vale do Jequitinhonha, em Minas Gerais. Cobrimos as 51 cidades do Vale desde 2013. Sugest\u00f5es de pauta e pedidos de corre\u00e7\u00e3o: contato@aconteceunovale.com.br","url":"https:\/\/aconteceunovale.com.br\/portal\/?author=4"}]}},"_links":{"self":[{"href":"https:\/\/aconteceunovale.com.br\/portal\/index.php?rest_route=\/wp\/v2\/posts\/191332","targetHints":{"allow":["GET"]}}],"collection":[{"href":"https:\/\/aconteceunovale.com.br\/portal\/index.php?rest_route=\/wp\/v2\/posts"}],"about":[{"href":"https:\/\/aconteceunovale.com.br\/portal\/index.php?rest_route=\/wp\/v2\/types\/post"}],"author":[{"embeddable":true,"href":"https:\/\/aconteceunovale.com.br\/portal\/index.php?rest_route=\/wp\/v2\/users\/4"}],"replies":[{"embeddable":true,"href":"https:\/\/aconteceunovale.com.br\/portal\/index.php?rest_route=%2Fwp%2Fv2%2Fcomments&post=191332"}],"version-history":[{"count":1,"href":"https:\/\/aconteceunovale.com.br\/portal\/index.php?rest_route=\/wp\/v2\/posts\/191332\/revisions"}],"predecessor-version":[{"id":191334,"href":"https:\/\/aconteceunovale.com.br\/portal\/index.php?rest_route=\/wp\/v2\/posts\/191332\/revisions\/191334"}],"wp:featuredmedia":[{"embeddable":true,"href":"https:\/\/aconteceunovale.com.br\/portal\/index.php?rest_route=\/wp\/v2\/media\/191333"}],"wp:attachment":[{"href":"https:\/\/aconteceunovale.com.br\/portal\/index.php?rest_route=%2Fwp%2Fv2%2Fmedia&parent=191332"}],"wp:term":[{"taxonomy":"category","embeddable":true,"href":"https:\/\/aconteceunovale.com.br\/portal\/index.php?rest_route=%2Fwp%2Fv2%2Fcategories&post=191332"},{"taxonomy":"post_tag","embeddable":true,"href":"https:\/\/aconteceunovale.com.br\/portal\/index.php?rest_route=%2Fwp%2Fv2%2Ftags&post=191332"}],"curies":[{"name":"wp","href":"https:\/\/api.w.org\/{rel}","templated":true}]}}