{"id":191323,"date":"2022-10-06T14:19:20","date_gmt":"2022-10-06T17:19:20","guid":{"rendered":"https:\/\/aconteceunovale.com.br\/portal\/?p=191323"},"modified":"2022-10-07T10:16:28","modified_gmt":"2022-10-07T13:16:28","slug":"suspeito-de-matar-mae-e-filho-em-tocantins-e-preso-pela-policia-civil","status":"publish","type":"post","link":"https:\/\/aconteceunovale.com.br\/portal\/?p=191323","title":{"rendered":"Suspeito de matar m\u00e3e e filho em Tocantins \u00e9 preso pela Pol\u00edcia Civil"},"content":{"rendered":"\n<p class=\"wp-block-paragraph\">Nessa quarta-feira (5\/10), a Pol\u00edcia Civil do Estado de Minas Gerais (PCMG) efetuou a pris\u00e3o tempor\u00e1ria de um homem, de 49 anos, suspeito de ter matado uma mulher, de 49 anos, e o filho dela, de 6 anos, ao efetuar v\u00e1rias facadas que atingiram regi\u00f5es vitais das v\u00edtimas, no munic\u00edpio de Tocantins, na Zona da Mata mineira. O crime foi cometido na ter\u00e7a-feira (4\/10).<\/p>\n\n\n\n<figure class=\"wp-block-gallery has-nested-images columns-default is-cropped wp-block-gallery-1 is-layout-flex wp-block-gallery-is-layout-flex\">\n<figure class=\"wp-block-image size-large\"><img loading=\"lazy\" decoding=\"async\" width=\"660\" height=\"440\" data-id=\"191324\" src=\"https:\/\/aconteceunovale.com.br\/portal\/wp-content\/uploads\/2022\/10\/delegado_tocantins_uba.jpg\" alt=\"\" class=\"wp-image-191324\" srcset=\"https:\/\/aconteceunovale.com.br\/portal\/wp-content\/uploads\/2022\/10\/delegado_tocantins_uba.jpg 660w, https:\/\/aconteceunovale.com.br\/portal\/wp-content\/uploads\/2022\/10\/delegado_tocantins_uba-300x200.jpg 300w, https:\/\/aconteceunovale.com.br\/portal\/wp-content\/uploads\/2022\/10\/delegado_tocantins_uba-630x420.jpg 630w\" sizes=\"auto, (max-width: 660px) 100vw, 660px\" \/><figcaption><em><sub>Foto: Divulga\u00e7\u00e3o\/PCMG<\/sub><\/em><\/figcaption><\/figure>\n<\/figure>\n\n\n\n<p class=\"wp-block-paragraph\">Em menos de 24 horas do ocorrido, a Pol\u00edcia Civil realizou levantamentos e colheu vest\u00edgios de materialidade e de autoria que levaram a Justi\u00e7a a decretar a pris\u00e3o do investigado, realizada no mesmo munic\u00edpio.<\/p>\n\n\n\n<p class=\"wp-block-paragraph\">A a\u00e7\u00e3o foi deflagrada pela Delegacia de Pol\u00edcia Civil em Tocantins, com o apoio da Delegacia de Homic\u00eddios em Ub\u00e1, unidades que integram a 2\u00aa Delegacia Regional em Ub\u00e1, pertencente ao 4\u00ba Departamento da PCMG.<\/p>\n\n\n\n<p class=\"wp-block-paragraph\">&#8212;&#8212;&#8212;&#8212;&#8212;&#8212;<br><br><strong>Sabia que o Aconteceu no Vale est\u00e1 tamb\u00e9m no Telegram? <a rel=\"noreferrer noopener\" href=\"https:\/\/t.me\/aconteceunovaleoficial\" target=\"_blank\">Inscreva-se no canal<\/a>.<\/strong><br><br><strong>J\u00e1 curtiu ou seguiu nossas p\u00e1ginas nas redes sociais?\u00a0Receba as not\u00edcias em primeira m\u00e3o:<\/strong><br>\u2022 <a rel=\"noreferrer noopener\" href=\"https:\/\/news.google.com\/publications\/CAAqBwgKMNjklQswi4etAw?hl=pt-BR&amp;gl=BR&amp;ceid=BR%3Apt-419\" target=\"_blank\">Google News<\/a><br>\u2022 <a rel=\"noreferrer noopener\" href=\"https:\/\/www.facebook.com\/aconteceunovale\/\" target=\"_blank\">Facebook<\/a><br>\u2022 <a rel=\"noreferrer noopener\" href=\"https:\/\/twitter.com\/noticiadosvales\" target=\"_blank\">Twitter<\/a><br>\u2022 <a rel=\"noreferrer noopener\" href=\"https:\/\/www.instagram.com\/aconteceunovale\" target=\"_blank\">Instagram<\/a><br>\u2022 <a rel=\"noreferrer noopener\" href=\"https:\/\/www.youtube.com\/AconteceunoValeOficial\" target=\"_blank\">Youtube<\/a><br>\u2022 <a rel=\"noreferrer noopener\" href=\"https:\/\/www.tiktok.com\/@aconteceunovale\" target=\"_blank\">TikTok<\/a><\/p>\n","protected":false},"excerpt":{"rendered":"<p>Nessa quarta-feira (5\/10), a Pol\u00edcia Civil do Estado de Minas Gerais (PCMG) efetuou a pris\u00e3o tempor\u00e1ria de um homem, de 49 anos, suspeito de ter matado uma mulher, de 49 anos, e o filho dela, de 6 anos, ao efetuar v\u00e1rias facadas que atingiram regi\u00f5es vitais das v\u00edtimas, no munic\u00edpio de Tocantins, na Zona da [&hellip;]<\/p>\n","protected":false},"author":4,"featured_media":191324,"comment_status":"open","ping_status":"closed","sticky":false,"template":"","format":"standard","meta":{"amp_status":"","footnotes":""},"categories":[123],"tags":[264855,264856,264857,264854,1577,219],"class_list":["post-191323","post","type-post","status-publish","format-standard","has-post-thumbnail","hentry","category-gerais","tag-duplo-homicidio-em-tocantins","tag-mae-e-filho-mortos-em-tocantins","tag-preso-por-duplo-homicidio-em-tocantins","tag-suspeito-de-matar-mae-e-filho-em-tocantins-e-preso-pela-policia-civil","tag-tocantins","tag-uba"],"yoast_head":"<!-- This site is optimized with the Yoast SEO plugin v28.3 - https:\/\/yoast.com\/product\/yoast-seo-wordpress\/ -->\n<title>Suspeito de matar m\u00e3e e filho em Tocantins \u00e9 preso pela Pol\u00edcia Civil - Aconteceu no Vale<\/title>\n<meta name=\"robots\" content=\"index, follow, max-snippet:-1, max-image-preview:large, max-video-preview:-1\" \/>\n<link rel=\"canonical\" href=\"https:\/\/aconteceunovale.com.br\/portal\/?p=191323\" \/>\n<meta property=\"og:locale\" content=\"pt_BR\" \/>\n<meta property=\"og:type\" content=\"article\" \/>\n<meta property=\"og:title\" content=\"Suspeito de matar m\u00e3e e filho em Tocantins \u00e9 preso pela Pol\u00edcia Civil - Aconteceu no Vale\" \/>\n<meta property=\"og:description\" content=\"Nessa quarta-feira (5\/10), a Pol\u00edcia Civil do Estado de Minas Gerais (PCMG) efetuou a pris\u00e3o tempor\u00e1ria de um homem, de 49 anos, suspeito de ter matado uma mulher, de 49 anos, e o filho dela, de 6 anos, ao efetuar v\u00e1rias facadas que atingiram regi\u00f5es vitais das v\u00edtimas, no munic\u00edpio de Tocantins, na Zona da [&hellip;]\" \/>\n<meta property=\"og:url\" content=\"https:\/\/aconteceunovale.com.br\/portal\/?p=191323\" \/>\n<meta property=\"og:site_name\" content=\"Aconteceu no Vale\" \/>\n<meta property=\"article:publisher\" content=\"https:\/\/www.facebook.com\/aconteceunovale\/\" \/>\n<meta property=\"article:published_time\" content=\"2022-10-06T17:19:20+00:00\" \/>\n<meta property=\"article:modified_time\" content=\"2022-10-07T13:16:28+00:00\" \/>\n<meta property=\"og:image\" content=\"https:\/\/aconteceunovale.com.br\/portal\/wp-content\/uploads\/2022\/10\/delegado_tocantins_uba.jpg\" \/>\n\t<meta property=\"og:image:width\" content=\"660\" \/>\n\t<meta property=\"og:image:height\" content=\"440\" \/>\n\t<meta property=\"og:image:type\" content=\"image\/jpeg\" \/>\n<meta name=\"author\" content=\"Reda\u00e7\u00e3o Aconteceu no Vale\" \/>\n<meta name=\"twitter:card\" content=\"summary_large_image\" \/>\n<meta name=\"twitter:creator\" content=\"@noticiadosvales\" \/>\n<meta name=\"twitter:site\" content=\"@noticiadosvales\" \/>\n<meta name=\"twitter:label1\" content=\"Escrito por\" \/>\n\t<meta name=\"twitter:data1\" content=\"Reda\u00e7\u00e3o Aconteceu no Vale\" \/>\n\t<meta name=\"twitter:label2\" content=\"Est. tempo de leitura\" \/>\n\t<meta name=\"twitter:data2\" content=\"1 minuto\" \/>\n<script type=\"application\/ld+json\" class=\"yoast-schema-graph\">{\"@context\":\"https:\\\/\\\/schema.org\",\"@graph\":[{\"@type\":\"Article\",\"@id\":\"https:\\\/\\\/aconteceunovale.com.br\\\/portal\\\/?p=191323#article\",\"isPartOf\":{\"@id\":\"https:\\\/\\\/aconteceunovale.com.br\\\/portal\\\/?p=191323\"},\"author\":{\"name\":\"Reda\u00e7\u00e3o Aconteceu no Vale\",\"@id\":\"https:\\\/\\\/aconteceunovale.com.br\\\/portal\\\/#\\\/schema\\\/person\\\/7d2f26d1483f8a63de73da1ee0754d35\"},\"headline\":\"Suspeito de matar m\u00e3e e filho em Tocantins \u00e9 preso pela Pol\u00edcia Civil\",\"datePublished\":\"2022-10-06T17:19:20+00:00\",\"dateModified\":\"2022-10-07T13:16:28+00:00\",\"mainEntityOfPage\":{\"@id\":\"https:\\\/\\\/aconteceunovale.com.br\\\/portal\\\/?p=191323\"},\"wordCount\":199,\"commentCount\":0,\"image\":{\"@id\":\"https:\\\/\\\/aconteceunovale.com.br\\\/portal\\\/?p=191323#primaryimage\"},\"thumbnailUrl\":\"https:\\\/\\\/aconteceunovale.com.br\\\/portal\\\/wp-content\\\/uploads\\\/2022\\\/10\\\/delegado_tocantins_uba.jpg\",\"keywords\":[\"Duplo homic\u00eddio em Tocantins\",\"M\u00e3e e filho mortos em Tocantins\",\"Preso por duplo homic\u00eddio em Tocantins\",\"Suspeito de matar m\u00e3e e filho em Tocantins \u00e9 preso pela Pol\u00edcia Civil\",\"Tocantins\",\"Ub\u00e1\"],\"articleSection\":[\"Minas Gerais\"],\"inLanguage\":\"pt-BR\",\"potentialAction\":[{\"@type\":\"CommentAction\",\"name\":\"Comment\",\"target\":[\"https:\\\/\\\/aconteceunovale.com.br\\\/portal\\\/?p=191323#respond\"]}]},{\"@type\":\"WebPage\",\"@id\":\"https:\\\/\\\/aconteceunovale.com.br\\\/portal\\\/?p=191323\",\"url\":\"https:\\\/\\\/aconteceunovale.com.br\\\/portal\\\/?p=191323\",\"name\":\"Suspeito de matar m\u00e3e e filho em Tocantins \u00e9 preso pela Pol\u00edcia Civil - Aconteceu no Vale\",\"isPartOf\":{\"@id\":\"https:\\\/\\\/aconteceunovale.com.br\\\/portal\\\/#website\"},\"primaryImageOfPage\":{\"@id\":\"https:\\\/\\\/aconteceunovale.com.br\\\/portal\\\/?p=191323#primaryimage\"},\"image\":{\"@id\":\"https:\\\/\\\/aconteceunovale.com.br\\\/portal\\\/?p=191323#primaryimage\"},\"thumbnailUrl\":\"https:\\\/\\\/aconteceunovale.com.br\\\/portal\\\/wp-content\\\/uploads\\\/2022\\\/10\\\/delegado_tocantins_uba.jpg\",\"datePublished\":\"2022-10-06T17:19:20+00:00\",\"dateModified\":\"2022-10-07T13:16:28+00:00\",\"author\":{\"@id\":\"https:\\\/\\\/aconteceunovale.com.br\\\/portal\\\/#\\\/schema\\\/person\\\/7d2f26d1483f8a63de73da1ee0754d35\"},\"breadcrumb\":{\"@id\":\"https:\\\/\\\/aconteceunovale.com.br\\\/portal\\\/?p=191323#breadcrumb\"},\"inLanguage\":\"pt-BR\",\"potentialAction\":[{\"@type\":\"ReadAction\",\"target\":[\"https:\\\/\\\/aconteceunovale.com.br\\\/portal\\\/?p=191323\"]}]},{\"@type\":\"ImageObject\",\"inLanguage\":\"pt-BR\",\"@id\":\"https:\\\/\\\/aconteceunovale.com.br\\\/portal\\\/?p=191323#primaryimage\",\"url\":\"https:\\\/\\\/aconteceunovale.com.br\\\/portal\\\/wp-content\\\/uploads\\\/2022\\\/10\\\/delegado_tocantins_uba.jpg\",\"contentUrl\":\"https:\\\/\\\/aconteceunovale.com.br\\\/portal\\\/wp-content\\\/uploads\\\/2022\\\/10\\\/delegado_tocantins_uba.jpg\",\"width\":660,\"height\":440},{\"@type\":\"BreadcrumbList\",\"@id\":\"https:\\\/\\\/aconteceunovale.com.br\\\/portal\\\/?p=191323#breadcrumb\",\"itemListElement\":[{\"@type\":\"ListItem\",\"position\":1,\"name\":\"In\u00edcio\",\"item\":\"https:\\\/\\\/aconteceunovale.com.br\\\/portal\\\/\"},{\"@type\":\"ListItem\",\"position\":2,\"name\":\"Suspeito de matar m\u00e3e e filho em Tocantins \u00e9 preso pela Pol\u00edcia Civil\"}]},{\"@type\":\"WebSite\",\"@id\":\"https:\\\/\\\/aconteceunovale.com.br\\\/portal\\\/#website\",\"url\":\"https:\\\/\\\/aconteceunovale.com.br\\\/portal\\\/\",\"name\":\"Aconteceu no Vale\",\"description\":\"Portal de Not\u00edcias\",\"potentialAction\":[{\"@type\":\"SearchAction\",\"target\":{\"@type\":\"EntryPoint\",\"urlTemplate\":\"https:\\\/\\\/aconteceunovale.com.br\\\/portal\\\/?s={search_term_string}\"},\"query-input\":{\"@type\":\"PropertyValueSpecification\",\"valueRequired\":true,\"valueName\":\"search_term_string\"}}],\"inLanguage\":\"pt-BR\"},{\"@type\":\"Person\",\"@id\":\"https:\\\/\\\/aconteceunovale.com.br\\\/portal\\\/#\\\/schema\\\/person\\\/7d2f26d1483f8a63de73da1ee0754d35\",\"name\":\"Reda\u00e7\u00e3o Aconteceu no Vale\",\"description\":\"Equipe de reportagem do Aconteceu no Vale, portal de not\u00edcias do Vale do Jequitinhonha, em Minas Gerais. Cobrimos as 51 cidades do Vale desde 2013. Sugest\u00f5es de pauta e pedidos de corre\u00e7\u00e3o: contato@aconteceunovale.com.br\",\"url\":\"https:\\\/\\\/aconteceunovale.com.br\\\/portal\\\/?author=4\"}]}<\/script>\n<!-- \/ Yoast SEO plugin. -->","yoast_head_json":{"title":"Suspeito de matar m\u00e3e e filho em Tocantins \u00e9 preso pela Pol\u00edcia Civil - Aconteceu no Vale","robots":{"index":"index","follow":"follow","max-snippet":"max-snippet:-1","max-image-preview":"max-image-preview:large","max-video-preview":"max-video-preview:-1"},"canonical":"https:\/\/aconteceunovale.com.br\/portal\/?p=191323","og_locale":"pt_BR","og_type":"article","og_title":"Suspeito de matar m\u00e3e e filho em Tocantins \u00e9 preso pela Pol\u00edcia Civil - Aconteceu no Vale","og_description":"Nessa quarta-feira (5\/10), a Pol\u00edcia Civil do Estado de Minas Gerais (PCMG) efetuou a pris\u00e3o tempor\u00e1ria de um homem, de 49 anos, suspeito de ter matado uma mulher, de 49 anos, e o filho dela, de 6 anos, ao efetuar v\u00e1rias facadas que atingiram regi\u00f5es vitais das v\u00edtimas, no munic\u00edpio de Tocantins, na Zona da [&hellip;]","og_url":"https:\/\/aconteceunovale.com.br\/portal\/?p=191323","og_site_name":"Aconteceu no Vale","article_publisher":"https:\/\/www.facebook.com\/aconteceunovale\/","article_published_time":"2022-10-06T17:19:20+00:00","article_modified_time":"2022-10-07T13:16:28+00:00","og_image":[{"width":660,"height":440,"url":"https:\/\/aconteceunovale.com.br\/portal\/wp-content\/uploads\/2022\/10\/delegado_tocantins_uba.jpg","type":"image\/jpeg"}],"author":"Reda\u00e7\u00e3o Aconteceu no Vale","twitter_card":"summary_large_image","twitter_creator":"@noticiadosvales","twitter_site":"@noticiadosvales","twitter_misc":{"Escrito por":"Reda\u00e7\u00e3o Aconteceu no Vale","Est. tempo de leitura":"1 minuto"},"schema":{"@context":"https:\/\/schema.org","@graph":[{"@type":"Article","@id":"https:\/\/aconteceunovale.com.br\/portal\/?p=191323#article","isPartOf":{"@id":"https:\/\/aconteceunovale.com.br\/portal\/?p=191323"},"author":{"name":"Reda\u00e7\u00e3o Aconteceu no Vale","@id":"https:\/\/aconteceunovale.com.br\/portal\/#\/schema\/person\/7d2f26d1483f8a63de73da1ee0754d35"},"headline":"Suspeito de matar m\u00e3e e filho em Tocantins \u00e9 preso pela Pol\u00edcia Civil","datePublished":"2022-10-06T17:19:20+00:00","dateModified":"2022-10-07T13:16:28+00:00","mainEntityOfPage":{"@id":"https:\/\/aconteceunovale.com.br\/portal\/?p=191323"},"wordCount":199,"commentCount":0,"image":{"@id":"https:\/\/aconteceunovale.com.br\/portal\/?p=191323#primaryimage"},"thumbnailUrl":"https:\/\/aconteceunovale.com.br\/portal\/wp-content\/uploads\/2022\/10\/delegado_tocantins_uba.jpg","keywords":["Duplo homic\u00eddio em Tocantins","M\u00e3e e filho mortos em Tocantins","Preso por duplo homic\u00eddio em Tocantins","Suspeito de matar m\u00e3e e filho em Tocantins \u00e9 preso pela Pol\u00edcia Civil","Tocantins","Ub\u00e1"],"articleSection":["Minas Gerais"],"inLanguage":"pt-BR","potentialAction":[{"@type":"CommentAction","name":"Comment","target":["https:\/\/aconteceunovale.com.br\/portal\/?p=191323#respond"]}]},{"@type":"WebPage","@id":"https:\/\/aconteceunovale.com.br\/portal\/?p=191323","url":"https:\/\/aconteceunovale.com.br\/portal\/?p=191323","name":"Suspeito de matar m\u00e3e e filho em Tocantins \u00e9 preso pela Pol\u00edcia Civil - Aconteceu no Vale","isPartOf":{"@id":"https:\/\/aconteceunovale.com.br\/portal\/#website"},"primaryImageOfPage":{"@id":"https:\/\/aconteceunovale.com.br\/portal\/?p=191323#primaryimage"},"image":{"@id":"https:\/\/aconteceunovale.com.br\/portal\/?p=191323#primaryimage"},"thumbnailUrl":"https:\/\/aconteceunovale.com.br\/portal\/wp-content\/uploads\/2022\/10\/delegado_tocantins_uba.jpg","datePublished":"2022-10-06T17:19:20+00:00","dateModified":"2022-10-07T13:16:28+00:00","author":{"@id":"https:\/\/aconteceunovale.com.br\/portal\/#\/schema\/person\/7d2f26d1483f8a63de73da1ee0754d35"},"breadcrumb":{"@id":"https:\/\/aconteceunovale.com.br\/portal\/?p=191323#breadcrumb"},"inLanguage":"pt-BR","potentialAction":[{"@type":"ReadAction","target":["https:\/\/aconteceunovale.com.br\/portal\/?p=191323"]}]},{"@type":"ImageObject","inLanguage":"pt-BR","@id":"https:\/\/aconteceunovale.com.br\/portal\/?p=191323#primaryimage","url":"https:\/\/aconteceunovale.com.br\/portal\/wp-content\/uploads\/2022\/10\/delegado_tocantins_uba.jpg","contentUrl":"https:\/\/aconteceunovale.com.br\/portal\/wp-content\/uploads\/2022\/10\/delegado_tocantins_uba.jpg","width":660,"height":440},{"@type":"BreadcrumbList","@id":"https:\/\/aconteceunovale.com.br\/portal\/?p=191323#breadcrumb","itemListElement":[{"@type":"ListItem","position":1,"name":"In\u00edcio","item":"https:\/\/aconteceunovale.com.br\/portal\/"},{"@type":"ListItem","position":2,"name":"Suspeito de matar m\u00e3e e filho em Tocantins \u00e9 preso pela Pol\u00edcia Civil"}]},{"@type":"WebSite","@id":"https:\/\/aconteceunovale.com.br\/portal\/#website","url":"https:\/\/aconteceunovale.com.br\/portal\/","name":"Aconteceu no Vale","description":"Portal de Not\u00edcias","potentialAction":[{"@type":"SearchAction","target":{"@type":"EntryPoint","urlTemplate":"https:\/\/aconteceunovale.com.br\/portal\/?s={search_term_string}"},"query-input":{"@type":"PropertyValueSpecification","valueRequired":true,"valueName":"search_term_string"}}],"inLanguage":"pt-BR"},{"@type":"Person","@id":"https:\/\/aconteceunovale.com.br\/portal\/#\/schema\/person\/7d2f26d1483f8a63de73da1ee0754d35","name":"Reda\u00e7\u00e3o Aconteceu no Vale","description":"Equipe de reportagem do Aconteceu no Vale, portal de not\u00edcias do Vale do Jequitinhonha, em Minas Gerais. Cobrimos as 51 cidades do Vale desde 2013. Sugest\u00f5es de pauta e pedidos de corre\u00e7\u00e3o: contato@aconteceunovale.com.br","url":"https:\/\/aconteceunovale.com.br\/portal\/?author=4"}]}},"_links":{"self":[{"href":"https:\/\/aconteceunovale.com.br\/portal\/index.php?rest_route=\/wp\/v2\/posts\/191323","targetHints":{"allow":["GET"]}}],"collection":[{"href":"https:\/\/aconteceunovale.com.br\/portal\/index.php?rest_route=\/wp\/v2\/posts"}],"about":[{"href":"https:\/\/aconteceunovale.com.br\/portal\/index.php?rest_route=\/wp\/v2\/types\/post"}],"author":[{"embeddable":true,"href":"https:\/\/aconteceunovale.com.br\/portal\/index.php?rest_route=\/wp\/v2\/users\/4"}],"replies":[{"embeddable":true,"href":"https:\/\/aconteceunovale.com.br\/portal\/index.php?rest_route=%2Fwp%2Fv2%2Fcomments&post=191323"}],"version-history":[{"count":1,"href":"https:\/\/aconteceunovale.com.br\/portal\/index.php?rest_route=\/wp\/v2\/posts\/191323\/revisions"}],"predecessor-version":[{"id":191325,"href":"https:\/\/aconteceunovale.com.br\/portal\/index.php?rest_route=\/wp\/v2\/posts\/191323\/revisions\/191325"}],"wp:featuredmedia":[{"embeddable":true,"href":"https:\/\/aconteceunovale.com.br\/portal\/index.php?rest_route=\/wp\/v2\/media\/191324"}],"wp:attachment":[{"href":"https:\/\/aconteceunovale.com.br\/portal\/index.php?rest_route=%2Fwp%2Fv2%2Fmedia&parent=191323"}],"wp:term":[{"taxonomy":"category","embeddable":true,"href":"https:\/\/aconteceunovale.com.br\/portal\/index.php?rest_route=%2Fwp%2Fv2%2Fcategories&post=191323"},{"taxonomy":"post_tag","embeddable":true,"href":"https:\/\/aconteceunovale.com.br\/portal\/index.php?rest_route=%2Fwp%2Fv2%2Ftags&post=191323"}],"curies":[{"name":"wp","href":"https:\/\/api.w.org\/{rel}","templated":true}]}}