{"id":191307,"date":"2022-10-06T16:13:04","date_gmt":"2022-10-06T19:13:04","guid":{"rendered":"https:\/\/aconteceunovale.com.br\/portal\/?p=191307"},"modified":"2022-10-06T21:25:30","modified_gmt":"2022-10-07T00:25:30","slug":"lula-faz-caminhada-com-apoiadores-em-sao-bernardo-do-campo","status":"publish","type":"post","link":"https:\/\/aconteceunovale.com.br\/portal\/?p=191307","title":{"rendered":"Lula faz caminhada com apoiadores em S\u00e3o Bernardo do Campo"},"content":{"rendered":"\n<p class=\"wp-block-paragraph\">O candidato do PT \u00e0 Presid\u00eancia, Luiz In\u00e1cio Lula da Silva, participou hoje (6) de uma caminhada com apoiadores em S\u00e3o Bernardo do Campo, na Grande S\u00e3o Paulo. O ato saiu do Sindicato dos Metal\u00fargicos do ABC e seguiu at\u00e9 a Pra\u00e7a da Matriz.<\/p>\n\n\n\n<figure class=\"wp-block-gallery has-nested-images columns-default is-cropped wp-block-gallery-1 is-layout-flex wp-block-gallery-is-layout-flex\">\n<figure class=\"wp-block-image size-large\"><img loading=\"lazy\" decoding=\"async\" width=\"675\" height=\"450\" data-id=\"191308\" src=\"https:\/\/aconteceunovale.com.br\/portal\/wp-content\/uploads\/2022\/10\/lula_sp.jpg\" alt=\"\" class=\"wp-image-191308\" srcset=\"https:\/\/aconteceunovale.com.br\/portal\/wp-content\/uploads\/2022\/10\/lula_sp.jpg 675w, https:\/\/aconteceunovale.com.br\/portal\/wp-content\/uploads\/2022\/10\/lula_sp-300x200.jpg 300w, https:\/\/aconteceunovale.com.br\/portal\/wp-content\/uploads\/2022\/10\/lula_sp-630x420.jpg 630w\" sizes=\"auto, (max-width: 675px) 100vw, 675px\" \/><figcaption><em><sub>Foto: Ricardo Stuckert\/Divulga\u00e7\u00e3o\/Site Oficial do PT<\/sub><\/em><\/figcaption><\/figure>\n<\/figure>\n\n\n\n<p class=\"wp-block-paragraph\">Em frente a igreja, Lula relembrou as greves dos metal\u00fargicos, em que participava durante o regime militar. \u201cA gente estava em greve, a diretoria do sindicato foi toda presa e os trabalhadores ficaram sendo organizados pela comiss\u00e3o de f\u00e1brica\u201d, contou sobre um epis\u00f3dio ocorrido em 1\u00ba de Maio de 1980.&nbsp;<\/p>\n\n\n\n<p class=\"wp-block-paragraph\">Na ocasi\u00e3o, segundo o candidato, os sindicalistas tiveram que se refugiar no interior da igreja para evitar a repress\u00e3o. \u201cNa \u00e9poca, o saudoso Dom Cl\u00e1udio Hummes era o bispo da regi\u00e3o do ABC e ele dava guarida para os trabalhadores entrarem na sacristia para que a gente n\u00e3o apanhasse da pol\u00edcia\u201d, relembrou.<\/p>\n\n\n\n<p class=\"wp-block-paragraph\">Desde ent\u00e3o, de acordo com Lula, o local se tornou um marco das lutas dos trabalhadores, categoria que ele pretende atender, caso retorne \u00e0 Presid\u00eancia. \u201cA gente quer ter o direito de trabalhar, de estudar, de tomar caf\u00e9, almo\u00e7ar todo dia. A gente quer ter o direito de ter acesso \u00e0 cultura, ao lazer, de ir ao cinema, ao teatro. A gente quer ter o direito de participar de tudo aquilo que a gente constr\u00f3i. A gente quer se vestir bem, comer bem. A gente n\u00e3o gosta s\u00f3 de carne de segunda ou pesco\u00e7o de frango\u201d, disse.&nbsp;<\/p>\n\n\n\n<h2 class=\"wp-block-heading\">Economistas<\/h2>\n\n\n\n<p class=\"wp-block-paragraph\">Ainda pela manh\u00e3, os economistas Edmar Bacha, Pedro Malan, P\u00e9rsio Arida e Arm\u00ednio Fraga declararam voto em Lula no segundo turno. Eles serviram aos governos Itamar Franco (1992-1994) e Fernando Henrique Cardoso (1995-2001) e foram criadores do Plano Real, programa que implantou a nova moeda e ajudou a controlar a hiperinfla\u00e7\u00e3o no pa\u00eds&nbsp;nos anos 1990. Em comunicado, os quatro economistas disseram esperar que um eventual retorno de Lula \u00e0 Presid\u00eancia&nbsp; tenha &#8220;condu\u00e7\u00e3o respons\u00e1vel da economia&#8221;.&nbsp;&#8220;Votaremos em Lula no 2\u00ba turno; nossa expectativa \u00e9 de condu\u00e7\u00e3o respons\u00e1vel da economia&#8221;, declararam.&nbsp;<\/p>\n\n\n\n<p class=\"wp-block-paragraph\">Malan foi ministro da Fazenda durante o governo de FHC e presidente do Banco Central durante o governo de Itamar Franco. Arida e Bacha foram os criadores do Plano Real ainda no governo FHC.&nbsp;Arm\u00ednio Fraga foi presidente do Banco Central no segundo mandato de FHC. Ontem (5), o ex-presidente declarou apoio a Lula.<\/p>\n\n\n\n<p class=\"wp-block-paragraph\">Em nota, a campanha de Lula e de seu candidato a vice-presidente, Geraldo Alckmin, elogiou a postura dos economistas.&nbsp;<\/p>\n\n\n\n<p class=\"wp-block-paragraph\">&#8220;Com esse ato de grandeza e de compromisso p\u00fablico com o Brasil, os economistas Andr\u00e9 Lara Resende, Arm\u00ednio Fraga, Edmar Bacha, Pedro Malan e P\u00e9rsio Arida se somam a postura do ex-presidente Fernando Henrique Cardoso e de diversos quadros hist\u00f3ricos do PSDB em defesa da democracia e da inclus\u00e3o social representadas pela candidatura Lula-Alckmin. Estivemos juntos no processo de redemocratiza\u00e7\u00e3o que derrotou a ditadura militar e, agora, juntos novamente, vamos derrotar o autoritarismo, o obscurantismo, o negacionismo e os desmontes de Bolsonaro, al\u00e9m de recuperar a economia brasileira, reduzindo a infla\u00e7\u00e3o e voltando a gerar emprego e renda para o povo brasileiro&#8221;, diz a nota.<\/p>\n\n\n\n<h2 class=\"wp-block-heading\">Pol\u00edticos do PSD<\/h2>\n\n\n\n<p class=\"wp-block-paragraph\">\u00c0 tarde, tamb\u00e9m na capital paulista, Lula recebeu pol\u00edticos do PSD, partido presidido deputado federal e ex-prefeito de S\u00e3o Paulo Gilberto Kassab. A legenda, que se manteve neutra no primeiro turno e repetir\u00e1 o posicionamento no segundo, liberou as bancadas e seus diret\u00f3rios para apoiarem qualquer um dos&nbsp;candidatos a presidente que est\u00e3o na disputa.&nbsp;<\/p>\n\n\n\n<p class=\"wp-block-paragraph\">Entre os apoios recebidos por Lula nesta quinta-feira, est\u00e1 o do prefeito do Rio de Janeiro, Eduardo Paes. &#8220;O presidente Lula \u00e9 o \u00fanico pol\u00edtico com n\u00edvel nacional que tem compreens\u00e3o da import\u00e2ncia do estado do Rio de Janeiro para o Brasil. A mensagem que n\u00f3s passamos aqui \u00e9 que n\u00f3s vamos trabalhar incessantemente [pela elei\u00e7\u00e3o de Lula]&#8221;, afirmou o prefeito. O encontro tamb\u00e9m reuniu nomes como os senadores C\u00e1rlos F\u00e1varo (PSD-MT) e Otto Alencar (PSD-BA), este \u00faltimo reeleito no domingo (2) para um novo mandato.<\/p>\n\n\n\n<p class=\"wp-block-paragraph\">&#8212;&#8212;&#8212;&#8212;&#8212;&#8212;<br><br><strong>Sabia que o Aconteceu no Vale est\u00e1 tamb\u00e9m no Telegram? <a rel=\"noreferrer noopener\" href=\"https:\/\/t.me\/aconteceunovaleoficial\" target=\"_blank\">Inscreva-se no canal<\/a>.<\/strong><br><br><strong>J\u00e1 curtiu ou seguiu nossas p\u00e1ginas nas redes sociais?\u00a0Receba as not\u00edcias em primeira m\u00e3o:<\/strong><br>\u2022 <a rel=\"noreferrer noopener\" href=\"https:\/\/news.google.com\/publications\/CAAqBwgKMNjklQswi4etAw?hl=pt-BR&amp;gl=BR&amp;ceid=BR%3Apt-419\" target=\"_blank\">Google News<\/a><br>\u2022 <a rel=\"noreferrer noopener\" href=\"https:\/\/www.facebook.com\/aconteceunovale\/\" target=\"_blank\">Facebook<\/a><br>\u2022 <a rel=\"noreferrer noopener\" href=\"https:\/\/twitter.com\/noticiadosvales\" target=\"_blank\">Twitter<\/a><br>\u2022 <a rel=\"noreferrer noopener\" href=\"https:\/\/www.instagram.com\/aconteceunovale\" target=\"_blank\">Instagram<\/a><br>\u2022 <a rel=\"noreferrer noopener\" href=\"https:\/\/www.youtube.com\/AconteceunoValeOficial\" target=\"_blank\">Youtube<\/a><br>\u2022 <a rel=\"noreferrer noopener\" href=\"https:\/\/www.tiktok.com\/@aconteceunovale\" target=\"_blank\">TikTok<\/a><\/p>\n","protected":false},"excerpt":{"rendered":"<p>O candidato do PT \u00e0 Presid\u00eancia, Luiz In\u00e1cio Lula da Silva, participou hoje (6) de uma caminhada com apoiadores em S\u00e3o Bernardo do Campo, na Grande S\u00e3o Paulo. O ato saiu do Sindicato dos Metal\u00fargicos do ABC e seguiu at\u00e9 a Pra\u00e7a da Matriz. Em frente a igreja, Lula relembrou as greves dos metal\u00fargicos, em [&hellip;]<\/p>\n","protected":false},"author":4,"featured_media":191308,"comment_status":"open","ping_status":"closed","sticky":false,"template":"","format":"standard","meta":{"amp_status":"","footnotes":""},"categories":[6,249933,40240],"tags":[195544,264823,168038,264827,264824,264825,252238,14372,7147,264822,757,85349,264826,758,4657],"class_list":["post-191307","post","type-post","status-publish","format-standard","has-post-thumbnail","hentry","category-br","category-eleicoes-2022","category-politica","tag-abc-paulista","tag-agenda-lula","tag-apoio-a-lula","tag-arminio-fraga","tag-cobertura-das-eleicoes","tag-edmar-bacha","tag-eleicoes-2022","tag-geraldo-alckmin","tag-lula","tag-lula-faz-caminhada-com-apoiadores-em-sao-bernardo-do-campo","tag-partido-dos-trabalhadores","tag-pedro-malan","tag-persio-arida","tag-pt","tag-sao-bernardo-do-campo"],"yoast_head":"<!-- This site is optimized with the Yoast SEO plugin v28.3 - https:\/\/yoast.com\/product\/yoast-seo-wordpress\/ -->\n<title>Lula faz caminhada com apoiadores em S\u00e3o Bernardo do Campo - Aconteceu no Vale<\/title>\n<meta name=\"robots\" content=\"index, follow, max-snippet:-1, max-image-preview:large, max-video-preview:-1\" \/>\n<link rel=\"canonical\" href=\"https:\/\/aconteceunovale.com.br\/portal\/?p=191307\" \/>\n<meta property=\"og:locale\" content=\"pt_BR\" \/>\n<meta property=\"og:type\" content=\"article\" \/>\n<meta property=\"og:title\" content=\"Lula faz caminhada com apoiadores em S\u00e3o Bernardo do Campo - Aconteceu no Vale\" \/>\n<meta property=\"og:description\" content=\"O candidato do PT \u00e0 Presid\u00eancia, Luiz In\u00e1cio Lula da Silva, participou hoje (6) de uma caminhada com apoiadores em S\u00e3o Bernardo do Campo, na Grande S\u00e3o Paulo. O ato saiu do Sindicato dos Metal\u00fargicos do ABC e seguiu at\u00e9 a Pra\u00e7a da Matriz. Em frente a igreja, Lula relembrou as greves dos metal\u00fargicos, em [&hellip;]\" \/>\n<meta property=\"og:url\" content=\"https:\/\/aconteceunovale.com.br\/portal\/?p=191307\" \/>\n<meta property=\"og:site_name\" content=\"Aconteceu no Vale\" \/>\n<meta property=\"article:publisher\" content=\"https:\/\/www.facebook.com\/aconteceunovale\/\" \/>\n<meta property=\"article:published_time\" content=\"2022-10-06T19:13:04+00:00\" \/>\n<meta property=\"article:modified_time\" content=\"2022-10-07T00:25:30+00:00\" \/>\n<meta property=\"og:image\" content=\"https:\/\/aconteceunovale.com.br\/portal\/wp-content\/uploads\/2022\/10\/lula_sp.jpg\" \/>\n\t<meta property=\"og:image:width\" content=\"675\" \/>\n\t<meta property=\"og:image:height\" content=\"450\" \/>\n\t<meta property=\"og:image:type\" content=\"image\/jpeg\" \/>\n<meta name=\"author\" content=\"Reda\u00e7\u00e3o Aconteceu no Vale\" \/>\n<meta name=\"twitter:card\" content=\"summary_large_image\" \/>\n<meta name=\"twitter:creator\" content=\"@noticiadosvales\" \/>\n<meta name=\"twitter:site\" content=\"@noticiadosvales\" \/>\n<meta name=\"twitter:label1\" content=\"Escrito por\" \/>\n\t<meta name=\"twitter:data1\" content=\"Reda\u00e7\u00e3o Aconteceu no Vale\" \/>\n\t<meta name=\"twitter:label2\" content=\"Est. tempo de leitura\" \/>\n\t<meta name=\"twitter:data2\" content=\"4 minutos\" \/>\n<script type=\"application\/ld+json\" class=\"yoast-schema-graph\">{\"@context\":\"https:\\\/\\\/schema.org\",\"@graph\":[{\"@type\":\"Article\",\"@id\":\"https:\\\/\\\/aconteceunovale.com.br\\\/portal\\\/?p=191307#article\",\"isPartOf\":{\"@id\":\"https:\\\/\\\/aconteceunovale.com.br\\\/portal\\\/?p=191307\"},\"author\":{\"name\":\"Reda\u00e7\u00e3o Aconteceu no Vale\",\"@id\":\"https:\\\/\\\/aconteceunovale.com.br\\\/portal\\\/#\\\/schema\\\/person\\\/7d2f26d1483f8a63de73da1ee0754d35\"},\"headline\":\"Lula faz caminhada com apoiadores em S\u00e3o Bernardo do Campo\",\"datePublished\":\"2022-10-06T19:13:04+00:00\",\"dateModified\":\"2022-10-07T00:25:30+00:00\",\"mainEntityOfPage\":{\"@id\":\"https:\\\/\\\/aconteceunovale.com.br\\\/portal\\\/?p=191307\"},\"wordCount\":768,\"commentCount\":0,\"image\":{\"@id\":\"https:\\\/\\\/aconteceunovale.com.br\\\/portal\\\/?p=191307#primaryimage\"},\"thumbnailUrl\":\"https:\\\/\\\/aconteceunovale.com.br\\\/portal\\\/wp-content\\\/uploads\\\/2022\\\/10\\\/lula_sp.jpg\",\"keywords\":[\"ABC Paulista\",\"Agenda Lula\",\"Apoio a Lula\",\"Arm\u00ednio Fraga\",\"Cobertura das elei\u00e7\u00f5es\",\"Edmar Bacha\",\"Elei\u00e7\u00f5es 2022\",\"Geraldo Alckmin\",\"Lula\",\"Lula faz caminhada com apoiadores em S\u00e3o Bernardo do Campo\",\"Partido dos Trabalhadores\",\"Pedro Malan\",\"P\u00e9rsio Arida\",\"PT\",\"S\u00e3o Bernardo do Campo\"],\"articleSection\":[\"Brasil\",\"Elei\u00e7\u00f5es 2022\",\"Pol\u00edtica\"],\"inLanguage\":\"pt-BR\",\"potentialAction\":[{\"@type\":\"CommentAction\",\"name\":\"Comment\",\"target\":[\"https:\\\/\\\/aconteceunovale.com.br\\\/portal\\\/?p=191307#respond\"]}]},{\"@type\":\"WebPage\",\"@id\":\"https:\\\/\\\/aconteceunovale.com.br\\\/portal\\\/?p=191307\",\"url\":\"https:\\\/\\\/aconteceunovale.com.br\\\/portal\\\/?p=191307\",\"name\":\"Lula faz caminhada com apoiadores em S\u00e3o Bernardo do Campo - Aconteceu no Vale\",\"isPartOf\":{\"@id\":\"https:\\\/\\\/aconteceunovale.com.br\\\/portal\\\/#website\"},\"primaryImageOfPage\":{\"@id\":\"https:\\\/\\\/aconteceunovale.com.br\\\/portal\\\/?p=191307#primaryimage\"},\"image\":{\"@id\":\"https:\\\/\\\/aconteceunovale.com.br\\\/portal\\\/?p=191307#primaryimage\"},\"thumbnailUrl\":\"https:\\\/\\\/aconteceunovale.com.br\\\/portal\\\/wp-content\\\/uploads\\\/2022\\\/10\\\/lula_sp.jpg\",\"datePublished\":\"2022-10-06T19:13:04+00:00\",\"dateModified\":\"2022-10-07T00:25:30+00:00\",\"author\":{\"@id\":\"https:\\\/\\\/aconteceunovale.com.br\\\/portal\\\/#\\\/schema\\\/person\\\/7d2f26d1483f8a63de73da1ee0754d35\"},\"breadcrumb\":{\"@id\":\"https:\\\/\\\/aconteceunovale.com.br\\\/portal\\\/?p=191307#breadcrumb\"},\"inLanguage\":\"pt-BR\",\"potentialAction\":[{\"@type\":\"ReadAction\",\"target\":[\"https:\\\/\\\/aconteceunovale.com.br\\\/portal\\\/?p=191307\"]}]},{\"@type\":\"ImageObject\",\"inLanguage\":\"pt-BR\",\"@id\":\"https:\\\/\\\/aconteceunovale.com.br\\\/portal\\\/?p=191307#primaryimage\",\"url\":\"https:\\\/\\\/aconteceunovale.com.br\\\/portal\\\/wp-content\\\/uploads\\\/2022\\\/10\\\/lula_sp.jpg\",\"contentUrl\":\"https:\\\/\\\/aconteceunovale.com.br\\\/portal\\\/wp-content\\\/uploads\\\/2022\\\/10\\\/lula_sp.jpg\",\"width\":675,\"height\":450},{\"@type\":\"BreadcrumbList\",\"@id\":\"https:\\\/\\\/aconteceunovale.com.br\\\/portal\\\/?p=191307#breadcrumb\",\"itemListElement\":[{\"@type\":\"ListItem\",\"position\":1,\"name\":\"In\u00edcio\",\"item\":\"https:\\\/\\\/aconteceunovale.com.br\\\/portal\\\/\"},{\"@type\":\"ListItem\",\"position\":2,\"name\":\"Lula faz caminhada com apoiadores em S\u00e3o Bernardo do Campo\"}]},{\"@type\":\"WebSite\",\"@id\":\"https:\\\/\\\/aconteceunovale.com.br\\\/portal\\\/#website\",\"url\":\"https:\\\/\\\/aconteceunovale.com.br\\\/portal\\\/\",\"name\":\"Aconteceu no Vale\",\"description\":\"Portal de Not\u00edcias\",\"potentialAction\":[{\"@type\":\"SearchAction\",\"target\":{\"@type\":\"EntryPoint\",\"urlTemplate\":\"https:\\\/\\\/aconteceunovale.com.br\\\/portal\\\/?s={search_term_string}\"},\"query-input\":{\"@type\":\"PropertyValueSpecification\",\"valueRequired\":true,\"valueName\":\"search_term_string\"}}],\"inLanguage\":\"pt-BR\"},{\"@type\":\"Person\",\"@id\":\"https:\\\/\\\/aconteceunovale.com.br\\\/portal\\\/#\\\/schema\\\/person\\\/7d2f26d1483f8a63de73da1ee0754d35\",\"name\":\"Reda\u00e7\u00e3o Aconteceu no Vale\",\"description\":\"Equipe de reportagem do Aconteceu no Vale, portal de not\u00edcias do Vale do Jequitinhonha, em Minas Gerais. Cobrimos as 51 cidades do Vale desde 2013. Sugest\u00f5es de pauta e pedidos de corre\u00e7\u00e3o: contato@aconteceunovale.com.br\",\"url\":\"https:\\\/\\\/aconteceunovale.com.br\\\/portal\\\/?author=4\"}]}<\/script>\n<!-- \/ Yoast SEO plugin. -->","yoast_head_json":{"title":"Lula faz caminhada com apoiadores em S\u00e3o Bernardo do Campo - Aconteceu no Vale","robots":{"index":"index","follow":"follow","max-snippet":"max-snippet:-1","max-image-preview":"max-image-preview:large","max-video-preview":"max-video-preview:-1"},"canonical":"https:\/\/aconteceunovale.com.br\/portal\/?p=191307","og_locale":"pt_BR","og_type":"article","og_title":"Lula faz caminhada com apoiadores em S\u00e3o Bernardo do Campo - Aconteceu no Vale","og_description":"O candidato do PT \u00e0 Presid\u00eancia, Luiz In\u00e1cio Lula da Silva, participou hoje (6) de uma caminhada com apoiadores em S\u00e3o Bernardo do Campo, na Grande S\u00e3o Paulo. O ato saiu do Sindicato dos Metal\u00fargicos do ABC e seguiu at\u00e9 a Pra\u00e7a da Matriz. Em frente a igreja, Lula relembrou as greves dos metal\u00fargicos, em [&hellip;]","og_url":"https:\/\/aconteceunovale.com.br\/portal\/?p=191307","og_site_name":"Aconteceu no Vale","article_publisher":"https:\/\/www.facebook.com\/aconteceunovale\/","article_published_time":"2022-10-06T19:13:04+00:00","article_modified_time":"2022-10-07T00:25:30+00:00","og_image":[{"width":675,"height":450,"url":"https:\/\/aconteceunovale.com.br\/portal\/wp-content\/uploads\/2022\/10\/lula_sp.jpg","type":"image\/jpeg"}],"author":"Reda\u00e7\u00e3o Aconteceu no Vale","twitter_card":"summary_large_image","twitter_creator":"@noticiadosvales","twitter_site":"@noticiadosvales","twitter_misc":{"Escrito por":"Reda\u00e7\u00e3o Aconteceu no Vale","Est. tempo de leitura":"4 minutos"},"schema":{"@context":"https:\/\/schema.org","@graph":[{"@type":"Article","@id":"https:\/\/aconteceunovale.com.br\/portal\/?p=191307#article","isPartOf":{"@id":"https:\/\/aconteceunovale.com.br\/portal\/?p=191307"},"author":{"name":"Reda\u00e7\u00e3o Aconteceu no Vale","@id":"https:\/\/aconteceunovale.com.br\/portal\/#\/schema\/person\/7d2f26d1483f8a63de73da1ee0754d35"},"headline":"Lula faz caminhada com apoiadores em S\u00e3o Bernardo do Campo","datePublished":"2022-10-06T19:13:04+00:00","dateModified":"2022-10-07T00:25:30+00:00","mainEntityOfPage":{"@id":"https:\/\/aconteceunovale.com.br\/portal\/?p=191307"},"wordCount":768,"commentCount":0,"image":{"@id":"https:\/\/aconteceunovale.com.br\/portal\/?p=191307#primaryimage"},"thumbnailUrl":"https:\/\/aconteceunovale.com.br\/portal\/wp-content\/uploads\/2022\/10\/lula_sp.jpg","keywords":["ABC Paulista","Agenda Lula","Apoio a Lula","Arm\u00ednio Fraga","Cobertura das elei\u00e7\u00f5es","Edmar Bacha","Elei\u00e7\u00f5es 2022","Geraldo Alckmin","Lula","Lula faz caminhada com apoiadores em S\u00e3o Bernardo do Campo","Partido dos Trabalhadores","Pedro Malan","P\u00e9rsio Arida","PT","S\u00e3o Bernardo do Campo"],"articleSection":["Brasil","Elei\u00e7\u00f5es 2022","Pol\u00edtica"],"inLanguage":"pt-BR","potentialAction":[{"@type":"CommentAction","name":"Comment","target":["https:\/\/aconteceunovale.com.br\/portal\/?p=191307#respond"]}]},{"@type":"WebPage","@id":"https:\/\/aconteceunovale.com.br\/portal\/?p=191307","url":"https:\/\/aconteceunovale.com.br\/portal\/?p=191307","name":"Lula faz caminhada com apoiadores em S\u00e3o Bernardo do Campo - Aconteceu no Vale","isPartOf":{"@id":"https:\/\/aconteceunovale.com.br\/portal\/#website"},"primaryImageOfPage":{"@id":"https:\/\/aconteceunovale.com.br\/portal\/?p=191307#primaryimage"},"image":{"@id":"https:\/\/aconteceunovale.com.br\/portal\/?p=191307#primaryimage"},"thumbnailUrl":"https:\/\/aconteceunovale.com.br\/portal\/wp-content\/uploads\/2022\/10\/lula_sp.jpg","datePublished":"2022-10-06T19:13:04+00:00","dateModified":"2022-10-07T00:25:30+00:00","author":{"@id":"https:\/\/aconteceunovale.com.br\/portal\/#\/schema\/person\/7d2f26d1483f8a63de73da1ee0754d35"},"breadcrumb":{"@id":"https:\/\/aconteceunovale.com.br\/portal\/?p=191307#breadcrumb"},"inLanguage":"pt-BR","potentialAction":[{"@type":"ReadAction","target":["https:\/\/aconteceunovale.com.br\/portal\/?p=191307"]}]},{"@type":"ImageObject","inLanguage":"pt-BR","@id":"https:\/\/aconteceunovale.com.br\/portal\/?p=191307#primaryimage","url":"https:\/\/aconteceunovale.com.br\/portal\/wp-content\/uploads\/2022\/10\/lula_sp.jpg","contentUrl":"https:\/\/aconteceunovale.com.br\/portal\/wp-content\/uploads\/2022\/10\/lula_sp.jpg","width":675,"height":450},{"@type":"BreadcrumbList","@id":"https:\/\/aconteceunovale.com.br\/portal\/?p=191307#breadcrumb","itemListElement":[{"@type":"ListItem","position":1,"name":"In\u00edcio","item":"https:\/\/aconteceunovale.com.br\/portal\/"},{"@type":"ListItem","position":2,"name":"Lula faz caminhada com apoiadores em S\u00e3o Bernardo do Campo"}]},{"@type":"WebSite","@id":"https:\/\/aconteceunovale.com.br\/portal\/#website","url":"https:\/\/aconteceunovale.com.br\/portal\/","name":"Aconteceu no Vale","description":"Portal de Not\u00edcias","potentialAction":[{"@type":"SearchAction","target":{"@type":"EntryPoint","urlTemplate":"https:\/\/aconteceunovale.com.br\/portal\/?s={search_term_string}"},"query-input":{"@type":"PropertyValueSpecification","valueRequired":true,"valueName":"search_term_string"}}],"inLanguage":"pt-BR"},{"@type":"Person","@id":"https:\/\/aconteceunovale.com.br\/portal\/#\/schema\/person\/7d2f26d1483f8a63de73da1ee0754d35","name":"Reda\u00e7\u00e3o Aconteceu no Vale","description":"Equipe de reportagem do Aconteceu no Vale, portal de not\u00edcias do Vale do Jequitinhonha, em Minas Gerais. Cobrimos as 51 cidades do Vale desde 2013. Sugest\u00f5es de pauta e pedidos de corre\u00e7\u00e3o: contato@aconteceunovale.com.br","url":"https:\/\/aconteceunovale.com.br\/portal\/?author=4"}]}},"_links":{"self":[{"href":"https:\/\/aconteceunovale.com.br\/portal\/index.php?rest_route=\/wp\/v2\/posts\/191307","targetHints":{"allow":["GET"]}}],"collection":[{"href":"https:\/\/aconteceunovale.com.br\/portal\/index.php?rest_route=\/wp\/v2\/posts"}],"about":[{"href":"https:\/\/aconteceunovale.com.br\/portal\/index.php?rest_route=\/wp\/v2\/types\/post"}],"author":[{"embeddable":true,"href":"https:\/\/aconteceunovale.com.br\/portal\/index.php?rest_route=\/wp\/v2\/users\/4"}],"replies":[{"embeddable":true,"href":"https:\/\/aconteceunovale.com.br\/portal\/index.php?rest_route=%2Fwp%2Fv2%2Fcomments&post=191307"}],"version-history":[{"count":1,"href":"https:\/\/aconteceunovale.com.br\/portal\/index.php?rest_route=\/wp\/v2\/posts\/191307\/revisions"}],"predecessor-version":[{"id":191309,"href":"https:\/\/aconteceunovale.com.br\/portal\/index.php?rest_route=\/wp\/v2\/posts\/191307\/revisions\/191309"}],"wp:featuredmedia":[{"embeddable":true,"href":"https:\/\/aconteceunovale.com.br\/portal\/index.php?rest_route=\/wp\/v2\/media\/191308"}],"wp:attachment":[{"href":"https:\/\/aconteceunovale.com.br\/portal\/index.php?rest_route=%2Fwp%2Fv2%2Fmedia&parent=191307"}],"wp:term":[{"taxonomy":"category","embeddable":true,"href":"https:\/\/aconteceunovale.com.br\/portal\/index.php?rest_route=%2Fwp%2Fv2%2Fcategories&post=191307"},{"taxonomy":"post_tag","embeddable":true,"href":"https:\/\/aconteceunovale.com.br\/portal\/index.php?rest_route=%2Fwp%2Fv2%2Ftags&post=191307"}],"curies":[{"name":"wp","href":"https:\/\/api.w.org\/{rel}","templated":true}]}}