{"id":191296,"date":"2022-10-06T16:49:48","date_gmt":"2022-10-06T19:49:48","guid":{"rendered":"https:\/\/aconteceunovale.com.br\/portal\/?p=191296"},"modified":"2022-10-06T21:11:07","modified_gmt":"2022-10-07T00:11:07","slug":"limite-de-recursos-para-universidades-e-temporario-diz-ministro-da-educacao","status":"publish","type":"post","link":"https:\/\/aconteceunovale.com.br\/portal\/?p=191296","title":{"rendered":"Limite de recursos para universidades \u00e9 tempor\u00e1rio, diz ministro da Educa\u00e7\u00e3o"},"content":{"rendered":"\n<p class=\"wp-block-paragraph\">O ministro da Educa\u00e7\u00e3o, Victor Godoy, disse hoje (6) que n\u00e3o procede a informa\u00e7\u00e3o de que universidades e institui\u00e7\u00f5es de ensino federais teriam corte ou redu\u00e7\u00e3o em seus or\u00e7amentos, conforme denunciado pela Associa\u00e7\u00e3o Nacional dos Dirigentes das Institui\u00e7\u00f5es Federais de Ensino Superior (Andifes). Segundo o ministro, o que foi estabelecido pelo MEC foi apenas um \u201climite tempor\u00e1rio para movimento e empenho\u201d de recursos. Medida que, segundo o ministro, s\u00f3 valer\u00e1 at\u00e9 novembro.<\/p>\n\n\n\n<figure class=\"wp-block-gallery has-nested-images columns-default is-cropped wp-block-gallery-1 is-layout-flex wp-block-gallery-is-layout-flex\">\n<figure class=\"wp-block-image size-large\"><img loading=\"lazy\" decoding=\"async\" width=\"678\" height=\"406\" data-id=\"191297\" src=\"https:\/\/aconteceunovale.com.br\/portal\/wp-content\/uploads\/2022\/10\/ministro_educacao.jpg\" alt=\"\" class=\"wp-image-191297\" srcset=\"https:\/\/aconteceunovale.com.br\/portal\/wp-content\/uploads\/2022\/10\/ministro_educacao.jpg 678w, https:\/\/aconteceunovale.com.br\/portal\/wp-content\/uploads\/2022\/10\/ministro_educacao-300x180.jpg 300w\" sizes=\"auto, (max-width: 678px) 100vw, 678px\" \/><figcaption><em><sub>Victor Godoy &#8211; Foto: Marcelo Camargo\/Ag\u00eancia Brasil<\/sub><\/em><\/figcaption><\/figure>\n<\/figure>\n\n\n\n<p class=\"wp-block-paragraph\">\u201cO que aconteceu foi uma limita\u00e7\u00e3o da movimenta\u00e7\u00e3o financeira. A gente distribuiu isso ao longo de outubro, novembro e dezembro. A gente chama isso de limita\u00e7\u00e3o de movimenta\u00e7\u00e3o. Portanto n\u00e3o \u00e9 corte nem redu\u00e7\u00e3o do or\u00e7amento das universidades [e institutos] federais\u201d, disse o ministro \u00e0\u00a0TV Brasil.<\/p>\n\n\n\n<p class=\"wp-block-paragraph\">A declara\u00e7\u00e3o foi em resposta \u00e0 den\u00fancia do conselho pleno da Andifes, de que \u201co novo corte de gastos na \u00e1rea de educa\u00e7\u00e3o inviabilizaria o funcionamento das universidades\u201d. A entidade, que representa os reitores das universidades federais, afirmou que o governo federal teria bloqueado R$ 763 milh\u00f5es de recursos destinados \u00e0s entidades.<\/p>\n\n\n\n<p class=\"wp-block-paragraph\">\u201cNo \u00e2mbito do Minist\u00e9rio da Educa\u00e7\u00e3o, o contingenciamento chega a R$ 2,399 bilh\u00f5es (R$ 1,340 bilh\u00e3o anunciado entre julho e agosto e R$ 1,059 bilh\u00e3o agora, dia 30 de setembro)\u201d, informou a Andifes.<\/p>\n\n\n\n<p class=\"wp-block-paragraph\">J\u00e1 o ministro disse que os recursos destinados \u00e0s universidades tiveram aumento de 10%; e dos institutos, 20%. \u201cS\u00e3o R$ 930 milh\u00f5es a mais para garantir todas as atividades de universidades e institutos\u201d, garantiu Godoy.<\/p>\n\n\n\n<p class=\"wp-block-paragraph\">Ele explicou que, at\u00e9 a semana passada, havia um bloqueio de R$ 2 bilh\u00f5es no or\u00e7amento do minist\u00e9rio. Esse bloqueio, ent\u00e3o, foi reduzido para R$ 1,3 bilh\u00e3o, o que, segundo o ministro, possibilitou a libera\u00e7\u00e3o de R$ 700 milh\u00f5es.<\/p>\n\n\n\n<p class=\"wp-block-paragraph\">&#8212;&#8212;&#8212;&#8212;&#8212;&#8212;<br><br><strong>Sabia que o Aconteceu no Vale est\u00e1 tamb\u00e9m no Telegram? <a rel=\"noreferrer noopener\" href=\"https:\/\/t.me\/aconteceunovaleoficial\" target=\"_blank\">Inscreva-se no canal<\/a>.<\/strong><br><br><strong>J\u00e1 curtiu ou seguiu nossas p\u00e1ginas nas redes sociais?\u00a0Receba as not\u00edcias em primeira m\u00e3o:<\/strong><br>\u2022 <a rel=\"noreferrer noopener\" href=\"https:\/\/news.google.com\/publications\/CAAqBwgKMNjklQswi4etAw?hl=pt-BR&amp;gl=BR&amp;ceid=BR%3Apt-419\" target=\"_blank\">Google News<\/a><br>\u2022 <a rel=\"noreferrer noopener\" href=\"https:\/\/www.facebook.com\/aconteceunovale\/\" target=\"_blank\">Facebook<\/a><br>\u2022 <a rel=\"noreferrer noopener\" href=\"https:\/\/twitter.com\/noticiadosvales\" target=\"_blank\">Twitter<\/a><br>\u2022 <a rel=\"noreferrer noopener\" href=\"https:\/\/www.instagram.com\/aconteceunovale\" target=\"_blank\">Instagram<\/a><br>\u2022 <a rel=\"noreferrer noopener\" href=\"https:\/\/www.youtube.com\/AconteceunoValeOficial\" target=\"_blank\">Youtube<\/a><br>\u2022 <a rel=\"noreferrer noopener\" href=\"https:\/\/www.tiktok.com\/@aconteceunovale\" target=\"_blank\">TikTok<\/a><\/p>\n","protected":false},"excerpt":{"rendered":"<p>O ministro da Educa\u00e7\u00e3o, Victor Godoy, disse hoje (6) que n\u00e3o procede a informa\u00e7\u00e3o de que universidades e institui\u00e7\u00f5es de ensino federais teriam corte ou redu\u00e7\u00e3o em seus or\u00e7amentos, conforme denunciado pela Associa\u00e7\u00e3o Nacional dos Dirigentes das Institui\u00e7\u00f5es Federais de Ensino Superior (Andifes). Segundo o ministro, o que foi estabelecido pelo MEC foi apenas um [&hellip;]<\/p>\n","protected":false},"author":4,"featured_media":191297,"comment_status":"open","ping_status":"closed","sticky":false,"template":"","format":"standard","meta":{"amp_status":"","footnotes":""},"categories":[6,40238,40240],"tags":[82767,264809,264812,264811,264810,264808,1168,22390,43720,260136],"class_list":["post-191296","post","type-post","status-publish","format-standard","has-post-thumbnail","hentry","category-br","category-educacao-2","category-politica","tag-andifes","tag-bloqueio-de-contas-das-universidades-federais","tag-bloqueio-educacao","tag-bloqueio-institutos-federais","tag-bloqueio-universidades-federais","tag-limite-de-recursos-para-universidades-e-temporario","tag-mec","tag-ministerio-da-educacao","tag-ministro-da-educacao","tag-victor-godoy"],"yoast_head":"<!-- This site is optimized with the Yoast SEO plugin v28.3 - https:\/\/yoast.com\/product\/yoast-seo-wordpress\/ -->\n<title>Limite de recursos para universidades \u00e9 tempor\u00e1rio, diz ministro da Educa\u00e7\u00e3o - Aconteceu no Vale<\/title>\n<meta name=\"robots\" content=\"index, follow, max-snippet:-1, max-image-preview:large, max-video-preview:-1\" \/>\n<link rel=\"canonical\" href=\"https:\/\/aconteceunovale.com.br\/portal\/?p=191296\" \/>\n<meta property=\"og:locale\" content=\"pt_BR\" \/>\n<meta property=\"og:type\" content=\"article\" \/>\n<meta property=\"og:title\" content=\"Limite de recursos para universidades \u00e9 tempor\u00e1rio, diz ministro da Educa\u00e7\u00e3o - Aconteceu no Vale\" \/>\n<meta property=\"og:description\" content=\"O ministro da Educa\u00e7\u00e3o, Victor Godoy, disse hoje (6) que n\u00e3o procede a informa\u00e7\u00e3o de que universidades e institui\u00e7\u00f5es de ensino federais teriam corte ou redu\u00e7\u00e3o em seus or\u00e7amentos, conforme denunciado pela Associa\u00e7\u00e3o Nacional dos Dirigentes das Institui\u00e7\u00f5es Federais de Ensino Superior (Andifes). Segundo o ministro, o que foi estabelecido pelo MEC foi apenas um [&hellip;]\" \/>\n<meta property=\"og:url\" content=\"https:\/\/aconteceunovale.com.br\/portal\/?p=191296\" \/>\n<meta property=\"og:site_name\" content=\"Aconteceu no Vale\" \/>\n<meta property=\"article:publisher\" content=\"https:\/\/www.facebook.com\/aconteceunovale\/\" \/>\n<meta property=\"article:published_time\" content=\"2022-10-06T19:49:48+00:00\" \/>\n<meta property=\"article:modified_time\" content=\"2022-10-07T00:11:07+00:00\" \/>\n<meta property=\"og:image\" content=\"https:\/\/aconteceunovale.com.br\/portal\/wp-content\/uploads\/2022\/10\/ministro_educacao.jpg\" \/>\n\t<meta property=\"og:image:width\" content=\"678\" \/>\n\t<meta property=\"og:image:height\" content=\"406\" \/>\n\t<meta property=\"og:image:type\" content=\"image\/jpeg\" \/>\n<meta name=\"author\" content=\"Reda\u00e7\u00e3o Aconteceu no Vale\" \/>\n<meta name=\"twitter:card\" content=\"summary_large_image\" \/>\n<meta name=\"twitter:creator\" content=\"@noticiadosvales\" \/>\n<meta name=\"twitter:site\" content=\"@noticiadosvales\" \/>\n<meta name=\"twitter:label1\" content=\"Escrito por\" \/>\n\t<meta name=\"twitter:data1\" content=\"Reda\u00e7\u00e3o Aconteceu no Vale\" \/>\n\t<meta name=\"twitter:label2\" content=\"Est. tempo de leitura\" \/>\n\t<meta name=\"twitter:data2\" content=\"2 minutos\" \/>\n<script type=\"application\/ld+json\" class=\"yoast-schema-graph\">{\"@context\":\"https:\\\/\\\/schema.org\",\"@graph\":[{\"@type\":\"Article\",\"@id\":\"https:\\\/\\\/aconteceunovale.com.br\\\/portal\\\/?p=191296#article\",\"isPartOf\":{\"@id\":\"https:\\\/\\\/aconteceunovale.com.br\\\/portal\\\/?p=191296\"},\"author\":{\"name\":\"Reda\u00e7\u00e3o Aconteceu no Vale\",\"@id\":\"https:\\\/\\\/aconteceunovale.com.br\\\/portal\\\/#\\\/schema\\\/person\\\/7d2f26d1483f8a63de73da1ee0754d35\"},\"headline\":\"Limite de recursos para universidades \u00e9 tempor\u00e1rio, diz ministro da Educa\u00e7\u00e3o\",\"datePublished\":\"2022-10-06T19:49:48+00:00\",\"dateModified\":\"2022-10-07T00:11:07+00:00\",\"mainEntityOfPage\":{\"@id\":\"https:\\\/\\\/aconteceunovale.com.br\\\/portal\\\/?p=191296\"},\"wordCount\":358,\"commentCount\":0,\"image\":{\"@id\":\"https:\\\/\\\/aconteceunovale.com.br\\\/portal\\\/?p=191296#primaryimage\"},\"thumbnailUrl\":\"https:\\\/\\\/aconteceunovale.com.br\\\/portal\\\/wp-content\\\/uploads\\\/2022\\\/10\\\/ministro_educacao.jpg\",\"keywords\":[\"Andifes\",\"Bloqueio de contas das universidades federais\",\"Bloqueio educa\u00e7\u00e3o\",\"Bloqueio institutos federais\",\"Bloqueio universidades federais\",\"Limite de recursos para universidades \u00e9 tempor\u00e1rio\",\"mec\",\"Minist\u00e9rio da Educa\u00e7\u00e3o\",\"ministro da Educa\u00e7\u00e3o\",\"Victor Godoy\"],\"articleSection\":[\"Brasil\",\"Educa\u00e7\u00e3o\",\"Pol\u00edtica\"],\"inLanguage\":\"pt-BR\",\"potentialAction\":[{\"@type\":\"CommentAction\",\"name\":\"Comment\",\"target\":[\"https:\\\/\\\/aconteceunovale.com.br\\\/portal\\\/?p=191296#respond\"]}]},{\"@type\":\"WebPage\",\"@id\":\"https:\\\/\\\/aconteceunovale.com.br\\\/portal\\\/?p=191296\",\"url\":\"https:\\\/\\\/aconteceunovale.com.br\\\/portal\\\/?p=191296\",\"name\":\"Limite de recursos para universidades \u00e9 tempor\u00e1rio, diz ministro da Educa\u00e7\u00e3o - Aconteceu no Vale\",\"isPartOf\":{\"@id\":\"https:\\\/\\\/aconteceunovale.com.br\\\/portal\\\/#website\"},\"primaryImageOfPage\":{\"@id\":\"https:\\\/\\\/aconteceunovale.com.br\\\/portal\\\/?p=191296#primaryimage\"},\"image\":{\"@id\":\"https:\\\/\\\/aconteceunovale.com.br\\\/portal\\\/?p=191296#primaryimage\"},\"thumbnailUrl\":\"https:\\\/\\\/aconteceunovale.com.br\\\/portal\\\/wp-content\\\/uploads\\\/2022\\\/10\\\/ministro_educacao.jpg\",\"datePublished\":\"2022-10-06T19:49:48+00:00\",\"dateModified\":\"2022-10-07T00:11:07+00:00\",\"author\":{\"@id\":\"https:\\\/\\\/aconteceunovale.com.br\\\/portal\\\/#\\\/schema\\\/person\\\/7d2f26d1483f8a63de73da1ee0754d35\"},\"breadcrumb\":{\"@id\":\"https:\\\/\\\/aconteceunovale.com.br\\\/portal\\\/?p=191296#breadcrumb\"},\"inLanguage\":\"pt-BR\",\"potentialAction\":[{\"@type\":\"ReadAction\",\"target\":[\"https:\\\/\\\/aconteceunovale.com.br\\\/portal\\\/?p=191296\"]}]},{\"@type\":\"ImageObject\",\"inLanguage\":\"pt-BR\",\"@id\":\"https:\\\/\\\/aconteceunovale.com.br\\\/portal\\\/?p=191296#primaryimage\",\"url\":\"https:\\\/\\\/aconteceunovale.com.br\\\/portal\\\/wp-content\\\/uploads\\\/2022\\\/10\\\/ministro_educacao.jpg\",\"contentUrl\":\"https:\\\/\\\/aconteceunovale.com.br\\\/portal\\\/wp-content\\\/uploads\\\/2022\\\/10\\\/ministro_educacao.jpg\",\"width\":678,\"height\":406,\"caption\":\"O ministro da Educa\u00e7\u00e3o, Victor Godoy, durante entrevista coletiva no minist\u00e9rio.\"},{\"@type\":\"BreadcrumbList\",\"@id\":\"https:\\\/\\\/aconteceunovale.com.br\\\/portal\\\/?p=191296#breadcrumb\",\"itemListElement\":[{\"@type\":\"ListItem\",\"position\":1,\"name\":\"In\u00edcio\",\"item\":\"https:\\\/\\\/aconteceunovale.com.br\\\/portal\\\/\"},{\"@type\":\"ListItem\",\"position\":2,\"name\":\"Limite de recursos para universidades \u00e9 tempor\u00e1rio, diz ministro da Educa\u00e7\u00e3o\"}]},{\"@type\":\"WebSite\",\"@id\":\"https:\\\/\\\/aconteceunovale.com.br\\\/portal\\\/#website\",\"url\":\"https:\\\/\\\/aconteceunovale.com.br\\\/portal\\\/\",\"name\":\"Aconteceu no Vale\",\"description\":\"Portal de Not\u00edcias\",\"potentialAction\":[{\"@type\":\"SearchAction\",\"target\":{\"@type\":\"EntryPoint\",\"urlTemplate\":\"https:\\\/\\\/aconteceunovale.com.br\\\/portal\\\/?s={search_term_string}\"},\"query-input\":{\"@type\":\"PropertyValueSpecification\",\"valueRequired\":true,\"valueName\":\"search_term_string\"}}],\"inLanguage\":\"pt-BR\"},{\"@type\":\"Person\",\"@id\":\"https:\\\/\\\/aconteceunovale.com.br\\\/portal\\\/#\\\/schema\\\/person\\\/7d2f26d1483f8a63de73da1ee0754d35\",\"name\":\"Reda\u00e7\u00e3o Aconteceu no Vale\",\"description\":\"Equipe de reportagem do Aconteceu no Vale, portal de not\u00edcias do Vale do Jequitinhonha, em Minas Gerais. Cobrimos as 51 cidades do Vale desde 2013. Sugest\u00f5es de pauta e pedidos de corre\u00e7\u00e3o: contato@aconteceunovale.com.br\",\"url\":\"https:\\\/\\\/aconteceunovale.com.br\\\/portal\\\/?author=4\"}]}<\/script>\n<!-- \/ Yoast SEO plugin. -->","yoast_head_json":{"title":"Limite de recursos para universidades \u00e9 tempor\u00e1rio, diz ministro da Educa\u00e7\u00e3o - Aconteceu no Vale","robots":{"index":"index","follow":"follow","max-snippet":"max-snippet:-1","max-image-preview":"max-image-preview:large","max-video-preview":"max-video-preview:-1"},"canonical":"https:\/\/aconteceunovale.com.br\/portal\/?p=191296","og_locale":"pt_BR","og_type":"article","og_title":"Limite de recursos para universidades \u00e9 tempor\u00e1rio, diz ministro da Educa\u00e7\u00e3o - Aconteceu no Vale","og_description":"O ministro da Educa\u00e7\u00e3o, Victor Godoy, disse hoje (6) que n\u00e3o procede a informa\u00e7\u00e3o de que universidades e institui\u00e7\u00f5es de ensino federais teriam corte ou redu\u00e7\u00e3o em seus or\u00e7amentos, conforme denunciado pela Associa\u00e7\u00e3o Nacional dos Dirigentes das Institui\u00e7\u00f5es Federais de Ensino Superior (Andifes). Segundo o ministro, o que foi estabelecido pelo MEC foi apenas um [&hellip;]","og_url":"https:\/\/aconteceunovale.com.br\/portal\/?p=191296","og_site_name":"Aconteceu no Vale","article_publisher":"https:\/\/www.facebook.com\/aconteceunovale\/","article_published_time":"2022-10-06T19:49:48+00:00","article_modified_time":"2022-10-07T00:11:07+00:00","og_image":[{"width":678,"height":406,"url":"https:\/\/aconteceunovale.com.br\/portal\/wp-content\/uploads\/2022\/10\/ministro_educacao.jpg","type":"image\/jpeg"}],"author":"Reda\u00e7\u00e3o Aconteceu no Vale","twitter_card":"summary_large_image","twitter_creator":"@noticiadosvales","twitter_site":"@noticiadosvales","twitter_misc":{"Escrito por":"Reda\u00e7\u00e3o Aconteceu no Vale","Est. tempo de leitura":"2 minutos"},"schema":{"@context":"https:\/\/schema.org","@graph":[{"@type":"Article","@id":"https:\/\/aconteceunovale.com.br\/portal\/?p=191296#article","isPartOf":{"@id":"https:\/\/aconteceunovale.com.br\/portal\/?p=191296"},"author":{"name":"Reda\u00e7\u00e3o Aconteceu no Vale","@id":"https:\/\/aconteceunovale.com.br\/portal\/#\/schema\/person\/7d2f26d1483f8a63de73da1ee0754d35"},"headline":"Limite de recursos para universidades \u00e9 tempor\u00e1rio, diz ministro da Educa\u00e7\u00e3o","datePublished":"2022-10-06T19:49:48+00:00","dateModified":"2022-10-07T00:11:07+00:00","mainEntityOfPage":{"@id":"https:\/\/aconteceunovale.com.br\/portal\/?p=191296"},"wordCount":358,"commentCount":0,"image":{"@id":"https:\/\/aconteceunovale.com.br\/portal\/?p=191296#primaryimage"},"thumbnailUrl":"https:\/\/aconteceunovale.com.br\/portal\/wp-content\/uploads\/2022\/10\/ministro_educacao.jpg","keywords":["Andifes","Bloqueio de contas das universidades federais","Bloqueio educa\u00e7\u00e3o","Bloqueio institutos federais","Bloqueio universidades federais","Limite de recursos para universidades \u00e9 tempor\u00e1rio","mec","Minist\u00e9rio da Educa\u00e7\u00e3o","ministro da Educa\u00e7\u00e3o","Victor Godoy"],"articleSection":["Brasil","Educa\u00e7\u00e3o","Pol\u00edtica"],"inLanguage":"pt-BR","potentialAction":[{"@type":"CommentAction","name":"Comment","target":["https:\/\/aconteceunovale.com.br\/portal\/?p=191296#respond"]}]},{"@type":"WebPage","@id":"https:\/\/aconteceunovale.com.br\/portal\/?p=191296","url":"https:\/\/aconteceunovale.com.br\/portal\/?p=191296","name":"Limite de recursos para universidades \u00e9 tempor\u00e1rio, diz ministro da Educa\u00e7\u00e3o - Aconteceu no Vale","isPartOf":{"@id":"https:\/\/aconteceunovale.com.br\/portal\/#website"},"primaryImageOfPage":{"@id":"https:\/\/aconteceunovale.com.br\/portal\/?p=191296#primaryimage"},"image":{"@id":"https:\/\/aconteceunovale.com.br\/portal\/?p=191296#primaryimage"},"thumbnailUrl":"https:\/\/aconteceunovale.com.br\/portal\/wp-content\/uploads\/2022\/10\/ministro_educacao.jpg","datePublished":"2022-10-06T19:49:48+00:00","dateModified":"2022-10-07T00:11:07+00:00","author":{"@id":"https:\/\/aconteceunovale.com.br\/portal\/#\/schema\/person\/7d2f26d1483f8a63de73da1ee0754d35"},"breadcrumb":{"@id":"https:\/\/aconteceunovale.com.br\/portal\/?p=191296#breadcrumb"},"inLanguage":"pt-BR","potentialAction":[{"@type":"ReadAction","target":["https:\/\/aconteceunovale.com.br\/portal\/?p=191296"]}]},{"@type":"ImageObject","inLanguage":"pt-BR","@id":"https:\/\/aconteceunovale.com.br\/portal\/?p=191296#primaryimage","url":"https:\/\/aconteceunovale.com.br\/portal\/wp-content\/uploads\/2022\/10\/ministro_educacao.jpg","contentUrl":"https:\/\/aconteceunovale.com.br\/portal\/wp-content\/uploads\/2022\/10\/ministro_educacao.jpg","width":678,"height":406,"caption":"O ministro da Educa\u00e7\u00e3o, Victor Godoy, durante entrevista coletiva no minist\u00e9rio."},{"@type":"BreadcrumbList","@id":"https:\/\/aconteceunovale.com.br\/portal\/?p=191296#breadcrumb","itemListElement":[{"@type":"ListItem","position":1,"name":"In\u00edcio","item":"https:\/\/aconteceunovale.com.br\/portal\/"},{"@type":"ListItem","position":2,"name":"Limite de recursos para universidades \u00e9 tempor\u00e1rio, diz ministro da Educa\u00e7\u00e3o"}]},{"@type":"WebSite","@id":"https:\/\/aconteceunovale.com.br\/portal\/#website","url":"https:\/\/aconteceunovale.com.br\/portal\/","name":"Aconteceu no Vale","description":"Portal de Not\u00edcias","potentialAction":[{"@type":"SearchAction","target":{"@type":"EntryPoint","urlTemplate":"https:\/\/aconteceunovale.com.br\/portal\/?s={search_term_string}"},"query-input":{"@type":"PropertyValueSpecification","valueRequired":true,"valueName":"search_term_string"}}],"inLanguage":"pt-BR"},{"@type":"Person","@id":"https:\/\/aconteceunovale.com.br\/portal\/#\/schema\/person\/7d2f26d1483f8a63de73da1ee0754d35","name":"Reda\u00e7\u00e3o Aconteceu no Vale","description":"Equipe de reportagem do Aconteceu no Vale, portal de not\u00edcias do Vale do Jequitinhonha, em Minas Gerais. Cobrimos as 51 cidades do Vale desde 2013. Sugest\u00f5es de pauta e pedidos de corre\u00e7\u00e3o: contato@aconteceunovale.com.br","url":"https:\/\/aconteceunovale.com.br\/portal\/?author=4"}]}},"_links":{"self":[{"href":"https:\/\/aconteceunovale.com.br\/portal\/index.php?rest_route=\/wp\/v2\/posts\/191296","targetHints":{"allow":["GET"]}}],"collection":[{"href":"https:\/\/aconteceunovale.com.br\/portal\/index.php?rest_route=\/wp\/v2\/posts"}],"about":[{"href":"https:\/\/aconteceunovale.com.br\/portal\/index.php?rest_route=\/wp\/v2\/types\/post"}],"author":[{"embeddable":true,"href":"https:\/\/aconteceunovale.com.br\/portal\/index.php?rest_route=\/wp\/v2\/users\/4"}],"replies":[{"embeddable":true,"href":"https:\/\/aconteceunovale.com.br\/portal\/index.php?rest_route=%2Fwp%2Fv2%2Fcomments&post=191296"}],"version-history":[{"count":1,"href":"https:\/\/aconteceunovale.com.br\/portal\/index.php?rest_route=\/wp\/v2\/posts\/191296\/revisions"}],"predecessor-version":[{"id":191298,"href":"https:\/\/aconteceunovale.com.br\/portal\/index.php?rest_route=\/wp\/v2\/posts\/191296\/revisions\/191298"}],"wp:featuredmedia":[{"embeddable":true,"href":"https:\/\/aconteceunovale.com.br\/portal\/index.php?rest_route=\/wp\/v2\/media\/191297"}],"wp:attachment":[{"href":"https:\/\/aconteceunovale.com.br\/portal\/index.php?rest_route=%2Fwp%2Fv2%2Fmedia&parent=191296"}],"wp:term":[{"taxonomy":"category","embeddable":true,"href":"https:\/\/aconteceunovale.com.br\/portal\/index.php?rest_route=%2Fwp%2Fv2%2Fcategories&post=191296"},{"taxonomy":"post_tag","embeddable":true,"href":"https:\/\/aconteceunovale.com.br\/portal\/index.php?rest_route=%2Fwp%2Fv2%2Ftags&post=191296"}],"curies":[{"name":"wp","href":"https:\/\/api.w.org\/{rel}","templated":true}]}}