{"id":191285,"date":"2022-10-06T16:43:07","date_gmt":"2022-10-06T19:43:07","guid":{"rendered":"https:\/\/aconteceunovale.com.br\/portal\/?p=191285"},"modified":"2022-10-06T16:46:10","modified_gmt":"2022-10-06T19:46:10","slug":"defesa-civil-alerta-sobre-tempestades-no-centro-sul-do-brasil","status":"publish","type":"post","link":"https:\/\/aconteceunovale.com.br\/portal\/?p=191285","title":{"rendered":"Defesa Civil alerta sobre tempestades no Centro-Sul do Brasil"},"content":{"rendered":"\n<p class=\"wp-block-paragraph\">Uma forte tempestade atinge nesta quinta-feira (5) a Regi\u00e3o\u00a0Sul, com fortes rajadas de vento entre o litoral do Rio Grande do Sul e de Santa Catarina. A \u201cforte tempestade\u201d que tem atingido tamb\u00e9m parte de Mato Grosso do Sul, oeste de S\u00e3o Paulo e sul de Goi\u00e1s e Mato Grosso, conforme informou o Instituto Nacional de Meteorologia (Inmet).<\/p>\n\n\n\n<p class=\"wp-block-paragraph\">Diante da situa\u00e7\u00e3o, a Defesa Civil Nacional divulgou uma nota, na qual orienta os moradores a se inscreverem nos servi\u00e7os de alerta, enviando SMS com o CEP do local onde moram para o n\u00famero 40199. \u201cEm caso de desastre, a popula\u00e7\u00e3o receber\u00e1 um aviso\u201d, informou.<\/p>\n\n\n\n<p class=\"wp-block-paragraph\">Outra recomenda\u00e7\u00e3o \u00e9 para as pessoas ficarem atentas aos alertas publicados no Twitter da\u00a0<a href=\"https:\/\/twitter.com\/defesacivilbr\" target=\"_blank\" rel=\"noreferrer noopener\">Defesa Civil Nacional<\/a>\u00a0e do\u00a0<a href=\"https:\/\/twitter.com\/inmet_\" target=\"_blank\" rel=\"noreferrer noopener\">Instituto Nacional de Meteorologia<\/a>.<\/p>\n\n\n\n<h2 class=\"wp-block-heading\">Tempestades<\/h2>\n\n\n\n<p class=\"wp-block-paragraph\">Segundo o Inmet, a situa\u00e7\u00e3o clim\u00e1tica decorre da forma\u00e7\u00e3o de um corredor de umidade vindo da Bol\u00edvia e do Paraguai, associado ao calor e \u00e0 umidade. As tempestades seguir\u00e3o em todo o Sul do pa\u00eds e, \u201cde maneira ainda mais ampla, nos estados de Mato Grosso do Sul e S\u00e3o Paulo\u201d.<\/p>\n\n\n\n<p class=\"wp-block-paragraph\">Sul de Goi\u00e1s e Mato Grosso, bem como sul e sudoeste de Minas Gerais, tamb\u00e9m ser\u00e3o afetados.<\/p>\n\n\n\n<p class=\"wp-block-paragraph\">No oeste, centro e no norte do Rio Grande do Sul, o volume de chuva poder\u00e1 ultrapassar 100 mil\u00edmetros (mm) ainda hoje (6). Em Santa Catarina e no Paran\u00e1, o acumulado dever\u00e1 ficar em torno de 80 mm, explicou o instituto.<\/p>\n\n\n\n<p class=\"wp-block-paragraph\">\u201cA previs\u00e3o indica ventos fortes, com rajadas em torno de 100 km\/h, ao longo da faixa litor\u00e2nea (\u00e1rea um pouco maior do que o litoral) do Rio Grande do Sul e ao sul da faixa litor\u00e2nea de Santa Catarina\u201d, acrescenta.<\/p>\n\n\n\n<h2 class=\"wp-block-heading\">Rajadas de vento<\/h2>\n\n\n\n<p class=\"wp-block-paragraph\">Para a sexta-feira (7), a expectativa \u00e9 que, com a baixa press\u00e3o atmosf\u00e9rica, o corredor de umidade resulte em uma frente fria, que, associada a um ciclone extratropical, vai provocar \u201cfortes rajadas de vento, principalmente, entre o litoral do Rio Grande do Sul e de Santa Catarina e, tamb\u00e9m, no interior do Paran\u00e1, de Mato Grosso do Sul, Goi\u00e1s e S\u00e3o Paulo, mas com menor intensidade\u201d.<\/p>\n\n\n\n<p class=\"wp-block-paragraph\">Al\u00e9m da Regi\u00e3o Sul, S\u00e3o Paulo, Mato Grosso do Sul, centro-sul de Minas Gerais e de Goi\u00e1s e grande parte do Mato Grosso tamb\u00e9m ser\u00e3o afetados. A previs\u00e3o, para esta sexta-feira, indica \u201cchuva cont\u00ednua no nordeste e norte do Rio Grande do Sul, Santa Catarina, Paran\u00e1, grande parte de S\u00e3o Paulo e sul de Minas Gerais, com volumes em torno de 70 mm\u201d.<\/p>\n\n\n\n<h2 class=\"wp-block-heading\">Medidas preventivas<\/h2>\n\n\n\n<p class=\"wp-block-paragraph\">A Defesa Civil sugeriu algumas medidas preventivas a serem adotadas pela popula\u00e7\u00e3o nessas situa\u00e7\u00f5es de instabilidade clim\u00e1tica. Uma delas \u00e9 desligar aparelhos el\u00e9tricos e quadro geral de energia.<\/p>\n\n\n\n<p class=\"wp-block-paragraph\">\u201cEm caso de enxurrada, coloque documentos e objetos de valor em sacos pl\u00e1sticos. Em situa\u00e7\u00e3o de grande perigo confirmado, procure abrigo e evite permanecer ao ar livre. \u00c9 importante que a popula\u00e7\u00e3o fique atenta \u00e0s informa\u00e7\u00f5es oficiais e aos locais onde ser\u00e3o divulgados os alertas, al\u00e9m de adotar as medidas de autoprote\u00e7\u00e3o\u201d, diz o alerta.<\/p>\n\n\n\n<p class=\"wp-block-paragraph\">&#8212;&#8212;&#8212;&#8212;&#8212;&#8212;<br><br><strong>Sabia que o Aconteceu no Vale est\u00e1 tamb\u00e9m no Telegram? <a rel=\"noreferrer noopener\" href=\"https:\/\/t.me\/aconteceunovaleoficial\" target=\"_blank\">Inscreva-se no canal<\/a>.<\/strong><br><br><strong>J\u00e1 curtiu ou seguiu nossas p\u00e1ginas nas redes sociais?\u00a0Receba as not\u00edcias em primeira m\u00e3o:<\/strong><br>\u2022 <a rel=\"noreferrer noopener\" href=\"https:\/\/news.google.com\/publications\/CAAqBwgKMNjklQswi4etAw?hl=pt-BR&amp;gl=BR&amp;ceid=BR%3Apt-419\" target=\"_blank\">Google News<\/a><br>\u2022 <a rel=\"noreferrer noopener\" href=\"https:\/\/www.facebook.com\/aconteceunovale\/\" target=\"_blank\">Facebook<\/a><br>\u2022 <a rel=\"noreferrer noopener\" href=\"https:\/\/twitter.com\/noticiadosvales\" target=\"_blank\">Twitter<\/a><br>\u2022 <a rel=\"noreferrer noopener\" href=\"https:\/\/www.instagram.com\/aconteceunovale\" target=\"_blank\">Instagram<\/a><br>\u2022 <a rel=\"noreferrer noopener\" href=\"https:\/\/www.youtube.com\/AconteceunoValeOficial\" target=\"_blank\">Youtube<\/a><br>\u2022 <a rel=\"noreferrer noopener\" href=\"https:\/\/www.tiktok.com\/@aconteceunovale\" target=\"_blank\">TikTok<\/a><\/p>\n","protected":false},"excerpt":{"rendered":"<p>Uma forte tempestade atinge nesta quinta-feira (5) a Regi\u00e3o\u00a0Sul, com fortes rajadas de vento entre o litoral do Rio Grande do Sul e de Santa Catarina. A \u201cforte tempestade\u201d que tem atingido tamb\u00e9m parte de Mato Grosso do Sul, oeste de S\u00e3o Paulo e sul de Goi\u00e1s e Mato Grosso, conforme informou o Instituto Nacional [&hellip;]<\/p>\n","protected":false},"author":4,"featured_media":191286,"comment_status":"open","ping_status":"closed","sticky":false,"template":"","format":"standard","meta":{"amp_status":"","footnotes":""},"categories":[6],"tags":[264794,264792,32561,259459,21171,264789,257020,1018,264793,54659,131,1956,1157,264790,264791],"class_list":["post-191285","post","type-post","status-publish","format-standard","has-post-thumbnail","hentry","category-br","tag-alerta-da-defesa-civil-nacional","tag-alerta-de-forte-tempestade","tag-chuva-em-minas-gerais","tag-chuva-no-brasil","tag-clima","tag-defesa-civil-alerta-sobre-tempestades-no-centro-sul-do-brasil","tag-defesa-civil-nacional","tag-destaque","tag-forte-tempestade","tag-inmet","tag-minas-gerais","tag-previsao-do-tempo","tag-tempestade","tag-tempestade-no-brasil","tag-temporal-no-brasil"],"yoast_head":"<!-- This site is optimized with the Yoast SEO plugin v28.3 - https:\/\/yoast.com\/product\/yoast-seo-wordpress\/ -->\n<title>Defesa Civil alerta sobre tempestades no Centro-Sul do Brasil - Aconteceu no Vale<\/title>\n<meta name=\"robots\" content=\"index, follow, max-snippet:-1, max-image-preview:large, max-video-preview:-1\" \/>\n<link rel=\"canonical\" href=\"https:\/\/aconteceunovale.com.br\/portal\/?p=191285\" \/>\n<meta property=\"og:locale\" content=\"pt_BR\" \/>\n<meta property=\"og:type\" content=\"article\" \/>\n<meta property=\"og:title\" content=\"Defesa Civil alerta sobre tempestades no Centro-Sul do Brasil - Aconteceu no Vale\" \/>\n<meta property=\"og:description\" content=\"Uma forte tempestade atinge nesta quinta-feira (5) a Regi\u00e3o\u00a0Sul, com fortes rajadas de vento entre o litoral do Rio Grande do Sul e de Santa Catarina. A \u201cforte tempestade\u201d que tem atingido tamb\u00e9m parte de Mato Grosso do Sul, oeste de S\u00e3o Paulo e sul de Goi\u00e1s e Mato Grosso, conforme informou o Instituto Nacional [&hellip;]\" \/>\n<meta property=\"og:url\" content=\"https:\/\/aconteceunovale.com.br\/portal\/?p=191285\" \/>\n<meta property=\"og:site_name\" content=\"Aconteceu no Vale\" \/>\n<meta property=\"article:publisher\" content=\"https:\/\/www.facebook.com\/aconteceunovale\/\" \/>\n<meta property=\"article:published_time\" content=\"2022-10-06T19:43:07+00:00\" \/>\n<meta property=\"article:modified_time\" content=\"2022-10-06T19:46:10+00:00\" \/>\n<meta property=\"og:image\" content=\"https:\/\/aconteceunovale.com.br\/portal\/wp-content\/uploads\/2022\/10\/tempestade_br.jpeg\" \/>\n\t<meta property=\"og:image:width\" content=\"600\" \/>\n\t<meta property=\"og:image:height\" content=\"450\" \/>\n\t<meta property=\"og:image:type\" content=\"image\/jpeg\" \/>\n<meta name=\"author\" content=\"Reda\u00e7\u00e3o Aconteceu no Vale\" \/>\n<meta name=\"twitter:card\" content=\"summary_large_image\" \/>\n<meta name=\"twitter:creator\" content=\"@noticiadosvales\" \/>\n<meta name=\"twitter:site\" content=\"@noticiadosvales\" \/>\n<meta name=\"twitter:label1\" content=\"Escrito por\" \/>\n\t<meta name=\"twitter:data1\" content=\"Reda\u00e7\u00e3o Aconteceu no Vale\" \/>\n\t<meta name=\"twitter:label2\" content=\"Est. tempo de leitura\" \/>\n\t<meta name=\"twitter:data2\" content=\"3 minutos\" \/>\n<script type=\"application\/ld+json\" class=\"yoast-schema-graph\">{\"@context\":\"https:\\\/\\\/schema.org\",\"@graph\":[{\"@type\":\"Article\",\"@id\":\"https:\\\/\\\/aconteceunovale.com.br\\\/portal\\\/?p=191285#article\",\"isPartOf\":{\"@id\":\"https:\\\/\\\/aconteceunovale.com.br\\\/portal\\\/?p=191285\"},\"author\":{\"name\":\"Reda\u00e7\u00e3o Aconteceu no Vale\",\"@id\":\"https:\\\/\\\/aconteceunovale.com.br\\\/portal\\\/#\\\/schema\\\/person\\\/7d2f26d1483f8a63de73da1ee0754d35\"},\"headline\":\"Defesa Civil alerta sobre tempestades no Centro-Sul do Brasil\",\"datePublished\":\"2022-10-06T19:43:07+00:00\",\"dateModified\":\"2022-10-06T19:46:10+00:00\",\"mainEntityOfPage\":{\"@id\":\"https:\\\/\\\/aconteceunovale.com.br\\\/portal\\\/?p=191285\"},\"wordCount\":579,\"commentCount\":0,\"image\":{\"@id\":\"https:\\\/\\\/aconteceunovale.com.br\\\/portal\\\/?p=191285#primaryimage\"},\"thumbnailUrl\":\"https:\\\/\\\/aconteceunovale.com.br\\\/portal\\\/wp-content\\\/uploads\\\/2022\\\/10\\\/tempestade_br.jpeg\",\"keywords\":[\"Alerta da Defesa Civil Nacional\",\"Alerta de forte tempestade\",\"chuva em minas gerais\",\"Chuva no Brasil\",\"clima\",\"Defesa Civil alerta sobre tempestades no Centro-Sul do Brasil\",\"Defesa Civil Nacional\",\"destaque\",\"Forte tempestade\",\"Inmet\",\"Minas Gerais\",\"previs\u00e3o do tempo\",\"tempestade\",\"Tempestade no Brasil\",\"Temporal no Brasil\"],\"articleSection\":[\"Brasil\"],\"inLanguage\":\"pt-BR\",\"potentialAction\":[{\"@type\":\"CommentAction\",\"name\":\"Comment\",\"target\":[\"https:\\\/\\\/aconteceunovale.com.br\\\/portal\\\/?p=191285#respond\"]}]},{\"@type\":\"WebPage\",\"@id\":\"https:\\\/\\\/aconteceunovale.com.br\\\/portal\\\/?p=191285\",\"url\":\"https:\\\/\\\/aconteceunovale.com.br\\\/portal\\\/?p=191285\",\"name\":\"Defesa Civil alerta sobre tempestades no Centro-Sul do Brasil - Aconteceu no Vale\",\"isPartOf\":{\"@id\":\"https:\\\/\\\/aconteceunovale.com.br\\\/portal\\\/#website\"},\"primaryImageOfPage\":{\"@id\":\"https:\\\/\\\/aconteceunovale.com.br\\\/portal\\\/?p=191285#primaryimage\"},\"image\":{\"@id\":\"https:\\\/\\\/aconteceunovale.com.br\\\/portal\\\/?p=191285#primaryimage\"},\"thumbnailUrl\":\"https:\\\/\\\/aconteceunovale.com.br\\\/portal\\\/wp-content\\\/uploads\\\/2022\\\/10\\\/tempestade_br.jpeg\",\"datePublished\":\"2022-10-06T19:43:07+00:00\",\"dateModified\":\"2022-10-06T19:46:10+00:00\",\"author\":{\"@id\":\"https:\\\/\\\/aconteceunovale.com.br\\\/portal\\\/#\\\/schema\\\/person\\\/7d2f26d1483f8a63de73da1ee0754d35\"},\"breadcrumb\":{\"@id\":\"https:\\\/\\\/aconteceunovale.com.br\\\/portal\\\/?p=191285#breadcrumb\"},\"inLanguage\":\"pt-BR\",\"potentialAction\":[{\"@type\":\"ReadAction\",\"target\":[\"https:\\\/\\\/aconteceunovale.com.br\\\/portal\\\/?p=191285\"]}]},{\"@type\":\"ImageObject\",\"inLanguage\":\"pt-BR\",\"@id\":\"https:\\\/\\\/aconteceunovale.com.br\\\/portal\\\/?p=191285#primaryimage\",\"url\":\"https:\\\/\\\/aconteceunovale.com.br\\\/portal\\\/wp-content\\\/uploads\\\/2022\\\/10\\\/tempestade_br.jpeg\",\"contentUrl\":\"https:\\\/\\\/aconteceunovale.com.br\\\/portal\\\/wp-content\\\/uploads\\\/2022\\\/10\\\/tempestade_br.jpeg\",\"width\":600,\"height\":450},{\"@type\":\"BreadcrumbList\",\"@id\":\"https:\\\/\\\/aconteceunovale.com.br\\\/portal\\\/?p=191285#breadcrumb\",\"itemListElement\":[{\"@type\":\"ListItem\",\"position\":1,\"name\":\"In\u00edcio\",\"item\":\"https:\\\/\\\/aconteceunovale.com.br\\\/portal\\\/\"},{\"@type\":\"ListItem\",\"position\":2,\"name\":\"Defesa Civil alerta sobre tempestades no Centro-Sul do Brasil\"}]},{\"@type\":\"WebSite\",\"@id\":\"https:\\\/\\\/aconteceunovale.com.br\\\/portal\\\/#website\",\"url\":\"https:\\\/\\\/aconteceunovale.com.br\\\/portal\\\/\",\"name\":\"Aconteceu no Vale\",\"description\":\"Portal de Not\u00edcias\",\"potentialAction\":[{\"@type\":\"SearchAction\",\"target\":{\"@type\":\"EntryPoint\",\"urlTemplate\":\"https:\\\/\\\/aconteceunovale.com.br\\\/portal\\\/?s={search_term_string}\"},\"query-input\":{\"@type\":\"PropertyValueSpecification\",\"valueRequired\":true,\"valueName\":\"search_term_string\"}}],\"inLanguage\":\"pt-BR\"},{\"@type\":\"Person\",\"@id\":\"https:\\\/\\\/aconteceunovale.com.br\\\/portal\\\/#\\\/schema\\\/person\\\/7d2f26d1483f8a63de73da1ee0754d35\",\"name\":\"Reda\u00e7\u00e3o Aconteceu no Vale\",\"description\":\"Equipe de reportagem do Aconteceu no Vale, portal de not\u00edcias do Vale do Jequitinhonha, em Minas Gerais. Cobrimos as 51 cidades do Vale desde 2013. Sugest\u00f5es de pauta e pedidos de corre\u00e7\u00e3o: contato@aconteceunovale.com.br\",\"url\":\"https:\\\/\\\/aconteceunovale.com.br\\\/portal\\\/?author=4\"}]}<\/script>\n<!-- \/ Yoast SEO plugin. -->","yoast_head_json":{"title":"Defesa Civil alerta sobre tempestades no Centro-Sul do Brasil - Aconteceu no Vale","robots":{"index":"index","follow":"follow","max-snippet":"max-snippet:-1","max-image-preview":"max-image-preview:large","max-video-preview":"max-video-preview:-1"},"canonical":"https:\/\/aconteceunovale.com.br\/portal\/?p=191285","og_locale":"pt_BR","og_type":"article","og_title":"Defesa Civil alerta sobre tempestades no Centro-Sul do Brasil - Aconteceu no Vale","og_description":"Uma forte tempestade atinge nesta quinta-feira (5) a Regi\u00e3o\u00a0Sul, com fortes rajadas de vento entre o litoral do Rio Grande do Sul e de Santa Catarina. A \u201cforte tempestade\u201d que tem atingido tamb\u00e9m parte de Mato Grosso do Sul, oeste de S\u00e3o Paulo e sul de Goi\u00e1s e Mato Grosso, conforme informou o Instituto Nacional [&hellip;]","og_url":"https:\/\/aconteceunovale.com.br\/portal\/?p=191285","og_site_name":"Aconteceu no Vale","article_publisher":"https:\/\/www.facebook.com\/aconteceunovale\/","article_published_time":"2022-10-06T19:43:07+00:00","article_modified_time":"2022-10-06T19:46:10+00:00","og_image":[{"width":600,"height":450,"url":"https:\/\/aconteceunovale.com.br\/portal\/wp-content\/uploads\/2022\/10\/tempestade_br.jpeg","type":"image\/jpeg"}],"author":"Reda\u00e7\u00e3o Aconteceu no Vale","twitter_card":"summary_large_image","twitter_creator":"@noticiadosvales","twitter_site":"@noticiadosvales","twitter_misc":{"Escrito por":"Reda\u00e7\u00e3o Aconteceu no Vale","Est. tempo de leitura":"3 minutos"},"schema":{"@context":"https:\/\/schema.org","@graph":[{"@type":"Article","@id":"https:\/\/aconteceunovale.com.br\/portal\/?p=191285#article","isPartOf":{"@id":"https:\/\/aconteceunovale.com.br\/portal\/?p=191285"},"author":{"name":"Reda\u00e7\u00e3o Aconteceu no Vale","@id":"https:\/\/aconteceunovale.com.br\/portal\/#\/schema\/person\/7d2f26d1483f8a63de73da1ee0754d35"},"headline":"Defesa Civil alerta sobre tempestades no Centro-Sul do Brasil","datePublished":"2022-10-06T19:43:07+00:00","dateModified":"2022-10-06T19:46:10+00:00","mainEntityOfPage":{"@id":"https:\/\/aconteceunovale.com.br\/portal\/?p=191285"},"wordCount":579,"commentCount":0,"image":{"@id":"https:\/\/aconteceunovale.com.br\/portal\/?p=191285#primaryimage"},"thumbnailUrl":"https:\/\/aconteceunovale.com.br\/portal\/wp-content\/uploads\/2022\/10\/tempestade_br.jpeg","keywords":["Alerta da Defesa Civil Nacional","Alerta de forte tempestade","chuva em minas gerais","Chuva no Brasil","clima","Defesa Civil alerta sobre tempestades no Centro-Sul do Brasil","Defesa Civil Nacional","destaque","Forte tempestade","Inmet","Minas Gerais","previs\u00e3o do tempo","tempestade","Tempestade no Brasil","Temporal no Brasil"],"articleSection":["Brasil"],"inLanguage":"pt-BR","potentialAction":[{"@type":"CommentAction","name":"Comment","target":["https:\/\/aconteceunovale.com.br\/portal\/?p=191285#respond"]}]},{"@type":"WebPage","@id":"https:\/\/aconteceunovale.com.br\/portal\/?p=191285","url":"https:\/\/aconteceunovale.com.br\/portal\/?p=191285","name":"Defesa Civil alerta sobre tempestades no Centro-Sul do Brasil - Aconteceu no Vale","isPartOf":{"@id":"https:\/\/aconteceunovale.com.br\/portal\/#website"},"primaryImageOfPage":{"@id":"https:\/\/aconteceunovale.com.br\/portal\/?p=191285#primaryimage"},"image":{"@id":"https:\/\/aconteceunovale.com.br\/portal\/?p=191285#primaryimage"},"thumbnailUrl":"https:\/\/aconteceunovale.com.br\/portal\/wp-content\/uploads\/2022\/10\/tempestade_br.jpeg","datePublished":"2022-10-06T19:43:07+00:00","dateModified":"2022-10-06T19:46:10+00:00","author":{"@id":"https:\/\/aconteceunovale.com.br\/portal\/#\/schema\/person\/7d2f26d1483f8a63de73da1ee0754d35"},"breadcrumb":{"@id":"https:\/\/aconteceunovale.com.br\/portal\/?p=191285#breadcrumb"},"inLanguage":"pt-BR","potentialAction":[{"@type":"ReadAction","target":["https:\/\/aconteceunovale.com.br\/portal\/?p=191285"]}]},{"@type":"ImageObject","inLanguage":"pt-BR","@id":"https:\/\/aconteceunovale.com.br\/portal\/?p=191285#primaryimage","url":"https:\/\/aconteceunovale.com.br\/portal\/wp-content\/uploads\/2022\/10\/tempestade_br.jpeg","contentUrl":"https:\/\/aconteceunovale.com.br\/portal\/wp-content\/uploads\/2022\/10\/tempestade_br.jpeg","width":600,"height":450},{"@type":"BreadcrumbList","@id":"https:\/\/aconteceunovale.com.br\/portal\/?p=191285#breadcrumb","itemListElement":[{"@type":"ListItem","position":1,"name":"In\u00edcio","item":"https:\/\/aconteceunovale.com.br\/portal\/"},{"@type":"ListItem","position":2,"name":"Defesa Civil alerta sobre tempestades no Centro-Sul do Brasil"}]},{"@type":"WebSite","@id":"https:\/\/aconteceunovale.com.br\/portal\/#website","url":"https:\/\/aconteceunovale.com.br\/portal\/","name":"Aconteceu no Vale","description":"Portal de Not\u00edcias","potentialAction":[{"@type":"SearchAction","target":{"@type":"EntryPoint","urlTemplate":"https:\/\/aconteceunovale.com.br\/portal\/?s={search_term_string}"},"query-input":{"@type":"PropertyValueSpecification","valueRequired":true,"valueName":"search_term_string"}}],"inLanguage":"pt-BR"},{"@type":"Person","@id":"https:\/\/aconteceunovale.com.br\/portal\/#\/schema\/person\/7d2f26d1483f8a63de73da1ee0754d35","name":"Reda\u00e7\u00e3o Aconteceu no Vale","description":"Equipe de reportagem do Aconteceu no Vale, portal de not\u00edcias do Vale do Jequitinhonha, em Minas Gerais. Cobrimos as 51 cidades do Vale desde 2013. Sugest\u00f5es de pauta e pedidos de corre\u00e7\u00e3o: contato@aconteceunovale.com.br","url":"https:\/\/aconteceunovale.com.br\/portal\/?author=4"}]}},"_links":{"self":[{"href":"https:\/\/aconteceunovale.com.br\/portal\/index.php?rest_route=\/wp\/v2\/posts\/191285","targetHints":{"allow":["GET"]}}],"collection":[{"href":"https:\/\/aconteceunovale.com.br\/portal\/index.php?rest_route=\/wp\/v2\/posts"}],"about":[{"href":"https:\/\/aconteceunovale.com.br\/portal\/index.php?rest_route=\/wp\/v2\/types\/post"}],"author":[{"embeddable":true,"href":"https:\/\/aconteceunovale.com.br\/portal\/index.php?rest_route=\/wp\/v2\/users\/4"}],"replies":[{"embeddable":true,"href":"https:\/\/aconteceunovale.com.br\/portal\/index.php?rest_route=%2Fwp%2Fv2%2Fcomments&post=191285"}],"version-history":[{"count":1,"href":"https:\/\/aconteceunovale.com.br\/portal\/index.php?rest_route=\/wp\/v2\/posts\/191285\/revisions"}],"predecessor-version":[{"id":191287,"href":"https:\/\/aconteceunovale.com.br\/portal\/index.php?rest_route=\/wp\/v2\/posts\/191285\/revisions\/191287"}],"wp:featuredmedia":[{"embeddable":true,"href":"https:\/\/aconteceunovale.com.br\/portal\/index.php?rest_route=\/wp\/v2\/media\/191286"}],"wp:attachment":[{"href":"https:\/\/aconteceunovale.com.br\/portal\/index.php?rest_route=%2Fwp%2Fv2%2Fmedia&parent=191285"}],"wp:term":[{"taxonomy":"category","embeddable":true,"href":"https:\/\/aconteceunovale.com.br\/portal\/index.php?rest_route=%2Fwp%2Fv2%2Fcategories&post=191285"},{"taxonomy":"post_tag","embeddable":true,"href":"https:\/\/aconteceunovale.com.br\/portal\/index.php?rest_route=%2Fwp%2Fv2%2Ftags&post=191285"}],"curies":[{"name":"wp","href":"https:\/\/api.w.org\/{rel}","templated":true}]}}