{"id":191282,"date":"2022-10-06T13:40:43","date_gmt":"2022-10-06T16:40:43","guid":{"rendered":"https:\/\/aconteceunovale.com.br\/portal\/?p=191282"},"modified":"2022-10-06T13:41:27","modified_gmt":"2022-10-06T16:41:27","slug":"36a-festa-do-queijo-em-serro","status":"publish","type":"post","link":"https:\/\/aconteceunovale.com.br\/portal\/?p=191282","title":{"rendered":"36\u00aa Festa do Queijo em Serro"},"content":{"rendered":"\n<p class=\"wp-block-paragraph\">De 14 a 16 de outubro | Parque de Exposi\u00e7\u00f5es<\/p>\n\n\n\n<figure class=\"wp-block-gallery has-nested-images columns-default is-cropped wp-block-gallery-1 is-layout-flex wp-block-gallery-is-layout-flex\">\n<figure class=\"wp-block-image size-large\"><img loading=\"lazy\" decoding=\"async\" width=\"649\" height=\"450\" data-id=\"191283\" src=\"https:\/\/aconteceunovale.com.br\/portal\/wp-content\/uploads\/2022\/10\/cartaz_festa_queijo_serro.jpg\" alt=\"\" class=\"wp-image-191283\" srcset=\"https:\/\/aconteceunovale.com.br\/portal\/wp-content\/uploads\/2022\/10\/cartaz_festa_queijo_serro.jpg 649w, https:\/\/aconteceunovale.com.br\/portal\/wp-content\/uploads\/2022\/10\/cartaz_festa_queijo_serro-300x208.jpg 300w, https:\/\/aconteceunovale.com.br\/portal\/wp-content\/uploads\/2022\/10\/cartaz_festa_queijo_serro-100x70.jpg 100w, https:\/\/aconteceunovale.com.br\/portal\/wp-content\/uploads\/2022\/10\/cartaz_festa_queijo_serro-218x150.jpg 218w, https:\/\/aconteceunovale.com.br\/portal\/wp-content\/uploads\/2022\/10\/cartaz_festa_queijo_serro-606x420.jpg 606w\" sizes=\"auto, (max-width: 649px) 100vw, 649px\" \/><\/figure>\n<\/figure>\n\n\n\n<p class=\"wp-block-paragraph\"><strong>14\/10 (sexta-feira):<\/strong><\/p>\n\n\n\n<ul class=\"wp-block-list\"><li>Diego &amp; Victor Hugo<\/li><li>DJ Palmito<\/li><li>Fernando Maguino<\/li><li>Vin\u00edcius Hil\u00e1rio<\/li><\/ul>\n\n\n\n<p class=\"wp-block-paragraph\"><strong>15\/10 (s\u00e1bado):<\/strong><\/p>\n\n\n\n<ul class=\"wp-block-list\"><li>Jo\u00e3o Lucas &amp; Diogo<\/li><li>Vitinho Imperador<\/li><li>Wilson &amp; Bruno<\/li><li>Luana Maria<\/li><\/ul>\n\n\n\n<p class=\"wp-block-paragraph\"><strong>16\/10 (domingo):<\/strong><\/p>\n\n\n\n<ul class=\"wp-block-list\"><li>Di Paulo &amp; Paulino<\/li><li>Murilo Fonseca<\/li><li>Chic\u00e3o Dance<\/li><li>DJ Theu<\/li><li>Grupo T\u00f4 Chegando<\/li><li>Jhom no Beat<\/li><\/ul>\n\n\n\n<p class=\"wp-block-paragraph\"><strong>Valores:<\/strong><\/p>\n\n\n\n<ul class=\"wp-block-list\"><li>Passaporte: R$ 50,00<\/li><li>Ingresso unit\u00e1rio: R$ 20,00<\/li><\/ul>\n\n\n\n<p class=\"wp-block-paragraph\"><strong>Locais oficiais de venda de ingressos:<\/strong><\/p>\n\n\n\n<ul class=\"wp-block-list\"><li>Supermercado Bom Tempo<\/li><li>Supermercado Central<\/li><li>Mercearia do L\u00facio<\/li><li>Mercearia Bem Estar<\/li><li>Mercearia Matozinhos<\/li><\/ul>\n\n\n\n<p class=\"wp-block-paragraph\"><strong>Realiza\u00e7\u00e3o: <\/strong>Prefeitura Municipal de Serro<\/p>\n","protected":false},"excerpt":{"rendered":"<p>De 14 a 16 de outubro | Parque de Exposi\u00e7\u00f5es 14\/10 (sexta-feira): Diego &amp; Victor Hugo DJ Palmito Fernando Maguino Vin\u00edcius Hil\u00e1rio 15\/10 (s\u00e1bado): Jo\u00e3o Lucas &amp; Diogo Vitinho Imperador Wilson &amp; Bruno Luana Maria 16\/10 (domingo): Di Paulo &amp; Paulino Murilo Fonseca Chic\u00e3o Dance DJ Theu Grupo T\u00f4 Chegando Jhom no Beat Valores: Passaporte: [&hellip;]<\/p>\n","protected":false},"author":4,"featured_media":191283,"comment_status":"open","ping_status":"closed","sticky":false,"template":"","format":"standard","meta":{"amp_status":"","footnotes":""},"categories":[125,123],"tags":[264784,1018,62405,264785,264786,217781,264788,154,264787],"class_list":["post-191282","post","type-post","status-publish","format-standard","has-post-thumbnail","hentry","category-noticias","category-gerais","tag-36a-festa-do-queijo-em-serro","tag-destaque","tag-festa-do-queijo-de-serro","tag-festa-do-queijo-em-serro","tag-festa-do-serro","tag-prefeitura-de-serro","tag-programacao-da-festa-de-serro","tag-serro","tag-shows-serro"],"yoast_head":"<!-- This site is optimized with the Yoast SEO plugin v28.3 - https:\/\/yoast.com\/product\/yoast-seo-wordpress\/ -->\n<title>36\u00aa Festa do Queijo em Serro - Aconteceu no Vale<\/title>\n<meta name=\"robots\" content=\"index, follow, max-snippet:-1, max-image-preview:large, max-video-preview:-1\" \/>\n<link rel=\"canonical\" href=\"https:\/\/aconteceunovale.com.br\/portal\/?p=191282\" \/>\n<meta property=\"og:locale\" content=\"pt_BR\" \/>\n<meta property=\"og:type\" content=\"article\" \/>\n<meta property=\"og:title\" content=\"36\u00aa Festa do Queijo em Serro - Aconteceu no Vale\" \/>\n<meta property=\"og:description\" content=\"De 14 a 16 de outubro | Parque de Exposi\u00e7\u00f5es 14\/10 (sexta-feira): Diego &amp; Victor Hugo DJ Palmito Fernando Maguino Vin\u00edcius Hil\u00e1rio 15\/10 (s\u00e1bado): Jo\u00e3o Lucas &amp; Diogo Vitinho Imperador Wilson &amp; Bruno Luana Maria 16\/10 (domingo): Di Paulo &amp; Paulino Murilo Fonseca Chic\u00e3o Dance DJ Theu Grupo T\u00f4 Chegando Jhom no Beat Valores: Passaporte: [&hellip;]\" \/>\n<meta property=\"og:url\" content=\"https:\/\/aconteceunovale.com.br\/portal\/?p=191282\" \/>\n<meta property=\"og:site_name\" content=\"Aconteceu no Vale\" \/>\n<meta property=\"article:publisher\" content=\"https:\/\/www.facebook.com\/aconteceunovale\/\" \/>\n<meta property=\"article:published_time\" content=\"2022-10-06T16:40:43+00:00\" \/>\n<meta property=\"article:modified_time\" content=\"2022-10-06T16:41:27+00:00\" \/>\n<meta property=\"og:image\" content=\"https:\/\/aconteceunovale.com.br\/portal\/wp-content\/uploads\/2022\/10\/cartaz_festa_queijo_serro.jpg\" \/>\n\t<meta property=\"og:image:width\" content=\"649\" \/>\n\t<meta property=\"og:image:height\" content=\"450\" \/>\n\t<meta property=\"og:image:type\" content=\"image\/jpeg\" \/>\n<meta name=\"author\" content=\"Reda\u00e7\u00e3o Aconteceu no Vale\" \/>\n<meta name=\"twitter:card\" content=\"summary_large_image\" \/>\n<meta name=\"twitter:creator\" content=\"@noticiadosvales\" \/>\n<meta name=\"twitter:site\" content=\"@noticiadosvales\" \/>\n<meta name=\"twitter:label1\" content=\"Escrito por\" \/>\n\t<meta name=\"twitter:data1\" content=\"Reda\u00e7\u00e3o Aconteceu no Vale\" \/>\n<script type=\"application\/ld+json\" class=\"yoast-schema-graph\">{\"@context\":\"https:\\\/\\\/schema.org\",\"@graph\":[{\"@type\":\"Article\",\"@id\":\"https:\\\/\\\/aconteceunovale.com.br\\\/portal\\\/?p=191282#article\",\"isPartOf\":{\"@id\":\"https:\\\/\\\/aconteceunovale.com.br\\\/portal\\\/?p=191282\"},\"author\":{\"name\":\"Reda\u00e7\u00e3o Aconteceu no Vale\",\"@id\":\"https:\\\/\\\/aconteceunovale.com.br\\\/portal\\\/#\\\/schema\\\/person\\\/7d2f26d1483f8a63de73da1ee0754d35\"},\"headline\":\"36\u00aa Festa do Queijo em Serro\",\"datePublished\":\"2022-10-06T16:40:43+00:00\",\"dateModified\":\"2022-10-06T16:41:27+00:00\",\"mainEntityOfPage\":{\"@id\":\"https:\\\/\\\/aconteceunovale.com.br\\\/portal\\\/?p=191282\"},\"wordCount\":91,\"commentCount\":0,\"image\":{\"@id\":\"https:\\\/\\\/aconteceunovale.com.br\\\/portal\\\/?p=191282#primaryimage\"},\"thumbnailUrl\":\"https:\\\/\\\/aconteceunovale.com.br\\\/portal\\\/wp-content\\\/uploads\\\/2022\\\/10\\\/cartaz_festa_queijo_serro.jpg\",\"keywords\":[\"36\u00aa Festa do Queijo em Serro\",\"destaque\",\"Festa do Queijo de Serro\",\"Festa do Queijo em Serro\",\"Festa do Serro\",\"Prefeitura de Serro\",\"Programa\u00e7\u00e3o da Festa de Serro\",\"Serro\",\"Shows Serro\"],\"articleSection\":[\"Eventos\",\"Minas Gerais\"],\"inLanguage\":\"pt-BR\",\"potentialAction\":[{\"@type\":\"CommentAction\",\"name\":\"Comment\",\"target\":[\"https:\\\/\\\/aconteceunovale.com.br\\\/portal\\\/?p=191282#respond\"]}]},{\"@type\":\"WebPage\",\"@id\":\"https:\\\/\\\/aconteceunovale.com.br\\\/portal\\\/?p=191282\",\"url\":\"https:\\\/\\\/aconteceunovale.com.br\\\/portal\\\/?p=191282\",\"name\":\"36\u00aa Festa do Queijo em Serro - Aconteceu no Vale\",\"isPartOf\":{\"@id\":\"https:\\\/\\\/aconteceunovale.com.br\\\/portal\\\/#website\"},\"primaryImageOfPage\":{\"@id\":\"https:\\\/\\\/aconteceunovale.com.br\\\/portal\\\/?p=191282#primaryimage\"},\"image\":{\"@id\":\"https:\\\/\\\/aconteceunovale.com.br\\\/portal\\\/?p=191282#primaryimage\"},\"thumbnailUrl\":\"https:\\\/\\\/aconteceunovale.com.br\\\/portal\\\/wp-content\\\/uploads\\\/2022\\\/10\\\/cartaz_festa_queijo_serro.jpg\",\"datePublished\":\"2022-10-06T16:40:43+00:00\",\"dateModified\":\"2022-10-06T16:41:27+00:00\",\"author\":{\"@id\":\"https:\\\/\\\/aconteceunovale.com.br\\\/portal\\\/#\\\/schema\\\/person\\\/7d2f26d1483f8a63de73da1ee0754d35\"},\"breadcrumb\":{\"@id\":\"https:\\\/\\\/aconteceunovale.com.br\\\/portal\\\/?p=191282#breadcrumb\"},\"inLanguage\":\"pt-BR\",\"potentialAction\":[{\"@type\":\"ReadAction\",\"target\":[\"https:\\\/\\\/aconteceunovale.com.br\\\/portal\\\/?p=191282\"]}]},{\"@type\":\"ImageObject\",\"inLanguage\":\"pt-BR\",\"@id\":\"https:\\\/\\\/aconteceunovale.com.br\\\/portal\\\/?p=191282#primaryimage\",\"url\":\"https:\\\/\\\/aconteceunovale.com.br\\\/portal\\\/wp-content\\\/uploads\\\/2022\\\/10\\\/cartaz_festa_queijo_serro.jpg\",\"contentUrl\":\"https:\\\/\\\/aconteceunovale.com.br\\\/portal\\\/wp-content\\\/uploads\\\/2022\\\/10\\\/cartaz_festa_queijo_serro.jpg\",\"width\":649,\"height\":450},{\"@type\":\"BreadcrumbList\",\"@id\":\"https:\\\/\\\/aconteceunovale.com.br\\\/portal\\\/?p=191282#breadcrumb\",\"itemListElement\":[{\"@type\":\"ListItem\",\"position\":1,\"name\":\"In\u00edcio\",\"item\":\"https:\\\/\\\/aconteceunovale.com.br\\\/portal\\\/\"},{\"@type\":\"ListItem\",\"position\":2,\"name\":\"36\u00aa Festa do Queijo em Serro\"}]},{\"@type\":\"WebSite\",\"@id\":\"https:\\\/\\\/aconteceunovale.com.br\\\/portal\\\/#website\",\"url\":\"https:\\\/\\\/aconteceunovale.com.br\\\/portal\\\/\",\"name\":\"Aconteceu no Vale\",\"description\":\"Portal de Not\u00edcias\",\"potentialAction\":[{\"@type\":\"SearchAction\",\"target\":{\"@type\":\"EntryPoint\",\"urlTemplate\":\"https:\\\/\\\/aconteceunovale.com.br\\\/portal\\\/?s={search_term_string}\"},\"query-input\":{\"@type\":\"PropertyValueSpecification\",\"valueRequired\":true,\"valueName\":\"search_term_string\"}}],\"inLanguage\":\"pt-BR\"},{\"@type\":\"Person\",\"@id\":\"https:\\\/\\\/aconteceunovale.com.br\\\/portal\\\/#\\\/schema\\\/person\\\/7d2f26d1483f8a63de73da1ee0754d35\",\"name\":\"Reda\u00e7\u00e3o Aconteceu no Vale\",\"description\":\"Equipe de reportagem do Aconteceu no Vale, portal de not\u00edcias do Vale do Jequitinhonha, em Minas Gerais. Cobrimos as 51 cidades do Vale desde 2013. Sugest\u00f5es de pauta e pedidos de corre\u00e7\u00e3o: contato@aconteceunovale.com.br\",\"url\":\"https:\\\/\\\/aconteceunovale.com.br\\\/portal\\\/?author=4\"}]}<\/script>\n<!-- \/ Yoast SEO plugin. -->","yoast_head_json":{"title":"36\u00aa Festa do Queijo em Serro - Aconteceu no Vale","robots":{"index":"index","follow":"follow","max-snippet":"max-snippet:-1","max-image-preview":"max-image-preview:large","max-video-preview":"max-video-preview:-1"},"canonical":"https:\/\/aconteceunovale.com.br\/portal\/?p=191282","og_locale":"pt_BR","og_type":"article","og_title":"36\u00aa Festa do Queijo em Serro - Aconteceu no Vale","og_description":"De 14 a 16 de outubro | Parque de Exposi\u00e7\u00f5es 14\/10 (sexta-feira): Diego &amp; Victor Hugo DJ Palmito Fernando Maguino Vin\u00edcius Hil\u00e1rio 15\/10 (s\u00e1bado): Jo\u00e3o Lucas &amp; Diogo Vitinho Imperador Wilson &amp; Bruno Luana Maria 16\/10 (domingo): Di Paulo &amp; Paulino Murilo Fonseca Chic\u00e3o Dance DJ Theu Grupo T\u00f4 Chegando Jhom no Beat Valores: Passaporte: [&hellip;]","og_url":"https:\/\/aconteceunovale.com.br\/portal\/?p=191282","og_site_name":"Aconteceu no Vale","article_publisher":"https:\/\/www.facebook.com\/aconteceunovale\/","article_published_time":"2022-10-06T16:40:43+00:00","article_modified_time":"2022-10-06T16:41:27+00:00","og_image":[{"width":649,"height":450,"url":"https:\/\/aconteceunovale.com.br\/portal\/wp-content\/uploads\/2022\/10\/cartaz_festa_queijo_serro.jpg","type":"image\/jpeg"}],"author":"Reda\u00e7\u00e3o Aconteceu no Vale","twitter_card":"summary_large_image","twitter_creator":"@noticiadosvales","twitter_site":"@noticiadosvales","twitter_misc":{"Escrito por":"Reda\u00e7\u00e3o Aconteceu no Vale"},"schema":{"@context":"https:\/\/schema.org","@graph":[{"@type":"Article","@id":"https:\/\/aconteceunovale.com.br\/portal\/?p=191282#article","isPartOf":{"@id":"https:\/\/aconteceunovale.com.br\/portal\/?p=191282"},"author":{"name":"Reda\u00e7\u00e3o Aconteceu no Vale","@id":"https:\/\/aconteceunovale.com.br\/portal\/#\/schema\/person\/7d2f26d1483f8a63de73da1ee0754d35"},"headline":"36\u00aa Festa do Queijo em Serro","datePublished":"2022-10-06T16:40:43+00:00","dateModified":"2022-10-06T16:41:27+00:00","mainEntityOfPage":{"@id":"https:\/\/aconteceunovale.com.br\/portal\/?p=191282"},"wordCount":91,"commentCount":0,"image":{"@id":"https:\/\/aconteceunovale.com.br\/portal\/?p=191282#primaryimage"},"thumbnailUrl":"https:\/\/aconteceunovale.com.br\/portal\/wp-content\/uploads\/2022\/10\/cartaz_festa_queijo_serro.jpg","keywords":["36\u00aa Festa do Queijo em Serro","destaque","Festa do Queijo de Serro","Festa do Queijo em Serro","Festa do Serro","Prefeitura de Serro","Programa\u00e7\u00e3o da Festa de Serro","Serro","Shows Serro"],"articleSection":["Eventos","Minas Gerais"],"inLanguage":"pt-BR","potentialAction":[{"@type":"CommentAction","name":"Comment","target":["https:\/\/aconteceunovale.com.br\/portal\/?p=191282#respond"]}]},{"@type":"WebPage","@id":"https:\/\/aconteceunovale.com.br\/portal\/?p=191282","url":"https:\/\/aconteceunovale.com.br\/portal\/?p=191282","name":"36\u00aa Festa do Queijo em Serro - Aconteceu no Vale","isPartOf":{"@id":"https:\/\/aconteceunovale.com.br\/portal\/#website"},"primaryImageOfPage":{"@id":"https:\/\/aconteceunovale.com.br\/portal\/?p=191282#primaryimage"},"image":{"@id":"https:\/\/aconteceunovale.com.br\/portal\/?p=191282#primaryimage"},"thumbnailUrl":"https:\/\/aconteceunovale.com.br\/portal\/wp-content\/uploads\/2022\/10\/cartaz_festa_queijo_serro.jpg","datePublished":"2022-10-06T16:40:43+00:00","dateModified":"2022-10-06T16:41:27+00:00","author":{"@id":"https:\/\/aconteceunovale.com.br\/portal\/#\/schema\/person\/7d2f26d1483f8a63de73da1ee0754d35"},"breadcrumb":{"@id":"https:\/\/aconteceunovale.com.br\/portal\/?p=191282#breadcrumb"},"inLanguage":"pt-BR","potentialAction":[{"@type":"ReadAction","target":["https:\/\/aconteceunovale.com.br\/portal\/?p=191282"]}]},{"@type":"ImageObject","inLanguage":"pt-BR","@id":"https:\/\/aconteceunovale.com.br\/portal\/?p=191282#primaryimage","url":"https:\/\/aconteceunovale.com.br\/portal\/wp-content\/uploads\/2022\/10\/cartaz_festa_queijo_serro.jpg","contentUrl":"https:\/\/aconteceunovale.com.br\/portal\/wp-content\/uploads\/2022\/10\/cartaz_festa_queijo_serro.jpg","width":649,"height":450},{"@type":"BreadcrumbList","@id":"https:\/\/aconteceunovale.com.br\/portal\/?p=191282#breadcrumb","itemListElement":[{"@type":"ListItem","position":1,"name":"In\u00edcio","item":"https:\/\/aconteceunovale.com.br\/portal\/"},{"@type":"ListItem","position":2,"name":"36\u00aa Festa do Queijo em Serro"}]},{"@type":"WebSite","@id":"https:\/\/aconteceunovale.com.br\/portal\/#website","url":"https:\/\/aconteceunovale.com.br\/portal\/","name":"Aconteceu no Vale","description":"Portal de Not\u00edcias","potentialAction":[{"@type":"SearchAction","target":{"@type":"EntryPoint","urlTemplate":"https:\/\/aconteceunovale.com.br\/portal\/?s={search_term_string}"},"query-input":{"@type":"PropertyValueSpecification","valueRequired":true,"valueName":"search_term_string"}}],"inLanguage":"pt-BR"},{"@type":"Person","@id":"https:\/\/aconteceunovale.com.br\/portal\/#\/schema\/person\/7d2f26d1483f8a63de73da1ee0754d35","name":"Reda\u00e7\u00e3o Aconteceu no Vale","description":"Equipe de reportagem do Aconteceu no Vale, portal de not\u00edcias do Vale do Jequitinhonha, em Minas Gerais. Cobrimos as 51 cidades do Vale desde 2013. Sugest\u00f5es de pauta e pedidos de corre\u00e7\u00e3o: contato@aconteceunovale.com.br","url":"https:\/\/aconteceunovale.com.br\/portal\/?author=4"}]}},"_links":{"self":[{"href":"https:\/\/aconteceunovale.com.br\/portal\/index.php?rest_route=\/wp\/v2\/posts\/191282","targetHints":{"allow":["GET"]}}],"collection":[{"href":"https:\/\/aconteceunovale.com.br\/portal\/index.php?rest_route=\/wp\/v2\/posts"}],"about":[{"href":"https:\/\/aconteceunovale.com.br\/portal\/index.php?rest_route=\/wp\/v2\/types\/post"}],"author":[{"embeddable":true,"href":"https:\/\/aconteceunovale.com.br\/portal\/index.php?rest_route=\/wp\/v2\/users\/4"}],"replies":[{"embeddable":true,"href":"https:\/\/aconteceunovale.com.br\/portal\/index.php?rest_route=%2Fwp%2Fv2%2Fcomments&post=191282"}],"version-history":[{"count":1,"href":"https:\/\/aconteceunovale.com.br\/portal\/index.php?rest_route=\/wp\/v2\/posts\/191282\/revisions"}],"predecessor-version":[{"id":191284,"href":"https:\/\/aconteceunovale.com.br\/portal\/index.php?rest_route=\/wp\/v2\/posts\/191282\/revisions\/191284"}],"wp:featuredmedia":[{"embeddable":true,"href":"https:\/\/aconteceunovale.com.br\/portal\/index.php?rest_route=\/wp\/v2\/media\/191283"}],"wp:attachment":[{"href":"https:\/\/aconteceunovale.com.br\/portal\/index.php?rest_route=%2Fwp%2Fv2%2Fmedia&parent=191282"}],"wp:term":[{"taxonomy":"category","embeddable":true,"href":"https:\/\/aconteceunovale.com.br\/portal\/index.php?rest_route=%2Fwp%2Fv2%2Fcategories&post=191282"},{"taxonomy":"post_tag","embeddable":true,"href":"https:\/\/aconteceunovale.com.br\/portal\/index.php?rest_route=%2Fwp%2Fv2%2Ftags&post=191282"}],"curies":[{"name":"wp","href":"https:\/\/api.w.org\/{rel}","templated":true}]}}