{"id":191271,"date":"2022-10-05T11:27:28","date_gmt":"2022-10-05T14:27:28","guid":{"rendered":"https:\/\/aconteceunovale.com.br\/portal\/?p=191271"},"modified":"2022-10-05T21:18:20","modified_gmt":"2022-10-06T00:18:20","slug":"jair-bolsonaro-recebe-apoio-do-governador-reeleito-do-df","status":"publish","type":"post","link":"https:\/\/aconteceunovale.com.br\/portal\/?p=191271","title":{"rendered":"Jair Bolsonaro recebe apoio do governador reeleito do DF"},"content":{"rendered":"\n<p class=\"wp-block-paragraph\">O governador reeleito do Distrito Federal, Ibaneis Rocha, declarou hoje (5) apoio \u00e0 candidatura \u00e0 reelei\u00e7\u00e3o de Jair Bolsonaro (PL) para a Presid\u00eancia. Os dois se reuniram na manh\u00e3 desta quarta-feira no Pal\u00e1cio da Alvorada, em Bras\u00edlia.<\/p>\n\n\n\n<figure class=\"wp-block-gallery has-nested-images columns-default is-cropped wp-block-gallery-1 is-layout-flex wp-block-gallery-is-layout-flex\">\n<figure class=\"wp-block-image size-large\"><img loading=\"lazy\" decoding=\"async\" width=\"678\" height=\"406\" data-id=\"191272\" src=\"https:\/\/aconteceunovale.com.br\/portal\/wp-content\/uploads\/2022\/10\/ibaneis_bolsonaro.jpg\" alt=\"\" class=\"wp-image-191272\" srcset=\"https:\/\/aconteceunovale.com.br\/portal\/wp-content\/uploads\/2022\/10\/ibaneis_bolsonaro.jpg 678w, https:\/\/aconteceunovale.com.br\/portal\/wp-content\/uploads\/2022\/10\/ibaneis_bolsonaro-300x180.jpg 300w\" sizes=\"auto, (max-width: 678px) 100vw, 678px\" \/><figcaption><em><sub>Foto: Jos\u00e9 Cruz\/Ag\u00eancia Brasil<\/sub><\/em><\/figcaption><\/figure>\n<\/figure>\n\n\n\n<p class=\"wp-block-paragraph\">\u201cO Distrito Federal \u00e9 hospedeiro dos principais poderes, ent\u00e3o essa harmonia, desde o in\u00edcio, foi o que n\u00f3s buscamos&#8221;. Durante o an\u00fancio de apoio, Iban\u00eas citou a import\u00e2ncia do governo federal na realiza\u00e7\u00e3o de obras no DF, que tem &#8220;depend\u00eancia muito forte&#8221; do Fundo Constitucional.<\/p>\n\n\n\n<p class=\"wp-block-paragraph\">A institui\u00e7\u00e3o do Fundo Constitucional do DF est\u00e1 prevista na Constitui\u00e7\u00e3o e os recursos, corrigidos anualmente, s\u00e3o usados para custear a organiza\u00e7\u00e3o e a manuten\u00e7\u00e3o das for\u00e7as de seguran\u00e7a p\u00fablica, bem como assist\u00eancia financeira para servi\u00e7os p\u00fablicos de sa\u00fade e educa\u00e7\u00e3o. Em 2022, a previs\u00e3o do or\u00e7amento do fundo \u00e9 de R$ 16,28 bilh\u00f5es.<\/p>\n\n\n\n<p class=\"wp-block-paragraph\">No primeiro turno das elei\u00e7\u00f5es, o candidato Bolsonaro obteve 51,65% dos votos v\u00e1lidos no Distrito Federal. Luiz In\u00e1cio Lula da Silva ficou com 36,85% de prefer\u00eancia do eleitorado da capital.<\/p>\n\n\n\n<p class=\"wp-block-paragraph\">Segundo Bolsonaro, essa harmonia entre os poderes e entes da federa\u00e7\u00e3o \u00e9 importante para a governabilidade. \u201cNada melhor para um Presidente da Rep\u00fablica do que ter um governador amigo ao seu lado. Todos ganham, em especial a governabilidade\u201d, disse.<\/p>\n\n\n\n<p class=\"wp-block-paragraph\">\u201cHoje, voc\u00eas podem ver o perfil dos novos ou reeleitos parlamentares na C\u00e2mara e no Senado, um perfil mais conservador, mais fam\u00edlia, um perfil mais liberdade econ\u00f4mica. Ou seja, est\u00e1 tudo pavimentado para que a harmonia seja completa entre Executivo e Legislativo, para o bem do nosso querido Brasil\u201d, completou Bolsonaro.<\/p>\n\n\n\n<h2 class=\"wp-block-heading\">Frente Parlamentar da Agropecu\u00e1ria<\/h2>\n\n\n\n<p class=\"wp-block-paragraph\">Durante a manh\u00e3 desta quarta-feira, Bolsonaro tamb\u00e9m se reuniu, no Pal\u00e1cio da Alvorada, com a bancada da Frente Parlamentar da Agropecu\u00e1ria, que deu apoio \u00e0 reelei\u00e7\u00e3o do mandat\u00e1rio. A ex-ministra da Agricultura Tereza Cristina, eleita senadora por Mato Grosso do Sul, disse que o agroneg\u00f3cio, \u201cintegralmente, os produtores rurais pequenos, m\u00e9dios e grandes produtores, est\u00e3o fechados com a candidatura \u00e0 reelei\u00e7\u00e3o do presidente Jair Bolsonaro\u201d.<\/p>\n\n\n\n<p class=\"wp-block-paragraph\">\u201cHoje estamos aqui novamente, fizemos isso h\u00e1 4 anos quando a bancada do agro foi levar seu apoio ao presidente Bolsonaro. E agora estamos aqui de novo, maci\u00e7amente prestando esse apoio e colocando nosso trabalho agora para que o presidente se reeleja. E n\u00e3o temos nenhuma d\u00favida que foi o presidente que mais deu apoio ao agro brasileiro, deu apoio atrav\u00e9s do cr\u00e9dito, atrav\u00e9s de a\u00e7\u00f5es na infraestrutura\u201d, disse Tereza.<\/p>\n\n\n\n<h2 class=\"wp-block-heading\">Paran\u00e1<\/h2>\n\n\n\n<p class=\"wp-block-paragraph\">Ainda no Pal\u00e1cio da Alvorada, Bolsonaro recebeu o governador reeleito do Paran\u00e1, Ratinho J\u00fanior, e prefeitos e parlamentares do estado. O governador destacou a parceria com o governo federal na realiza\u00e7\u00e3o de obras de infraestrutura no Paran\u00e1,\u00a0como na nova ponte\u00a0entre o Brasil e o Paraguai que, segundo ele, est\u00e3o transformando o estado \u201cnuma grande central log\u00edstica da Am\u00e9rica do Sul\u201d.<\/p>\n\n\n\n<p class=\"wp-block-paragraph\">\u201cAl\u00e9m disso, o governo do presidente Bolsonaro representa aquilo que a grande maioria dos paranaenses entende como valores importante de uma sociedade, que \u00e9 defesa da fam\u00edlia, da propriedade, a valoriza\u00e7\u00e3o da vida e, automaticamente, entende que esse modelo de governo que est\u00e1 sendo liderado pelo presidente Bolsonaro \u00e9 um modelo importante para que o Brasil continue crescendo, se desenvolvendo e melhorando a vida das pessoas\u201d, disse Ratinho J\u00fanior.<\/p>\n\n\n\n<p class=\"wp-block-paragraph\">No Paran\u00e1, Bolsonaro teve 55,26% dos votos v\u00e1lidos no primeiro turno das elei\u00e7\u00f5es. O segundo colocado, Luiz In\u00e1cio Lula da Silva, fez 35,99% dos votos.<\/p>\n\n\n\n<p class=\"wp-block-paragraph\">&#8212;&#8212;&#8212;&#8212;&#8212;&#8212;<br><br><strong>Sabia que o Aconteceu no Vale est\u00e1 tamb\u00e9m no Telegram? <a rel=\"noreferrer noopener\" href=\"https:\/\/t.me\/aconteceunovaleoficial\" target=\"_blank\">Inscreva-se no canal<\/a>.<\/strong><br><br><strong>J\u00e1 curtiu ou seguiu nossas p\u00e1ginas nas redes sociais?\u00a0Receba as not\u00edcias em primeira m\u00e3o:<\/strong><br>\u2022 <a rel=\"noreferrer noopener\" href=\"https:\/\/news.google.com\/publications\/CAAqBwgKMNjklQswi4etAw?hl=pt-BR&amp;gl=BR&amp;ceid=BR%3Apt-419\" target=\"_blank\">Google News<\/a><br>\u2022 <a rel=\"noreferrer noopener\" href=\"https:\/\/www.facebook.com\/aconteceunovale\/\" target=\"_blank\">Facebook<\/a><br>\u2022 <a rel=\"noreferrer noopener\" href=\"https:\/\/twitter.com\/noticiadosvales\" target=\"_blank\">Twitter<\/a><br>\u2022 <a rel=\"noreferrer noopener\" href=\"https:\/\/www.instagram.com\/aconteceunovale\" target=\"_blank\">Instagram<\/a><br>\u2022 <a rel=\"noreferrer noopener\" href=\"https:\/\/www.youtube.com\/AconteceunoValeOficial\" target=\"_blank\">Youtube<\/a><br>\u2022 <a rel=\"noreferrer noopener\" href=\"https:\/\/www.tiktok.com\/@aconteceunovale\" target=\"_blank\">TikTok<\/a><\/p>\n","protected":false},"excerpt":{"rendered":"<p>O governador reeleito do Distrito Federal, Ibaneis Rocha, declarou hoje (5) apoio \u00e0 candidatura \u00e0 reelei\u00e7\u00e3o de Jair Bolsonaro (PL) para a Presid\u00eancia. Os dois se reuniram na manh\u00e3 desta quarta-feira no Pal\u00e1cio da Alvorada, em Bras\u00edlia. \u201cO Distrito Federal \u00e9 hospedeiro dos principais poderes, ent\u00e3o essa harmonia, desde o in\u00edcio, foi o que n\u00f3s [&hellip;]<\/p>\n","protected":false},"author":4,"featured_media":191272,"comment_status":"open","ping_status":"closed","sticky":false,"template":"","format":"standard","meta":{"amp_status":"","footnotes":""},"categories":[6,249933,40240],"tags":[181212,100375,1018,252238,264770,264771,264767,264768,184282,264769,26436,264766,262539,264772,18448,264572],"class_list":["post-191271","post","type-post","status-publish","format-standard","has-post-thumbnail","hentry","category-br","category-eleicoes-2022","category-politica","tag-apoio-a-bolsonaro","tag-bolsonaro","tag-destaque","tag-eleicoes-2022","tag-frente-parlamentar-da-agropecuaria-apoia-bolsonaro","tag-governador-do-parana-apoia-bolsonaro","tag-governador-reeleito-do-df","tag-ibaneis-apoia-bolsonaro","tag-ibaneis-rocha","tag-ibaneis-rocha-apoia-bolsonaro","tag-jair-bolsonaro","tag-jair-bolsonaro-recebe-apoio-do-governador-reeleito-do-df","tag-ratinho-junior","tag-ratinho-junior-apoia-bolsonaro","tag-segundo-turno","tag-segundo-turno-das-eleicoes-2022"],"yoast_head":"<!-- This site is optimized with the Yoast SEO plugin v28.3 - https:\/\/yoast.com\/product\/yoast-seo-wordpress\/ -->\n<title>Jair Bolsonaro recebe apoio do governador reeleito do DF - Aconteceu no Vale<\/title>\n<meta name=\"robots\" content=\"index, follow, max-snippet:-1, max-image-preview:large, max-video-preview:-1\" \/>\n<link rel=\"canonical\" href=\"https:\/\/aconteceunovale.com.br\/portal\/?p=191271\" \/>\n<meta property=\"og:locale\" content=\"pt_BR\" \/>\n<meta property=\"og:type\" content=\"article\" \/>\n<meta property=\"og:title\" content=\"Jair Bolsonaro recebe apoio do governador reeleito do DF - Aconteceu no Vale\" \/>\n<meta property=\"og:description\" content=\"O governador reeleito do Distrito Federal, Ibaneis Rocha, declarou hoje (5) apoio \u00e0 candidatura \u00e0 reelei\u00e7\u00e3o de Jair Bolsonaro (PL) para a Presid\u00eancia. Os dois se reuniram na manh\u00e3 desta quarta-feira no Pal\u00e1cio da Alvorada, em Bras\u00edlia. \u201cO Distrito Federal \u00e9 hospedeiro dos principais poderes, ent\u00e3o essa harmonia, desde o in\u00edcio, foi o que n\u00f3s [&hellip;]\" \/>\n<meta property=\"og:url\" content=\"https:\/\/aconteceunovale.com.br\/portal\/?p=191271\" \/>\n<meta property=\"og:site_name\" content=\"Aconteceu no Vale\" \/>\n<meta property=\"article:publisher\" content=\"https:\/\/www.facebook.com\/aconteceunovale\/\" \/>\n<meta property=\"article:published_time\" content=\"2022-10-05T14:27:28+00:00\" \/>\n<meta property=\"article:modified_time\" content=\"2022-10-06T00:18:20+00:00\" \/>\n<meta property=\"og:image\" content=\"https:\/\/aconteceunovale.com.br\/portal\/wp-content\/uploads\/2022\/10\/ibaneis_bolsonaro.jpg\" \/>\n\t<meta property=\"og:image:width\" content=\"678\" \/>\n\t<meta property=\"og:image:height\" content=\"406\" \/>\n\t<meta property=\"og:image:type\" content=\"image\/jpeg\" \/>\n<meta name=\"author\" content=\"Reda\u00e7\u00e3o Aconteceu no Vale\" \/>\n<meta name=\"twitter:card\" content=\"summary_large_image\" \/>\n<meta name=\"twitter:creator\" content=\"@noticiadosvales\" \/>\n<meta name=\"twitter:site\" content=\"@noticiadosvales\" \/>\n<meta name=\"twitter:label1\" content=\"Escrito por\" \/>\n\t<meta name=\"twitter:data1\" content=\"Reda\u00e7\u00e3o Aconteceu no Vale\" \/>\n\t<meta name=\"twitter:label2\" content=\"Est. tempo de leitura\" \/>\n\t<meta name=\"twitter:data2\" content=\"3 minutos\" \/>\n<script type=\"application\/ld+json\" class=\"yoast-schema-graph\">{\"@context\":\"https:\\\/\\\/schema.org\",\"@graph\":[{\"@type\":\"Article\",\"@id\":\"https:\\\/\\\/aconteceunovale.com.br\\\/portal\\\/?p=191271#article\",\"isPartOf\":{\"@id\":\"https:\\\/\\\/aconteceunovale.com.br\\\/portal\\\/?p=191271\"},\"author\":{\"name\":\"Reda\u00e7\u00e3o Aconteceu no Vale\",\"@id\":\"https:\\\/\\\/aconteceunovale.com.br\\\/portal\\\/#\\\/schema\\\/person\\\/7d2f26d1483f8a63de73da1ee0754d35\"},\"headline\":\"Jair Bolsonaro recebe apoio do governador reeleito do DF\",\"datePublished\":\"2022-10-05T14:27:28+00:00\",\"dateModified\":\"2022-10-06T00:18:20+00:00\",\"mainEntityOfPage\":{\"@id\":\"https:\\\/\\\/aconteceunovale.com.br\\\/portal\\\/?p=191271\"},\"wordCount\":658,\"commentCount\":0,\"image\":{\"@id\":\"https:\\\/\\\/aconteceunovale.com.br\\\/portal\\\/?p=191271#primaryimage\"},\"thumbnailUrl\":\"https:\\\/\\\/aconteceunovale.com.br\\\/portal\\\/wp-content\\\/uploads\\\/2022\\\/10\\\/ibaneis_bolsonaro.jpg\",\"keywords\":[\"Apoio a Bolsonaro\",\"Bolsonaro\",\"destaque\",\"Elei\u00e7\u00f5es 2022\",\"Frente Parlamentar da Agropecu\u00e1ria apoia Bolsonaro\",\"Governador do Paran\u00e1 apoia Bolsonaro\",\"Governador reeleito do DF\",\"Ibaneis apoia Bolsonaro\",\"Ibaneis Rocha\",\"Ibaneis Rocha apoia Bolsonaro\",\"Jair Bolsonaro\",\"Jair Bolsonaro recebe apoio do governador reeleito do DF\",\"Ratinho J\u00fanior\",\"Ratinho J\u00fanior apoia Bolsonaro\",\"segundo turno\",\"Segundo turno das elei\u00e7\u00f5es 2022\"],\"articleSection\":[\"Brasil\",\"Elei\u00e7\u00f5es 2022\",\"Pol\u00edtica\"],\"inLanguage\":\"pt-BR\",\"potentialAction\":[{\"@type\":\"CommentAction\",\"name\":\"Comment\",\"target\":[\"https:\\\/\\\/aconteceunovale.com.br\\\/portal\\\/?p=191271#respond\"]}]},{\"@type\":\"WebPage\",\"@id\":\"https:\\\/\\\/aconteceunovale.com.br\\\/portal\\\/?p=191271\",\"url\":\"https:\\\/\\\/aconteceunovale.com.br\\\/portal\\\/?p=191271\",\"name\":\"Jair Bolsonaro recebe apoio do governador reeleito do DF - Aconteceu no Vale\",\"isPartOf\":{\"@id\":\"https:\\\/\\\/aconteceunovale.com.br\\\/portal\\\/#website\"},\"primaryImageOfPage\":{\"@id\":\"https:\\\/\\\/aconteceunovale.com.br\\\/portal\\\/?p=191271#primaryimage\"},\"image\":{\"@id\":\"https:\\\/\\\/aconteceunovale.com.br\\\/portal\\\/?p=191271#primaryimage\"},\"thumbnailUrl\":\"https:\\\/\\\/aconteceunovale.com.br\\\/portal\\\/wp-content\\\/uploads\\\/2022\\\/10\\\/ibaneis_bolsonaro.jpg\",\"datePublished\":\"2022-10-05T14:27:28+00:00\",\"dateModified\":\"2022-10-06T00:18:20+00:00\",\"author\":{\"@id\":\"https:\\\/\\\/aconteceunovale.com.br\\\/portal\\\/#\\\/schema\\\/person\\\/7d2f26d1483f8a63de73da1ee0754d35\"},\"breadcrumb\":{\"@id\":\"https:\\\/\\\/aconteceunovale.com.br\\\/portal\\\/?p=191271#breadcrumb\"},\"inLanguage\":\"pt-BR\",\"potentialAction\":[{\"@type\":\"ReadAction\",\"target\":[\"https:\\\/\\\/aconteceunovale.com.br\\\/portal\\\/?p=191271\"]}]},{\"@type\":\"ImageObject\",\"inLanguage\":\"pt-BR\",\"@id\":\"https:\\\/\\\/aconteceunovale.com.br\\\/portal\\\/?p=191271#primaryimage\",\"url\":\"https:\\\/\\\/aconteceunovale.com.br\\\/portal\\\/wp-content\\\/uploads\\\/2022\\\/10\\\/ibaneis_bolsonaro.jpg\",\"contentUrl\":\"https:\\\/\\\/aconteceunovale.com.br\\\/portal\\\/wp-content\\\/uploads\\\/2022\\\/10\\\/ibaneis_bolsonaro.jpg\",\"width\":678,\"height\":406,\"caption\":\"O governador reeleito do Distrito Federal, Ibaneis Rocha, declarou hoje (5) apoio \u00e0 candidatura \u00e0 reelei\u00e7\u00e3o de Jair Bolsonaro (PL) para a Presid\u00eancia. Os dois se reuniram na manh\u00e3 desta quarta-feira no Pal\u00e1cio da Alvorada, em Bras\u00edlia.\"},{\"@type\":\"BreadcrumbList\",\"@id\":\"https:\\\/\\\/aconteceunovale.com.br\\\/portal\\\/?p=191271#breadcrumb\",\"itemListElement\":[{\"@type\":\"ListItem\",\"position\":1,\"name\":\"In\u00edcio\",\"item\":\"https:\\\/\\\/aconteceunovale.com.br\\\/portal\\\/\"},{\"@type\":\"ListItem\",\"position\":2,\"name\":\"Jair Bolsonaro recebe apoio do governador reeleito do DF\"}]},{\"@type\":\"WebSite\",\"@id\":\"https:\\\/\\\/aconteceunovale.com.br\\\/portal\\\/#website\",\"url\":\"https:\\\/\\\/aconteceunovale.com.br\\\/portal\\\/\",\"name\":\"Aconteceu no Vale\",\"description\":\"Portal de Not\u00edcias\",\"potentialAction\":[{\"@type\":\"SearchAction\",\"target\":{\"@type\":\"EntryPoint\",\"urlTemplate\":\"https:\\\/\\\/aconteceunovale.com.br\\\/portal\\\/?s={search_term_string}\"},\"query-input\":{\"@type\":\"PropertyValueSpecification\",\"valueRequired\":true,\"valueName\":\"search_term_string\"}}],\"inLanguage\":\"pt-BR\"},{\"@type\":\"Person\",\"@id\":\"https:\\\/\\\/aconteceunovale.com.br\\\/portal\\\/#\\\/schema\\\/person\\\/7d2f26d1483f8a63de73da1ee0754d35\",\"name\":\"Reda\u00e7\u00e3o Aconteceu no Vale\",\"description\":\"Equipe de reportagem do Aconteceu no Vale, portal de not\u00edcias do Vale do Jequitinhonha, em Minas Gerais. Cobrimos as 51 cidades do Vale desde 2013. Sugest\u00f5es de pauta e pedidos de corre\u00e7\u00e3o: contato@aconteceunovale.com.br\",\"url\":\"https:\\\/\\\/aconteceunovale.com.br\\\/portal\\\/?author=4\"}]}<\/script>\n<!-- \/ Yoast SEO plugin. -->","yoast_head_json":{"title":"Jair Bolsonaro recebe apoio do governador reeleito do DF - Aconteceu no Vale","robots":{"index":"index","follow":"follow","max-snippet":"max-snippet:-1","max-image-preview":"max-image-preview:large","max-video-preview":"max-video-preview:-1"},"canonical":"https:\/\/aconteceunovale.com.br\/portal\/?p=191271","og_locale":"pt_BR","og_type":"article","og_title":"Jair Bolsonaro recebe apoio do governador reeleito do DF - Aconteceu no Vale","og_description":"O governador reeleito do Distrito Federal, Ibaneis Rocha, declarou hoje (5) apoio \u00e0 candidatura \u00e0 reelei\u00e7\u00e3o de Jair Bolsonaro (PL) para a Presid\u00eancia. Os dois se reuniram na manh\u00e3 desta quarta-feira no Pal\u00e1cio da Alvorada, em Bras\u00edlia. \u201cO Distrito Federal \u00e9 hospedeiro dos principais poderes, ent\u00e3o essa harmonia, desde o in\u00edcio, foi o que n\u00f3s [&hellip;]","og_url":"https:\/\/aconteceunovale.com.br\/portal\/?p=191271","og_site_name":"Aconteceu no Vale","article_publisher":"https:\/\/www.facebook.com\/aconteceunovale\/","article_published_time":"2022-10-05T14:27:28+00:00","article_modified_time":"2022-10-06T00:18:20+00:00","og_image":[{"width":678,"height":406,"url":"https:\/\/aconteceunovale.com.br\/portal\/wp-content\/uploads\/2022\/10\/ibaneis_bolsonaro.jpg","type":"image\/jpeg"}],"author":"Reda\u00e7\u00e3o Aconteceu no Vale","twitter_card":"summary_large_image","twitter_creator":"@noticiadosvales","twitter_site":"@noticiadosvales","twitter_misc":{"Escrito por":"Reda\u00e7\u00e3o Aconteceu no Vale","Est. tempo de leitura":"3 minutos"},"schema":{"@context":"https:\/\/schema.org","@graph":[{"@type":"Article","@id":"https:\/\/aconteceunovale.com.br\/portal\/?p=191271#article","isPartOf":{"@id":"https:\/\/aconteceunovale.com.br\/portal\/?p=191271"},"author":{"name":"Reda\u00e7\u00e3o Aconteceu no Vale","@id":"https:\/\/aconteceunovale.com.br\/portal\/#\/schema\/person\/7d2f26d1483f8a63de73da1ee0754d35"},"headline":"Jair Bolsonaro recebe apoio do governador reeleito do DF","datePublished":"2022-10-05T14:27:28+00:00","dateModified":"2022-10-06T00:18:20+00:00","mainEntityOfPage":{"@id":"https:\/\/aconteceunovale.com.br\/portal\/?p=191271"},"wordCount":658,"commentCount":0,"image":{"@id":"https:\/\/aconteceunovale.com.br\/portal\/?p=191271#primaryimage"},"thumbnailUrl":"https:\/\/aconteceunovale.com.br\/portal\/wp-content\/uploads\/2022\/10\/ibaneis_bolsonaro.jpg","keywords":["Apoio a Bolsonaro","Bolsonaro","destaque","Elei\u00e7\u00f5es 2022","Frente Parlamentar da Agropecu\u00e1ria apoia Bolsonaro","Governador do Paran\u00e1 apoia Bolsonaro","Governador reeleito do DF","Ibaneis apoia Bolsonaro","Ibaneis Rocha","Ibaneis Rocha apoia Bolsonaro","Jair Bolsonaro","Jair Bolsonaro recebe apoio do governador reeleito do DF","Ratinho J\u00fanior","Ratinho J\u00fanior apoia Bolsonaro","segundo turno","Segundo turno das elei\u00e7\u00f5es 2022"],"articleSection":["Brasil","Elei\u00e7\u00f5es 2022","Pol\u00edtica"],"inLanguage":"pt-BR","potentialAction":[{"@type":"CommentAction","name":"Comment","target":["https:\/\/aconteceunovale.com.br\/portal\/?p=191271#respond"]}]},{"@type":"WebPage","@id":"https:\/\/aconteceunovale.com.br\/portal\/?p=191271","url":"https:\/\/aconteceunovale.com.br\/portal\/?p=191271","name":"Jair Bolsonaro recebe apoio do governador reeleito do DF - Aconteceu no Vale","isPartOf":{"@id":"https:\/\/aconteceunovale.com.br\/portal\/#website"},"primaryImageOfPage":{"@id":"https:\/\/aconteceunovale.com.br\/portal\/?p=191271#primaryimage"},"image":{"@id":"https:\/\/aconteceunovale.com.br\/portal\/?p=191271#primaryimage"},"thumbnailUrl":"https:\/\/aconteceunovale.com.br\/portal\/wp-content\/uploads\/2022\/10\/ibaneis_bolsonaro.jpg","datePublished":"2022-10-05T14:27:28+00:00","dateModified":"2022-10-06T00:18:20+00:00","author":{"@id":"https:\/\/aconteceunovale.com.br\/portal\/#\/schema\/person\/7d2f26d1483f8a63de73da1ee0754d35"},"breadcrumb":{"@id":"https:\/\/aconteceunovale.com.br\/portal\/?p=191271#breadcrumb"},"inLanguage":"pt-BR","potentialAction":[{"@type":"ReadAction","target":["https:\/\/aconteceunovale.com.br\/portal\/?p=191271"]}]},{"@type":"ImageObject","inLanguage":"pt-BR","@id":"https:\/\/aconteceunovale.com.br\/portal\/?p=191271#primaryimage","url":"https:\/\/aconteceunovale.com.br\/portal\/wp-content\/uploads\/2022\/10\/ibaneis_bolsonaro.jpg","contentUrl":"https:\/\/aconteceunovale.com.br\/portal\/wp-content\/uploads\/2022\/10\/ibaneis_bolsonaro.jpg","width":678,"height":406,"caption":"O governador reeleito do Distrito Federal, Ibaneis Rocha, declarou hoje (5) apoio \u00e0 candidatura \u00e0 reelei\u00e7\u00e3o de Jair Bolsonaro (PL) para a Presid\u00eancia. Os dois se reuniram na manh\u00e3 desta quarta-feira no Pal\u00e1cio da Alvorada, em Bras\u00edlia."},{"@type":"BreadcrumbList","@id":"https:\/\/aconteceunovale.com.br\/portal\/?p=191271#breadcrumb","itemListElement":[{"@type":"ListItem","position":1,"name":"In\u00edcio","item":"https:\/\/aconteceunovale.com.br\/portal\/"},{"@type":"ListItem","position":2,"name":"Jair Bolsonaro recebe apoio do governador reeleito do DF"}]},{"@type":"WebSite","@id":"https:\/\/aconteceunovale.com.br\/portal\/#website","url":"https:\/\/aconteceunovale.com.br\/portal\/","name":"Aconteceu no Vale","description":"Portal de Not\u00edcias","potentialAction":[{"@type":"SearchAction","target":{"@type":"EntryPoint","urlTemplate":"https:\/\/aconteceunovale.com.br\/portal\/?s={search_term_string}"},"query-input":{"@type":"PropertyValueSpecification","valueRequired":true,"valueName":"search_term_string"}}],"inLanguage":"pt-BR"},{"@type":"Person","@id":"https:\/\/aconteceunovale.com.br\/portal\/#\/schema\/person\/7d2f26d1483f8a63de73da1ee0754d35","name":"Reda\u00e7\u00e3o Aconteceu no Vale","description":"Equipe de reportagem do Aconteceu no Vale, portal de not\u00edcias do Vale do Jequitinhonha, em Minas Gerais. Cobrimos as 51 cidades do Vale desde 2013. Sugest\u00f5es de pauta e pedidos de corre\u00e7\u00e3o: contato@aconteceunovale.com.br","url":"https:\/\/aconteceunovale.com.br\/portal\/?author=4"}]}},"_links":{"self":[{"href":"https:\/\/aconteceunovale.com.br\/portal\/index.php?rest_route=\/wp\/v2\/posts\/191271","targetHints":{"allow":["GET"]}}],"collection":[{"href":"https:\/\/aconteceunovale.com.br\/portal\/index.php?rest_route=\/wp\/v2\/posts"}],"about":[{"href":"https:\/\/aconteceunovale.com.br\/portal\/index.php?rest_route=\/wp\/v2\/types\/post"}],"author":[{"embeddable":true,"href":"https:\/\/aconteceunovale.com.br\/portal\/index.php?rest_route=\/wp\/v2\/users\/4"}],"replies":[{"embeddable":true,"href":"https:\/\/aconteceunovale.com.br\/portal\/index.php?rest_route=%2Fwp%2Fv2%2Fcomments&post=191271"}],"version-history":[{"count":1,"href":"https:\/\/aconteceunovale.com.br\/portal\/index.php?rest_route=\/wp\/v2\/posts\/191271\/revisions"}],"predecessor-version":[{"id":191273,"href":"https:\/\/aconteceunovale.com.br\/portal\/index.php?rest_route=\/wp\/v2\/posts\/191271\/revisions\/191273"}],"wp:featuredmedia":[{"embeddable":true,"href":"https:\/\/aconteceunovale.com.br\/portal\/index.php?rest_route=\/wp\/v2\/media\/191272"}],"wp:attachment":[{"href":"https:\/\/aconteceunovale.com.br\/portal\/index.php?rest_route=%2Fwp%2Fv2%2Fmedia&parent=191271"}],"wp:term":[{"taxonomy":"category","embeddable":true,"href":"https:\/\/aconteceunovale.com.br\/portal\/index.php?rest_route=%2Fwp%2Fv2%2Fcategories&post=191271"},{"taxonomy":"post_tag","embeddable":true,"href":"https:\/\/aconteceunovale.com.br\/portal\/index.php?rest_route=%2Fwp%2Fv2%2Ftags&post=191271"}],"curies":[{"name":"wp","href":"https:\/\/api.w.org\/{rel}","templated":true}]}}