{"id":191269,"date":"2022-10-05T14:47:45","date_gmt":"2022-10-05T17:47:45","guid":{"rendered":"https:\/\/aconteceunovale.com.br\/portal\/?p=191269"},"modified":"2022-10-05T21:14:01","modified_gmt":"2022-10-06T00:14:01","slug":"propaganda-eleitoral-no-radio-e-tv-recomeca-na-sexta-feira","status":"publish","type":"post","link":"https:\/\/aconteceunovale.com.br\/portal\/?p=191269","title":{"rendered":"Propaganda eleitoral no r\u00e1dio e TV recome\u00e7a na sexta-feira"},"content":{"rendered":"\n<p class=\"wp-block-paragraph\">Os dois candidatos a presidente da Rep\u00fablica e os 24 a governador que disputam o segundo turno das elei\u00e7\u00f5es podem retomar na sexta-feira (7) a propaganda eleitoral gratuita no r\u00e1dio e na TV.<\/p>\n\n\n\n<p class=\"wp-block-paragraph\">A propaganda ser\u00e1 veiculada nas emissoras que operam em VHF e UHF, bem como nos canais de TV por assinatura administrados pelo Senado, a C\u00e2mara dos Deputados, as assembleias legislativas, a C\u00e2mara Legislativa do Distrito Federal ou as c\u00e2maras municipais.<\/p>\n\n\n\n<p class=\"wp-block-paragraph\">Dever\u00e3o ser utilizados recursos de acessibilidade, como legendas em texto, janela com int\u00e9rprete de Libras e audiodescri\u00e7\u00e3o sob responsabilidade dos partidos, federa\u00e7\u00f5es e coliga\u00e7\u00f5es.<\/p>\n\n\n\n<p class=\"wp-block-paragraph\">No segundo turno, o tempo de propaganda \u00e9 dividido igualmente entre os candidatos. A propaganda ser\u00e1 veiculada at\u00e9 o dia 28 de outubro, 2 dias antes da vota\u00e7\u00e3o, marcada para 30 de outubro.<\/p>\n\n\n\n<p class=\"wp-block-paragraph\">Pelas normas eleitorais, a propaganda para presidente da Rep\u00fablica ser\u00e1 veiculada na TV de segunda-feira a s\u00e1bado, das 13h \u00e0s 13h10, e das 20h30 \u00e0s 20h40. No r\u00e1dio, a propaganda para presidente vai ao ar de 7h \u00e0s 7h10 e de 12h \u00e0s 12h10.<\/p>\n\n\n\n<p class=\"wp-block-paragraph\">O primeiro a se apresentar ser\u00e1 o ex-presidente Luiz In\u00e1cio Lula da Silva, por ter obtido maior n\u00famero de votos no primeiro turno. A partir da\u00ed \u00e9 feita a altern\u00e2ncia com o presidente Jair Bolsonaro, que tenta a reelei\u00e7\u00e3o e ficou em segundo lugar.<\/p>\n\n\n\n<p class=\"wp-block-paragraph\">Nos 12 estados em que a disputa para governador ser\u00e1 definida no segundo turno, os candidatos poder\u00e3o veicular propaganda de 7h10 \u00e0s 7h20 e das 12h10 \u00e0s 12h20 no r\u00e1dio. Na televis\u00e3o, o hor\u00e1rio eleitoral para governador ser\u00e1 de 13h10 \u00e0s 13h20 e das 20h40 \u00e0s 20h50.<\/p>\n\n\n\n<p class=\"wp-block-paragraph\">Os candidatos t\u00eam 25 minutos de inser\u00e7\u00f5es por cargo, de segunda-feira a domingo, para veicular pe\u00e7as de 30 segundos a 60 segundos ao longo da programa\u00e7\u00e3o.<\/p>\n\n\n\n<p class=\"wp-block-paragraph\">&#8212;&#8212;&#8212;&#8212;&#8212;&#8212;<br><br><strong>Sabia que o Aconteceu no Vale est\u00e1 tamb\u00e9m no Telegram? <a rel=\"noreferrer noopener\" href=\"https:\/\/t.me\/aconteceunovaleoficial\" target=\"_blank\">Inscreva-se no canal<\/a>.<\/strong><br><br><strong>J\u00e1 curtiu ou seguiu nossas p\u00e1ginas nas redes sociais?\u00a0Receba as not\u00edcias em primeira m\u00e3o:<\/strong><br>\u2022 <a rel=\"noreferrer noopener\" href=\"https:\/\/news.google.com\/publications\/CAAqBwgKMNjklQswi4etAw?hl=pt-BR&amp;gl=BR&amp;ceid=BR%3Apt-419\" target=\"_blank\">Google News<\/a><br>\u2022 <a rel=\"noreferrer noopener\" href=\"https:\/\/www.facebook.com\/aconteceunovale\/\" target=\"_blank\">Facebook<\/a><br>\u2022 <a rel=\"noreferrer noopener\" href=\"https:\/\/twitter.com\/noticiadosvales\" target=\"_blank\">Twitter<\/a><br>\u2022 <a rel=\"noreferrer noopener\" href=\"https:\/\/www.instagram.com\/aconteceunovale\" target=\"_blank\">Instagram<\/a><br>\u2022 <a rel=\"noreferrer noopener\" href=\"https:\/\/www.youtube.com\/AconteceunoValeOficial\" target=\"_blank\">Youtube<\/a><br>\u2022 <a rel=\"noreferrer noopener\" href=\"https:\/\/www.tiktok.com\/@aconteceunovale\" target=\"_blank\">TikTok<\/a><\/p>\n","protected":false},"excerpt":{"rendered":"<p>Os dois candidatos a presidente da Rep\u00fablica e os 24 a governador que disputam o segundo turno das elei\u00e7\u00f5es podem retomar na sexta-feira (7) a propaganda eleitoral gratuita no r\u00e1dio e na TV. A propaganda ser\u00e1 veiculada nas emissoras que operam em VHF e UHF, bem como nos canais de TV por assinatura administrados pelo [&hellip;]<\/p>\n","protected":false},"author":4,"featured_media":190860,"comment_status":"open","ping_status":"closed","sticky":false,"template":"","format":"standard","meta":{"amp_status":"","footnotes":""},"categories":[6,249933],"tags":[252238,178975,178972,264765,264764,264572],"class_list":["post-191269","post","type-post","status-publish","format-standard","has-post-thumbnail","hentry","category-br","category-eleicoes-2022","tag-eleicoes-2022","tag-propaganda-eleitoral-na-tv","tag-propaganda-eleitoral-no-radio","tag-propaganda-eleitoral-no-radio-e-tv","tag-propaganda-eleitoral-no-radio-e-tv-recomeca-na-sexta-feira","tag-segundo-turno-das-eleicoes-2022"],"yoast_head":"<!-- This site is optimized with the Yoast SEO plugin v28.3 - https:\/\/yoast.com\/product\/yoast-seo-wordpress\/ -->\n<title>Propaganda eleitoral no r\u00e1dio e TV recome\u00e7a na sexta-feira - Aconteceu no Vale<\/title>\n<meta name=\"robots\" content=\"index, follow, max-snippet:-1, max-image-preview:large, max-video-preview:-1\" \/>\n<link rel=\"canonical\" href=\"https:\/\/aconteceunovale.com.br\/portal\/?p=191269\" \/>\n<meta property=\"og:locale\" content=\"pt_BR\" \/>\n<meta property=\"og:type\" content=\"article\" \/>\n<meta property=\"og:title\" content=\"Propaganda eleitoral no r\u00e1dio e TV recome\u00e7a na sexta-feira - Aconteceu no Vale\" \/>\n<meta property=\"og:description\" content=\"Os dois candidatos a presidente da Rep\u00fablica e os 24 a governador que disputam o segundo turno das elei\u00e7\u00f5es podem retomar na sexta-feira (7) a propaganda eleitoral gratuita no r\u00e1dio e na TV. A propaganda ser\u00e1 veiculada nas emissoras que operam em VHF e UHF, bem como nos canais de TV por assinatura administrados pelo [&hellip;]\" \/>\n<meta property=\"og:url\" content=\"https:\/\/aconteceunovale.com.br\/portal\/?p=191269\" \/>\n<meta property=\"og:site_name\" content=\"Aconteceu no Vale\" \/>\n<meta property=\"article:publisher\" content=\"https:\/\/www.facebook.com\/aconteceunovale\/\" \/>\n<meta property=\"article:published_time\" content=\"2022-10-05T17:47:45+00:00\" \/>\n<meta property=\"article:modified_time\" content=\"2022-10-06T00:14:01+00:00\" \/>\n<meta property=\"og:image\" content=\"https:\/\/aconteceunovale.com.br\/portal\/wp-content\/uploads\/2022\/10\/card_eleicoes_2022_grande.png\" \/>\n\t<meta property=\"og:image:width\" content=\"636\" \/>\n\t<meta property=\"og:image:height\" content=\"450\" \/>\n\t<meta property=\"og:image:type\" content=\"image\/png\" \/>\n<meta name=\"author\" content=\"Reda\u00e7\u00e3o Aconteceu no Vale\" \/>\n<meta name=\"twitter:card\" content=\"summary_large_image\" \/>\n<meta name=\"twitter:creator\" content=\"@noticiadosvales\" \/>\n<meta name=\"twitter:site\" content=\"@noticiadosvales\" \/>\n<meta name=\"twitter:label1\" content=\"Escrito por\" \/>\n\t<meta name=\"twitter:data1\" content=\"Reda\u00e7\u00e3o Aconteceu no Vale\" \/>\n\t<meta name=\"twitter:label2\" content=\"Est. tempo de leitura\" \/>\n\t<meta name=\"twitter:data2\" content=\"2 minutos\" \/>\n<script type=\"application\/ld+json\" class=\"yoast-schema-graph\">{\"@context\":\"https:\\\/\\\/schema.org\",\"@graph\":[{\"@type\":\"Article\",\"@id\":\"https:\\\/\\\/aconteceunovale.com.br\\\/portal\\\/?p=191269#article\",\"isPartOf\":{\"@id\":\"https:\\\/\\\/aconteceunovale.com.br\\\/portal\\\/?p=191269\"},\"author\":{\"name\":\"Reda\u00e7\u00e3o Aconteceu no Vale\",\"@id\":\"https:\\\/\\\/aconteceunovale.com.br\\\/portal\\\/#\\\/schema\\\/person\\\/7d2f26d1483f8a63de73da1ee0754d35\"},\"headline\":\"Propaganda eleitoral no r\u00e1dio e TV recome\u00e7a na sexta-feira\",\"datePublished\":\"2022-10-05T17:47:45+00:00\",\"dateModified\":\"2022-10-06T00:14:01+00:00\",\"mainEntityOfPage\":{\"@id\":\"https:\\\/\\\/aconteceunovale.com.br\\\/portal\\\/?p=191269\"},\"wordCount\":358,\"commentCount\":0,\"image\":{\"@id\":\"https:\\\/\\\/aconteceunovale.com.br\\\/portal\\\/?p=191269#primaryimage\"},\"thumbnailUrl\":\"https:\\\/\\\/aconteceunovale.com.br\\\/portal\\\/wp-content\\\/uploads\\\/2022\\\/10\\\/card_eleicoes_2022_grande.png\",\"keywords\":[\"Elei\u00e7\u00f5es 2022\",\"Propaganda eleitoral na TV\",\"Propaganda eleitoral no r\u00e1dio\",\"Propaganda eleitoral no r\u00e1dio e TV\",\"Propaganda eleitoral no r\u00e1dio e TV recome\u00e7a na sexta-feira\",\"Segundo turno das elei\u00e7\u00f5es 2022\"],\"articleSection\":[\"Brasil\",\"Elei\u00e7\u00f5es 2022\"],\"inLanguage\":\"pt-BR\",\"potentialAction\":[{\"@type\":\"CommentAction\",\"name\":\"Comment\",\"target\":[\"https:\\\/\\\/aconteceunovale.com.br\\\/portal\\\/?p=191269#respond\"]}]},{\"@type\":\"WebPage\",\"@id\":\"https:\\\/\\\/aconteceunovale.com.br\\\/portal\\\/?p=191269\",\"url\":\"https:\\\/\\\/aconteceunovale.com.br\\\/portal\\\/?p=191269\",\"name\":\"Propaganda eleitoral no r\u00e1dio e TV recome\u00e7a na sexta-feira - Aconteceu no Vale\",\"isPartOf\":{\"@id\":\"https:\\\/\\\/aconteceunovale.com.br\\\/portal\\\/#website\"},\"primaryImageOfPage\":{\"@id\":\"https:\\\/\\\/aconteceunovale.com.br\\\/portal\\\/?p=191269#primaryimage\"},\"image\":{\"@id\":\"https:\\\/\\\/aconteceunovale.com.br\\\/portal\\\/?p=191269#primaryimage\"},\"thumbnailUrl\":\"https:\\\/\\\/aconteceunovale.com.br\\\/portal\\\/wp-content\\\/uploads\\\/2022\\\/10\\\/card_eleicoes_2022_grande.png\",\"datePublished\":\"2022-10-05T17:47:45+00:00\",\"dateModified\":\"2022-10-06T00:14:01+00:00\",\"author\":{\"@id\":\"https:\\\/\\\/aconteceunovale.com.br\\\/portal\\\/#\\\/schema\\\/person\\\/7d2f26d1483f8a63de73da1ee0754d35\"},\"breadcrumb\":{\"@id\":\"https:\\\/\\\/aconteceunovale.com.br\\\/portal\\\/?p=191269#breadcrumb\"},\"inLanguage\":\"pt-BR\",\"potentialAction\":[{\"@type\":\"ReadAction\",\"target\":[\"https:\\\/\\\/aconteceunovale.com.br\\\/portal\\\/?p=191269\"]}]},{\"@type\":\"ImageObject\",\"inLanguage\":\"pt-BR\",\"@id\":\"https:\\\/\\\/aconteceunovale.com.br\\\/portal\\\/?p=191269#primaryimage\",\"url\":\"https:\\\/\\\/aconteceunovale.com.br\\\/portal\\\/wp-content\\\/uploads\\\/2022\\\/10\\\/card_eleicoes_2022_grande.png\",\"contentUrl\":\"https:\\\/\\\/aconteceunovale.com.br\\\/portal\\\/wp-content\\\/uploads\\\/2022\\\/10\\\/card_eleicoes_2022_grande.png\",\"width\":636,\"height\":450},{\"@type\":\"BreadcrumbList\",\"@id\":\"https:\\\/\\\/aconteceunovale.com.br\\\/portal\\\/?p=191269#breadcrumb\",\"itemListElement\":[{\"@type\":\"ListItem\",\"position\":1,\"name\":\"In\u00edcio\",\"item\":\"https:\\\/\\\/aconteceunovale.com.br\\\/portal\\\/\"},{\"@type\":\"ListItem\",\"position\":2,\"name\":\"Propaganda eleitoral no r\u00e1dio e TV recome\u00e7a na sexta-feira\"}]},{\"@type\":\"WebSite\",\"@id\":\"https:\\\/\\\/aconteceunovale.com.br\\\/portal\\\/#website\",\"url\":\"https:\\\/\\\/aconteceunovale.com.br\\\/portal\\\/\",\"name\":\"Aconteceu no Vale\",\"description\":\"Portal de Not\u00edcias\",\"potentialAction\":[{\"@type\":\"SearchAction\",\"target\":{\"@type\":\"EntryPoint\",\"urlTemplate\":\"https:\\\/\\\/aconteceunovale.com.br\\\/portal\\\/?s={search_term_string}\"},\"query-input\":{\"@type\":\"PropertyValueSpecification\",\"valueRequired\":true,\"valueName\":\"search_term_string\"}}],\"inLanguage\":\"pt-BR\"},{\"@type\":\"Person\",\"@id\":\"https:\\\/\\\/aconteceunovale.com.br\\\/portal\\\/#\\\/schema\\\/person\\\/7d2f26d1483f8a63de73da1ee0754d35\",\"name\":\"Reda\u00e7\u00e3o Aconteceu no Vale\",\"description\":\"Equipe de reportagem do Aconteceu no Vale, portal de not\u00edcias do Vale do Jequitinhonha, em Minas Gerais. Cobrimos as 51 cidades do Vale desde 2013. Sugest\u00f5es de pauta e pedidos de corre\u00e7\u00e3o: contato@aconteceunovale.com.br\",\"url\":\"https:\\\/\\\/aconteceunovale.com.br\\\/portal\\\/?author=4\"}]}<\/script>\n<!-- \/ Yoast SEO plugin. -->","yoast_head_json":{"title":"Propaganda eleitoral no r\u00e1dio e TV recome\u00e7a na sexta-feira - Aconteceu no Vale","robots":{"index":"index","follow":"follow","max-snippet":"max-snippet:-1","max-image-preview":"max-image-preview:large","max-video-preview":"max-video-preview:-1"},"canonical":"https:\/\/aconteceunovale.com.br\/portal\/?p=191269","og_locale":"pt_BR","og_type":"article","og_title":"Propaganda eleitoral no r\u00e1dio e TV recome\u00e7a na sexta-feira - Aconteceu no Vale","og_description":"Os dois candidatos a presidente da Rep\u00fablica e os 24 a governador que disputam o segundo turno das elei\u00e7\u00f5es podem retomar na sexta-feira (7) a propaganda eleitoral gratuita no r\u00e1dio e na TV. A propaganda ser\u00e1 veiculada nas emissoras que operam em VHF e UHF, bem como nos canais de TV por assinatura administrados pelo [&hellip;]","og_url":"https:\/\/aconteceunovale.com.br\/portal\/?p=191269","og_site_name":"Aconteceu no Vale","article_publisher":"https:\/\/www.facebook.com\/aconteceunovale\/","article_published_time":"2022-10-05T17:47:45+00:00","article_modified_time":"2022-10-06T00:14:01+00:00","og_image":[{"width":636,"height":450,"url":"https:\/\/aconteceunovale.com.br\/portal\/wp-content\/uploads\/2022\/10\/card_eleicoes_2022_grande.png","type":"image\/png"}],"author":"Reda\u00e7\u00e3o Aconteceu no Vale","twitter_card":"summary_large_image","twitter_creator":"@noticiadosvales","twitter_site":"@noticiadosvales","twitter_misc":{"Escrito por":"Reda\u00e7\u00e3o Aconteceu no Vale","Est. tempo de leitura":"2 minutos"},"schema":{"@context":"https:\/\/schema.org","@graph":[{"@type":"Article","@id":"https:\/\/aconteceunovale.com.br\/portal\/?p=191269#article","isPartOf":{"@id":"https:\/\/aconteceunovale.com.br\/portal\/?p=191269"},"author":{"name":"Reda\u00e7\u00e3o Aconteceu no Vale","@id":"https:\/\/aconteceunovale.com.br\/portal\/#\/schema\/person\/7d2f26d1483f8a63de73da1ee0754d35"},"headline":"Propaganda eleitoral no r\u00e1dio e TV recome\u00e7a na sexta-feira","datePublished":"2022-10-05T17:47:45+00:00","dateModified":"2022-10-06T00:14:01+00:00","mainEntityOfPage":{"@id":"https:\/\/aconteceunovale.com.br\/portal\/?p=191269"},"wordCount":358,"commentCount":0,"image":{"@id":"https:\/\/aconteceunovale.com.br\/portal\/?p=191269#primaryimage"},"thumbnailUrl":"https:\/\/aconteceunovale.com.br\/portal\/wp-content\/uploads\/2022\/10\/card_eleicoes_2022_grande.png","keywords":["Elei\u00e7\u00f5es 2022","Propaganda eleitoral na TV","Propaganda eleitoral no r\u00e1dio","Propaganda eleitoral no r\u00e1dio e TV","Propaganda eleitoral no r\u00e1dio e TV recome\u00e7a na sexta-feira","Segundo turno das elei\u00e7\u00f5es 2022"],"articleSection":["Brasil","Elei\u00e7\u00f5es 2022"],"inLanguage":"pt-BR","potentialAction":[{"@type":"CommentAction","name":"Comment","target":["https:\/\/aconteceunovale.com.br\/portal\/?p=191269#respond"]}]},{"@type":"WebPage","@id":"https:\/\/aconteceunovale.com.br\/portal\/?p=191269","url":"https:\/\/aconteceunovale.com.br\/portal\/?p=191269","name":"Propaganda eleitoral no r\u00e1dio e TV recome\u00e7a na sexta-feira - Aconteceu no Vale","isPartOf":{"@id":"https:\/\/aconteceunovale.com.br\/portal\/#website"},"primaryImageOfPage":{"@id":"https:\/\/aconteceunovale.com.br\/portal\/?p=191269#primaryimage"},"image":{"@id":"https:\/\/aconteceunovale.com.br\/portal\/?p=191269#primaryimage"},"thumbnailUrl":"https:\/\/aconteceunovale.com.br\/portal\/wp-content\/uploads\/2022\/10\/card_eleicoes_2022_grande.png","datePublished":"2022-10-05T17:47:45+00:00","dateModified":"2022-10-06T00:14:01+00:00","author":{"@id":"https:\/\/aconteceunovale.com.br\/portal\/#\/schema\/person\/7d2f26d1483f8a63de73da1ee0754d35"},"breadcrumb":{"@id":"https:\/\/aconteceunovale.com.br\/portal\/?p=191269#breadcrumb"},"inLanguage":"pt-BR","potentialAction":[{"@type":"ReadAction","target":["https:\/\/aconteceunovale.com.br\/portal\/?p=191269"]}]},{"@type":"ImageObject","inLanguage":"pt-BR","@id":"https:\/\/aconteceunovale.com.br\/portal\/?p=191269#primaryimage","url":"https:\/\/aconteceunovale.com.br\/portal\/wp-content\/uploads\/2022\/10\/card_eleicoes_2022_grande.png","contentUrl":"https:\/\/aconteceunovale.com.br\/portal\/wp-content\/uploads\/2022\/10\/card_eleicoes_2022_grande.png","width":636,"height":450},{"@type":"BreadcrumbList","@id":"https:\/\/aconteceunovale.com.br\/portal\/?p=191269#breadcrumb","itemListElement":[{"@type":"ListItem","position":1,"name":"In\u00edcio","item":"https:\/\/aconteceunovale.com.br\/portal\/"},{"@type":"ListItem","position":2,"name":"Propaganda eleitoral no r\u00e1dio e TV recome\u00e7a na sexta-feira"}]},{"@type":"WebSite","@id":"https:\/\/aconteceunovale.com.br\/portal\/#website","url":"https:\/\/aconteceunovale.com.br\/portal\/","name":"Aconteceu no Vale","description":"Portal de Not\u00edcias","potentialAction":[{"@type":"SearchAction","target":{"@type":"EntryPoint","urlTemplate":"https:\/\/aconteceunovale.com.br\/portal\/?s={search_term_string}"},"query-input":{"@type":"PropertyValueSpecification","valueRequired":true,"valueName":"search_term_string"}}],"inLanguage":"pt-BR"},{"@type":"Person","@id":"https:\/\/aconteceunovale.com.br\/portal\/#\/schema\/person\/7d2f26d1483f8a63de73da1ee0754d35","name":"Reda\u00e7\u00e3o Aconteceu no Vale","description":"Equipe de reportagem do Aconteceu no Vale, portal de not\u00edcias do Vale do Jequitinhonha, em Minas Gerais. Cobrimos as 51 cidades do Vale desde 2013. Sugest\u00f5es de pauta e pedidos de corre\u00e7\u00e3o: contato@aconteceunovale.com.br","url":"https:\/\/aconteceunovale.com.br\/portal\/?author=4"}]}},"_links":{"self":[{"href":"https:\/\/aconteceunovale.com.br\/portal\/index.php?rest_route=\/wp\/v2\/posts\/191269","targetHints":{"allow":["GET"]}}],"collection":[{"href":"https:\/\/aconteceunovale.com.br\/portal\/index.php?rest_route=\/wp\/v2\/posts"}],"about":[{"href":"https:\/\/aconteceunovale.com.br\/portal\/index.php?rest_route=\/wp\/v2\/types\/post"}],"author":[{"embeddable":true,"href":"https:\/\/aconteceunovale.com.br\/portal\/index.php?rest_route=\/wp\/v2\/users\/4"}],"replies":[{"embeddable":true,"href":"https:\/\/aconteceunovale.com.br\/portal\/index.php?rest_route=%2Fwp%2Fv2%2Fcomments&post=191269"}],"version-history":[{"count":1,"href":"https:\/\/aconteceunovale.com.br\/portal\/index.php?rest_route=\/wp\/v2\/posts\/191269\/revisions"}],"predecessor-version":[{"id":191270,"href":"https:\/\/aconteceunovale.com.br\/portal\/index.php?rest_route=\/wp\/v2\/posts\/191269\/revisions\/191270"}],"wp:featuredmedia":[{"embeddable":true,"href":"https:\/\/aconteceunovale.com.br\/portal\/index.php?rest_route=\/wp\/v2\/media\/190860"}],"wp:attachment":[{"href":"https:\/\/aconteceunovale.com.br\/portal\/index.php?rest_route=%2Fwp%2Fv2%2Fmedia&parent=191269"}],"wp:term":[{"taxonomy":"category","embeddable":true,"href":"https:\/\/aconteceunovale.com.br\/portal\/index.php?rest_route=%2Fwp%2Fv2%2Fcategories&post=191269"},{"taxonomy":"post_tag","embeddable":true,"href":"https:\/\/aconteceunovale.com.br\/portal\/index.php?rest_route=%2Fwp%2Fv2%2Ftags&post=191269"}],"curies":[{"name":"wp","href":"https:\/\/api.w.org\/{rel}","templated":true}]}}