{"id":191258,"date":"2022-10-05T20:16:04","date_gmt":"2022-10-05T23:16:04","guid":{"rendered":"https:\/\/aconteceunovale.com.br\/portal\/?p=191258"},"modified":"2022-10-05T20:34:24","modified_gmt":"2022-10-05T23:34:24","slug":"instabilidade-de-temperatura-contribui-para-quadros-virais-em-criancas","status":"publish","type":"post","link":"https:\/\/aconteceunovale.com.br\/portal\/?p=191258","title":{"rendered":"Instabilidade de temperatura contribui para quadros virais em crian\u00e7as"},"content":{"rendered":"\n<p class=\"wp-block-paragraph\">Ver\u00e3o estendido em julho, quando seria inverno; e tempo inst\u00e1vel desde agosto, entrando pela primavera. Sazonalmente, a transi\u00e7\u00e3o de temperatura contribui para o aumento da incid\u00eancia de quadros virais em S\u00e3o Paulo. N\u00fameros dos \u00faltimos 30 dias da Secretaria de Estado da Sa\u00fade mostram um crescimento de 20% nos atendimentos de pronto-socorro nos hospitais da capital refer\u00eancia de atendimento pedi\u00e1trico, o Darcy Vargas e o C\u00e2ndido Fontoura. Durante esse per\u00edodo do ano, segundo o governo, \u00e9 comum o aumento de hospitaliza\u00e7\u00f5es por S\u00edndrome Respirat\u00f3ria Aguda Grave (SRAG) em crian\u00e7as.<\/p>\n\n\n\n<p class=\"wp-block-paragraph\">Os dados indicam ainda que, em todo estado, de 22 de julho a 20 de setembro, foram notificados 1.256 casos de SRAG em crian\u00e7as de 5 a 11 anos de idade, o que representa 85,4% a menos do que no mesmo per\u00edodo do ano passado. A redu\u00e7\u00e3o expressiva se deve \u00e0 base de compara\u00e7\u00e3o, tendo em vista que os n\u00fameros anteriores refletem a pandemia da covid-19. Segundo o governo paulista, 35% dos cerca de 550 leitos pedi\u00e1tricos de enfermaria voltados para covid-19 est\u00e3o ocupados. Em rela\u00e7\u00e3o aos leitos pedi\u00e1tricos de UTI, a ocupa\u00e7\u00e3o \u00e9 de 33% dos 250 existentes.<\/p>\n\n\n\n<p class=\"wp-block-paragraph\">\u201cEste ano seguiu mais ou menos o fluxo pr\u00e9-pandemia, de volumes, mas a gente viu realmente uma fase de um adenov\u00edrus mais virulento, trazendo mais interna\u00e7\u00f5es, mais quadros associados de broncoespasmos, conjuntivites, muitas vezes com quadros respirat\u00f3rios e gastrointestinais, ou seja, com diarreia e v\u00f4mito tamb\u00e9m\u201d, explica Thiago Gara Caetano, coordenador da pediatria do Hospital S\u00e3o Luiz, da Rede D\u2019Or. Ele destaca que em setembro os casos de adenov\u00edrus come\u00e7aram a refluir e deram espa\u00e7o para o Influenza.<\/p>\n\n\n\n<p class=\"wp-block-paragraph\">No Hospital An\u00e1lia Franco, tamb\u00e9m da Rede D\u2019or, nos \u00faltimos 6 meses, o adenov\u00edrus predominou por 2 meses, com apresenta\u00e7\u00e3o respirat\u00f3ria e\/ou gastrointestinal, sendo comum na faixa et\u00e1ria de 2 a 6 anos em m\u00e9dia. Atualmente, percebe-se o crescimento dos quadros relacionados ao Influenza, com altera\u00e7\u00e3o da faixa et\u00e1ria, em geral acima de 8 anos de idade. \u201cSem uma grande virul\u00eancia. A gente n\u00e3o est\u00e1 vendo grandes complica\u00e7\u00f5es, [sem] pneumonias associadas\u201d, acrescenta.<\/p>\n\n\n\n<p class=\"wp-block-paragraph\">Os dados da Prefeitura de S\u00e3o Paulo tamb\u00e9m mostram a diminui\u00e7\u00e3o dos casos de SRAG por adenov\u00edrus. De janeiro a setembro, foram registrados 32.362 casos de SRAG, dos quais 417 foram causados por adenov\u00edrus, confirmados seja por testes r\u00e1pidos ant\u00edgenos (TRA) ou diagn\u00f3stico molecular (PCR). Nos \u00faltimos 3 meses, os testes positivos para SRAG por adenov\u00edrus foram de 65 em julho, 36 em agosto e 27 em setembro.<\/p>\n\n\n\n<h2 class=\"wp-block-heading\">Preven\u00e7\u00e3o<\/h2>\n\n\n\n<p class=\"wp-block-paragraph\">O governo estadual refor\u00e7a a import\u00e2ncia da vacina\u00e7\u00e3o e conscientiza\u00e7\u00e3o de pais e respons\u00e1veis sobre a import\u00e2ncia da imuniza\u00e7\u00e3o de rotina e n\u00e3o apenas em momento epid\u00eamico ou pand\u00eamico. A Secretaria de Sa\u00fade lembra que at\u00e9 31 de outubro est\u00e1 sendo realizada a Campanha de Multivacina\u00e7\u00e3o para atualiza\u00e7\u00e3o da caderneta de vacina\u00e7\u00e3o.<\/p>\n\n\n\n<p class=\"wp-block-paragraph\">Thiago Gara lembra que \u00e9 dif\u00edcil falar em preven\u00e7\u00e3o para quadros virais, mas destaca que o uso de m\u00e1scara pode ajudar, e lavagem nasal e inala\u00e7\u00f5es com soro tamb\u00e9m. \u201cPara quadro viral n\u00e3o tem jeito, \u00e9 aquele tratamento da av\u00f3, n\u00e9? Dormir bem, comer bem, descansar bastante, e isso aqui acaba funcionando um pouquinho\u201d, disse.<\/p>\n\n\n\n<p class=\"wp-block-paragraph\">O pediatra disse que a maior preocupa\u00e7\u00e3o \u00e9 realmente com a evolu\u00e7\u00e3o para os quadros de interna\u00e7\u00e3o. \u201cQuando a gente v\u00ea muita secre\u00e7\u00e3o, geralmente vai acontecer uma otite, eventualmente crian\u00e7as maiores com sinusite. Voc\u00ea tem esse quadro infeccioso viral, cai a imunidade e a crian\u00e7a fica suscet\u00edvel a pegar outros quadros, \u00e0s vezes algumas bact\u00e9rias oportunistas fazem isso\u201d.<\/p>\n\n\n\n<p class=\"wp-block-paragraph\">&#8212;&#8212;&#8212;&#8212;&#8212;&#8212;<br><br><strong>Sabia que o Aconteceu no Vale est\u00e1 tamb\u00e9m no Telegram? <a rel=\"noreferrer noopener\" href=\"https:\/\/t.me\/aconteceunovaleoficial\" target=\"_blank\">Inscreva-se no canal<\/a>.<\/strong><br><br><strong>J\u00e1 curtiu ou seguiu nossas p\u00e1ginas nas redes sociais?\u00a0Receba as not\u00edcias em primeira m\u00e3o:<\/strong><br>\u2022 <a rel=\"noreferrer noopener\" href=\"https:\/\/news.google.com\/publications\/CAAqBwgKMNjklQswi4etAw?hl=pt-BR&amp;gl=BR&amp;ceid=BR%3Apt-419\" target=\"_blank\">Google News<\/a><br>\u2022 <a rel=\"noreferrer noopener\" href=\"https:\/\/www.facebook.com\/aconteceunovale\/\" target=\"_blank\">Facebook<\/a><br>\u2022 <a rel=\"noreferrer noopener\" href=\"https:\/\/twitter.com\/noticiadosvales\" target=\"_blank\">Twitter<\/a><br>\u2022 <a rel=\"noreferrer noopener\" href=\"https:\/\/www.instagram.com\/aconteceunovale\" target=\"_blank\">Instagram<\/a><br>\u2022 <a rel=\"noreferrer noopener\" href=\"https:\/\/www.youtube.com\/AconteceunoValeOficial\" target=\"_blank\">Youtube<\/a><br>\u2022 <a rel=\"noreferrer noopener\" href=\"https:\/\/www.tiktok.com\/@aconteceunovale\" target=\"_blank\">TikTok<\/a><\/p>\n","protected":false},"excerpt":{"rendered":"<p>Ver\u00e3o estendido em julho, quando seria inverno; e tempo inst\u00e1vel desde agosto, entrando pela primavera. Sazonalmente, a transi\u00e7\u00e3o de temperatura contribui para o aumento da incid\u00eancia de quadros virais em S\u00e3o Paulo. N\u00fameros dos \u00faltimos 30 dias da Secretaria de Estado da Sa\u00fade mostram um crescimento de 20% nos atendimentos de pronto-socorro nos hospitais da [&hellip;]<\/p>\n","protected":false},"author":4,"featured_media":191259,"comment_status":"open","ping_status":"closed","sticky":false,"template":"","format":"standard","meta":{"amp_status":"","footnotes":""},"categories":[6,40242],"tags":[264740,264739,264737,264741,264736,264738,227940,219321],"class_list":["post-191258","post","type-post","status-publish","format-standard","has-post-thumbnail","hentry","category-br","category-saude-2","tag-doencas-virais-em-criancas","tag-febre-em-crianca","tag-instabilidade-de-temperatura","tag-instabilidade-de-temperatura-contribui-para-quadros-virais-em-criancas","tag-pediatria","tag-quadros-virais-em-criancas","tag-sindrome-respiratoria","tag-srag"],"yoast_head":"<!-- This site is optimized with the Yoast SEO plugin v28.3 - https:\/\/yoast.com\/product\/yoast-seo-wordpress\/ -->\n<title>Instabilidade de temperatura contribui para quadros virais em crian\u00e7as - Aconteceu no Vale<\/title>\n<meta name=\"robots\" content=\"index, follow, max-snippet:-1, max-image-preview:large, max-video-preview:-1\" \/>\n<link rel=\"canonical\" href=\"https:\/\/aconteceunovale.com.br\/portal\/?p=191258\" \/>\n<meta property=\"og:locale\" content=\"pt_BR\" \/>\n<meta property=\"og:type\" content=\"article\" \/>\n<meta property=\"og:title\" content=\"Instabilidade de temperatura contribui para quadros virais em crian\u00e7as - Aconteceu no Vale\" \/>\n<meta property=\"og:description\" content=\"Ver\u00e3o estendido em julho, quando seria inverno; e tempo inst\u00e1vel desde agosto, entrando pela primavera. Sazonalmente, a transi\u00e7\u00e3o de temperatura contribui para o aumento da incid\u00eancia de quadros virais em S\u00e3o Paulo. N\u00fameros dos \u00faltimos 30 dias da Secretaria de Estado da Sa\u00fade mostram um crescimento de 20% nos atendimentos de pronto-socorro nos hospitais da [&hellip;]\" \/>\n<meta property=\"og:url\" content=\"https:\/\/aconteceunovale.com.br\/portal\/?p=191258\" \/>\n<meta property=\"og:site_name\" content=\"Aconteceu no Vale\" \/>\n<meta property=\"article:publisher\" content=\"https:\/\/www.facebook.com\/aconteceunovale\/\" \/>\n<meta property=\"article:published_time\" content=\"2022-10-05T23:16:04+00:00\" \/>\n<meta property=\"article:modified_time\" content=\"2022-10-05T23:34:24+00:00\" \/>\n<meta property=\"og:image\" content=\"https:\/\/aconteceunovale.com.br\/portal\/wp-content\/uploads\/2022\/10\/crianca.jpg\" \/>\n\t<meta property=\"og:image:width\" content=\"678\" \/>\n\t<meta property=\"og:image:height\" content=\"406\" \/>\n\t<meta property=\"og:image:type\" content=\"image\/jpeg\" \/>\n<meta name=\"author\" content=\"Reda\u00e7\u00e3o Aconteceu no Vale\" \/>\n<meta name=\"twitter:card\" content=\"summary_large_image\" \/>\n<meta name=\"twitter:creator\" content=\"@noticiadosvales\" \/>\n<meta name=\"twitter:site\" content=\"@noticiadosvales\" \/>\n<meta name=\"twitter:label1\" content=\"Escrito por\" \/>\n\t<meta name=\"twitter:data1\" content=\"Reda\u00e7\u00e3o Aconteceu no Vale\" \/>\n\t<meta name=\"twitter:label2\" content=\"Est. tempo de leitura\" \/>\n\t<meta name=\"twitter:data2\" content=\"3 minutos\" \/>\n<script type=\"application\/ld+json\" class=\"yoast-schema-graph\">{\"@context\":\"https:\\\/\\\/schema.org\",\"@graph\":[{\"@type\":\"Article\",\"@id\":\"https:\\\/\\\/aconteceunovale.com.br\\\/portal\\\/?p=191258#article\",\"isPartOf\":{\"@id\":\"https:\\\/\\\/aconteceunovale.com.br\\\/portal\\\/?p=191258\"},\"author\":{\"name\":\"Reda\u00e7\u00e3o Aconteceu no Vale\",\"@id\":\"https:\\\/\\\/aconteceunovale.com.br\\\/portal\\\/#\\\/schema\\\/person\\\/7d2f26d1483f8a63de73da1ee0754d35\"},\"headline\":\"Instabilidade de temperatura contribui para quadros virais em crian\u00e7as\",\"datePublished\":\"2022-10-05T23:16:04+00:00\",\"dateModified\":\"2022-10-05T23:34:24+00:00\",\"mainEntityOfPage\":{\"@id\":\"https:\\\/\\\/aconteceunovale.com.br\\\/portal\\\/?p=191258\"},\"wordCount\":680,\"commentCount\":0,\"image\":{\"@id\":\"https:\\\/\\\/aconteceunovale.com.br\\\/portal\\\/?p=191258#primaryimage\"},\"thumbnailUrl\":\"https:\\\/\\\/aconteceunovale.com.br\\\/portal\\\/wp-content\\\/uploads\\\/2022\\\/10\\\/crianca.jpg\",\"keywords\":[\"Doen\u00e7as virais em crian\u00e7as\",\"Febre em crian\u00e7a\",\"Instabilidade de temperatura\",\"Instabilidade de temperatura contribui para quadros virais em crian\u00e7as\",\"Pediatria\",\"Quadros virais em crian\u00e7as\",\"S\u00edndrome respirat\u00f3ria\",\"SRAG\"],\"articleSection\":[\"Brasil\",\"Sa\u00fade\"],\"inLanguage\":\"pt-BR\",\"potentialAction\":[{\"@type\":\"CommentAction\",\"name\":\"Comment\",\"target\":[\"https:\\\/\\\/aconteceunovale.com.br\\\/portal\\\/?p=191258#respond\"]}]},{\"@type\":\"WebPage\",\"@id\":\"https:\\\/\\\/aconteceunovale.com.br\\\/portal\\\/?p=191258\",\"url\":\"https:\\\/\\\/aconteceunovale.com.br\\\/portal\\\/?p=191258\",\"name\":\"Instabilidade de temperatura contribui para quadros virais em crian\u00e7as - Aconteceu no Vale\",\"isPartOf\":{\"@id\":\"https:\\\/\\\/aconteceunovale.com.br\\\/portal\\\/#website\"},\"primaryImageOfPage\":{\"@id\":\"https:\\\/\\\/aconteceunovale.com.br\\\/portal\\\/?p=191258#primaryimage\"},\"image\":{\"@id\":\"https:\\\/\\\/aconteceunovale.com.br\\\/portal\\\/?p=191258#primaryimage\"},\"thumbnailUrl\":\"https:\\\/\\\/aconteceunovale.com.br\\\/portal\\\/wp-content\\\/uploads\\\/2022\\\/10\\\/crianca.jpg\",\"datePublished\":\"2022-10-05T23:16:04+00:00\",\"dateModified\":\"2022-10-05T23:34:24+00:00\",\"author\":{\"@id\":\"https:\\\/\\\/aconteceunovale.com.br\\\/portal\\\/#\\\/schema\\\/person\\\/7d2f26d1483f8a63de73da1ee0754d35\"},\"breadcrumb\":{\"@id\":\"https:\\\/\\\/aconteceunovale.com.br\\\/portal\\\/?p=191258#breadcrumb\"},\"inLanguage\":\"pt-BR\",\"potentialAction\":[{\"@type\":\"ReadAction\",\"target\":[\"https:\\\/\\\/aconteceunovale.com.br\\\/portal\\\/?p=191258\"]}]},{\"@type\":\"ImageObject\",\"inLanguage\":\"pt-BR\",\"@id\":\"https:\\\/\\\/aconteceunovale.com.br\\\/portal\\\/?p=191258#primaryimage\",\"url\":\"https:\\\/\\\/aconteceunovale.com.br\\\/portal\\\/wp-content\\\/uploads\\\/2022\\\/10\\\/crianca.jpg\",\"contentUrl\":\"https:\\\/\\\/aconteceunovale.com.br\\\/portal\\\/wp-content\\\/uploads\\\/2022\\\/10\\\/crianca.jpg\",\"width\":678,\"height\":406},{\"@type\":\"BreadcrumbList\",\"@id\":\"https:\\\/\\\/aconteceunovale.com.br\\\/portal\\\/?p=191258#breadcrumb\",\"itemListElement\":[{\"@type\":\"ListItem\",\"position\":1,\"name\":\"In\u00edcio\",\"item\":\"https:\\\/\\\/aconteceunovale.com.br\\\/portal\\\/\"},{\"@type\":\"ListItem\",\"position\":2,\"name\":\"Instabilidade de temperatura contribui para quadros virais em crian\u00e7as\"}]},{\"@type\":\"WebSite\",\"@id\":\"https:\\\/\\\/aconteceunovale.com.br\\\/portal\\\/#website\",\"url\":\"https:\\\/\\\/aconteceunovale.com.br\\\/portal\\\/\",\"name\":\"Aconteceu no Vale\",\"description\":\"Portal de Not\u00edcias\",\"potentialAction\":[{\"@type\":\"SearchAction\",\"target\":{\"@type\":\"EntryPoint\",\"urlTemplate\":\"https:\\\/\\\/aconteceunovale.com.br\\\/portal\\\/?s={search_term_string}\"},\"query-input\":{\"@type\":\"PropertyValueSpecification\",\"valueRequired\":true,\"valueName\":\"search_term_string\"}}],\"inLanguage\":\"pt-BR\"},{\"@type\":\"Person\",\"@id\":\"https:\\\/\\\/aconteceunovale.com.br\\\/portal\\\/#\\\/schema\\\/person\\\/7d2f26d1483f8a63de73da1ee0754d35\",\"name\":\"Reda\u00e7\u00e3o Aconteceu no Vale\",\"description\":\"Equipe de reportagem do Aconteceu no Vale, portal de not\u00edcias do Vale do Jequitinhonha, em Minas Gerais. Cobrimos as 51 cidades do Vale desde 2013. Sugest\u00f5es de pauta e pedidos de corre\u00e7\u00e3o: contato@aconteceunovale.com.br\",\"url\":\"https:\\\/\\\/aconteceunovale.com.br\\\/portal\\\/?author=4\"}]}<\/script>\n<!-- \/ Yoast SEO plugin. -->","yoast_head_json":{"title":"Instabilidade de temperatura contribui para quadros virais em crian\u00e7as - Aconteceu no Vale","robots":{"index":"index","follow":"follow","max-snippet":"max-snippet:-1","max-image-preview":"max-image-preview:large","max-video-preview":"max-video-preview:-1"},"canonical":"https:\/\/aconteceunovale.com.br\/portal\/?p=191258","og_locale":"pt_BR","og_type":"article","og_title":"Instabilidade de temperatura contribui para quadros virais em crian\u00e7as - Aconteceu no Vale","og_description":"Ver\u00e3o estendido em julho, quando seria inverno; e tempo inst\u00e1vel desde agosto, entrando pela primavera. Sazonalmente, a transi\u00e7\u00e3o de temperatura contribui para o aumento da incid\u00eancia de quadros virais em S\u00e3o Paulo. N\u00fameros dos \u00faltimos 30 dias da Secretaria de Estado da Sa\u00fade mostram um crescimento de 20% nos atendimentos de pronto-socorro nos hospitais da [&hellip;]","og_url":"https:\/\/aconteceunovale.com.br\/portal\/?p=191258","og_site_name":"Aconteceu no Vale","article_publisher":"https:\/\/www.facebook.com\/aconteceunovale\/","article_published_time":"2022-10-05T23:16:04+00:00","article_modified_time":"2022-10-05T23:34:24+00:00","og_image":[{"width":678,"height":406,"url":"https:\/\/aconteceunovale.com.br\/portal\/wp-content\/uploads\/2022\/10\/crianca.jpg","type":"image\/jpeg"}],"author":"Reda\u00e7\u00e3o Aconteceu no Vale","twitter_card":"summary_large_image","twitter_creator":"@noticiadosvales","twitter_site":"@noticiadosvales","twitter_misc":{"Escrito por":"Reda\u00e7\u00e3o Aconteceu no Vale","Est. tempo de leitura":"3 minutos"},"schema":{"@context":"https:\/\/schema.org","@graph":[{"@type":"Article","@id":"https:\/\/aconteceunovale.com.br\/portal\/?p=191258#article","isPartOf":{"@id":"https:\/\/aconteceunovale.com.br\/portal\/?p=191258"},"author":{"name":"Reda\u00e7\u00e3o Aconteceu no Vale","@id":"https:\/\/aconteceunovale.com.br\/portal\/#\/schema\/person\/7d2f26d1483f8a63de73da1ee0754d35"},"headline":"Instabilidade de temperatura contribui para quadros virais em crian\u00e7as","datePublished":"2022-10-05T23:16:04+00:00","dateModified":"2022-10-05T23:34:24+00:00","mainEntityOfPage":{"@id":"https:\/\/aconteceunovale.com.br\/portal\/?p=191258"},"wordCount":680,"commentCount":0,"image":{"@id":"https:\/\/aconteceunovale.com.br\/portal\/?p=191258#primaryimage"},"thumbnailUrl":"https:\/\/aconteceunovale.com.br\/portal\/wp-content\/uploads\/2022\/10\/crianca.jpg","keywords":["Doen\u00e7as virais em crian\u00e7as","Febre em crian\u00e7a","Instabilidade de temperatura","Instabilidade de temperatura contribui para quadros virais em crian\u00e7as","Pediatria","Quadros virais em crian\u00e7as","S\u00edndrome respirat\u00f3ria","SRAG"],"articleSection":["Brasil","Sa\u00fade"],"inLanguage":"pt-BR","potentialAction":[{"@type":"CommentAction","name":"Comment","target":["https:\/\/aconteceunovale.com.br\/portal\/?p=191258#respond"]}]},{"@type":"WebPage","@id":"https:\/\/aconteceunovale.com.br\/portal\/?p=191258","url":"https:\/\/aconteceunovale.com.br\/portal\/?p=191258","name":"Instabilidade de temperatura contribui para quadros virais em crian\u00e7as - Aconteceu no Vale","isPartOf":{"@id":"https:\/\/aconteceunovale.com.br\/portal\/#website"},"primaryImageOfPage":{"@id":"https:\/\/aconteceunovale.com.br\/portal\/?p=191258#primaryimage"},"image":{"@id":"https:\/\/aconteceunovale.com.br\/portal\/?p=191258#primaryimage"},"thumbnailUrl":"https:\/\/aconteceunovale.com.br\/portal\/wp-content\/uploads\/2022\/10\/crianca.jpg","datePublished":"2022-10-05T23:16:04+00:00","dateModified":"2022-10-05T23:34:24+00:00","author":{"@id":"https:\/\/aconteceunovale.com.br\/portal\/#\/schema\/person\/7d2f26d1483f8a63de73da1ee0754d35"},"breadcrumb":{"@id":"https:\/\/aconteceunovale.com.br\/portal\/?p=191258#breadcrumb"},"inLanguage":"pt-BR","potentialAction":[{"@type":"ReadAction","target":["https:\/\/aconteceunovale.com.br\/portal\/?p=191258"]}]},{"@type":"ImageObject","inLanguage":"pt-BR","@id":"https:\/\/aconteceunovale.com.br\/portal\/?p=191258#primaryimage","url":"https:\/\/aconteceunovale.com.br\/portal\/wp-content\/uploads\/2022\/10\/crianca.jpg","contentUrl":"https:\/\/aconteceunovale.com.br\/portal\/wp-content\/uploads\/2022\/10\/crianca.jpg","width":678,"height":406},{"@type":"BreadcrumbList","@id":"https:\/\/aconteceunovale.com.br\/portal\/?p=191258#breadcrumb","itemListElement":[{"@type":"ListItem","position":1,"name":"In\u00edcio","item":"https:\/\/aconteceunovale.com.br\/portal\/"},{"@type":"ListItem","position":2,"name":"Instabilidade de temperatura contribui para quadros virais em crian\u00e7as"}]},{"@type":"WebSite","@id":"https:\/\/aconteceunovale.com.br\/portal\/#website","url":"https:\/\/aconteceunovale.com.br\/portal\/","name":"Aconteceu no Vale","description":"Portal de Not\u00edcias","potentialAction":[{"@type":"SearchAction","target":{"@type":"EntryPoint","urlTemplate":"https:\/\/aconteceunovale.com.br\/portal\/?s={search_term_string}"},"query-input":{"@type":"PropertyValueSpecification","valueRequired":true,"valueName":"search_term_string"}}],"inLanguage":"pt-BR"},{"@type":"Person","@id":"https:\/\/aconteceunovale.com.br\/portal\/#\/schema\/person\/7d2f26d1483f8a63de73da1ee0754d35","name":"Reda\u00e7\u00e3o Aconteceu no Vale","description":"Equipe de reportagem do Aconteceu no Vale, portal de not\u00edcias do Vale do Jequitinhonha, em Minas Gerais. Cobrimos as 51 cidades do Vale desde 2013. Sugest\u00f5es de pauta e pedidos de corre\u00e7\u00e3o: contato@aconteceunovale.com.br","url":"https:\/\/aconteceunovale.com.br\/portal\/?author=4"}]}},"_links":{"self":[{"href":"https:\/\/aconteceunovale.com.br\/portal\/index.php?rest_route=\/wp\/v2\/posts\/191258","targetHints":{"allow":["GET"]}}],"collection":[{"href":"https:\/\/aconteceunovale.com.br\/portal\/index.php?rest_route=\/wp\/v2\/posts"}],"about":[{"href":"https:\/\/aconteceunovale.com.br\/portal\/index.php?rest_route=\/wp\/v2\/types\/post"}],"author":[{"embeddable":true,"href":"https:\/\/aconteceunovale.com.br\/portal\/index.php?rest_route=\/wp\/v2\/users\/4"}],"replies":[{"embeddable":true,"href":"https:\/\/aconteceunovale.com.br\/portal\/index.php?rest_route=%2Fwp%2Fv2%2Fcomments&post=191258"}],"version-history":[{"count":1,"href":"https:\/\/aconteceunovale.com.br\/portal\/index.php?rest_route=\/wp\/v2\/posts\/191258\/revisions"}],"predecessor-version":[{"id":191260,"href":"https:\/\/aconteceunovale.com.br\/portal\/index.php?rest_route=\/wp\/v2\/posts\/191258\/revisions\/191260"}],"wp:featuredmedia":[{"embeddable":true,"href":"https:\/\/aconteceunovale.com.br\/portal\/index.php?rest_route=\/wp\/v2\/media\/191259"}],"wp:attachment":[{"href":"https:\/\/aconteceunovale.com.br\/portal\/index.php?rest_route=%2Fwp%2Fv2%2Fmedia&parent=191258"}],"wp:term":[{"taxonomy":"category","embeddable":true,"href":"https:\/\/aconteceunovale.com.br\/portal\/index.php?rest_route=%2Fwp%2Fv2%2Fcategories&post=191258"},{"taxonomy":"post_tag","embeddable":true,"href":"https:\/\/aconteceunovale.com.br\/portal\/index.php?rest_route=%2Fwp%2Fv2%2Ftags&post=191258"}],"curies":[{"name":"wp","href":"https:\/\/api.w.org\/{rel}","templated":true}]}}