{"id":191217,"date":"2022-10-04T15:58:29","date_gmt":"2022-10-04T18:58:29","guid":{"rendered":"https:\/\/aconteceunovale.com.br\/portal\/?p=191217"},"modified":"2022-10-04T20:47:13","modified_gmt":"2022-10-04T23:47:13","slug":"vara-criminal-que-julga-caso-flordelis-muda-promotor-de-justica","status":"publish","type":"post","link":"https:\/\/aconteceunovale.com.br\/portal\/?p=191217","title":{"rendered":"Vara criminal que julga caso Flordelis muda promotor de justi\u00e7a"},"content":{"rendered":"\n<p class=\"wp-block-paragraph\">Com a transfer\u00eancia do promotor de justi\u00e7a Carlos Gustavo Coelho de Andrade da 3\u00aa Vara Criminal de Niter\u00f3i para a 28\u00aa Vara Criminal da capital, o caso Flordelis passou para o promotor D\u00e9cio Vi\u00e9gas de Oliveira. A ex-deputada federal e pastora evang\u00e9lica \u00e9 acusada de envolvimento na morte do marido, Anderson do Carmo, assassinado a tiros no dia 16 de junho de 2019, na resid\u00eancia da fam\u00edlia, em Pendotiba, Niter\u00f3i, regi\u00e3o metropolitana do Rio de Janeiro.<\/p>\n\n\n\n<p class=\"wp-block-paragraph\">De acordo com o Minist\u00e9rio P\u00fablico do Rio de Janeiro (MPRJ), a movimenta\u00e7\u00e3o de Andrade foi feita a pedido, seguindo o crit\u00e9rio de antiguidade, e publicada no&nbsp;<em>Di\u00e1rio Oficial&nbsp;<\/em>de 26 de agosto. Segundo o MPRJ, respons\u00e1vel pela acusa\u00e7\u00e3o nos processos criminais, o caso Flordelis n\u00e3o ser\u00e1 afetado pela mudan\u00e7a, e a data de 12 de dezembro para a sess\u00e3o de julgamento est\u00e1 mantida.<\/p>\n\n\n\n<p class=\"wp-block-paragraph\">Segundo o Minist\u00e9rio P\u00fablico, a remo\u00e7\u00e3o do promotor de justi\u00e7a Carlos Gustavo Coelho de Andrade n\u00e3o levar\u00e1 ao adiamento do julgamento, marcado para 12 de dezembro. O novo promotor para a 3\u00aa Vara Criminal de Niter\u00f3i foi designado em ato da Procuradoria Geral da Justi\u00e7a, publicado em 26 de setembro.<\/p>\n\n\n\n<p class=\"wp-block-paragraph\">A vac\u00e2ncia da acusa\u00e7\u00e3o foi citada pela ju\u00edza respons\u00e1vel, Nearis dos Santos Carvalho Arce, em resposta dada na semana passada a um pedido da representa\u00e7\u00e3o da irm\u00e3 da v\u00edtima para antecipar a sess\u00e3o de julgamento. Por\u00e9m, segundo a ju\u00edza, n\u00e3o h\u00e1 data dispon\u00edvel antes.<\/p>\n\n\n\n<p class=\"wp-block-paragraph\">\u201cTrata-se de processo volumoso e complexo, devendo ser considerada, portanto, a recente vac\u00e2ncia da titularidade do \u00f3rg\u00e3o do Minist\u00e9rio P\u00fablico junto a esta 3\u00aa Vara Criminal, de modo que o novo titular ou promotor designado deve ter oportunidade de tomar pleno conhecimento dos autos para a realiza\u00e7\u00e3o de futura sess\u00e3o plen\u00e1ria. Nesse sentido foi expedido of\u00edcio \u00e0 PGJ\/MP para a ado\u00e7\u00e3o das necess\u00e1rias provid\u00eancias diante da data j\u00e1 designada\u201d, acrescentou.<\/p>\n\n\n\n<p class=\"wp-block-paragraph\">A ju\u00edza citou tamb\u00e9m as partidas semifinais da Copa do Mundo de Futebol, marcadas para os dias 13 e 14 de dezembro, das quais poder\u00e1 participar a sele\u00e7\u00e3o brasileira e disse que isso poderia inviabilizar a realiza\u00e7\u00e3o da sess\u00e3o, j\u00e1 que o julgamento pode durar mais de um dia.<\/p>\n\n\n\n<h2 class=\"wp-block-heading\">Julgamento<\/h2>\n\n\n\n<p class=\"wp-block-paragraph\">O julgamento de Flordelis e de mais quatro acusados, marcado inicialmente para o dia 9 de maio deste ano, foi adiado duas vezes.\u00a0O primeiro adiamento\u00a0ocorreu para possibilitar a juntada de laudos solicitados pela defesa e\u00a0o segundo, sob a alega\u00e7\u00e3o da defesa de falta de tempo h\u00e1bil para analisar os laudos.<\/p>\n\n\n\n<p class=\"wp-block-paragraph\">Al\u00e9m de Flordelis, ainda ser\u00e3o julgados pela morte do pastor Anderson do Carmo a filha da ex-deputada, Marzy Teixeira da Silva, a neta Rayane dos Santos Oliveira e os filhos afetivos Andr\u00e9 Luiz de Oliveira e Simone dos Santos Rodrigues.<\/p>\n\n\n\n<p class=\"wp-block-paragraph\">A Justi\u00e7a j\u00e1\u00a0condenou outros envolvidos\u00a0no caso. Na sess\u00e3o de julgamento que come\u00e7ou no dia 12 de abril e terminou na manh\u00e3 seguinte, o Tribunal do J\u00fari de Niter\u00f3i condenou quatro r\u00e9us, incluindo o filho biol\u00f3gico de Flordelis, Adriano dos Santos Rodrigues, por uso de documento ideologicamente falso e associa\u00e7\u00e3o criminosa armada.<\/p>\n\n\n\n<p class=\"wp-block-paragraph\">Em novembro, o Tribunal do J\u00fari de Niter\u00f3i condenou outro filho biol\u00f3gico da ex-deputada, Fl\u00e1vio dos Santos Rodrigues, e o filho adotivo Lucas Cezar dos Santos de Souza. Fl\u00e1vio foi denunciado como autor dos disparos que mataram o pastor Anderson e Lucas como e respons\u00e1vel pela compra da arma do crime.<\/p>\n\n\n\n<p class=\"wp-block-paragraph\">&#8212;&#8212;&#8212;&#8212;&#8212;&#8212;<br><br><strong>Sabia que o Aconteceu no Vale est\u00e1 tamb\u00e9m no Telegram? <a rel=\"noreferrer noopener\" href=\"https:\/\/t.me\/aconteceunovaleoficial\" target=\"_blank\">Inscreva-se no canal<\/a>.<\/strong><br><br><strong>J\u00e1 curtiu ou seguiu nossas p\u00e1ginas nas redes sociais?\u00a0Receba as not\u00edcias em primeira m\u00e3o:<\/strong><br>\u2022 <a rel=\"noreferrer noopener\" href=\"https:\/\/news.google.com\/publications\/CAAqBwgKMNjklQswi4etAw?hl=pt-BR&amp;gl=BR&amp;ceid=BR%3Apt-419\" target=\"_blank\">Google News<\/a><br>\u2022 <a rel=\"noreferrer noopener\" href=\"https:\/\/www.facebook.com\/aconteceunovale\/\" target=\"_blank\">Facebook<\/a><br>\u2022 <a rel=\"noreferrer noopener\" href=\"https:\/\/twitter.com\/noticiadosvales\" target=\"_blank\">Twitter<\/a><br>\u2022 <a rel=\"noreferrer noopener\" href=\"https:\/\/www.instagram.com\/aconteceunovale\" target=\"_blank\">Instagram<\/a><br>\u2022 <a rel=\"noreferrer noopener\" href=\"https:\/\/www.youtube.com\/AconteceunoValeOficial\" target=\"_blank\">Youtube<\/a><br>\u2022 <a rel=\"noreferrer noopener\" href=\"https:\/\/www.tiktok.com\/@aconteceunovale\" target=\"_blank\">TikTok<\/a><\/p>\n","protected":false},"excerpt":{"rendered":"<p>Com a transfer\u00eancia do promotor de justi\u00e7a Carlos Gustavo Coelho de Andrade da 3\u00aa Vara Criminal de Niter\u00f3i para a 28\u00aa Vara Criminal da capital, o caso Flordelis passou para o promotor D\u00e9cio Vi\u00e9gas de Oliveira. A ex-deputada federal e pastora evang\u00e9lica \u00e9 acusada de envolvimento na morte do marido, Anderson do Carmo, assassinado a [&hellip;]<\/p>\n","protected":false},"author":4,"featured_media":181055,"comment_status":"open","ping_status":"closed","sticky":false,"template":"","format":"standard","meta":{"amp_status":"","footnotes":""},"categories":[6],"tags":[264691,203013,264692,264693,264690],"class_list":["post-191217","post","type-post","status-publish","format-standard","has-post-thumbnail","hentry","category-br","tag-caso-flordelis","tag-flordelis","tag-julgamento-de-flordelis","tag-julgamento-do-caso-flordelis","tag-vara-criminal-que-julga-caso-flordelis-muda-promotor-de-justica"],"yoast_head":"<!-- This site is optimized with the Yoast SEO plugin v28.3 - https:\/\/yoast.com\/product\/yoast-seo-wordpress\/ -->\n<title>Vara criminal que julga caso Flordelis muda promotor de justi\u00e7a - Aconteceu no Vale<\/title>\n<meta name=\"robots\" content=\"index, follow, max-snippet:-1, max-image-preview:large, max-video-preview:-1\" \/>\n<link rel=\"canonical\" href=\"https:\/\/aconteceunovale.com.br\/portal\/?p=191217\" \/>\n<meta property=\"og:locale\" content=\"pt_BR\" \/>\n<meta property=\"og:type\" content=\"article\" \/>\n<meta property=\"og:title\" content=\"Vara criminal que julga caso Flordelis muda promotor de justi\u00e7a - Aconteceu no Vale\" \/>\n<meta property=\"og:description\" content=\"Com a transfer\u00eancia do promotor de justi\u00e7a Carlos Gustavo Coelho de Andrade da 3\u00aa Vara Criminal de Niter\u00f3i para a 28\u00aa Vara Criminal da capital, o caso Flordelis passou para o promotor D\u00e9cio Vi\u00e9gas de Oliveira. A ex-deputada federal e pastora evang\u00e9lica \u00e9 acusada de envolvimento na morte do marido, Anderson do Carmo, assassinado a [&hellip;]\" \/>\n<meta property=\"og:url\" content=\"https:\/\/aconteceunovale.com.br\/portal\/?p=191217\" \/>\n<meta property=\"og:site_name\" content=\"Aconteceu no Vale\" \/>\n<meta property=\"article:publisher\" content=\"https:\/\/www.facebook.com\/aconteceunovale\/\" \/>\n<meta property=\"article:published_time\" content=\"2022-10-04T18:58:29+00:00\" \/>\n<meta property=\"article:modified_time\" content=\"2022-10-04T23:47:13+00:00\" \/>\n<meta property=\"og:image\" content=\"https:\/\/aconteceunovale.com.br\/portal\/wp-content\/uploads\/2021\/08\/flordelis.jpg\" \/>\n\t<meta property=\"og:image:width\" content=\"678\" \/>\n\t<meta property=\"og:image:height\" content=\"406\" \/>\n\t<meta property=\"og:image:type\" content=\"image\/jpeg\" \/>\n<meta name=\"author\" content=\"Reda\u00e7\u00e3o Aconteceu no Vale\" \/>\n<meta name=\"twitter:card\" content=\"summary_large_image\" \/>\n<meta name=\"twitter:creator\" content=\"@noticiadosvales\" \/>\n<meta name=\"twitter:site\" content=\"@noticiadosvales\" \/>\n<meta name=\"twitter:label1\" content=\"Escrito por\" \/>\n\t<meta name=\"twitter:data1\" content=\"Reda\u00e7\u00e3o Aconteceu no Vale\" \/>\n\t<meta name=\"twitter:label2\" content=\"Est. tempo de leitura\" \/>\n\t<meta name=\"twitter:data2\" content=\"3 minutos\" \/>\n<script type=\"application\/ld+json\" class=\"yoast-schema-graph\">{\"@context\":\"https:\\\/\\\/schema.org\",\"@graph\":[{\"@type\":\"Article\",\"@id\":\"https:\\\/\\\/aconteceunovale.com.br\\\/portal\\\/?p=191217#article\",\"isPartOf\":{\"@id\":\"https:\\\/\\\/aconteceunovale.com.br\\\/portal\\\/?p=191217\"},\"author\":{\"name\":\"Reda\u00e7\u00e3o Aconteceu no Vale\",\"@id\":\"https:\\\/\\\/aconteceunovale.com.br\\\/portal\\\/#\\\/schema\\\/person\\\/7d2f26d1483f8a63de73da1ee0754d35\"},\"headline\":\"Vara criminal que julga caso Flordelis muda promotor de justi\u00e7a\",\"datePublished\":\"2022-10-04T18:58:29+00:00\",\"dateModified\":\"2022-10-04T23:47:13+00:00\",\"mainEntityOfPage\":{\"@id\":\"https:\\\/\\\/aconteceunovale.com.br\\\/portal\\\/?p=191217\"},\"wordCount\":661,\"commentCount\":0,\"image\":{\"@id\":\"https:\\\/\\\/aconteceunovale.com.br\\\/portal\\\/?p=191217#primaryimage\"},\"thumbnailUrl\":\"https:\\\/\\\/aconteceunovale.com.br\\\/portal\\\/wp-content\\\/uploads\\\/2021\\\/08\\\/flordelis.jpg\",\"keywords\":[\"Caso Flordelis\",\"Flordelis\",\"Julgamento de Flordelis\",\"Julgamento do caso Flordelis\",\"Vara criminal que julga caso Flordelis muda promotor de justi\u00e7a\"],\"articleSection\":[\"Brasil\"],\"inLanguage\":\"pt-BR\",\"potentialAction\":[{\"@type\":\"CommentAction\",\"name\":\"Comment\",\"target\":[\"https:\\\/\\\/aconteceunovale.com.br\\\/portal\\\/?p=191217#respond\"]}]},{\"@type\":\"WebPage\",\"@id\":\"https:\\\/\\\/aconteceunovale.com.br\\\/portal\\\/?p=191217\",\"url\":\"https:\\\/\\\/aconteceunovale.com.br\\\/portal\\\/?p=191217\",\"name\":\"Vara criminal que julga caso Flordelis muda promotor de justi\u00e7a - Aconteceu no Vale\",\"isPartOf\":{\"@id\":\"https:\\\/\\\/aconteceunovale.com.br\\\/portal\\\/#website\"},\"primaryImageOfPage\":{\"@id\":\"https:\\\/\\\/aconteceunovale.com.br\\\/portal\\\/?p=191217#primaryimage\"},\"image\":{\"@id\":\"https:\\\/\\\/aconteceunovale.com.br\\\/portal\\\/?p=191217#primaryimage\"},\"thumbnailUrl\":\"https:\\\/\\\/aconteceunovale.com.br\\\/portal\\\/wp-content\\\/uploads\\\/2021\\\/08\\\/flordelis.jpg\",\"datePublished\":\"2022-10-04T18:58:29+00:00\",\"dateModified\":\"2022-10-04T23:47:13+00:00\",\"author\":{\"@id\":\"https:\\\/\\\/aconteceunovale.com.br\\\/portal\\\/#\\\/schema\\\/person\\\/7d2f26d1483f8a63de73da1ee0754d35\"},\"breadcrumb\":{\"@id\":\"https:\\\/\\\/aconteceunovale.com.br\\\/portal\\\/?p=191217#breadcrumb\"},\"inLanguage\":\"pt-BR\",\"potentialAction\":[{\"@type\":\"ReadAction\",\"target\":[\"https:\\\/\\\/aconteceunovale.com.br\\\/portal\\\/?p=191217\"]}]},{\"@type\":\"ImageObject\",\"inLanguage\":\"pt-BR\",\"@id\":\"https:\\\/\\\/aconteceunovale.com.br\\\/portal\\\/?p=191217#primaryimage\",\"url\":\"https:\\\/\\\/aconteceunovale.com.br\\\/portal\\\/wp-content\\\/uploads\\\/2021\\\/08\\\/flordelis.jpg\",\"contentUrl\":\"https:\\\/\\\/aconteceunovale.com.br\\\/portal\\\/wp-content\\\/uploads\\\/2021\\\/08\\\/flordelis.jpg\",\"width\":678,\"height\":406},{\"@type\":\"BreadcrumbList\",\"@id\":\"https:\\\/\\\/aconteceunovale.com.br\\\/portal\\\/?p=191217#breadcrumb\",\"itemListElement\":[{\"@type\":\"ListItem\",\"position\":1,\"name\":\"In\u00edcio\",\"item\":\"https:\\\/\\\/aconteceunovale.com.br\\\/portal\\\/\"},{\"@type\":\"ListItem\",\"position\":2,\"name\":\"Vara criminal que julga caso Flordelis muda promotor de justi\u00e7a\"}]},{\"@type\":\"WebSite\",\"@id\":\"https:\\\/\\\/aconteceunovale.com.br\\\/portal\\\/#website\",\"url\":\"https:\\\/\\\/aconteceunovale.com.br\\\/portal\\\/\",\"name\":\"Aconteceu no Vale\",\"description\":\"Portal de Not\u00edcias\",\"potentialAction\":[{\"@type\":\"SearchAction\",\"target\":{\"@type\":\"EntryPoint\",\"urlTemplate\":\"https:\\\/\\\/aconteceunovale.com.br\\\/portal\\\/?s={search_term_string}\"},\"query-input\":{\"@type\":\"PropertyValueSpecification\",\"valueRequired\":true,\"valueName\":\"search_term_string\"}}],\"inLanguage\":\"pt-BR\"},{\"@type\":\"Person\",\"@id\":\"https:\\\/\\\/aconteceunovale.com.br\\\/portal\\\/#\\\/schema\\\/person\\\/7d2f26d1483f8a63de73da1ee0754d35\",\"name\":\"Reda\u00e7\u00e3o Aconteceu no Vale\",\"description\":\"Equipe de reportagem do Aconteceu no Vale, portal de not\u00edcias do Vale do Jequitinhonha, em Minas Gerais. Cobrimos as 51 cidades do Vale desde 2013. Sugest\u00f5es de pauta e pedidos de corre\u00e7\u00e3o: contato@aconteceunovale.com.br\",\"url\":\"https:\\\/\\\/aconteceunovale.com.br\\\/portal\\\/?author=4\"}]}<\/script>\n<!-- \/ Yoast SEO plugin. -->","yoast_head_json":{"title":"Vara criminal que julga caso Flordelis muda promotor de justi\u00e7a - Aconteceu no Vale","robots":{"index":"index","follow":"follow","max-snippet":"max-snippet:-1","max-image-preview":"max-image-preview:large","max-video-preview":"max-video-preview:-1"},"canonical":"https:\/\/aconteceunovale.com.br\/portal\/?p=191217","og_locale":"pt_BR","og_type":"article","og_title":"Vara criminal que julga caso Flordelis muda promotor de justi\u00e7a - Aconteceu no Vale","og_description":"Com a transfer\u00eancia do promotor de justi\u00e7a Carlos Gustavo Coelho de Andrade da 3\u00aa Vara Criminal de Niter\u00f3i para a 28\u00aa Vara Criminal da capital, o caso Flordelis passou para o promotor D\u00e9cio Vi\u00e9gas de Oliveira. A ex-deputada federal e pastora evang\u00e9lica \u00e9 acusada de envolvimento na morte do marido, Anderson do Carmo, assassinado a [&hellip;]","og_url":"https:\/\/aconteceunovale.com.br\/portal\/?p=191217","og_site_name":"Aconteceu no Vale","article_publisher":"https:\/\/www.facebook.com\/aconteceunovale\/","article_published_time":"2022-10-04T18:58:29+00:00","article_modified_time":"2022-10-04T23:47:13+00:00","og_image":[{"width":678,"height":406,"url":"https:\/\/aconteceunovale.com.br\/portal\/wp-content\/uploads\/2021\/08\/flordelis.jpg","type":"image\/jpeg"}],"author":"Reda\u00e7\u00e3o Aconteceu no Vale","twitter_card":"summary_large_image","twitter_creator":"@noticiadosvales","twitter_site":"@noticiadosvales","twitter_misc":{"Escrito por":"Reda\u00e7\u00e3o Aconteceu no Vale","Est. tempo de leitura":"3 minutos"},"schema":{"@context":"https:\/\/schema.org","@graph":[{"@type":"Article","@id":"https:\/\/aconteceunovale.com.br\/portal\/?p=191217#article","isPartOf":{"@id":"https:\/\/aconteceunovale.com.br\/portal\/?p=191217"},"author":{"name":"Reda\u00e7\u00e3o Aconteceu no Vale","@id":"https:\/\/aconteceunovale.com.br\/portal\/#\/schema\/person\/7d2f26d1483f8a63de73da1ee0754d35"},"headline":"Vara criminal que julga caso Flordelis muda promotor de justi\u00e7a","datePublished":"2022-10-04T18:58:29+00:00","dateModified":"2022-10-04T23:47:13+00:00","mainEntityOfPage":{"@id":"https:\/\/aconteceunovale.com.br\/portal\/?p=191217"},"wordCount":661,"commentCount":0,"image":{"@id":"https:\/\/aconteceunovale.com.br\/portal\/?p=191217#primaryimage"},"thumbnailUrl":"https:\/\/aconteceunovale.com.br\/portal\/wp-content\/uploads\/2021\/08\/flordelis.jpg","keywords":["Caso Flordelis","Flordelis","Julgamento de Flordelis","Julgamento do caso Flordelis","Vara criminal que julga caso Flordelis muda promotor de justi\u00e7a"],"articleSection":["Brasil"],"inLanguage":"pt-BR","potentialAction":[{"@type":"CommentAction","name":"Comment","target":["https:\/\/aconteceunovale.com.br\/portal\/?p=191217#respond"]}]},{"@type":"WebPage","@id":"https:\/\/aconteceunovale.com.br\/portal\/?p=191217","url":"https:\/\/aconteceunovale.com.br\/portal\/?p=191217","name":"Vara criminal que julga caso Flordelis muda promotor de justi\u00e7a - Aconteceu no Vale","isPartOf":{"@id":"https:\/\/aconteceunovale.com.br\/portal\/#website"},"primaryImageOfPage":{"@id":"https:\/\/aconteceunovale.com.br\/portal\/?p=191217#primaryimage"},"image":{"@id":"https:\/\/aconteceunovale.com.br\/portal\/?p=191217#primaryimage"},"thumbnailUrl":"https:\/\/aconteceunovale.com.br\/portal\/wp-content\/uploads\/2021\/08\/flordelis.jpg","datePublished":"2022-10-04T18:58:29+00:00","dateModified":"2022-10-04T23:47:13+00:00","author":{"@id":"https:\/\/aconteceunovale.com.br\/portal\/#\/schema\/person\/7d2f26d1483f8a63de73da1ee0754d35"},"breadcrumb":{"@id":"https:\/\/aconteceunovale.com.br\/portal\/?p=191217#breadcrumb"},"inLanguage":"pt-BR","potentialAction":[{"@type":"ReadAction","target":["https:\/\/aconteceunovale.com.br\/portal\/?p=191217"]}]},{"@type":"ImageObject","inLanguage":"pt-BR","@id":"https:\/\/aconteceunovale.com.br\/portal\/?p=191217#primaryimage","url":"https:\/\/aconteceunovale.com.br\/portal\/wp-content\/uploads\/2021\/08\/flordelis.jpg","contentUrl":"https:\/\/aconteceunovale.com.br\/portal\/wp-content\/uploads\/2021\/08\/flordelis.jpg","width":678,"height":406},{"@type":"BreadcrumbList","@id":"https:\/\/aconteceunovale.com.br\/portal\/?p=191217#breadcrumb","itemListElement":[{"@type":"ListItem","position":1,"name":"In\u00edcio","item":"https:\/\/aconteceunovale.com.br\/portal\/"},{"@type":"ListItem","position":2,"name":"Vara criminal que julga caso Flordelis muda promotor de justi\u00e7a"}]},{"@type":"WebSite","@id":"https:\/\/aconteceunovale.com.br\/portal\/#website","url":"https:\/\/aconteceunovale.com.br\/portal\/","name":"Aconteceu no Vale","description":"Portal de Not\u00edcias","potentialAction":[{"@type":"SearchAction","target":{"@type":"EntryPoint","urlTemplate":"https:\/\/aconteceunovale.com.br\/portal\/?s={search_term_string}"},"query-input":{"@type":"PropertyValueSpecification","valueRequired":true,"valueName":"search_term_string"}}],"inLanguage":"pt-BR"},{"@type":"Person","@id":"https:\/\/aconteceunovale.com.br\/portal\/#\/schema\/person\/7d2f26d1483f8a63de73da1ee0754d35","name":"Reda\u00e7\u00e3o Aconteceu no Vale","description":"Equipe de reportagem do Aconteceu no Vale, portal de not\u00edcias do Vale do Jequitinhonha, em Minas Gerais. Cobrimos as 51 cidades do Vale desde 2013. Sugest\u00f5es de pauta e pedidos de corre\u00e7\u00e3o: contato@aconteceunovale.com.br","url":"https:\/\/aconteceunovale.com.br\/portal\/?author=4"}]}},"_links":{"self":[{"href":"https:\/\/aconteceunovale.com.br\/portal\/index.php?rest_route=\/wp\/v2\/posts\/191217","targetHints":{"allow":["GET"]}}],"collection":[{"href":"https:\/\/aconteceunovale.com.br\/portal\/index.php?rest_route=\/wp\/v2\/posts"}],"about":[{"href":"https:\/\/aconteceunovale.com.br\/portal\/index.php?rest_route=\/wp\/v2\/types\/post"}],"author":[{"embeddable":true,"href":"https:\/\/aconteceunovale.com.br\/portal\/index.php?rest_route=\/wp\/v2\/users\/4"}],"replies":[{"embeddable":true,"href":"https:\/\/aconteceunovale.com.br\/portal\/index.php?rest_route=%2Fwp%2Fv2%2Fcomments&post=191217"}],"version-history":[{"count":1,"href":"https:\/\/aconteceunovale.com.br\/portal\/index.php?rest_route=\/wp\/v2\/posts\/191217\/revisions"}],"predecessor-version":[{"id":191218,"href":"https:\/\/aconteceunovale.com.br\/portal\/index.php?rest_route=\/wp\/v2\/posts\/191217\/revisions\/191218"}],"wp:featuredmedia":[{"embeddable":true,"href":"https:\/\/aconteceunovale.com.br\/portal\/index.php?rest_route=\/wp\/v2\/media\/181055"}],"wp:attachment":[{"href":"https:\/\/aconteceunovale.com.br\/portal\/index.php?rest_route=%2Fwp%2Fv2%2Fmedia&parent=191217"}],"wp:term":[{"taxonomy":"category","embeddable":true,"href":"https:\/\/aconteceunovale.com.br\/portal\/index.php?rest_route=%2Fwp%2Fv2%2Fcategories&post=191217"},{"taxonomy":"post_tag","embeddable":true,"href":"https:\/\/aconteceunovale.com.br\/portal\/index.php?rest_route=%2Fwp%2Fv2%2Ftags&post=191217"}],"curies":[{"name":"wp","href":"https:\/\/api.w.org\/{rel}","templated":true}]}}