{"id":191215,"date":"2022-10-04T20:42:49","date_gmt":"2022-10-04T23:42:49","guid":{"rendered":"https:\/\/aconteceunovale.com.br\/portal\/?p=191215"},"modified":"2022-10-04T20:43:30","modified_gmt":"2022-10-04T23:43:30","slug":"senado-aprova-realocacao-de-verba-para-piso-da-enfermagem","status":"publish","type":"post","link":"https:\/\/aconteceunovale.com.br\/portal\/?p=191215","title":{"rendered":"Senado aprova realoca\u00e7\u00e3o de verba para piso da enfermagem"},"content":{"rendered":"\n<p class=\"wp-block-paragraph\">O Senado aprovou hoje (4) projeto de lei complementar que viabiliza a transfer\u00eancia de recursos de outras \u00e1reas para financiar o piso salarial dos profissionais de enfermagem. Os recursos vir\u00e3o dos valores remanescentes de fundos de sa\u00fade de estados e munic\u00edpios, bem como de valores remanescentes do Fundo Nacional de Assist\u00eancia Social. Agora, o projeto segue para vota\u00e7\u00e3o na C\u00e2mara dos Deputados.<\/p>\n\n\n\n<figure class=\"wp-block-gallery has-nested-images columns-default is-cropped wp-block-gallery-1 is-layout-flex wp-block-gallery-is-layout-flex\">\n<figure class=\"wp-block-image size-large\"><img loading=\"lazy\" decoding=\"async\" width=\"678\" height=\"406\" data-id=\"191106\" src=\"https:\/\/aconteceunovale.com.br\/portal\/wp-content\/uploads\/2022\/10\/congresso_brasil.jpg\" alt=\"\" class=\"wp-image-191106\" srcset=\"https:\/\/aconteceunovale.com.br\/portal\/wp-content\/uploads\/2022\/10\/congresso_brasil.jpg 678w, https:\/\/aconteceunovale.com.br\/portal\/wp-content\/uploads\/2022\/10\/congresso_brasil-300x180.jpg 300w\" sizes=\"auto, (max-width: 678px) 100vw, 678px\" \/><figcaption><em><sub>Foto: Fabio Rodrigues Pozzebom\/Ag\u00eancia Brasil<\/sub><\/em><\/figcaption><\/figure>\n<\/figure>\n\n\n\n<p class=\"wp-block-paragraph\">A lei que estabeleceu piso salarial de R$ 4.750 para enfermeiros do setor p\u00fablico ou privado foi aprovada no Congresso Nacional em maio, mas, em setembro, o Supremo Tribunal Federal (STF)\u00a0suspendeu\u00a0os efeitos da norma. Em decis\u00e3o liminar, o ministro Lu\u00eds Roberto Barroso argumentou que faltava previs\u00e3o or\u00e7ament\u00e1ria.<\/p>\n\n\n\n<p class=\"wp-block-paragraph\">Barroso atendeu a pedido da Confedera\u00e7\u00e3o Nacional de Sa\u00fade, Hospitais e Estabelecimentos e Servi\u00e7os (CNSa\u00fade). Segundo o ministro, h\u00e1 risco de insolv\u00eancia pelos estados e munic\u00edpios, que empregam a grande maioria dos enfermeiros do servi\u00e7o p\u00fablico. O ministro tamb\u00e9m justificou a decis\u00e3o com o risco de demiss\u00f5es em massa e de redu\u00e7\u00e3o de leitos com o encolhimento do quadro de enfermeiros e t\u00e9cnicos.<\/p>\n\n\n\n<p class=\"wp-block-paragraph\">O projeto de lei complementar aprovado nesta ter\u00e7a-feira garante os recursos questionados pelo Judici\u00e1rio. A proposta altera uma lei de 2020 que liberou para a\u00e7\u00f5es de enfrentamento \u00e0 pandemia de covid-19 cerca de R$ 23,8 bilh\u00f5es que restaram no fim de 2020 nas contas dos fundos de Sa\u00fade de estados, Distrito Federal e munic\u00edpios. Com a redu\u00e7\u00e3o no n\u00famero de casos e mortes por covid-19, o entendimento dos senadores \u00e9 que a verba ser\u00e1 mais bem aplicada no reajuste salarial da enfermagem.<\/p>\n\n\n\n<p class=\"wp-block-paragraph\">\u201cA realiza\u00e7\u00e3o de atos de transposi\u00e7\u00e3o, transfer\u00eancia e reprograma\u00e7\u00e3o de saldos financeiros &#8216;parados&#8217; nos fundos de Sa\u00fade e de Assist\u00eancia Social ainda \u00e9 desejada no momento atual, pois o enfrentamento da pandemia da covid19 n\u00e3o se limita \u00e0 primeira linha de a\u00e7\u00e3o, fortemente atacada nos anos anteriores\u201d, afirmou o relator do projeto de lei, Marcelo Castro (MDB-PI), em seu parecer. Segundo o senador, inicialmente, o mecanismo auxiliar\u00e1 os entes subnacionais a arcar com os custos diretos decorrentes da institui\u00e7\u00e3o do piso nacional dos profissionais da enfermagem.<\/p>\n\n\n\n<p class=\"wp-block-paragraph\">Calcula-se reunir R$ 27,7 bilh\u00f5es para a \u00e1rea de sa\u00fade e R$ 402,2 milh\u00f5es para a assist\u00eancia social, setor inclu\u00eddo no projeto para, segundo o relator, \u201cminimizar os efeitos das desprote\u00e7\u00f5es sociais ampliadas pela pandemia\u201d.<\/p>\n\n\n\n<p class=\"wp-block-paragraph\">&#8212;&#8212;&#8212;&#8212;&#8212;&#8212;<br><br><strong>Sabia que o Aconteceu no Vale est\u00e1 tamb\u00e9m no Telegram? <a rel=\"noreferrer noopener\" href=\"https:\/\/t.me\/aconteceunovaleoficial\" target=\"_blank\">Inscreva-se no canal<\/a>.<\/strong><br><br><strong>J\u00e1 curtiu ou seguiu nossas p\u00e1ginas nas redes sociais?\u00a0Receba as not\u00edcias em primeira m\u00e3o:<\/strong><br>\u2022 <a rel=\"noreferrer noopener\" href=\"https:\/\/news.google.com\/publications\/CAAqBwgKMNjklQswi4etAw?hl=pt-BR&amp;gl=BR&amp;ceid=BR%3Apt-419\" target=\"_blank\">Google News<\/a><br>\u2022 <a rel=\"noreferrer noopener\" href=\"https:\/\/www.facebook.com\/aconteceunovale\/\" target=\"_blank\">Facebook<\/a><br>\u2022 <a rel=\"noreferrer noopener\" href=\"https:\/\/twitter.com\/noticiadosvales\" target=\"_blank\">Twitter<\/a><br>\u2022 <a rel=\"noreferrer noopener\" href=\"https:\/\/www.instagram.com\/aconteceunovale\" target=\"_blank\">Instagram<\/a><br>\u2022 <a rel=\"noreferrer noopener\" href=\"https:\/\/www.youtube.com\/AconteceunoValeOficial\" target=\"_blank\">Youtube<\/a><br>\u2022 <a rel=\"noreferrer noopener\" href=\"https:\/\/www.tiktok.com\/@aconteceunovale\" target=\"_blank\">TikTok<\/a><\/p>\n","protected":false},"excerpt":{"rendered":"<p>O Senado aprovou hoje (4) projeto de lei complementar que viabiliza a transfer\u00eancia de recursos de outras \u00e1reas para financiar o piso salarial dos profissionais de enfermagem. Os recursos vir\u00e3o dos valores remanescentes de fundos de sa\u00fade de estados e munic\u00edpios, bem como de valores remanescentes do Fundo Nacional de Assist\u00eancia Social. Agora, o projeto [&hellip;]<\/p>\n","protected":false},"author":4,"featured_media":191106,"comment_status":"open","ping_status":"closed","sticky":false,"template":"","format":"standard","meta":{"amp_status":"","footnotes":""},"categories":[6,40240],"tags":[20922,264688,21938,264687,93812,264689],"class_list":["post-191215","post","type-post","status-publish","format-standard","has-post-thumbnail","hentry","category-br","category-politica","tag-camara-dos-deputados","tag-piso-da-enfermagem","tag-senado","tag-senado-aprova-realocacao-de-verba-para-piso-da-enfermagem","tag-senado-federal","tag-verba-para-piso-da-enfermagem"],"yoast_head":"<!-- This site is optimized with the Yoast SEO plugin v28.3 - https:\/\/yoast.com\/product\/yoast-seo-wordpress\/ -->\n<title>Senado aprova realoca\u00e7\u00e3o de verba para piso da enfermagem - Aconteceu no Vale<\/title>\n<meta name=\"robots\" content=\"index, follow, max-snippet:-1, max-image-preview:large, max-video-preview:-1\" \/>\n<link rel=\"canonical\" href=\"https:\/\/aconteceunovale.com.br\/portal\/?p=191215\" \/>\n<meta property=\"og:locale\" content=\"pt_BR\" \/>\n<meta property=\"og:type\" content=\"article\" \/>\n<meta property=\"og:title\" content=\"Senado aprova realoca\u00e7\u00e3o de verba para piso da enfermagem - Aconteceu no Vale\" \/>\n<meta property=\"og:description\" content=\"O Senado aprovou hoje (4) projeto de lei complementar que viabiliza a transfer\u00eancia de recursos de outras \u00e1reas para financiar o piso salarial dos profissionais de enfermagem. Os recursos vir\u00e3o dos valores remanescentes de fundos de sa\u00fade de estados e munic\u00edpios, bem como de valores remanescentes do Fundo Nacional de Assist\u00eancia Social. Agora, o projeto [&hellip;]\" \/>\n<meta property=\"og:url\" content=\"https:\/\/aconteceunovale.com.br\/portal\/?p=191215\" \/>\n<meta property=\"og:site_name\" content=\"Aconteceu no Vale\" \/>\n<meta property=\"article:publisher\" content=\"https:\/\/www.facebook.com\/aconteceunovale\/\" \/>\n<meta property=\"article:published_time\" content=\"2022-10-04T23:42:49+00:00\" \/>\n<meta property=\"article:modified_time\" content=\"2022-10-04T23:43:30+00:00\" \/>\n<meta property=\"og:image\" content=\"https:\/\/aconteceunovale.com.br\/portal\/wp-content\/uploads\/2022\/10\/congresso_brasil.jpg\" \/>\n\t<meta property=\"og:image:width\" content=\"678\" \/>\n\t<meta property=\"og:image:height\" content=\"406\" \/>\n\t<meta property=\"og:image:type\" content=\"image\/jpeg\" \/>\n<meta name=\"author\" content=\"Reda\u00e7\u00e3o Aconteceu no Vale\" \/>\n<meta name=\"twitter:card\" content=\"summary_large_image\" \/>\n<meta name=\"twitter:creator\" content=\"@noticiadosvales\" \/>\n<meta name=\"twitter:site\" content=\"@noticiadosvales\" \/>\n<meta name=\"twitter:label1\" content=\"Escrito por\" \/>\n\t<meta name=\"twitter:data1\" content=\"Reda\u00e7\u00e3o Aconteceu no Vale\" \/>\n\t<meta name=\"twitter:label2\" content=\"Est. tempo de leitura\" \/>\n\t<meta name=\"twitter:data2\" content=\"2 minutos\" \/>\n<script type=\"application\/ld+json\" class=\"yoast-schema-graph\">{\"@context\":\"https:\\\/\\\/schema.org\",\"@graph\":[{\"@type\":\"Article\",\"@id\":\"https:\\\/\\\/aconteceunovale.com.br\\\/portal\\\/?p=191215#article\",\"isPartOf\":{\"@id\":\"https:\\\/\\\/aconteceunovale.com.br\\\/portal\\\/?p=191215\"},\"author\":{\"name\":\"Reda\u00e7\u00e3o Aconteceu no Vale\",\"@id\":\"https:\\\/\\\/aconteceunovale.com.br\\\/portal\\\/#\\\/schema\\\/person\\\/7d2f26d1483f8a63de73da1ee0754d35\"},\"headline\":\"Senado aprova realoca\u00e7\u00e3o de verba para piso da enfermagem\",\"datePublished\":\"2022-10-04T23:42:49+00:00\",\"dateModified\":\"2022-10-04T23:43:30+00:00\",\"mainEntityOfPage\":{\"@id\":\"https:\\\/\\\/aconteceunovale.com.br\\\/portal\\\/?p=191215\"},\"wordCount\":472,\"commentCount\":0,\"image\":{\"@id\":\"https:\\\/\\\/aconteceunovale.com.br\\\/portal\\\/?p=191215#primaryimage\"},\"thumbnailUrl\":\"https:\\\/\\\/aconteceunovale.com.br\\\/portal\\\/wp-content\\\/uploads\\\/2022\\\/10\\\/congresso_brasil.jpg\",\"keywords\":[\"C\u00e2mara dos Deputados\",\"Piso da enfermagem\",\"Senado\",\"Senado aprova realoca\u00e7\u00e3o de verba para piso da enfermagem\",\"Senado Federal\",\"Verba para piso da enfermagem\"],\"articleSection\":[\"Brasil\",\"Pol\u00edtica\"],\"inLanguage\":\"pt-BR\",\"potentialAction\":[{\"@type\":\"CommentAction\",\"name\":\"Comment\",\"target\":[\"https:\\\/\\\/aconteceunovale.com.br\\\/portal\\\/?p=191215#respond\"]}]},{\"@type\":\"WebPage\",\"@id\":\"https:\\\/\\\/aconteceunovale.com.br\\\/portal\\\/?p=191215\",\"url\":\"https:\\\/\\\/aconteceunovale.com.br\\\/portal\\\/?p=191215\",\"name\":\"Senado aprova realoca\u00e7\u00e3o de verba para piso da enfermagem - Aconteceu no Vale\",\"isPartOf\":{\"@id\":\"https:\\\/\\\/aconteceunovale.com.br\\\/portal\\\/#website\"},\"primaryImageOfPage\":{\"@id\":\"https:\\\/\\\/aconteceunovale.com.br\\\/portal\\\/?p=191215#primaryimage\"},\"image\":{\"@id\":\"https:\\\/\\\/aconteceunovale.com.br\\\/portal\\\/?p=191215#primaryimage\"},\"thumbnailUrl\":\"https:\\\/\\\/aconteceunovale.com.br\\\/portal\\\/wp-content\\\/uploads\\\/2022\\\/10\\\/congresso_brasil.jpg\",\"datePublished\":\"2022-10-04T23:42:49+00:00\",\"dateModified\":\"2022-10-04T23:43:30+00:00\",\"author\":{\"@id\":\"https:\\\/\\\/aconteceunovale.com.br\\\/portal\\\/#\\\/schema\\\/person\\\/7d2f26d1483f8a63de73da1ee0754d35\"},\"breadcrumb\":{\"@id\":\"https:\\\/\\\/aconteceunovale.com.br\\\/portal\\\/?p=191215#breadcrumb\"},\"inLanguage\":\"pt-BR\",\"potentialAction\":[{\"@type\":\"ReadAction\",\"target\":[\"https:\\\/\\\/aconteceunovale.com.br\\\/portal\\\/?p=191215\"]}]},{\"@type\":\"ImageObject\",\"inLanguage\":\"pt-BR\",\"@id\":\"https:\\\/\\\/aconteceunovale.com.br\\\/portal\\\/?p=191215#primaryimage\",\"url\":\"https:\\\/\\\/aconteceunovale.com.br\\\/portal\\\/wp-content\\\/uploads\\\/2022\\\/10\\\/congresso_brasil.jpg\",\"contentUrl\":\"https:\\\/\\\/aconteceunovale.com.br\\\/portal\\\/wp-content\\\/uploads\\\/2022\\\/10\\\/congresso_brasil.jpg\",\"width\":678,\"height\":406,\"caption\":\"Pal\u00e1cio do Congresso Nacional na Esplanada dos Minist\u00e9rios em Bras\u00edlia\"},{\"@type\":\"BreadcrumbList\",\"@id\":\"https:\\\/\\\/aconteceunovale.com.br\\\/portal\\\/?p=191215#breadcrumb\",\"itemListElement\":[{\"@type\":\"ListItem\",\"position\":1,\"name\":\"In\u00edcio\",\"item\":\"https:\\\/\\\/aconteceunovale.com.br\\\/portal\\\/\"},{\"@type\":\"ListItem\",\"position\":2,\"name\":\"Senado aprova realoca\u00e7\u00e3o de verba para piso da enfermagem\"}]},{\"@type\":\"WebSite\",\"@id\":\"https:\\\/\\\/aconteceunovale.com.br\\\/portal\\\/#website\",\"url\":\"https:\\\/\\\/aconteceunovale.com.br\\\/portal\\\/\",\"name\":\"Aconteceu no Vale\",\"description\":\"Portal de Not\u00edcias\",\"potentialAction\":[{\"@type\":\"SearchAction\",\"target\":{\"@type\":\"EntryPoint\",\"urlTemplate\":\"https:\\\/\\\/aconteceunovale.com.br\\\/portal\\\/?s={search_term_string}\"},\"query-input\":{\"@type\":\"PropertyValueSpecification\",\"valueRequired\":true,\"valueName\":\"search_term_string\"}}],\"inLanguage\":\"pt-BR\"},{\"@type\":\"Person\",\"@id\":\"https:\\\/\\\/aconteceunovale.com.br\\\/portal\\\/#\\\/schema\\\/person\\\/7d2f26d1483f8a63de73da1ee0754d35\",\"name\":\"Reda\u00e7\u00e3o Aconteceu no Vale\",\"description\":\"Equipe de reportagem do Aconteceu no Vale, portal de not\u00edcias do Vale do Jequitinhonha, em Minas Gerais. Cobrimos as 51 cidades do Vale desde 2013. Sugest\u00f5es de pauta e pedidos de corre\u00e7\u00e3o: contato@aconteceunovale.com.br\",\"url\":\"https:\\\/\\\/aconteceunovale.com.br\\\/portal\\\/?author=4\"}]}<\/script>\n<!-- \/ Yoast SEO plugin. -->","yoast_head_json":{"title":"Senado aprova realoca\u00e7\u00e3o de verba para piso da enfermagem - Aconteceu no Vale","robots":{"index":"index","follow":"follow","max-snippet":"max-snippet:-1","max-image-preview":"max-image-preview:large","max-video-preview":"max-video-preview:-1"},"canonical":"https:\/\/aconteceunovale.com.br\/portal\/?p=191215","og_locale":"pt_BR","og_type":"article","og_title":"Senado aprova realoca\u00e7\u00e3o de verba para piso da enfermagem - Aconteceu no Vale","og_description":"O Senado aprovou hoje (4) projeto de lei complementar que viabiliza a transfer\u00eancia de recursos de outras \u00e1reas para financiar o piso salarial dos profissionais de enfermagem. Os recursos vir\u00e3o dos valores remanescentes de fundos de sa\u00fade de estados e munic\u00edpios, bem como de valores remanescentes do Fundo Nacional de Assist\u00eancia Social. Agora, o projeto [&hellip;]","og_url":"https:\/\/aconteceunovale.com.br\/portal\/?p=191215","og_site_name":"Aconteceu no Vale","article_publisher":"https:\/\/www.facebook.com\/aconteceunovale\/","article_published_time":"2022-10-04T23:42:49+00:00","article_modified_time":"2022-10-04T23:43:30+00:00","og_image":[{"width":678,"height":406,"url":"https:\/\/aconteceunovale.com.br\/portal\/wp-content\/uploads\/2022\/10\/congresso_brasil.jpg","type":"image\/jpeg"}],"author":"Reda\u00e7\u00e3o Aconteceu no Vale","twitter_card":"summary_large_image","twitter_creator":"@noticiadosvales","twitter_site":"@noticiadosvales","twitter_misc":{"Escrito por":"Reda\u00e7\u00e3o Aconteceu no Vale","Est. tempo de leitura":"2 minutos"},"schema":{"@context":"https:\/\/schema.org","@graph":[{"@type":"Article","@id":"https:\/\/aconteceunovale.com.br\/portal\/?p=191215#article","isPartOf":{"@id":"https:\/\/aconteceunovale.com.br\/portal\/?p=191215"},"author":{"name":"Reda\u00e7\u00e3o Aconteceu no Vale","@id":"https:\/\/aconteceunovale.com.br\/portal\/#\/schema\/person\/7d2f26d1483f8a63de73da1ee0754d35"},"headline":"Senado aprova realoca\u00e7\u00e3o de verba para piso da enfermagem","datePublished":"2022-10-04T23:42:49+00:00","dateModified":"2022-10-04T23:43:30+00:00","mainEntityOfPage":{"@id":"https:\/\/aconteceunovale.com.br\/portal\/?p=191215"},"wordCount":472,"commentCount":0,"image":{"@id":"https:\/\/aconteceunovale.com.br\/portal\/?p=191215#primaryimage"},"thumbnailUrl":"https:\/\/aconteceunovale.com.br\/portal\/wp-content\/uploads\/2022\/10\/congresso_brasil.jpg","keywords":["C\u00e2mara dos Deputados","Piso da enfermagem","Senado","Senado aprova realoca\u00e7\u00e3o de verba para piso da enfermagem","Senado Federal","Verba para piso da enfermagem"],"articleSection":["Brasil","Pol\u00edtica"],"inLanguage":"pt-BR","potentialAction":[{"@type":"CommentAction","name":"Comment","target":["https:\/\/aconteceunovale.com.br\/portal\/?p=191215#respond"]}]},{"@type":"WebPage","@id":"https:\/\/aconteceunovale.com.br\/portal\/?p=191215","url":"https:\/\/aconteceunovale.com.br\/portal\/?p=191215","name":"Senado aprova realoca\u00e7\u00e3o de verba para piso da enfermagem - Aconteceu no Vale","isPartOf":{"@id":"https:\/\/aconteceunovale.com.br\/portal\/#website"},"primaryImageOfPage":{"@id":"https:\/\/aconteceunovale.com.br\/portal\/?p=191215#primaryimage"},"image":{"@id":"https:\/\/aconteceunovale.com.br\/portal\/?p=191215#primaryimage"},"thumbnailUrl":"https:\/\/aconteceunovale.com.br\/portal\/wp-content\/uploads\/2022\/10\/congresso_brasil.jpg","datePublished":"2022-10-04T23:42:49+00:00","dateModified":"2022-10-04T23:43:30+00:00","author":{"@id":"https:\/\/aconteceunovale.com.br\/portal\/#\/schema\/person\/7d2f26d1483f8a63de73da1ee0754d35"},"breadcrumb":{"@id":"https:\/\/aconteceunovale.com.br\/portal\/?p=191215#breadcrumb"},"inLanguage":"pt-BR","potentialAction":[{"@type":"ReadAction","target":["https:\/\/aconteceunovale.com.br\/portal\/?p=191215"]}]},{"@type":"ImageObject","inLanguage":"pt-BR","@id":"https:\/\/aconteceunovale.com.br\/portal\/?p=191215#primaryimage","url":"https:\/\/aconteceunovale.com.br\/portal\/wp-content\/uploads\/2022\/10\/congresso_brasil.jpg","contentUrl":"https:\/\/aconteceunovale.com.br\/portal\/wp-content\/uploads\/2022\/10\/congresso_brasil.jpg","width":678,"height":406,"caption":"Pal\u00e1cio do Congresso Nacional na Esplanada dos Minist\u00e9rios em Bras\u00edlia"},{"@type":"BreadcrumbList","@id":"https:\/\/aconteceunovale.com.br\/portal\/?p=191215#breadcrumb","itemListElement":[{"@type":"ListItem","position":1,"name":"In\u00edcio","item":"https:\/\/aconteceunovale.com.br\/portal\/"},{"@type":"ListItem","position":2,"name":"Senado aprova realoca\u00e7\u00e3o de verba para piso da enfermagem"}]},{"@type":"WebSite","@id":"https:\/\/aconteceunovale.com.br\/portal\/#website","url":"https:\/\/aconteceunovale.com.br\/portal\/","name":"Aconteceu no Vale","description":"Portal de Not\u00edcias","potentialAction":[{"@type":"SearchAction","target":{"@type":"EntryPoint","urlTemplate":"https:\/\/aconteceunovale.com.br\/portal\/?s={search_term_string}"},"query-input":{"@type":"PropertyValueSpecification","valueRequired":true,"valueName":"search_term_string"}}],"inLanguage":"pt-BR"},{"@type":"Person","@id":"https:\/\/aconteceunovale.com.br\/portal\/#\/schema\/person\/7d2f26d1483f8a63de73da1ee0754d35","name":"Reda\u00e7\u00e3o Aconteceu no Vale","description":"Equipe de reportagem do Aconteceu no Vale, portal de not\u00edcias do Vale do Jequitinhonha, em Minas Gerais. Cobrimos as 51 cidades do Vale desde 2013. Sugest\u00f5es de pauta e pedidos de corre\u00e7\u00e3o: contato@aconteceunovale.com.br","url":"https:\/\/aconteceunovale.com.br\/portal\/?author=4"}]}},"_links":{"self":[{"href":"https:\/\/aconteceunovale.com.br\/portal\/index.php?rest_route=\/wp\/v2\/posts\/191215","targetHints":{"allow":["GET"]}}],"collection":[{"href":"https:\/\/aconteceunovale.com.br\/portal\/index.php?rest_route=\/wp\/v2\/posts"}],"about":[{"href":"https:\/\/aconteceunovale.com.br\/portal\/index.php?rest_route=\/wp\/v2\/types\/post"}],"author":[{"embeddable":true,"href":"https:\/\/aconteceunovale.com.br\/portal\/index.php?rest_route=\/wp\/v2\/users\/4"}],"replies":[{"embeddable":true,"href":"https:\/\/aconteceunovale.com.br\/portal\/index.php?rest_route=%2Fwp%2Fv2%2Fcomments&post=191215"}],"version-history":[{"count":1,"href":"https:\/\/aconteceunovale.com.br\/portal\/index.php?rest_route=\/wp\/v2\/posts\/191215\/revisions"}],"predecessor-version":[{"id":191216,"href":"https:\/\/aconteceunovale.com.br\/portal\/index.php?rest_route=\/wp\/v2\/posts\/191215\/revisions\/191216"}],"wp:featuredmedia":[{"embeddable":true,"href":"https:\/\/aconteceunovale.com.br\/portal\/index.php?rest_route=\/wp\/v2\/media\/191106"}],"wp:attachment":[{"href":"https:\/\/aconteceunovale.com.br\/portal\/index.php?rest_route=%2Fwp%2Fv2%2Fmedia&parent=191215"}],"wp:term":[{"taxonomy":"category","embeddable":true,"href":"https:\/\/aconteceunovale.com.br\/portal\/index.php?rest_route=%2Fwp%2Fv2%2Fcategories&post=191215"},{"taxonomy":"post_tag","embeddable":true,"href":"https:\/\/aconteceunovale.com.br\/portal\/index.php?rest_route=%2Fwp%2Fv2%2Ftags&post=191215"}],"curies":[{"name":"wp","href":"https:\/\/api.w.org\/{rel}","templated":true}]}}