{"id":191212,"date":"2022-10-04T16:46:49","date_gmt":"2022-10-04T19:46:49","guid":{"rendered":"https:\/\/aconteceunovale.com.br\/portal\/?p=191212"},"modified":"2022-10-04T20:38:46","modified_gmt":"2022-10-04T23:38:46","slug":"mato-grosso-intensifica-acoes-contra-crimes-ambientais","status":"publish","type":"post","link":"https:\/\/aconteceunovale.com.br\/portal\/?p=191212","title":{"rendered":"Mato Grosso intensifica a\u00e7\u00f5es contra crimes ambientais"},"content":{"rendered":"\n<p class=\"wp-block-paragraph\">O governo de Mato Grosso deflagrou hoje (4) a primeira etapa da opera\u00e7\u00e3o de repress\u00e3o aos crimes ambientais que realiza, anualmente, em todo o estado. Coordenada pelo Corpo de Bombeiros, a chamada Opera\u00e7\u00e3o Abafa Amaz\u00f4nia 2022 conta com a participa\u00e7\u00e3o de agentes de v\u00e1rios \u00f3rg\u00e3os estaduais, al\u00e9m de efetivos da For\u00e7a Nacional de Seguran\u00e7a P\u00fablica.<\/p>\n\n\n\n<figure class=\"wp-block-gallery has-nested-images columns-default is-cropped wp-block-gallery-1 is-layout-flex wp-block-gallery-is-layout-flex\">\n<figure class=\"wp-block-image size-large\"><img loading=\"lazy\" decoding=\"async\" width=\"678\" height=\"406\" data-id=\"191213\" src=\"https:\/\/aconteceunovale.com.br\/portal\/wp-content\/uploads\/2022\/10\/desmatamento.jpg\" alt=\"\" class=\"wp-image-191213\" srcset=\"https:\/\/aconteceunovale.com.br\/portal\/wp-content\/uploads\/2022\/10\/desmatamento.jpg 678w, https:\/\/aconteceunovale.com.br\/portal\/wp-content\/uploads\/2022\/10\/desmatamento-300x180.jpg 300w\" sizes=\"auto, (max-width: 678px) 100vw, 678px\" \/><figcaption><em><sub>Foto: Divulga\u00e7\u00e3o TV Brasil<\/sub><\/em><\/figcaption><\/figure>\n<\/figure>\n\n\n\n<p class=\"wp-block-paragraph\">Ao menos 40 servidores participam da primeira etapa da opera\u00e7\u00e3o, concentrada na regi\u00e3o norte do estado. Outras duas fases est\u00e3o programadas para ocorrer at\u00e9 o fim do ano em outras localidades. A proposta \u00e9 intensificar as a\u00e7\u00f5es ostensivas, incrementando a fiscaliza\u00e7\u00e3o contra o uso n\u00e3o autorizado de fogo, principalmente quando empregado para desmatar propriedades privadas.<\/p>\n\n\n\n<p class=\"wp-block-paragraph\">Segundo a comandante da opera\u00e7\u00e3o, Juciney Rodrigues, os pontos mais sens\u00edveis, com maior concentra\u00e7\u00e3o de focos de calor, j\u00e1 foram mapeados por sat\u00e9lite.<\/p>\n\n\n\n<p class=\"wp-block-paragraph\">\u201cBem como as \u00e1reas onde houve supress\u00e3o da vegeta\u00e7\u00e3o\u201d, disse a militar durante a cerim\u00f4nia de lan\u00e7amento da opera\u00e7\u00e3o, no Batalh\u00e3o de Emerg\u00eancias Ambientais do Corpo de Bombeiros, em Cuiab\u00e1.<\/p>\n\n\n\n<p class=\"wp-block-paragraph\">De acordo com o comandante-geral da corpora\u00e7\u00e3o, coronel Alessandro Borges, o trabalho de identificar e responsabilizar os culpados por crimes ambientais no estado foi precedido por a\u00e7\u00f5es de orienta\u00e7\u00e3o e preven\u00e7\u00e3o.<\/p>\n\n\n\n<p class=\"wp-block-paragraph\">\u201cMato Grosso fez um trabalho muito forte durante este ano. Mobilizou todo seu efetivo e investiu muito para que pud\u00e9ssemos ter um trabalho preventivo, de educa\u00e7\u00e3o ambiental, de orienta\u00e7\u00e3o e fiscaliza\u00e7\u00e3o preventiva. Depois, [fez] um trabalho de combate ao desmatamento e aos inc\u00eandios florestais. Agora, chegou o momento da responsabiliza\u00e7\u00e3o daqueles que teimam em n\u00e3o cumprir as normas, as leis ambientais\u201d, afirmou o coronel.<\/p>\n\n\n\n<h2 class=\"wp-block-heading\">Multas<\/h2>\n\n\n\n<p class=\"wp-block-paragraph\">Desde o in\u00edcio deste ano, os \u00f3rg\u00e3os estaduais j\u00e1 aplicaram R$ 287 milh\u00f5es em multas decorrentes do uso irregular do fogo. Segundo o secret\u00e1rio de Seguran\u00e7a P\u00fablica, Alexandre Bustamente, com o in\u00edcio da opera\u00e7\u00e3o, o rigor tende a ser ainda maior. \u201cA ideia agora \u00e9 toler\u00e2ncia zero com os crimes ambientais. Vamos para cima\u201d, disse.<\/p>\n\n\n\n<p class=\"wp-block-paragraph\">Sede de 141 dos 772 munic\u00edpios que formam a chamada Amaz\u00f4nia Legal, Mato Grosso estabeleceu leis restringindo o uso do fogo em \u00e1reas rurais at\u00e9 31 de outubro, devido ao potencial risco de inc\u00eandios florestais. Em \u00e1reas urbanas do estado, o uso do fogo \u00e9 proibido durante todo o ano.<\/p>\n\n\n\n<p class=\"wp-block-paragraph\">&#8212;&#8212;&#8212;&#8212;&#8212;&#8212;<br><br><strong>Sabia que o Aconteceu no Vale est\u00e1 tamb\u00e9m no Telegram? <a rel=\"noreferrer noopener\" href=\"https:\/\/t.me\/aconteceunovaleoficial\" target=\"_blank\">Inscreva-se no canal<\/a>.<\/strong><br><br><strong>J\u00e1 curtiu ou seguiu nossas p\u00e1ginas nas redes sociais?\u00a0Receba as not\u00edcias em primeira m\u00e3o:<\/strong><br>\u2022 <a rel=\"noreferrer noopener\" href=\"https:\/\/news.google.com\/publications\/CAAqBwgKMNjklQswi4etAw?hl=pt-BR&amp;gl=BR&amp;ceid=BR%3Apt-419\" target=\"_blank\">Google News<\/a><br>\u2022 <a rel=\"noreferrer noopener\" href=\"https:\/\/www.facebook.com\/aconteceunovale\/\" target=\"_blank\">Facebook<\/a><br>\u2022 <a rel=\"noreferrer noopener\" href=\"https:\/\/twitter.com\/noticiadosvales\" target=\"_blank\">Twitter<\/a><br>\u2022 <a rel=\"noreferrer noopener\" href=\"https:\/\/www.instagram.com\/aconteceunovale\" target=\"_blank\">Instagram<\/a><br>\u2022 <a rel=\"noreferrer noopener\" href=\"https:\/\/www.youtube.com\/AconteceunoValeOficial\" target=\"_blank\">Youtube<\/a><br>\u2022 <a rel=\"noreferrer noopener\" href=\"https:\/\/www.tiktok.com\/@aconteceunovale\" target=\"_blank\">TikTok<\/a><\/p>\n","protected":false},"excerpt":{"rendered":"<p>O governo de Mato Grosso deflagrou hoje (4) a primeira etapa da opera\u00e7\u00e3o de repress\u00e3o aos crimes ambientais que realiza, anualmente, em todo o estado. Coordenada pelo Corpo de Bombeiros, a chamada Opera\u00e7\u00e3o Abafa Amaz\u00f4nia 2022 conta com a participa\u00e7\u00e3o de agentes de v\u00e1rios \u00f3rg\u00e3os estaduais, al\u00e9m de efetivos da For\u00e7a Nacional de Seguran\u00e7a P\u00fablica. [&hellip;]<\/p>\n","protected":false},"author":4,"featured_media":191213,"comment_status":"open","ping_status":"closed","sticky":false,"template":"","format":"standard","meta":{"amp_status":"","footnotes":""},"categories":[6],"tags":[264683,264682,264685,264684,264686],"class_list":["post-191212","post","type-post","status-publish","format-standard","has-post-thumbnail","hentry","category-br","tag-crimes-ambientais-no-mato-grosso","tag-mato-grosso-intensifica-acoes-contra-crimes-ambientais","tag-operacao-abafa-amazonia-2022","tag-operacao-contra-crimes-ambientais-no-mato-grosso","tag-operacao-contra-o-desmatamento-na-floresta-amazonica"],"yoast_head":"<!-- This site is optimized with the Yoast SEO plugin v28.3 - https:\/\/yoast.com\/product\/yoast-seo-wordpress\/ -->\n<title>Mato Grosso intensifica a\u00e7\u00f5es contra crimes ambientais - Aconteceu no Vale<\/title>\n<meta name=\"robots\" content=\"index, follow, max-snippet:-1, max-image-preview:large, max-video-preview:-1\" \/>\n<link rel=\"canonical\" href=\"https:\/\/aconteceunovale.com.br\/portal\/?p=191212\" \/>\n<meta property=\"og:locale\" content=\"pt_BR\" \/>\n<meta property=\"og:type\" content=\"article\" \/>\n<meta property=\"og:title\" content=\"Mato Grosso intensifica a\u00e7\u00f5es contra crimes ambientais - Aconteceu no Vale\" \/>\n<meta property=\"og:description\" content=\"O governo de Mato Grosso deflagrou hoje (4) a primeira etapa da opera\u00e7\u00e3o de repress\u00e3o aos crimes ambientais que realiza, anualmente, em todo o estado. Coordenada pelo Corpo de Bombeiros, a chamada Opera\u00e7\u00e3o Abafa Amaz\u00f4nia 2022 conta com a participa\u00e7\u00e3o de agentes de v\u00e1rios \u00f3rg\u00e3os estaduais, al\u00e9m de efetivos da For\u00e7a Nacional de Seguran\u00e7a P\u00fablica. [&hellip;]\" \/>\n<meta property=\"og:url\" content=\"https:\/\/aconteceunovale.com.br\/portal\/?p=191212\" \/>\n<meta property=\"og:site_name\" content=\"Aconteceu no Vale\" \/>\n<meta property=\"article:publisher\" content=\"https:\/\/www.facebook.com\/aconteceunovale\/\" \/>\n<meta property=\"article:published_time\" content=\"2022-10-04T19:46:49+00:00\" \/>\n<meta property=\"article:modified_time\" content=\"2022-10-04T23:38:46+00:00\" \/>\n<meta property=\"og:image\" content=\"https:\/\/aconteceunovale.com.br\/portal\/wp-content\/uploads\/2022\/10\/desmatamento.jpg\" \/>\n\t<meta property=\"og:image:width\" content=\"678\" \/>\n\t<meta property=\"og:image:height\" content=\"406\" \/>\n\t<meta property=\"og:image:type\" content=\"image\/jpeg\" \/>\n<meta name=\"author\" content=\"Reda\u00e7\u00e3o Aconteceu no Vale\" \/>\n<meta name=\"twitter:card\" content=\"summary_large_image\" \/>\n<meta name=\"twitter:creator\" content=\"@noticiadosvales\" \/>\n<meta name=\"twitter:site\" content=\"@noticiadosvales\" \/>\n<meta name=\"twitter:label1\" content=\"Escrito por\" \/>\n\t<meta name=\"twitter:data1\" content=\"Reda\u00e7\u00e3o Aconteceu no Vale\" \/>\n\t<meta name=\"twitter:label2\" content=\"Est. tempo de leitura\" \/>\n\t<meta name=\"twitter:data2\" content=\"2 minutos\" \/>\n<script type=\"application\/ld+json\" class=\"yoast-schema-graph\">{\"@context\":\"https:\\\/\\\/schema.org\",\"@graph\":[{\"@type\":\"Article\",\"@id\":\"https:\\\/\\\/aconteceunovale.com.br\\\/portal\\\/?p=191212#article\",\"isPartOf\":{\"@id\":\"https:\\\/\\\/aconteceunovale.com.br\\\/portal\\\/?p=191212\"},\"author\":{\"name\":\"Reda\u00e7\u00e3o Aconteceu no Vale\",\"@id\":\"https:\\\/\\\/aconteceunovale.com.br\\\/portal\\\/#\\\/schema\\\/person\\\/7d2f26d1483f8a63de73da1ee0754d35\"},\"headline\":\"Mato Grosso intensifica a\u00e7\u00f5es contra crimes ambientais\",\"datePublished\":\"2022-10-04T19:46:49+00:00\",\"dateModified\":\"2022-10-04T23:38:46+00:00\",\"mainEntityOfPage\":{\"@id\":\"https:\\\/\\\/aconteceunovale.com.br\\\/portal\\\/?p=191212\"},\"wordCount\":458,\"commentCount\":0,\"image\":{\"@id\":\"https:\\\/\\\/aconteceunovale.com.br\\\/portal\\\/?p=191212#primaryimage\"},\"thumbnailUrl\":\"https:\\\/\\\/aconteceunovale.com.br\\\/portal\\\/wp-content\\\/uploads\\\/2022\\\/10\\\/desmatamento.jpg\",\"keywords\":[\"Crimes ambientais no Mato Grosso\",\"Mato Grosso intensifica a\u00e7\u00f5es contra crimes ambientais\",\"Opera\u00e7\u00e3o Abafa Amaz\u00f4nia 2022\",\"Opera\u00e7\u00e3o contra crimes ambientais no Mato Grosso\",\"Opera\u00e7\u00e3o contra o desmatamento na floresta Amaz\u00f4nica\"],\"articleSection\":[\"Brasil\"],\"inLanguage\":\"pt-BR\",\"potentialAction\":[{\"@type\":\"CommentAction\",\"name\":\"Comment\",\"target\":[\"https:\\\/\\\/aconteceunovale.com.br\\\/portal\\\/?p=191212#respond\"]}]},{\"@type\":\"WebPage\",\"@id\":\"https:\\\/\\\/aconteceunovale.com.br\\\/portal\\\/?p=191212\",\"url\":\"https:\\\/\\\/aconteceunovale.com.br\\\/portal\\\/?p=191212\",\"name\":\"Mato Grosso intensifica a\u00e7\u00f5es contra crimes ambientais - Aconteceu no Vale\",\"isPartOf\":{\"@id\":\"https:\\\/\\\/aconteceunovale.com.br\\\/portal\\\/#website\"},\"primaryImageOfPage\":{\"@id\":\"https:\\\/\\\/aconteceunovale.com.br\\\/portal\\\/?p=191212#primaryimage\"},\"image\":{\"@id\":\"https:\\\/\\\/aconteceunovale.com.br\\\/portal\\\/?p=191212#primaryimage\"},\"thumbnailUrl\":\"https:\\\/\\\/aconteceunovale.com.br\\\/portal\\\/wp-content\\\/uploads\\\/2022\\\/10\\\/desmatamento.jpg\",\"datePublished\":\"2022-10-04T19:46:49+00:00\",\"dateModified\":\"2022-10-04T23:38:46+00:00\",\"author\":{\"@id\":\"https:\\\/\\\/aconteceunovale.com.br\\\/portal\\\/#\\\/schema\\\/person\\\/7d2f26d1483f8a63de73da1ee0754d35\"},\"breadcrumb\":{\"@id\":\"https:\\\/\\\/aconteceunovale.com.br\\\/portal\\\/?p=191212#breadcrumb\"},\"inLanguage\":\"pt-BR\",\"potentialAction\":[{\"@type\":\"ReadAction\",\"target\":[\"https:\\\/\\\/aconteceunovale.com.br\\\/portal\\\/?p=191212\"]}]},{\"@type\":\"ImageObject\",\"inLanguage\":\"pt-BR\",\"@id\":\"https:\\\/\\\/aconteceunovale.com.br\\\/portal\\\/?p=191212#primaryimage\",\"url\":\"https:\\\/\\\/aconteceunovale.com.br\\\/portal\\\/wp-content\\\/uploads\\\/2022\\\/10\\\/desmatamento.jpg\",\"contentUrl\":\"https:\\\/\\\/aconteceunovale.com.br\\\/portal\\\/wp-content\\\/uploads\\\/2022\\\/10\\\/desmatamento.jpg\",\"width\":678,\"height\":406},{\"@type\":\"BreadcrumbList\",\"@id\":\"https:\\\/\\\/aconteceunovale.com.br\\\/portal\\\/?p=191212#breadcrumb\",\"itemListElement\":[{\"@type\":\"ListItem\",\"position\":1,\"name\":\"In\u00edcio\",\"item\":\"https:\\\/\\\/aconteceunovale.com.br\\\/portal\\\/\"},{\"@type\":\"ListItem\",\"position\":2,\"name\":\"Mato Grosso intensifica a\u00e7\u00f5es contra crimes ambientais\"}]},{\"@type\":\"WebSite\",\"@id\":\"https:\\\/\\\/aconteceunovale.com.br\\\/portal\\\/#website\",\"url\":\"https:\\\/\\\/aconteceunovale.com.br\\\/portal\\\/\",\"name\":\"Aconteceu no Vale\",\"description\":\"Portal de Not\u00edcias\",\"potentialAction\":[{\"@type\":\"SearchAction\",\"target\":{\"@type\":\"EntryPoint\",\"urlTemplate\":\"https:\\\/\\\/aconteceunovale.com.br\\\/portal\\\/?s={search_term_string}\"},\"query-input\":{\"@type\":\"PropertyValueSpecification\",\"valueRequired\":true,\"valueName\":\"search_term_string\"}}],\"inLanguage\":\"pt-BR\"},{\"@type\":\"Person\",\"@id\":\"https:\\\/\\\/aconteceunovale.com.br\\\/portal\\\/#\\\/schema\\\/person\\\/7d2f26d1483f8a63de73da1ee0754d35\",\"name\":\"Reda\u00e7\u00e3o Aconteceu no Vale\",\"description\":\"Equipe de reportagem do Aconteceu no Vale, portal de not\u00edcias do Vale do Jequitinhonha, em Minas Gerais. Cobrimos as 51 cidades do Vale desde 2013. Sugest\u00f5es de pauta e pedidos de corre\u00e7\u00e3o: contato@aconteceunovale.com.br\",\"url\":\"https:\\\/\\\/aconteceunovale.com.br\\\/portal\\\/?author=4\"}]}<\/script>\n<!-- \/ Yoast SEO plugin. -->","yoast_head_json":{"title":"Mato Grosso intensifica a\u00e7\u00f5es contra crimes ambientais - Aconteceu no Vale","robots":{"index":"index","follow":"follow","max-snippet":"max-snippet:-1","max-image-preview":"max-image-preview:large","max-video-preview":"max-video-preview:-1"},"canonical":"https:\/\/aconteceunovale.com.br\/portal\/?p=191212","og_locale":"pt_BR","og_type":"article","og_title":"Mato Grosso intensifica a\u00e7\u00f5es contra crimes ambientais - Aconteceu no Vale","og_description":"O governo de Mato Grosso deflagrou hoje (4) a primeira etapa da opera\u00e7\u00e3o de repress\u00e3o aos crimes ambientais que realiza, anualmente, em todo o estado. Coordenada pelo Corpo de Bombeiros, a chamada Opera\u00e7\u00e3o Abafa Amaz\u00f4nia 2022 conta com a participa\u00e7\u00e3o de agentes de v\u00e1rios \u00f3rg\u00e3os estaduais, al\u00e9m de efetivos da For\u00e7a Nacional de Seguran\u00e7a P\u00fablica. [&hellip;]","og_url":"https:\/\/aconteceunovale.com.br\/portal\/?p=191212","og_site_name":"Aconteceu no Vale","article_publisher":"https:\/\/www.facebook.com\/aconteceunovale\/","article_published_time":"2022-10-04T19:46:49+00:00","article_modified_time":"2022-10-04T23:38:46+00:00","og_image":[{"width":678,"height":406,"url":"https:\/\/aconteceunovale.com.br\/portal\/wp-content\/uploads\/2022\/10\/desmatamento.jpg","type":"image\/jpeg"}],"author":"Reda\u00e7\u00e3o Aconteceu no Vale","twitter_card":"summary_large_image","twitter_creator":"@noticiadosvales","twitter_site":"@noticiadosvales","twitter_misc":{"Escrito por":"Reda\u00e7\u00e3o Aconteceu no Vale","Est. tempo de leitura":"2 minutos"},"schema":{"@context":"https:\/\/schema.org","@graph":[{"@type":"Article","@id":"https:\/\/aconteceunovale.com.br\/portal\/?p=191212#article","isPartOf":{"@id":"https:\/\/aconteceunovale.com.br\/portal\/?p=191212"},"author":{"name":"Reda\u00e7\u00e3o Aconteceu no Vale","@id":"https:\/\/aconteceunovale.com.br\/portal\/#\/schema\/person\/7d2f26d1483f8a63de73da1ee0754d35"},"headline":"Mato Grosso intensifica a\u00e7\u00f5es contra crimes ambientais","datePublished":"2022-10-04T19:46:49+00:00","dateModified":"2022-10-04T23:38:46+00:00","mainEntityOfPage":{"@id":"https:\/\/aconteceunovale.com.br\/portal\/?p=191212"},"wordCount":458,"commentCount":0,"image":{"@id":"https:\/\/aconteceunovale.com.br\/portal\/?p=191212#primaryimage"},"thumbnailUrl":"https:\/\/aconteceunovale.com.br\/portal\/wp-content\/uploads\/2022\/10\/desmatamento.jpg","keywords":["Crimes ambientais no Mato Grosso","Mato Grosso intensifica a\u00e7\u00f5es contra crimes ambientais","Opera\u00e7\u00e3o Abafa Amaz\u00f4nia 2022","Opera\u00e7\u00e3o contra crimes ambientais no Mato Grosso","Opera\u00e7\u00e3o contra o desmatamento na floresta Amaz\u00f4nica"],"articleSection":["Brasil"],"inLanguage":"pt-BR","potentialAction":[{"@type":"CommentAction","name":"Comment","target":["https:\/\/aconteceunovale.com.br\/portal\/?p=191212#respond"]}]},{"@type":"WebPage","@id":"https:\/\/aconteceunovale.com.br\/portal\/?p=191212","url":"https:\/\/aconteceunovale.com.br\/portal\/?p=191212","name":"Mato Grosso intensifica a\u00e7\u00f5es contra crimes ambientais - Aconteceu no Vale","isPartOf":{"@id":"https:\/\/aconteceunovale.com.br\/portal\/#website"},"primaryImageOfPage":{"@id":"https:\/\/aconteceunovale.com.br\/portal\/?p=191212#primaryimage"},"image":{"@id":"https:\/\/aconteceunovale.com.br\/portal\/?p=191212#primaryimage"},"thumbnailUrl":"https:\/\/aconteceunovale.com.br\/portal\/wp-content\/uploads\/2022\/10\/desmatamento.jpg","datePublished":"2022-10-04T19:46:49+00:00","dateModified":"2022-10-04T23:38:46+00:00","author":{"@id":"https:\/\/aconteceunovale.com.br\/portal\/#\/schema\/person\/7d2f26d1483f8a63de73da1ee0754d35"},"breadcrumb":{"@id":"https:\/\/aconteceunovale.com.br\/portal\/?p=191212#breadcrumb"},"inLanguage":"pt-BR","potentialAction":[{"@type":"ReadAction","target":["https:\/\/aconteceunovale.com.br\/portal\/?p=191212"]}]},{"@type":"ImageObject","inLanguage":"pt-BR","@id":"https:\/\/aconteceunovale.com.br\/portal\/?p=191212#primaryimage","url":"https:\/\/aconteceunovale.com.br\/portal\/wp-content\/uploads\/2022\/10\/desmatamento.jpg","contentUrl":"https:\/\/aconteceunovale.com.br\/portal\/wp-content\/uploads\/2022\/10\/desmatamento.jpg","width":678,"height":406},{"@type":"BreadcrumbList","@id":"https:\/\/aconteceunovale.com.br\/portal\/?p=191212#breadcrumb","itemListElement":[{"@type":"ListItem","position":1,"name":"In\u00edcio","item":"https:\/\/aconteceunovale.com.br\/portal\/"},{"@type":"ListItem","position":2,"name":"Mato Grosso intensifica a\u00e7\u00f5es contra crimes ambientais"}]},{"@type":"WebSite","@id":"https:\/\/aconteceunovale.com.br\/portal\/#website","url":"https:\/\/aconteceunovale.com.br\/portal\/","name":"Aconteceu no Vale","description":"Portal de Not\u00edcias","potentialAction":[{"@type":"SearchAction","target":{"@type":"EntryPoint","urlTemplate":"https:\/\/aconteceunovale.com.br\/portal\/?s={search_term_string}"},"query-input":{"@type":"PropertyValueSpecification","valueRequired":true,"valueName":"search_term_string"}}],"inLanguage":"pt-BR"},{"@type":"Person","@id":"https:\/\/aconteceunovale.com.br\/portal\/#\/schema\/person\/7d2f26d1483f8a63de73da1ee0754d35","name":"Reda\u00e7\u00e3o Aconteceu no Vale","description":"Equipe de reportagem do Aconteceu no Vale, portal de not\u00edcias do Vale do Jequitinhonha, em Minas Gerais. Cobrimos as 51 cidades do Vale desde 2013. Sugest\u00f5es de pauta e pedidos de corre\u00e7\u00e3o: contato@aconteceunovale.com.br","url":"https:\/\/aconteceunovale.com.br\/portal\/?author=4"}]}},"_links":{"self":[{"href":"https:\/\/aconteceunovale.com.br\/portal\/index.php?rest_route=\/wp\/v2\/posts\/191212","targetHints":{"allow":["GET"]}}],"collection":[{"href":"https:\/\/aconteceunovale.com.br\/portal\/index.php?rest_route=\/wp\/v2\/posts"}],"about":[{"href":"https:\/\/aconteceunovale.com.br\/portal\/index.php?rest_route=\/wp\/v2\/types\/post"}],"author":[{"embeddable":true,"href":"https:\/\/aconteceunovale.com.br\/portal\/index.php?rest_route=\/wp\/v2\/users\/4"}],"replies":[{"embeddable":true,"href":"https:\/\/aconteceunovale.com.br\/portal\/index.php?rest_route=%2Fwp%2Fv2%2Fcomments&post=191212"}],"version-history":[{"count":1,"href":"https:\/\/aconteceunovale.com.br\/portal\/index.php?rest_route=\/wp\/v2\/posts\/191212\/revisions"}],"predecessor-version":[{"id":191214,"href":"https:\/\/aconteceunovale.com.br\/portal\/index.php?rest_route=\/wp\/v2\/posts\/191212\/revisions\/191214"}],"wp:featuredmedia":[{"embeddable":true,"href":"https:\/\/aconteceunovale.com.br\/portal\/index.php?rest_route=\/wp\/v2\/media\/191213"}],"wp:attachment":[{"href":"https:\/\/aconteceunovale.com.br\/portal\/index.php?rest_route=%2Fwp%2Fv2%2Fmedia&parent=191212"}],"wp:term":[{"taxonomy":"category","embeddable":true,"href":"https:\/\/aconteceunovale.com.br\/portal\/index.php?rest_route=%2Fwp%2Fv2%2Fcategories&post=191212"},{"taxonomy":"post_tag","embeddable":true,"href":"https:\/\/aconteceunovale.com.br\/portal\/index.php?rest_route=%2Fwp%2Fv2%2Ftags&post=191212"}],"curies":[{"name":"wp","href":"https:\/\/api.w.org\/{rel}","templated":true}]}}