{"id":19120,"date":"2014-01-23T09:31:17","date_gmt":"2014-01-23T11:31:17","guid":{"rendered":"http:\/\/aconteceunovale.com.br\/portal\/?p=19120"},"modified":"2014-01-23T09:31:17","modified_gmt":"2014-01-23T11:31:17","slug":"julgamento-de-dois-reus-da-chacina-de-felisburgo-sera-nesta-quinta-feira","status":"publish","type":"post","link":"https:\/\/aconteceunovale.com.br\/portal\/?p=19120","title":{"rendered":"Julgamento de dois r\u00e9us da chacina de Felisburgo ser\u00e1 nesta quinta-feira"},"content":{"rendered":"<p>Est\u00e1 previsto para esta quinta-feira (23\/01) o julgamento de mais dois r\u00e9us acusados de invadir o acampamento Terra Prometida e matar cinco trabalhadores sem terra no munic\u00edpio de Felisburgo, no Vale do Jequitinhonha.<\/p>\n<p><img decoding=\"async\" src=\"http:\/\/aconteceunovale.com.br\/portal\/wp-content\/uploads\/2014\/01\/chacina_de_felisburgo_condenados_23.jpg\" alt=\"\" \/><br \/>\n<strong><em>Milton (\u00e1 esquerda.) ser\u00e1 julgado nesta quinta; Chafik (centro) e Washington (\u00e0 direita.) j\u00e1 foram julgados.<\/em><\/strong><\/p>\n<p>O crime aconteceu em 2004, mas at\u00e9 agora apenas o mandante dos assassinatos, o fazendeiro Adriano Chafik Luedy, e seu capataz, Washington Agostinho da Silva, foram condenados pelo crime que ficou conhecido como Chacina de Felisburgo.<\/p>\n<p>Nesta quinta-feira, ser\u00e3o julgados Francisco de Assis Rodrigues de Oliveira e Milton Francisco de Souza.<\/p>\n<p>De acordo com a den\u00fancia oferecida pelo Minist\u00e9rio P\u00fablico, eles teriam atirado contra homens, mulheres e crian\u00e7as, matando cinco pessoas e deixando outras 12 feridas. Al\u00e9m disso, os acusados teriam ainda incendiado 27 resid\u00eancias e uma escola do acampamento montando na Fazenda Nova Alegria, de propriedade de Adriano Chafik. Eles respondem pelos crimes de homic\u00eddio qualificado e inc\u00eandio.<\/p>\n<p>O julgamento deve acontecer no plen\u00e1rio do 2\u00ba Tribunal do J\u00fari do F\u00f3rum Lafayette em Belo Horizonte e ser\u00e1 presidido pelo juiz Glauco Eduardo Soares Fernandes, mesmo magistrado que julgou os demais acusados. A previs\u00e3o \u00e9 que a sess\u00e3o tenha in\u00edcio \u00e0s 8h30.<\/p>\n<p>Inicialmente, Francisco e Milton sentariam no banco dos r\u00e9us juntamente com os demais envolvidos. No entanto, em outubro do ano passado, a Justi\u00e7a mineira decidiu pelo desmembramento do processo.<\/p>\n<p>Na ocasi\u00e3o, Adriano Chafik foi condenado a 115 anos de pris\u00e3o e Washington pegou 97 anos e 6 meses, pelos crimes de homic\u00eddio qualificado, les\u00e3o corporal, inc\u00eandio e forma\u00e7\u00e3o de quadrilha. Mas, o juiz Glauco Fernandes concedeu aos acusados o direito de recorrer em liberdade, considerando que eles estavam beneficiados por liminar do Superior Tribunal de Justi\u00e7a (STJ).<\/p>\n<p><strong>Chacina de Felisburgo<\/strong><\/p>\n<p>A chacina de Felisburgo aconteceu em 20 de novembro de 2004 no acampamento Terra Prometida, na fazenda Nova Alegria, em Felisburgo, no Vale do Jequitinhonha. Na ocasi\u00e3o, cinco trabalhadores rurais &#8211; Iraguiar Ferreira da Silva, de 23 anos, Miguel Jorge dos Santos, de 56, Francisco Nascimento Rocha, de 72, Juvenal Jorge da Silva, de 65, e Joaquim Jos\u00e9 dos Santos, de 48 &#8211; foram assassinados e cerca de 12 pessoas ficaram feridas, inclusive crian\u00e7as.<\/p>\n<p>As cinco v\u00edtimas foram executadas com tiros \u00e0 queima-roupa. O fazendeiro Adriano Chafik, principal r\u00e9u do processo, confessou ter participado do crime, mas poucos dias depois conseguiu, por meio de habeas corpus, responder ao processo em liberdade.<\/p>\n<p>As fam\u00edlias sem terra montaram acampamento na fazenda Nova Alegria em 2002 e tinham denunciado \u00e0 Pol\u00edcia Civil algumas amea\u00e7as por parte dos fazendeiros. No mesmo ano, 567 dos 1.700 hectares da fazenda foram decretados pelo Instituto de Terra de Minas Gerais (ITER) como terra devoluta, ou seja, \u00e1rea do Estado e que deveria ser devolvida para as fam\u00edlias.<\/p>\n<p><em>(Fonte: Jornal Hoje em Dia)<\/em><\/p>\n","protected":false},"excerpt":{"rendered":"<p>Est\u00e1 previsto para esta quinta-feira (23\/01) o julgamento de mais dois r\u00e9us acusados de invadir o acampamento Terra Prometida e matar cinco trabalhadores sem terra no munic\u00edpio de Felisburgo, no Vale do Jequitinhonha. Milton (\u00e1 esquerda.) ser\u00e1 julgado nesta quinta; Chafik (centro) e Washington (\u00e0 direita.) j\u00e1 foram julgados. O crime aconteceu em 2004, mas [&hellip;]<\/p>\n","protected":false},"author":1,"featured_media":19121,"comment_status":"open","ping_status":"closed","sticky":false,"template":"","format":"standard","meta":{"amp_status":"","footnotes":""},"categories":[120],"tags":[3355,135,136,3356,3354,3357,3358],"class_list":["post-19120","post","type-post","status-publish","format-standard","has-post-thumbnail","hentry","category-jequi","tag-adriano-chafik-luedy","tag-chacina-de-felisburgo","tag-felisburgo","tag-francisco-de-assis-rodrigues-de-oliveira","tag-julgamento-de-dois-reus-da-chacina-de-felisburgo-sera-nesta-quinta-feira","tag-milton-francisco-de-souza","tag-washington-agostinho-da-silva"],"_links":{"self":[{"href":"https:\/\/aconteceunovale.com.br\/portal\/index.php?rest_route=\/wp\/v2\/posts\/19120","targetHints":{"allow":["GET"]}}],"collection":[{"href":"https:\/\/aconteceunovale.com.br\/portal\/index.php?rest_route=\/wp\/v2\/posts"}],"about":[{"href":"https:\/\/aconteceunovale.com.br\/portal\/index.php?rest_route=\/wp\/v2\/types\/post"}],"author":[{"embeddable":true,"href":"https:\/\/aconteceunovale.com.br\/portal\/index.php?rest_route=\/wp\/v2\/users\/1"}],"replies":[{"embeddable":true,"href":"https:\/\/aconteceunovale.com.br\/portal\/index.php?rest_route=%2Fwp%2Fv2%2Fcomments&post=19120"}],"version-history":[{"count":0,"href":"https:\/\/aconteceunovale.com.br\/portal\/index.php?rest_route=\/wp\/v2\/posts\/19120\/revisions"}],"wp:featuredmedia":[{"embeddable":true,"href":"https:\/\/aconteceunovale.com.br\/portal\/index.php?rest_route=\/wp\/v2\/media\/19121"}],"wp:attachment":[{"href":"https:\/\/aconteceunovale.com.br\/portal\/index.php?rest_route=%2Fwp%2Fv2%2Fmedia&parent=19120"}],"wp:term":[{"taxonomy":"category","embeddable":true,"href":"https:\/\/aconteceunovale.com.br\/portal\/index.php?rest_route=%2Fwp%2Fv2%2Fcategories&post=19120"},{"taxonomy":"post_tag","embeddable":true,"href":"https:\/\/aconteceunovale.com.br\/portal\/index.php?rest_route=%2Fwp%2Fv2%2Ftags&post=19120"}],"curies":[{"name":"wp","href":"https:\/\/api.w.org\/{rel}","templated":true}]}}