{"id":191195,"date":"2022-10-04T20:19:28","date_gmt":"2022-10-04T23:19:28","guid":{"rendered":"https:\/\/aconteceunovale.com.br\/portal\/?p=191195"},"modified":"2022-10-04T22:15:55","modified_gmt":"2022-10-05T01:15:55","slug":"tribunal-superior-eleitoral-tera-medidas-para-evitar-filas-no-segundo-turno","status":"publish","type":"post","link":"https:\/\/aconteceunovale.com.br\/portal\/?p=191195","title":{"rendered":"Tribunal Superior Eleitoral ter\u00e1 medidas para evitar filas no segundo turno"},"content":{"rendered":"\n<p class=\"wp-block-paragraph\">O presidente do Tribunal Superior Eleitoral (TSE), ministro Alexandre de Moraes, disse hoje (4\/10\/2022), em Bras\u00edlia, que a institui\u00e7\u00e3o est\u00e1 tomando as medidas necess\u00e1rias para evitar que os eleitores enfrentem filas no segundo turno das elei\u00e7\u00f5es, a ser realizado em 30 de outubro.<\/p>\n\n\n\n<figure class=\"wp-block-gallery has-nested-images columns-default is-cropped wp-block-gallery-1 is-layout-flex wp-block-gallery-is-layout-flex\">\n<figure class=\"wp-block-image size-large\"><img loading=\"lazy\" decoding=\"async\" width=\"678\" height=\"406\" data-id=\"191196\" src=\"https:\/\/aconteceunovale.com.br\/portal\/wp-content\/uploads\/2022\/10\/presidente_tse_moraes.jpg\" alt=\"\" class=\"wp-image-191196\" srcset=\"https:\/\/aconteceunovale.com.br\/portal\/wp-content\/uploads\/2022\/10\/presidente_tse_moraes.jpg 678w, https:\/\/aconteceunovale.com.br\/portal\/wp-content\/uploads\/2022\/10\/presidente_tse_moraes-300x180.jpg 300w\" sizes=\"auto, (max-width: 678px) 100vw, 678px\" \/><figcaption><em><sub>Foto: Marcelo Camargo\/Ag\u00eancia Brasil<\/sub><\/em><\/figcaption><\/figure>\n<\/figure>\n\n\n\n<p class=\"wp-block-paragraph\">No domingo (2), eleitores de diversas se\u00e7\u00f5es eleitorais em todo o pa\u00eds reclamaram de imensas filas para votar. As filas tamb\u00e9m foram observadas pela miss\u00e3o da Organiza\u00e7\u00e3o dos Estados Americanos (OEA) que acompanhou a vota\u00e7\u00e3o no Brasil.&nbsp;<\/p>\n\n\n\n<p class=\"wp-block-paragraph\">Durante a abertura da primeira sess\u00e3o do TSE ap\u00f3s o primeiro turno, Moraes disse que os problemas que causaram as filas est\u00e3o sendo equacionados com os tribunais regionais eleitorais (TREs).&nbsp;<\/p>\n\n\n\n<h2 class=\"wp-block-heading\">Apelo<\/h2>\n\n\n\n<p class=\"wp-block-paragraph\">&#8220;O TSE j\u00e1 est\u00e1 planilhando e tomando todas as medidas necess\u00e1rias para que as filas que ocorreram em algumas se\u00e7\u00f5es eleitorais n\u00e3o voltem a acontecer no pr\u00f3ximo turno. Isso ser\u00e1 realizado para que o eleitor tenha&nbsp;uma vota\u00e7\u00e3o mais confort\u00e1vel&#8221;, afirmou. Ele conclamou os eleitores para que participem do segundo turno.&nbsp;<\/p>\n\n\n\n<p class=\"wp-block-paragraph\">&#8220;O comparecimento de todos os eleitores \u00e9 muito importante para que n\u00f3s possamos novamente demonstrar a maturidade da democracia brasileira e completar esse ciclo eleitoral das elei\u00e7\u00f5es gerais de 2022&#8221;, concluiu.&nbsp;<\/p>\n\n\n\n<h2 class=\"wp-block-heading\">N\u00fameros do primeiro turno&nbsp;<\/h2>\n\n\n\n<p class=\"wp-block-paragraph\">No discurso, Moraes tamb\u00e9m destacou o aumento de candidatos negros e mulheres que foram eleitas para a C\u00e2mara dos Deputados. Segundo o ministro, dos 513 parlamentares, 91 s\u00e3o mulheres, n\u00famero que representa 17,7% do total. 27 dos eleitos se declararam pretos (5,26%).<\/p>\n\n\n\n<p class=\"wp-block-paragraph\">Dos 156 milh\u00f5es de eleitores que estavam aptos a votar, 123 milh\u00f5es (80%) compareceram \u00e0s urnas. A absten\u00e7\u00e3o foi de 20,95%, n\u00famero que est\u00e1 na m\u00e9dia registrada em elei\u00e7\u00f5es anteriores, segundo o ministro.&nbsp;<\/p>\n\n\n\n<p class=\"wp-block-paragraph\">Foram registrados 118 milh\u00f5es de votos v\u00e1lidos, 3,4 milh\u00f5es de nulos (2,82% do total) e 1,9 milh\u00e3o de brancos (1,59%).&nbsp;<\/p>\n\n\n\n<p class=\"wp-block-paragraph\">&#8212;&#8212;&#8212;&#8212;&#8212;&#8212;<br><br><strong>Sabia que o Aconteceu no Vale est\u00e1 tamb\u00e9m no Telegram? <a rel=\"noreferrer noopener\" href=\"https:\/\/t.me\/aconteceunovaleoficial\" target=\"_blank\">Inscreva-se no canal<\/a>.<\/strong><br><br><strong>J\u00e1 curtiu ou seguiu nossas p\u00e1ginas nas redes sociais?&nbsp;Receba as not\u00edcias em primeira m\u00e3o:<\/strong><br>\u2022 <a rel=\"noreferrer noopener\" href=\"https:\/\/news.google.com\/publications\/CAAqBwgKMNjklQswi4etAw?hl=pt-BR&amp;gl=BR&amp;ceid=BR%3Apt-419\" target=\"_blank\">Google News<\/a><br>\u2022 <a rel=\"noreferrer noopener\" href=\"https:\/\/www.facebook.com\/aconteceunovale\/\" target=\"_blank\">Facebook<\/a><br>\u2022 <a rel=\"noreferrer noopener\" href=\"https:\/\/twitter.com\/noticiadosvales\" target=\"_blank\">Twitter<\/a><br>\u2022 <a rel=\"noreferrer noopener\" href=\"https:\/\/www.instagram.com\/aconteceunovale\" target=\"_blank\">Instagram<\/a><br>\u2022 <a rel=\"noreferrer noopener\" href=\"https:\/\/www.youtube.com\/AconteceunoValeOficial\" target=\"_blank\">Youtube<\/a><br>\u2022 <a rel=\"noreferrer noopener\" href=\"https:\/\/www.tiktok.com\/@aconteceunovale\" target=\"_blank\">TikTok<\/a><\/p>\n","protected":false},"excerpt":{"rendered":"<p>O presidente do Tribunal Superior Eleitoral (TSE), ministro Alexandre de Moraes, disse hoje (4\/10\/2022), em Bras\u00edlia, que a institui\u00e7\u00e3o est\u00e1 tomando as medidas necess\u00e1rias para evitar que os eleitores enfrentem filas no segundo turno das elei\u00e7\u00f5es, a ser realizado em 30 de outubro. No domingo (2), eleitores de diversas se\u00e7\u00f5es eleitorais em todo o pa\u00eds [&hellip;]<\/p>\n","protected":false},"author":4,"featured_media":191196,"comment_status":"open","ping_status":"closed","sticky":false,"template":"","format":"standard","meta":{"amp_status":"","footnotes":""},"categories":[6,249933],"tags":[35211,264671,264670,264672,18448,94060,264669,267],"class_list":["post-191195","post","type-post","status-publish","format-standard","has-post-thumbnail","hentry","category-br","category-eleicoes-2022","tag-alexandre-de-moraes","tag-filas-no-primeiro-turno","tag-filas-para-votar","tag-medidas-para-evitar-filas-no-segundo-turno","tag-segundo-turno","tag-tribunal-superior-eleitoral","tag-tribunal-superior-eleitoral-tera-medidas-para-evitar-filas-no-segundo-turno","tag-tse"],"yoast_head":"<!-- This site is optimized with the Yoast SEO plugin v28.3 - https:\/\/yoast.com\/product\/yoast-seo-wordpress\/ -->\n<title>Tribunal Superior Eleitoral ter\u00e1 medidas para evitar filas no segundo turno - Aconteceu no Vale<\/title>\n<meta name=\"robots\" content=\"index, follow, max-snippet:-1, max-image-preview:large, max-video-preview:-1\" \/>\n<link rel=\"canonical\" href=\"https:\/\/aconteceunovale.com.br\/portal\/?p=191195\" \/>\n<meta property=\"og:locale\" content=\"pt_BR\" \/>\n<meta property=\"og:type\" content=\"article\" \/>\n<meta property=\"og:title\" content=\"Tribunal Superior Eleitoral ter\u00e1 medidas para evitar filas no segundo turno - Aconteceu no Vale\" \/>\n<meta property=\"og:description\" content=\"O presidente do Tribunal Superior Eleitoral (TSE), ministro Alexandre de Moraes, disse hoje (4\/10\/2022), em Bras\u00edlia, que a institui\u00e7\u00e3o est\u00e1 tomando as medidas necess\u00e1rias para evitar que os eleitores enfrentem filas no segundo turno das elei\u00e7\u00f5es, a ser realizado em 30 de outubro. No domingo (2), eleitores de diversas se\u00e7\u00f5es eleitorais em todo o pa\u00eds [&hellip;]\" \/>\n<meta property=\"og:url\" content=\"https:\/\/aconteceunovale.com.br\/portal\/?p=191195\" \/>\n<meta property=\"og:site_name\" content=\"Aconteceu no Vale\" \/>\n<meta property=\"article:publisher\" content=\"https:\/\/www.facebook.com\/aconteceunovale\/\" \/>\n<meta property=\"article:published_time\" content=\"2022-10-04T23:19:28+00:00\" \/>\n<meta property=\"article:modified_time\" content=\"2022-10-05T01:15:55+00:00\" \/>\n<meta property=\"og:image\" content=\"https:\/\/aconteceunovale.com.br\/portal\/wp-content\/uploads\/2022\/10\/presidente_tse_moraes.jpg\" \/>\n\t<meta property=\"og:image:width\" content=\"678\" \/>\n\t<meta property=\"og:image:height\" content=\"406\" \/>\n\t<meta property=\"og:image:type\" content=\"image\/jpeg\" \/>\n<meta name=\"author\" content=\"Reda\u00e7\u00e3o Aconteceu no Vale\" \/>\n<meta name=\"twitter:card\" content=\"summary_large_image\" \/>\n<meta name=\"twitter:creator\" content=\"@noticiadosvales\" \/>\n<meta name=\"twitter:site\" content=\"@noticiadosvales\" \/>\n<meta name=\"twitter:label1\" content=\"Escrito por\" \/>\n\t<meta name=\"twitter:data1\" content=\"Reda\u00e7\u00e3o Aconteceu no Vale\" \/>\n\t<meta name=\"twitter:label2\" content=\"Est. tempo de leitura\" \/>\n\t<meta name=\"twitter:data2\" content=\"2 minutos\" \/>\n<script type=\"application\/ld+json\" class=\"yoast-schema-graph\">{\"@context\":\"https:\\\/\\\/schema.org\",\"@graph\":[{\"@type\":\"Article\",\"@id\":\"https:\\\/\\\/aconteceunovale.com.br\\\/portal\\\/?p=191195#article\",\"isPartOf\":{\"@id\":\"https:\\\/\\\/aconteceunovale.com.br\\\/portal\\\/?p=191195\"},\"author\":{\"name\":\"Reda\u00e7\u00e3o Aconteceu no Vale\",\"@id\":\"https:\\\/\\\/aconteceunovale.com.br\\\/portal\\\/#\\\/schema\\\/person\\\/7d2f26d1483f8a63de73da1ee0754d35\"},\"headline\":\"Tribunal Superior Eleitoral ter\u00e1 medidas para evitar filas no segundo turno\",\"datePublished\":\"2022-10-04T23:19:28+00:00\",\"dateModified\":\"2022-10-05T01:15:55+00:00\",\"mainEntityOfPage\":{\"@id\":\"https:\\\/\\\/aconteceunovale.com.br\\\/portal\\\/?p=191195\"},\"wordCount\":375,\"commentCount\":0,\"image\":{\"@id\":\"https:\\\/\\\/aconteceunovale.com.br\\\/portal\\\/?p=191195#primaryimage\"},\"thumbnailUrl\":\"https:\\\/\\\/aconteceunovale.com.br\\\/portal\\\/wp-content\\\/uploads\\\/2022\\\/10\\\/presidente_tse_moraes.jpg\",\"keywords\":[\"Alexandre de Moraes\",\"Filas no primeiro turno\",\"Filas para votar\",\"Medidas para evitar filas no segundo turno\",\"segundo turno\",\"Tribunal Superior Eleitoral\",\"Tribunal Superior Eleitoral ter\u00e1 medidas para evitar filas no segundo turno\",\"TSE\"],\"articleSection\":[\"Brasil\",\"Elei\u00e7\u00f5es 2022\"],\"inLanguage\":\"pt-BR\",\"potentialAction\":[{\"@type\":\"CommentAction\",\"name\":\"Comment\",\"target\":[\"https:\\\/\\\/aconteceunovale.com.br\\\/portal\\\/?p=191195#respond\"]}]},{\"@type\":\"WebPage\",\"@id\":\"https:\\\/\\\/aconteceunovale.com.br\\\/portal\\\/?p=191195\",\"url\":\"https:\\\/\\\/aconteceunovale.com.br\\\/portal\\\/?p=191195\",\"name\":\"Tribunal Superior Eleitoral ter\u00e1 medidas para evitar filas no segundo turno - Aconteceu no Vale\",\"isPartOf\":{\"@id\":\"https:\\\/\\\/aconteceunovale.com.br\\\/portal\\\/#website\"},\"primaryImageOfPage\":{\"@id\":\"https:\\\/\\\/aconteceunovale.com.br\\\/portal\\\/?p=191195#primaryimage\"},\"image\":{\"@id\":\"https:\\\/\\\/aconteceunovale.com.br\\\/portal\\\/?p=191195#primaryimage\"},\"thumbnailUrl\":\"https:\\\/\\\/aconteceunovale.com.br\\\/portal\\\/wp-content\\\/uploads\\\/2022\\\/10\\\/presidente_tse_moraes.jpg\",\"datePublished\":\"2022-10-04T23:19:28+00:00\",\"dateModified\":\"2022-10-05T01:15:55+00:00\",\"author\":{\"@id\":\"https:\\\/\\\/aconteceunovale.com.br\\\/portal\\\/#\\\/schema\\\/person\\\/7d2f26d1483f8a63de73da1ee0754d35\"},\"breadcrumb\":{\"@id\":\"https:\\\/\\\/aconteceunovale.com.br\\\/portal\\\/?p=191195#breadcrumb\"},\"inLanguage\":\"pt-BR\",\"potentialAction\":[{\"@type\":\"ReadAction\",\"target\":[\"https:\\\/\\\/aconteceunovale.com.br\\\/portal\\\/?p=191195\"]}]},{\"@type\":\"ImageObject\",\"inLanguage\":\"pt-BR\",\"@id\":\"https:\\\/\\\/aconteceunovale.com.br\\\/portal\\\/?p=191195#primaryimage\",\"url\":\"https:\\\/\\\/aconteceunovale.com.br\\\/portal\\\/wp-content\\\/uploads\\\/2022\\\/10\\\/presidente_tse_moraes.jpg\",\"contentUrl\":\"https:\\\/\\\/aconteceunovale.com.br\\\/portal\\\/wp-content\\\/uploads\\\/2022\\\/10\\\/presidente_tse_moraes.jpg\",\"width\":678,\"height\":406,\"caption\":\"O presidente do Tribunal Superior Eleitoral, Alexandre de Moraes, durante coletiva de imprensa no Centro de Divulga\u00e7\u00e3o das Elei\u00e7\u00f5es.\"},{\"@type\":\"BreadcrumbList\",\"@id\":\"https:\\\/\\\/aconteceunovale.com.br\\\/portal\\\/?p=191195#breadcrumb\",\"itemListElement\":[{\"@type\":\"ListItem\",\"position\":1,\"name\":\"In\u00edcio\",\"item\":\"https:\\\/\\\/aconteceunovale.com.br\\\/portal\\\/\"},{\"@type\":\"ListItem\",\"position\":2,\"name\":\"Tribunal Superior Eleitoral ter\u00e1 medidas para evitar filas no segundo turno\"}]},{\"@type\":\"WebSite\",\"@id\":\"https:\\\/\\\/aconteceunovale.com.br\\\/portal\\\/#website\",\"url\":\"https:\\\/\\\/aconteceunovale.com.br\\\/portal\\\/\",\"name\":\"Aconteceu no Vale\",\"description\":\"Portal de Not\u00edcias\",\"potentialAction\":[{\"@type\":\"SearchAction\",\"target\":{\"@type\":\"EntryPoint\",\"urlTemplate\":\"https:\\\/\\\/aconteceunovale.com.br\\\/portal\\\/?s={search_term_string}\"},\"query-input\":{\"@type\":\"PropertyValueSpecification\",\"valueRequired\":true,\"valueName\":\"search_term_string\"}}],\"inLanguage\":\"pt-BR\"},{\"@type\":\"Person\",\"@id\":\"https:\\\/\\\/aconteceunovale.com.br\\\/portal\\\/#\\\/schema\\\/person\\\/7d2f26d1483f8a63de73da1ee0754d35\",\"name\":\"Reda\u00e7\u00e3o Aconteceu no Vale\",\"description\":\"Equipe de reportagem do Aconteceu no Vale, portal de not\u00edcias do Vale do Jequitinhonha, em Minas Gerais. Cobrimos as 51 cidades do Vale desde 2013. Sugest\u00f5es de pauta e pedidos de corre\u00e7\u00e3o: contato@aconteceunovale.com.br\",\"url\":\"https:\\\/\\\/aconteceunovale.com.br\\\/portal\\\/?author=4\"}]}<\/script>\n<!-- \/ Yoast SEO plugin. -->","yoast_head_json":{"title":"Tribunal Superior Eleitoral ter\u00e1 medidas para evitar filas no segundo turno - Aconteceu no Vale","robots":{"index":"index","follow":"follow","max-snippet":"max-snippet:-1","max-image-preview":"max-image-preview:large","max-video-preview":"max-video-preview:-1"},"canonical":"https:\/\/aconteceunovale.com.br\/portal\/?p=191195","og_locale":"pt_BR","og_type":"article","og_title":"Tribunal Superior Eleitoral ter\u00e1 medidas para evitar filas no segundo turno - Aconteceu no Vale","og_description":"O presidente do Tribunal Superior Eleitoral (TSE), ministro Alexandre de Moraes, disse hoje (4\/10\/2022), em Bras\u00edlia, que a institui\u00e7\u00e3o est\u00e1 tomando as medidas necess\u00e1rias para evitar que os eleitores enfrentem filas no segundo turno das elei\u00e7\u00f5es, a ser realizado em 30 de outubro. No domingo (2), eleitores de diversas se\u00e7\u00f5es eleitorais em todo o pa\u00eds [&hellip;]","og_url":"https:\/\/aconteceunovale.com.br\/portal\/?p=191195","og_site_name":"Aconteceu no Vale","article_publisher":"https:\/\/www.facebook.com\/aconteceunovale\/","article_published_time":"2022-10-04T23:19:28+00:00","article_modified_time":"2022-10-05T01:15:55+00:00","og_image":[{"width":678,"height":406,"url":"https:\/\/aconteceunovale.com.br\/portal\/wp-content\/uploads\/2022\/10\/presidente_tse_moraes.jpg","type":"image\/jpeg"}],"author":"Reda\u00e7\u00e3o Aconteceu no Vale","twitter_card":"summary_large_image","twitter_creator":"@noticiadosvales","twitter_site":"@noticiadosvales","twitter_misc":{"Escrito por":"Reda\u00e7\u00e3o Aconteceu no Vale","Est. tempo de leitura":"2 minutos"},"schema":{"@context":"https:\/\/schema.org","@graph":[{"@type":"Article","@id":"https:\/\/aconteceunovale.com.br\/portal\/?p=191195#article","isPartOf":{"@id":"https:\/\/aconteceunovale.com.br\/portal\/?p=191195"},"author":{"name":"Reda\u00e7\u00e3o Aconteceu no Vale","@id":"https:\/\/aconteceunovale.com.br\/portal\/#\/schema\/person\/7d2f26d1483f8a63de73da1ee0754d35"},"headline":"Tribunal Superior Eleitoral ter\u00e1 medidas para evitar filas no segundo turno","datePublished":"2022-10-04T23:19:28+00:00","dateModified":"2022-10-05T01:15:55+00:00","mainEntityOfPage":{"@id":"https:\/\/aconteceunovale.com.br\/portal\/?p=191195"},"wordCount":375,"commentCount":0,"image":{"@id":"https:\/\/aconteceunovale.com.br\/portal\/?p=191195#primaryimage"},"thumbnailUrl":"https:\/\/aconteceunovale.com.br\/portal\/wp-content\/uploads\/2022\/10\/presidente_tse_moraes.jpg","keywords":["Alexandre de Moraes","Filas no primeiro turno","Filas para votar","Medidas para evitar filas no segundo turno","segundo turno","Tribunal Superior Eleitoral","Tribunal Superior Eleitoral ter\u00e1 medidas para evitar filas no segundo turno","TSE"],"articleSection":["Brasil","Elei\u00e7\u00f5es 2022"],"inLanguage":"pt-BR","potentialAction":[{"@type":"CommentAction","name":"Comment","target":["https:\/\/aconteceunovale.com.br\/portal\/?p=191195#respond"]}]},{"@type":"WebPage","@id":"https:\/\/aconteceunovale.com.br\/portal\/?p=191195","url":"https:\/\/aconteceunovale.com.br\/portal\/?p=191195","name":"Tribunal Superior Eleitoral ter\u00e1 medidas para evitar filas no segundo turno - Aconteceu no Vale","isPartOf":{"@id":"https:\/\/aconteceunovale.com.br\/portal\/#website"},"primaryImageOfPage":{"@id":"https:\/\/aconteceunovale.com.br\/portal\/?p=191195#primaryimage"},"image":{"@id":"https:\/\/aconteceunovale.com.br\/portal\/?p=191195#primaryimage"},"thumbnailUrl":"https:\/\/aconteceunovale.com.br\/portal\/wp-content\/uploads\/2022\/10\/presidente_tse_moraes.jpg","datePublished":"2022-10-04T23:19:28+00:00","dateModified":"2022-10-05T01:15:55+00:00","author":{"@id":"https:\/\/aconteceunovale.com.br\/portal\/#\/schema\/person\/7d2f26d1483f8a63de73da1ee0754d35"},"breadcrumb":{"@id":"https:\/\/aconteceunovale.com.br\/portal\/?p=191195#breadcrumb"},"inLanguage":"pt-BR","potentialAction":[{"@type":"ReadAction","target":["https:\/\/aconteceunovale.com.br\/portal\/?p=191195"]}]},{"@type":"ImageObject","inLanguage":"pt-BR","@id":"https:\/\/aconteceunovale.com.br\/portal\/?p=191195#primaryimage","url":"https:\/\/aconteceunovale.com.br\/portal\/wp-content\/uploads\/2022\/10\/presidente_tse_moraes.jpg","contentUrl":"https:\/\/aconteceunovale.com.br\/portal\/wp-content\/uploads\/2022\/10\/presidente_tse_moraes.jpg","width":678,"height":406,"caption":"O presidente do Tribunal Superior Eleitoral, Alexandre de Moraes, durante coletiva de imprensa no Centro de Divulga\u00e7\u00e3o das Elei\u00e7\u00f5es."},{"@type":"BreadcrumbList","@id":"https:\/\/aconteceunovale.com.br\/portal\/?p=191195#breadcrumb","itemListElement":[{"@type":"ListItem","position":1,"name":"In\u00edcio","item":"https:\/\/aconteceunovale.com.br\/portal\/"},{"@type":"ListItem","position":2,"name":"Tribunal Superior Eleitoral ter\u00e1 medidas para evitar filas no segundo turno"}]},{"@type":"WebSite","@id":"https:\/\/aconteceunovale.com.br\/portal\/#website","url":"https:\/\/aconteceunovale.com.br\/portal\/","name":"Aconteceu no Vale","description":"Portal de Not\u00edcias","potentialAction":[{"@type":"SearchAction","target":{"@type":"EntryPoint","urlTemplate":"https:\/\/aconteceunovale.com.br\/portal\/?s={search_term_string}"},"query-input":{"@type":"PropertyValueSpecification","valueRequired":true,"valueName":"search_term_string"}}],"inLanguage":"pt-BR"},{"@type":"Person","@id":"https:\/\/aconteceunovale.com.br\/portal\/#\/schema\/person\/7d2f26d1483f8a63de73da1ee0754d35","name":"Reda\u00e7\u00e3o Aconteceu no Vale","description":"Equipe de reportagem do Aconteceu no Vale, portal de not\u00edcias do Vale do Jequitinhonha, em Minas Gerais. Cobrimos as 51 cidades do Vale desde 2013. Sugest\u00f5es de pauta e pedidos de corre\u00e7\u00e3o: contato@aconteceunovale.com.br","url":"https:\/\/aconteceunovale.com.br\/portal\/?author=4"}]}},"_links":{"self":[{"href":"https:\/\/aconteceunovale.com.br\/portal\/index.php?rest_route=\/wp\/v2\/posts\/191195","targetHints":{"allow":["GET"]}}],"collection":[{"href":"https:\/\/aconteceunovale.com.br\/portal\/index.php?rest_route=\/wp\/v2\/posts"}],"about":[{"href":"https:\/\/aconteceunovale.com.br\/portal\/index.php?rest_route=\/wp\/v2\/types\/post"}],"author":[{"embeddable":true,"href":"https:\/\/aconteceunovale.com.br\/portal\/index.php?rest_route=\/wp\/v2\/users\/4"}],"replies":[{"embeddable":true,"href":"https:\/\/aconteceunovale.com.br\/portal\/index.php?rest_route=%2Fwp%2Fv2%2Fcomments&post=191195"}],"version-history":[{"count":2,"href":"https:\/\/aconteceunovale.com.br\/portal\/index.php?rest_route=\/wp\/v2\/posts\/191195\/revisions"}],"predecessor-version":[{"id":191237,"href":"https:\/\/aconteceunovale.com.br\/portal\/index.php?rest_route=\/wp\/v2\/posts\/191195\/revisions\/191237"}],"wp:featuredmedia":[{"embeddable":true,"href":"https:\/\/aconteceunovale.com.br\/portal\/index.php?rest_route=\/wp\/v2\/media\/191196"}],"wp:attachment":[{"href":"https:\/\/aconteceunovale.com.br\/portal\/index.php?rest_route=%2Fwp%2Fv2%2Fmedia&parent=191195"}],"wp:term":[{"taxonomy":"category","embeddable":true,"href":"https:\/\/aconteceunovale.com.br\/portal\/index.php?rest_route=%2Fwp%2Fv2%2Fcategories&post=191195"},{"taxonomy":"post_tag","embeddable":true,"href":"https:\/\/aconteceunovale.com.br\/portal\/index.php?rest_route=%2Fwp%2Fv2%2Ftags&post=191195"}],"curies":[{"name":"wp","href":"https:\/\/api.w.org\/{rel}","templated":true}]}}