{"id":191193,"date":"2022-10-02T22:44:17","date_gmt":"2022-10-03T01:44:17","guid":{"rendered":"https:\/\/aconteceunovale.com.br\/portal\/?p=191193"},"modified":"2022-10-04T20:00:32","modified_gmt":"2022-10-04T23:00:32","slug":"confira-a-lista-de-deputados-estaduais-eleitos-em-santa-catarina","status":"publish","type":"post","link":"https:\/\/aconteceunovale.com.br\/portal\/?p=191193","title":{"rendered":"Confira a lista de deputados estaduais eleitos em Santa Catarina"},"content":{"rendered":"\n<p class=\"wp-block-paragraph\">Eleitores de Santa Catarina foram \u00e0s urnas neste domingo (2\/10\/2022) e elegeram 40 deputados estaduais.&nbsp;Confira a composi\u00e7\u00e3o da assembleia para a legislatura 2023-2027:<\/p>\n\n\n\n<ul class=\"wp-block-list\"><li>Ana Campagnolo (PL) &#8211; 196.571 votos<\/li><li>Luciane Carminatti (PT) &#8211; 92.478 votos<\/li><li>Ant\u00eddio Lunelli (MDB) &#8211; 74.500 votos<\/li><li>Sargento Lima (PL) &#8211; 71.185 votos<\/li><li>Mauro de Nadal (MDB) &#8211; 67.065 votos<\/li><li>Maur\u00edcio Eskudlark (PL) &#8211; 65.638 votos<\/li><li>Jerry Comper (MDB) &#8211; 64.145 votos<\/li><li>Paulinha (Podemos) &#8211; 58.694 votos<\/li><li>Z\u00e9 Milton (PP) &#8211; 56.585 votos<\/li><li>M\u00e1rio Motta (PSD) &#8211; 56.363 votos<\/li><li>Jess\u00e9 Lopes (PL) &#8211; 55.013 votos<\/li><li>Fernando Krelling (MDB) &#8211; 54.320 votos<\/li><li>Julio Garcia (PSD) &#8211; 49.958 votos<\/li><li>Marcos Vieira (PSDB) &#8211; 48.466 votos<\/li><li>Carlos Humberto (PL) &#8211; 46.445 votos<\/li><li>Altair Silva (PP) &#8211; 46.086 votos<\/li><li>Volnei Weber (MDB) &#8211; 46.995 votos<\/li><li>Ivan Naatz (PL) &#8211; 45.304 votos<\/li><li>Camilo Martins (Podemos) &#8211; 44.925 votos<\/li><li>S\u00e9rgio Motta (Republicanos) &#8211; 44.666 votos<\/li><li>Berlanda (PL) &#8211; 41.488 votos<\/li><li>Marquito Marcos Jos\u00e9 Abreu (PSOL) &#8211; 40.329 votos<\/li><li>Dr. Vicente (PSDB) &#8211; 39.797 votos<\/li><li>Marcius Machado (PL) &#8211; 39.749 votos<\/li><li>Neodi Saretta (PT) &#8211; 38.729 votos<\/li><li>Napole\u00e3o Bernardes (PSD) &#8211; 36.923 votos<\/li><li>Fabiano da Luz (PT) &#8211; 34.972 votos<\/li><li>Delegado Eg\u00eddio Ferrari (PTB) &#8211; 34.912 votos<\/li><li>Tiago Zilli (MDB) &#8211; 33.733 votos<\/li><li>Jair Miotto (Uni\u00e3o Brasil) &#8211; 33.682 votos<\/li><li>Massocco (PL) &#8211; 31.659 votos<\/li><li>Pep\u00ea Colla\u00e7o (PP) &#8211; 28.809 votos<\/li><li>Rodrigo Minotto (PDT) &#8211; 28.685 votos<\/li><li>Rep\u00f3rter S\u00e9rgio Guimar\u00e3es (Uni\u00e3o Brasil) &#8211; 27.977 votos<\/li><li>Oscar Gutz (PL) &#8211; 26.812 votos<\/li><li>Padre Pedro (PT) &#8211; 26.803 votos<\/li><li>Marcos da Rosa (Uni\u00e3o Brasil) &#8211; 25.845 votos<\/li><li>Soratto (PL) &#8211; 25.622 votos<\/li><li>Lucas Neves (Podemos) &#8211; 23.053 votos<\/li><li>Matheus Cadorin (NOVO) &#8211; 12.390 votos<\/li><li><a rel=\"noreferrer noopener\" href=\"https:\/\/aconteceunovale.com.br\/portal\/?p=190684\" target=\"_blank\">Veja a apura\u00e7\u00e3o completa (clique aqui)<\/a><\/li><\/ul>\n\n\n\n<p class=\"wp-block-paragraph\">&#8212;&#8212;&#8212;&#8212;&#8212;&#8212;<br><br><strong>Sabia que o Aconteceu no Vale est\u00e1 tamb\u00e9m no Telegram? <a rel=\"noreferrer noopener\" href=\"https:\/\/t.me\/aconteceunovaleoficial\" target=\"_blank\">Inscreva-se no canal<\/a>.<\/strong><br><br><strong>J\u00e1 curtiu ou seguiu nossas p\u00e1ginas nas redes sociais?\u00a0Receba as not\u00edcias em primeira m\u00e3o:<\/strong><br>\u2022 <a rel=\"noreferrer noopener\" href=\"https:\/\/news.google.com\/publications\/CAAqBwgKMNjklQswi4etAw?hl=pt-BR&amp;gl=BR&amp;ceid=BR%3Apt-419\" target=\"_blank\">Google News<\/a><br>\u2022 <a rel=\"noreferrer noopener\" href=\"https:\/\/www.facebook.com\/aconteceunovale\/\" target=\"_blank\">Facebook<\/a><br>\u2022 <a rel=\"noreferrer noopener\" href=\"https:\/\/twitter.com\/noticiadosvales\" target=\"_blank\">Twitter<\/a><br>\u2022 <a rel=\"noreferrer noopener\" href=\"https:\/\/www.instagram.com\/aconteceunovale\" target=\"_blank\">Instagram<\/a><br>\u2022 <a rel=\"noreferrer noopener\" href=\"https:\/\/www.youtube.com\/AconteceunoValeOficial\" target=\"_blank\">Youtube<\/a><br>\u2022 <a rel=\"noreferrer noopener\" href=\"https:\/\/www.tiktok.com\/@aconteceunovale\" target=\"_blank\">TikTok<\/a><\/p>\n","protected":false},"excerpt":{"rendered":"<p>Eleitores de Santa Catarina foram \u00e0s urnas neste domingo (2\/10\/2022) e elegeram 40 deputados estaduais.&nbsp;Confira a composi\u00e7\u00e3o da assembleia para a legislatura 2023-2027: Ana Campagnolo (PL) &#8211; 196.571 votos Luciane Carminatti (PT) &#8211; 92.478 votos Ant\u00eddio Lunelli (MDB) &#8211; 74.500 votos Sargento Lima (PL) &#8211; 71.185 votos Mauro de Nadal (MDB) &#8211; 67.065 votos Maur\u00edcio [&hellip;]<\/p>\n","protected":false},"author":4,"featured_media":191046,"comment_status":"open","ping_status":"closed","sticky":false,"template":"","format":"standard","meta":{"amp_status":"","footnotes":""},"categories":[6,249933],"tags":[230288,263770,181854,263766,181852,263873,264456,181853,264457,264458,264459,264460,264461,264462,264463,17962,264464,264465,264466,17651,181824,17548,17960,264467,17538,181836,264468,181842,263627,263626,263625,263624,263628,718,252238,262508,263623,181844,261226,184312,264469,184314,181846,181847,181848,264470,181851,264471,181890,181891,181888,181889],"class_list":["post-191193","post","type-post","status-publish","format-standard","has-post-thumbnail","hentry","category-br","category-eleicoes-2022","tag-apuracao-das-eleicoes","tag-apuracao-das-eleicoes-2022","tag-apuracao-das-eleicoes-em-santa-catarina","tag-apuracao-dos-votos","tag-apuracao-dos-votos-em-santa-catarina","tag-apuracao-dos-votos-em-tempo-real","tag-apuracao-dos-votos-em-tempo-real-em-santa-catarina","tag-apuracao-dos-votos-para-deputado-em-santa-catarina","tag-apuracao-dos-votos-para-deputado-estadual-em-santa-catarina","tag-apuracao-dos-votos-para-deputado-federal-em-santa-catarina","tag-apuracao-dos-votos-para-governador-em-santa-catarina","tag-apuracao-dos-votos-para-presidente-em-santa-catarina","tag-apuracao-dos-votos-para-senador-em-santa-catarina","tag-confira-a-lista-com-nomes-dos-deputados-estaduais-eleitos-em-santa-catarina","tag-confira-a-lista-de-deputados-estaduais-e-federais-eleitos-em-santa-catarina","tag-confira-a-lista-de-deputados-estaduais-eleitos-em-santa-catarina","tag-confira-a-lista-de-deputados-federais-eleitos-em-santa-catarina","tag-confira-a-lista-final-de-deputados-estaduais-eleitos-em-santa-catarina","tag-conheca-os-deputados-estaduais-eleitos-em-santa-catarina","tag-conhecer-os-deputados-eleitos","tag-conhecer-os-deputados-eleitos-em-santa-catarina","tag-deputados-eleitos","tag-deputados-eleitos-em-santa-catarina","tag-deputados-eleitos-em-santa-catarina-2022","tag-deputados-estaduais-eleitos","tag-deputados-estaduais-eleitos-em-santa-catarina","tag-deputados-estaduais-eleitos-em-santa-catarina-2022","tag-deputados-federais-eleitos-em-santa-catarina","tag-eleicao-para-deputado-estadual-no-brasil","tag-eleicao-para-deputado-federal-no-brasil","tag-eleicao-para-governador-no-brasil","tag-eleicao-para-presidente-no-brasil","tag-eleicao-para-senador-no-brasil","tag-eleicoes","tag-eleicoes-2022","tag-eleicoes-2022-em-santa-catarina","tag-eleicoes-2022-no-brasil","tag-eleicoes-em-santa-catarina","tag-eleicoes-no-brasil","tag-eleito-em-santa-catarina","tag-eleitos-em-santa-catarina","tag-governador-eleito-em-santa-catarina","tag-informacoes-sobre-os-deputados-eleitos-em-santa-catarina","tag-lista-de-deputados-estaduais-eleitos-em-santa-catarina","tag-nomes-dos-deputados-eleitos-em-santa-catarina","tag-resultado-das-eleicoes-2022-em-santa-catarina","tag-resultado-das-eleicoes-em-santa-catarina","tag-resultado-eleicoes-2022-em-santa-catarina","tag-senador-eleito-em-santa-catarina","tag-votacao-para-deputado-em-santa-catarina","tag-votacao-para-governador-em-santa-catarina","tag-votacao-para-senador-em-santa-catarina"],"yoast_head":"<!-- This site is optimized with the Yoast SEO plugin v28.3 - https:\/\/yoast.com\/product\/yoast-seo-wordpress\/ -->\n<title>Confira a lista de deputados estaduais eleitos em Santa Catarina - Aconteceu no Vale<\/title>\n<meta name=\"robots\" content=\"index, follow, max-snippet:-1, max-image-preview:large, max-video-preview:-1\" \/>\n<link rel=\"canonical\" href=\"https:\/\/aconteceunovale.com.br\/portal\/?p=191193\" \/>\n<meta property=\"og:locale\" content=\"pt_BR\" \/>\n<meta property=\"og:type\" content=\"article\" \/>\n<meta property=\"og:title\" content=\"Confira a lista de deputados estaduais eleitos em Santa Catarina - Aconteceu no Vale\" \/>\n<meta property=\"og:description\" content=\"Eleitores de Santa Catarina foram \u00e0s urnas neste domingo (2\/10\/2022) e elegeram 40 deputados estaduais.&nbsp;Confira a composi\u00e7\u00e3o da assembleia para a legislatura 2023-2027: Ana Campagnolo (PL) &#8211; 196.571 votos Luciane Carminatti (PT) &#8211; 92.478 votos Ant\u00eddio Lunelli (MDB) &#8211; 74.500 votos Sargento Lima (PL) &#8211; 71.185 votos Mauro de Nadal (MDB) &#8211; 67.065 votos Maur\u00edcio [&hellip;]\" \/>\n<meta property=\"og:url\" content=\"https:\/\/aconteceunovale.com.br\/portal\/?p=191193\" \/>\n<meta property=\"og:site_name\" content=\"Aconteceu no Vale\" \/>\n<meta property=\"article:publisher\" content=\"https:\/\/www.facebook.com\/aconteceunovale\/\" \/>\n<meta property=\"article:published_time\" content=\"2022-10-03T01:44:17+00:00\" \/>\n<meta property=\"article:modified_time\" content=\"2022-10-04T23:00:32+00:00\" \/>\n<meta property=\"og:image\" content=\"https:\/\/aconteceunovale.com.br\/portal\/wp-content\/uploads\/2022\/10\/santa_catarina.png\" \/>\n\t<meta property=\"og:image:width\" content=\"678\" \/>\n\t<meta property=\"og:image:height\" content=\"355\" \/>\n\t<meta property=\"og:image:type\" content=\"image\/png\" \/>\n<meta name=\"author\" content=\"Reda\u00e7\u00e3o Aconteceu no Vale\" \/>\n<meta name=\"twitter:card\" content=\"summary_large_image\" \/>\n<meta name=\"twitter:creator\" content=\"@noticiadosvales\" \/>\n<meta name=\"twitter:site\" content=\"@noticiadosvales\" \/>\n<meta name=\"twitter:label1\" content=\"Escrito por\" \/>\n\t<meta name=\"twitter:data1\" content=\"Reda\u00e7\u00e3o Aconteceu no Vale\" \/>\n\t<meta name=\"twitter:label2\" content=\"Est. tempo de leitura\" \/>\n\t<meta name=\"twitter:data2\" content=\"1 minuto\" \/>\n<script type=\"application\/ld+json\" class=\"yoast-schema-graph\">{\"@context\":\"https:\\\/\\\/schema.org\",\"@graph\":[{\"@type\":\"Article\",\"@id\":\"https:\\\/\\\/aconteceunovale.com.br\\\/portal\\\/?p=191193#article\",\"isPartOf\":{\"@id\":\"https:\\\/\\\/aconteceunovale.com.br\\\/portal\\\/?p=191193\"},\"author\":{\"name\":\"Reda\u00e7\u00e3o Aconteceu no Vale\",\"@id\":\"https:\\\/\\\/aconteceunovale.com.br\\\/portal\\\/#\\\/schema\\\/person\\\/7d2f26d1483f8a63de73da1ee0754d35\"},\"headline\":\"Confira a lista de deputados estaduais eleitos em Santa Catarina\",\"datePublished\":\"2022-10-03T01:44:17+00:00\",\"dateModified\":\"2022-10-04T23:00:32+00:00\",\"mainEntityOfPage\":{\"@id\":\"https:\\\/\\\/aconteceunovale.com.br\\\/portal\\\/?p=191193\"},\"wordCount\":300,\"commentCount\":0,\"image\":{\"@id\":\"https:\\\/\\\/aconteceunovale.com.br\\\/portal\\\/?p=191193#primaryimage\"},\"thumbnailUrl\":\"https:\\\/\\\/aconteceunovale.com.br\\\/portal\\\/wp-content\\\/uploads\\\/2022\\\/10\\\/santa_catarina.png\",\"keywords\":[\"Apura\u00e7\u00e3o das elei\u00e7\u00f5es\",\"Apura\u00e7\u00e3o das elei\u00e7\u00f5es 2022\",\"Apura\u00e7\u00e3o das elei\u00e7\u00f5es em Santa Catarina\",\"Apura\u00e7\u00e3o dos votos\",\"apura\u00e7\u00e3o dos votos em Santa Catarina\",\"Apura\u00e7\u00e3o dos votos em tempo real\",\"Apura\u00e7\u00e3o dos votos em tempo real em Santa Catarina\",\"Apura\u00e7\u00e3o dos votos para deputado em Santa Catarina\",\"Apura\u00e7\u00e3o dos votos para deputado estadual em Santa Catarina\",\"Apura\u00e7\u00e3o dos votos para deputado federal em Santa Catarina\",\"Apura\u00e7\u00e3o dos votos para Governador em Santa Catarina\",\"Apura\u00e7\u00e3o dos votos para presidente em Santa Catarina\",\"Apura\u00e7\u00e3o dos votos para senador em Santa Catarina\",\"Confira a lista com nomes dos deputados estaduais eleitos em Santa Catarina\",\"Confira a lista de deputados estaduais e federais eleitos em Santa Catarina\",\"Confira a lista de deputados estaduais eleitos em Santa Catarina\",\"Confira a lista de deputados federais eleitos em Santa Catarina\",\"Confira a lista final de deputados estaduais eleitos em Santa Catarina\",\"Conhe\u00e7a os deputados estaduais eleitos em Santa Catarina\",\"conhecer os deputados eleitos\",\"conhecer os deputados eleitos em Santa Catarina\",\"deputados eleitos\",\"deputados eleitos em Santa Catarina\",\"deputados eleitos em Santa Catarina 2022\",\"deputados estaduais eleitos\",\"deputados estaduais eleitos em Santa Catarina\",\"deputados estaduais eleitos em Santa Catarina 2022\",\"deputados federais eleitos em Santa Catarina\",\"Elei\u00e7\u00e3o para deputado estadual no Brasil\",\"Elei\u00e7\u00e3o para deputado federal no Brasil\",\"Elei\u00e7\u00e3o para governador no Brasil\",\"Elei\u00e7\u00e3o para presidente no Brasil\",\"Elei\u00e7\u00e3o para Senador no Brasil\",\"Elei\u00e7\u00f5es\",\"Elei\u00e7\u00f5es 2022\",\"Elei\u00e7\u00f5es 2022 em Santa Catarina\",\"Elei\u00e7\u00f5es 2022 no Brasil\",\"elei\u00e7\u00f5es em Santa Catarina\",\"Elei\u00e7\u00f5es no Brasil\",\"Eleito em Santa Catarina\",\"Eleitos em Santa Catarina\",\"governador eleito em Santa Catarina\",\"informa\u00e7\u00f5es sobre os deputados eleitos em Santa Catarina\",\"lista de deputados estaduais eleitos em Santa Catarina\",\"nomes dos deputados eleitos em Santa Catarina\",\"Resultado das elei\u00e7\u00f5es 2022 em Santa Catarina\",\"resultado das elei\u00e7\u00f5es em Santa Catarina\",\"resultado elei\u00e7\u00f5es 2022 em Santa Catarina\",\"senador eleito em Santa Catarina\",\"vota\u00e7\u00e3o para deputado em Santa Catarina\",\"vota\u00e7\u00e3o para governador em Santa Catarina\",\"vota\u00e7\u00e3o para senador em Santa Catarina\"],\"articleSection\":[\"Brasil\",\"Elei\u00e7\u00f5es 2022\"],\"inLanguage\":\"pt-BR\",\"potentialAction\":[{\"@type\":\"CommentAction\",\"name\":\"Comment\",\"target\":[\"https:\\\/\\\/aconteceunovale.com.br\\\/portal\\\/?p=191193#respond\"]}]},{\"@type\":\"WebPage\",\"@id\":\"https:\\\/\\\/aconteceunovale.com.br\\\/portal\\\/?p=191193\",\"url\":\"https:\\\/\\\/aconteceunovale.com.br\\\/portal\\\/?p=191193\",\"name\":\"Confira a lista de deputados estaduais eleitos em Santa Catarina - Aconteceu no Vale\",\"isPartOf\":{\"@id\":\"https:\\\/\\\/aconteceunovale.com.br\\\/portal\\\/#website\"},\"primaryImageOfPage\":{\"@id\":\"https:\\\/\\\/aconteceunovale.com.br\\\/portal\\\/?p=191193#primaryimage\"},\"image\":{\"@id\":\"https:\\\/\\\/aconteceunovale.com.br\\\/portal\\\/?p=191193#primaryimage\"},\"thumbnailUrl\":\"https:\\\/\\\/aconteceunovale.com.br\\\/portal\\\/wp-content\\\/uploads\\\/2022\\\/10\\\/santa_catarina.png\",\"datePublished\":\"2022-10-03T01:44:17+00:00\",\"dateModified\":\"2022-10-04T23:00:32+00:00\",\"author\":{\"@id\":\"https:\\\/\\\/aconteceunovale.com.br\\\/portal\\\/#\\\/schema\\\/person\\\/7d2f26d1483f8a63de73da1ee0754d35\"},\"breadcrumb\":{\"@id\":\"https:\\\/\\\/aconteceunovale.com.br\\\/portal\\\/?p=191193#breadcrumb\"},\"inLanguage\":\"pt-BR\",\"potentialAction\":[{\"@type\":\"ReadAction\",\"target\":[\"https:\\\/\\\/aconteceunovale.com.br\\\/portal\\\/?p=191193\"]}]},{\"@type\":\"ImageObject\",\"inLanguage\":\"pt-BR\",\"@id\":\"https:\\\/\\\/aconteceunovale.com.br\\\/portal\\\/?p=191193#primaryimage\",\"url\":\"https:\\\/\\\/aconteceunovale.com.br\\\/portal\\\/wp-content\\\/uploads\\\/2022\\\/10\\\/santa_catarina.png\",\"contentUrl\":\"https:\\\/\\\/aconteceunovale.com.br\\\/portal\\\/wp-content\\\/uploads\\\/2022\\\/10\\\/santa_catarina.png\",\"width\":678,\"height\":355},{\"@type\":\"BreadcrumbList\",\"@id\":\"https:\\\/\\\/aconteceunovale.com.br\\\/portal\\\/?p=191193#breadcrumb\",\"itemListElement\":[{\"@type\":\"ListItem\",\"position\":1,\"name\":\"In\u00edcio\",\"item\":\"https:\\\/\\\/aconteceunovale.com.br\\\/portal\\\/\"},{\"@type\":\"ListItem\",\"position\":2,\"name\":\"Confira a lista de deputados estaduais eleitos em Santa Catarina\"}]},{\"@type\":\"WebSite\",\"@id\":\"https:\\\/\\\/aconteceunovale.com.br\\\/portal\\\/#website\",\"url\":\"https:\\\/\\\/aconteceunovale.com.br\\\/portal\\\/\",\"name\":\"Aconteceu no Vale\",\"description\":\"Portal de Not\u00edcias\",\"potentialAction\":[{\"@type\":\"SearchAction\",\"target\":{\"@type\":\"EntryPoint\",\"urlTemplate\":\"https:\\\/\\\/aconteceunovale.com.br\\\/portal\\\/?s={search_term_string}\"},\"query-input\":{\"@type\":\"PropertyValueSpecification\",\"valueRequired\":true,\"valueName\":\"search_term_string\"}}],\"inLanguage\":\"pt-BR\"},{\"@type\":\"Person\",\"@id\":\"https:\\\/\\\/aconteceunovale.com.br\\\/portal\\\/#\\\/schema\\\/person\\\/7d2f26d1483f8a63de73da1ee0754d35\",\"name\":\"Reda\u00e7\u00e3o Aconteceu no Vale\",\"description\":\"Equipe de reportagem do Aconteceu no Vale, portal de not\u00edcias do Vale do Jequitinhonha, em Minas Gerais. Cobrimos as 51 cidades do Vale desde 2013. Sugest\u00f5es de pauta e pedidos de corre\u00e7\u00e3o: contato@aconteceunovale.com.br\",\"url\":\"https:\\\/\\\/aconteceunovale.com.br\\\/portal\\\/?author=4\"}]}<\/script>\n<!-- \/ Yoast SEO plugin. -->","yoast_head_json":{"title":"Confira a lista de deputados estaduais eleitos em Santa Catarina - Aconteceu no Vale","robots":{"index":"index","follow":"follow","max-snippet":"max-snippet:-1","max-image-preview":"max-image-preview:large","max-video-preview":"max-video-preview:-1"},"canonical":"https:\/\/aconteceunovale.com.br\/portal\/?p=191193","og_locale":"pt_BR","og_type":"article","og_title":"Confira a lista de deputados estaduais eleitos em Santa Catarina - Aconteceu no Vale","og_description":"Eleitores de Santa Catarina foram \u00e0s urnas neste domingo (2\/10\/2022) e elegeram 40 deputados estaduais.&nbsp;Confira a composi\u00e7\u00e3o da assembleia para a legislatura 2023-2027: Ana Campagnolo (PL) &#8211; 196.571 votos Luciane Carminatti (PT) &#8211; 92.478 votos Ant\u00eddio Lunelli (MDB) &#8211; 74.500 votos Sargento Lima (PL) &#8211; 71.185 votos Mauro de Nadal (MDB) &#8211; 67.065 votos Maur\u00edcio [&hellip;]","og_url":"https:\/\/aconteceunovale.com.br\/portal\/?p=191193","og_site_name":"Aconteceu no Vale","article_publisher":"https:\/\/www.facebook.com\/aconteceunovale\/","article_published_time":"2022-10-03T01:44:17+00:00","article_modified_time":"2022-10-04T23:00:32+00:00","og_image":[{"width":678,"height":355,"url":"https:\/\/aconteceunovale.com.br\/portal\/wp-content\/uploads\/2022\/10\/santa_catarina.png","type":"image\/png"}],"author":"Reda\u00e7\u00e3o Aconteceu no Vale","twitter_card":"summary_large_image","twitter_creator":"@noticiadosvales","twitter_site":"@noticiadosvales","twitter_misc":{"Escrito por":"Reda\u00e7\u00e3o Aconteceu no Vale","Est. tempo de leitura":"1 minuto"},"schema":{"@context":"https:\/\/schema.org","@graph":[{"@type":"Article","@id":"https:\/\/aconteceunovale.com.br\/portal\/?p=191193#article","isPartOf":{"@id":"https:\/\/aconteceunovale.com.br\/portal\/?p=191193"},"author":{"name":"Reda\u00e7\u00e3o Aconteceu no Vale","@id":"https:\/\/aconteceunovale.com.br\/portal\/#\/schema\/person\/7d2f26d1483f8a63de73da1ee0754d35"},"headline":"Confira a lista de deputados estaduais eleitos em Santa Catarina","datePublished":"2022-10-03T01:44:17+00:00","dateModified":"2022-10-04T23:00:32+00:00","mainEntityOfPage":{"@id":"https:\/\/aconteceunovale.com.br\/portal\/?p=191193"},"wordCount":300,"commentCount":0,"image":{"@id":"https:\/\/aconteceunovale.com.br\/portal\/?p=191193#primaryimage"},"thumbnailUrl":"https:\/\/aconteceunovale.com.br\/portal\/wp-content\/uploads\/2022\/10\/santa_catarina.png","keywords":["Apura\u00e7\u00e3o das elei\u00e7\u00f5es","Apura\u00e7\u00e3o das elei\u00e7\u00f5es 2022","Apura\u00e7\u00e3o das elei\u00e7\u00f5es em Santa Catarina","Apura\u00e7\u00e3o dos votos","apura\u00e7\u00e3o dos votos em Santa Catarina","Apura\u00e7\u00e3o dos votos em tempo real","Apura\u00e7\u00e3o dos votos em tempo real em Santa Catarina","Apura\u00e7\u00e3o dos votos para deputado em Santa Catarina","Apura\u00e7\u00e3o dos votos para deputado estadual em Santa Catarina","Apura\u00e7\u00e3o dos votos para deputado federal em Santa Catarina","Apura\u00e7\u00e3o dos votos para Governador em Santa Catarina","Apura\u00e7\u00e3o dos votos para presidente em Santa Catarina","Apura\u00e7\u00e3o dos votos para senador em Santa Catarina","Confira a lista com nomes dos deputados estaduais eleitos em Santa Catarina","Confira a lista de deputados estaduais e federais eleitos em Santa Catarina","Confira a lista de deputados estaduais eleitos em Santa Catarina","Confira a lista de deputados federais eleitos em Santa Catarina","Confira a lista final de deputados estaduais eleitos em Santa Catarina","Conhe\u00e7a os deputados estaduais eleitos em Santa Catarina","conhecer os deputados eleitos","conhecer os deputados eleitos em Santa Catarina","deputados eleitos","deputados eleitos em Santa Catarina","deputados eleitos em Santa Catarina 2022","deputados estaduais eleitos","deputados estaduais eleitos em Santa Catarina","deputados estaduais eleitos em Santa Catarina 2022","deputados federais eleitos em Santa Catarina","Elei\u00e7\u00e3o para deputado estadual no Brasil","Elei\u00e7\u00e3o para deputado federal no Brasil","Elei\u00e7\u00e3o para governador no Brasil","Elei\u00e7\u00e3o para presidente no Brasil","Elei\u00e7\u00e3o para Senador no Brasil","Elei\u00e7\u00f5es","Elei\u00e7\u00f5es 2022","Elei\u00e7\u00f5es 2022 em Santa Catarina","Elei\u00e7\u00f5es 2022 no Brasil","elei\u00e7\u00f5es em Santa Catarina","Elei\u00e7\u00f5es no Brasil","Eleito em Santa Catarina","Eleitos em Santa Catarina","governador eleito em Santa Catarina","informa\u00e7\u00f5es sobre os deputados eleitos em Santa Catarina","lista de deputados estaduais eleitos em Santa Catarina","nomes dos deputados eleitos em Santa Catarina","Resultado das elei\u00e7\u00f5es 2022 em Santa Catarina","resultado das elei\u00e7\u00f5es em Santa Catarina","resultado elei\u00e7\u00f5es 2022 em Santa Catarina","senador eleito em Santa Catarina","vota\u00e7\u00e3o para deputado em Santa Catarina","vota\u00e7\u00e3o para governador em Santa Catarina","vota\u00e7\u00e3o para senador em Santa Catarina"],"articleSection":["Brasil","Elei\u00e7\u00f5es 2022"],"inLanguage":"pt-BR","potentialAction":[{"@type":"CommentAction","name":"Comment","target":["https:\/\/aconteceunovale.com.br\/portal\/?p=191193#respond"]}]},{"@type":"WebPage","@id":"https:\/\/aconteceunovale.com.br\/portal\/?p=191193","url":"https:\/\/aconteceunovale.com.br\/portal\/?p=191193","name":"Confira a lista de deputados estaduais eleitos em Santa Catarina - Aconteceu no Vale","isPartOf":{"@id":"https:\/\/aconteceunovale.com.br\/portal\/#website"},"primaryImageOfPage":{"@id":"https:\/\/aconteceunovale.com.br\/portal\/?p=191193#primaryimage"},"image":{"@id":"https:\/\/aconteceunovale.com.br\/portal\/?p=191193#primaryimage"},"thumbnailUrl":"https:\/\/aconteceunovale.com.br\/portal\/wp-content\/uploads\/2022\/10\/santa_catarina.png","datePublished":"2022-10-03T01:44:17+00:00","dateModified":"2022-10-04T23:00:32+00:00","author":{"@id":"https:\/\/aconteceunovale.com.br\/portal\/#\/schema\/person\/7d2f26d1483f8a63de73da1ee0754d35"},"breadcrumb":{"@id":"https:\/\/aconteceunovale.com.br\/portal\/?p=191193#breadcrumb"},"inLanguage":"pt-BR","potentialAction":[{"@type":"ReadAction","target":["https:\/\/aconteceunovale.com.br\/portal\/?p=191193"]}]},{"@type":"ImageObject","inLanguage":"pt-BR","@id":"https:\/\/aconteceunovale.com.br\/portal\/?p=191193#primaryimage","url":"https:\/\/aconteceunovale.com.br\/portal\/wp-content\/uploads\/2022\/10\/santa_catarina.png","contentUrl":"https:\/\/aconteceunovale.com.br\/portal\/wp-content\/uploads\/2022\/10\/santa_catarina.png","width":678,"height":355},{"@type":"BreadcrumbList","@id":"https:\/\/aconteceunovale.com.br\/portal\/?p=191193#breadcrumb","itemListElement":[{"@type":"ListItem","position":1,"name":"In\u00edcio","item":"https:\/\/aconteceunovale.com.br\/portal\/"},{"@type":"ListItem","position":2,"name":"Confira a lista de deputados estaduais eleitos em Santa Catarina"}]},{"@type":"WebSite","@id":"https:\/\/aconteceunovale.com.br\/portal\/#website","url":"https:\/\/aconteceunovale.com.br\/portal\/","name":"Aconteceu no Vale","description":"Portal de Not\u00edcias","potentialAction":[{"@type":"SearchAction","target":{"@type":"EntryPoint","urlTemplate":"https:\/\/aconteceunovale.com.br\/portal\/?s={search_term_string}"},"query-input":{"@type":"PropertyValueSpecification","valueRequired":true,"valueName":"search_term_string"}}],"inLanguage":"pt-BR"},{"@type":"Person","@id":"https:\/\/aconteceunovale.com.br\/portal\/#\/schema\/person\/7d2f26d1483f8a63de73da1ee0754d35","name":"Reda\u00e7\u00e3o Aconteceu no Vale","description":"Equipe de reportagem do Aconteceu no Vale, portal de not\u00edcias do Vale do Jequitinhonha, em Minas Gerais. Cobrimos as 51 cidades do Vale desde 2013. Sugest\u00f5es de pauta e pedidos de corre\u00e7\u00e3o: contato@aconteceunovale.com.br","url":"https:\/\/aconteceunovale.com.br\/portal\/?author=4"}]}},"_links":{"self":[{"href":"https:\/\/aconteceunovale.com.br\/portal\/index.php?rest_route=\/wp\/v2\/posts\/191193","targetHints":{"allow":["GET"]}}],"collection":[{"href":"https:\/\/aconteceunovale.com.br\/portal\/index.php?rest_route=\/wp\/v2\/posts"}],"about":[{"href":"https:\/\/aconteceunovale.com.br\/portal\/index.php?rest_route=\/wp\/v2\/types\/post"}],"author":[{"embeddable":true,"href":"https:\/\/aconteceunovale.com.br\/portal\/index.php?rest_route=\/wp\/v2\/users\/4"}],"replies":[{"embeddable":true,"href":"https:\/\/aconteceunovale.com.br\/portal\/index.php?rest_route=%2Fwp%2Fv2%2Fcomments&post=191193"}],"version-history":[{"count":1,"href":"https:\/\/aconteceunovale.com.br\/portal\/index.php?rest_route=\/wp\/v2\/posts\/191193\/revisions"}],"predecessor-version":[{"id":191194,"href":"https:\/\/aconteceunovale.com.br\/portal\/index.php?rest_route=\/wp\/v2\/posts\/191193\/revisions\/191194"}],"wp:featuredmedia":[{"embeddable":true,"href":"https:\/\/aconteceunovale.com.br\/portal\/index.php?rest_route=\/wp\/v2\/media\/191046"}],"wp:attachment":[{"href":"https:\/\/aconteceunovale.com.br\/portal\/index.php?rest_route=%2Fwp%2Fv2%2Fmedia&parent=191193"}],"wp:term":[{"taxonomy":"category","embeddable":true,"href":"https:\/\/aconteceunovale.com.br\/portal\/index.php?rest_route=%2Fwp%2Fv2%2Fcategories&post=191193"},{"taxonomy":"post_tag","embeddable":true,"href":"https:\/\/aconteceunovale.com.br\/portal\/index.php?rest_route=%2Fwp%2Fv2%2Ftags&post=191193"}],"curies":[{"name":"wp","href":"https:\/\/api.w.org\/{rel}","templated":true}]}}