{"id":191176,"date":"2022-10-03T01:04:45","date_gmt":"2022-10-03T04:04:45","guid":{"rendered":"https:\/\/aconteceunovale.com.br\/portal\/?p=191176"},"modified":"2022-10-04T17:08:22","modified_gmt":"2022-10-04T20:08:22","slug":"confira-a-lista-de-deputados-estaduais-eleitos-em-pernambuco","status":"publish","type":"post","link":"https:\/\/aconteceunovale.com.br\/portal\/?p=191176","title":{"rendered":"Confira a lista de deputados estaduais eleitos em Pernambuco"},"content":{"rendered":"\n<p class=\"wp-block-paragraph\">Eleitores de Pernambuco foram \u00e0s urnas neste domingo (2\/10\/2022) e elegeram 49 deputados estaduais.&nbsp;Confira a composi\u00e7\u00e3o da assembleia para a legislatura 2023-2027:<\/p>\n\n\n\n<ul class=\"wp-block-list\"><li>Pastor Junior Tercio (PP) &#8211; 183.735 votos<\/li><li>Coronel Alberto Feitosa (PL) &#8211; 146.847 votos<\/li><li>Delegada Gleide Angelo (PSB) &#8211; 118.869 votos<\/li><li>Ant\u00f4nio Coelho (Uni\u00e3o Brasil) &#8211; 91.698 votos<\/li><li>Rodrigo Novaes (PSB) &#8211; 85.107 votos<\/li><li>Eriberto Filho (PSB) &#8211; 78.980 votos<\/li><li>Jo\u00e3o Paulo (PT) &#8211; 74.441 votos<\/li><li>Gilmar J\u00fanior (PV) &#8211; 68.359 votos<\/li><li>Chaparral (Uni\u00e3o Brasil) &#8211; 66.842 votos<\/li><li>Francismar (PSB) &#8211; 66.621 votos<\/li><li>Gustavo Gouveia (Solidariedade) &#8211; 66.110 votos<\/li><li>Doriel (PT) &#8211; 65.838 votos<\/li><li>Aglailson Victor (PSB) &#8211; 64.714 votos<\/li><li>Romero Sales Filho (Uni\u00e3o Brasil) &#8211; 64.366 votos<\/li><li>Luciano Duque (Solidariedade) &#8211; 61.411 votos<\/li><li>Dannilo Godoy (PSB) &#8211; 56.366 votos<\/li><li>Willian Brigido (Republicanos) &#8211; 55.358 votos<\/li><li>Ant\u00f4nio Moraes (PP) &#8211; 54.756 votos<\/li><li>Claudiano Filho (PP) &#8211; 53.024 votos<\/li><li>Simone Santana (PSB) &#8211; 53.001 votos<\/li><li>France Hacker (PSB) &#8211; 52.009 votos<\/li><li>Adalto Santos (PP) &#8211; 51.371 votos<\/li><li>Jeferson Tim\u00f3teo (PP) &#8211; 51.324 votos<\/li><li>D\u00e9bora Almeida (PSDB) &#8211; 51.282 votos<\/li><li>Pastor Cleiton Collins (PP) &#8211; 50.510 votos<\/li><li>Fabrizio Ferraz (Solidariedade) &#8211; 48.794 votos<\/li><li>M\u00e1rio Ricardo (Republicanos) &#8211; 48.699 votos<\/li><li>Joaquim Lira (PV) &#8211; 48.293 votos<\/li><li>Romero (Uni\u00e3o Brasil) &#8211; 46.345 votos<\/li><li>Renato Antunes (PL) &#8211; 46.226 votos<\/li><li>\u00c1lvaro Porto (PSDB) &#8211; 46.026 votos<\/li><li>Kaio Mani\u00e7oba (PP) &#8211; 45.791 votos<\/li><li>Jarbas Filho (PSB) &#8211; 45.331 votos<\/li><li>Rodrigo Farias (PSB) &#8211; 45.220 votos<\/li><li>Waldemar Borges (PSB) &#8211; 44.857 votos<\/li><li>Henrique Queiroz Filho (PP) &#8211; 43.822 votos<\/li><li>Jos\u00e9 Patriota (PSB) &#8211; 43.586 votos<\/li><li>Abimael Santos (PL) &#8211; 43.530 votos<\/li><li>Sileno (PSB) &#8211; 43.195 votos<\/li><li>Diogo Moraes (PSB) &#8211; 43.117 votos<\/li><li>Rosa Amorim (PT) &#8211; 42.632 votos<\/li><li>Jo\u00e3o Paulo Costa (PC do B) &#8211; 42.474 votos<\/li><li>Dani Portela (PSOL) &#8211; 38.215 votos<\/li><li>Joel da Harpa (PL) &#8211; 35.938 votos<\/li><li>Socorro Pimentel (Uni\u00e3o Brasil) &#8211; 35.515 votos<\/li><li>Jo\u00e3o de Nadegi (PV) &#8211; 29.019 votos<\/li><li>Jo\u00e3ozinho Ten\u00f3rio (Patriota) &#8211; 28.048 votos<\/li><li>Izaias Regis (PSDB) &#8211; 27.104 votos<\/li><li>Nino de Enoque (PL) &#8211; 24.851 votos<\/li><li><a rel=\"noreferrer noopener\" href=\"https:\/\/aconteceunovale.com.br\/portal\/?p=190684\" target=\"_blank\">Veja a apura\u00e7\u00e3o completa (clique aqui)<\/a><\/li><\/ul>\n\n\n\n<p class=\"wp-block-paragraph\">&#8212;&#8212;&#8212;&#8212;&#8212;&#8212;<br><br><strong>Sabia que o Aconteceu no Vale est\u00e1 tamb\u00e9m no Telegram? <a rel=\"noreferrer noopener\" href=\"https:\/\/t.me\/aconteceunovaleoficial\" target=\"_blank\">Inscreva-se no canal<\/a>.<\/strong><br><br><strong>J\u00e1 curtiu ou seguiu nossas p\u00e1ginas nas redes sociais?\u00a0Receba as not\u00edcias em primeira m\u00e3o:<\/strong><br>\u2022 <a rel=\"noreferrer noopener\" href=\"https:\/\/news.google.com\/publications\/CAAqBwgKMNjklQswi4etAw?hl=pt-BR&amp;gl=BR&amp;ceid=BR%3Apt-419\" target=\"_blank\">Google News<\/a><br>\u2022 <a rel=\"noreferrer noopener\" href=\"https:\/\/www.facebook.com\/aconteceunovale\/\" target=\"_blank\">Facebook<\/a><br>\u2022 <a rel=\"noreferrer noopener\" href=\"https:\/\/twitter.com\/noticiadosvales\" target=\"_blank\">Twitter<\/a><br>\u2022 <a rel=\"noreferrer noopener\" href=\"https:\/\/www.instagram.com\/aconteceunovale\" target=\"_blank\">Instagram<\/a><br>\u2022 <a rel=\"noreferrer noopener\" href=\"https:\/\/www.youtube.com\/AconteceunoValeOficial\" target=\"_blank\">Youtube<\/a><br>\u2022 <a rel=\"noreferrer noopener\" href=\"https:\/\/www.tiktok.com\/@aconteceunovale\" target=\"_blank\">TikTok<\/a><\/p>\n","protected":false},"excerpt":{"rendered":"<p>Eleitores de Pernambuco foram \u00e0s urnas neste domingo (2\/10\/2022) e elegeram 49 deputados estaduais.&nbsp;Confira a composi\u00e7\u00e3o da assembleia para a legislatura 2023-2027: Pastor Junior Tercio (PP) &#8211; 183.735 votos Coronel Alberto Feitosa (PL) &#8211; 146.847 votos Delegada Gleide Angelo (PSB) &#8211; 118.869 votos Ant\u00f4nio Coelho (Uni\u00e3o Brasil) &#8211; 91.698 votos Rodrigo Novaes (PSB) &#8211; 85.107 [&hellip;]<\/p>\n","protected":false},"author":4,"featured_media":191025,"comment_status":"open","ping_status":"closed","sticky":false,"template":"","format":"standard","meta":{"amp_status":"","footnotes":""},"categories":[6,249933],"tags":[230288,263770,264267,263766,264125,263873,264268,264269,264270,264271,264272,264273,264274,264275,264276,17947,264277,264278,264279,17651,264280,17548,17945,264281,17538,264282,264283,264284,263627,263626,263625,263624,263628,718,252238,262442,263623,264126,261226,264285,264286,264287,264288,264289,264290,264291,264292,264293,264294,264295,264296,264297],"class_list":["post-191176","post","type-post","status-publish","format-standard","has-post-thumbnail","hentry","category-br","category-eleicoes-2022","tag-apuracao-das-eleicoes","tag-apuracao-das-eleicoes-2022","tag-apuracao-das-eleicoes-em-pernambuco","tag-apuracao-dos-votos","tag-apuracao-dos-votos-em-pernambuco","tag-apuracao-dos-votos-em-tempo-real","tag-apuracao-dos-votos-em-tempo-real-em-pernambuco","tag-apuracao-dos-votos-para-deputado-em-pernambuco","tag-apuracao-dos-votos-para-deputado-estadual-em-pernambuco","tag-apuracao-dos-votos-para-deputado-federal-em-pernambuco","tag-apuracao-dos-votos-para-governador-em-pernambuco","tag-apuracao-dos-votos-para-presidente-em-pernambuco","tag-apuracao-dos-votos-para-senador-em-pernambuco","tag-confira-a-lista-com-nomes-dos-deputados-estaduais-eleitos-em-pernambuco","tag-confira-a-lista-de-deputados-estaduais-e-federais-eleitos-em-pernambuco","tag-confira-a-lista-de-deputados-estaduais-eleitos-em-pernambuco","tag-confira-a-lista-de-deputados-federais-eleitos-em-pernambuco","tag-confira-a-lista-final-de-deputados-estaduais-eleitos-em-pernambuco","tag-conheca-os-deputados-estaduais-eleitos-em-pernambuco","tag-conhecer-os-deputados-eleitos","tag-conhecer-os-deputados-eleitos-em-pernambuco","tag-deputados-eleitos","tag-deputados-eleitos-em-pernambuco","tag-deputados-eleitos-em-pernambuco-2022","tag-deputados-estaduais-eleitos","tag-deputados-estaduais-eleitos-em-pernambuco","tag-deputados-estaduais-eleitos-em-pernambuco-2022","tag-deputados-federais-eleitos-em-pernambuco","tag-eleicao-para-deputado-estadual-no-brasil","tag-eleicao-para-deputado-federal-no-brasil","tag-eleicao-para-governador-no-brasil","tag-eleicao-para-presidente-no-brasil","tag-eleicao-para-senador-no-brasil","tag-eleicoes","tag-eleicoes-2022","tag-eleicoes-2022-em-pernambuco","tag-eleicoes-2022-no-brasil","tag-eleicoes-em-pernambuco","tag-eleicoes-no-brasil","tag-eleito-em-pernambuco","tag-eleitos-em-pernambuco","tag-governador-eleito-em-pernambuco","tag-informacoes-sobre-os-deputados-eleitos-em-pernambuco","tag-lista-de-deputados-estaduais-eleitos-em-pernambuco","tag-nomes-dos-deputados-eleitos-em-pernambuco","tag-resultado-das-eleicoes-2022-em-pernambuco","tag-resultado-das-eleicoes-em-pernambuco","tag-resultado-eleicoes-2022-em-pernambuco","tag-senador-eleito-em-pernambuco","tag-votacao-para-deputado-em-pernambuco","tag-votacao-para-governador-em-pernambuco","tag-votacao-para-senador-em-pernambuco"],"yoast_head":"<!-- This site is optimized with the Yoast SEO plugin v28.3 - https:\/\/yoast.com\/product\/yoast-seo-wordpress\/ -->\n<title>Confira a lista de deputados estaduais eleitos em Pernambuco - Aconteceu no Vale<\/title>\n<meta name=\"robots\" content=\"index, follow, max-snippet:-1, max-image-preview:large, max-video-preview:-1\" \/>\n<link rel=\"canonical\" href=\"https:\/\/aconteceunovale.com.br\/portal\/?p=191176\" \/>\n<meta property=\"og:locale\" content=\"pt_BR\" \/>\n<meta property=\"og:type\" content=\"article\" \/>\n<meta property=\"og:title\" content=\"Confira a lista de deputados estaduais eleitos em Pernambuco - Aconteceu no Vale\" \/>\n<meta property=\"og:description\" content=\"Eleitores de Pernambuco foram \u00e0s urnas neste domingo (2\/10\/2022) e elegeram 49 deputados estaduais.&nbsp;Confira a composi\u00e7\u00e3o da assembleia para a legislatura 2023-2027: Pastor Junior Tercio (PP) &#8211; 183.735 votos Coronel Alberto Feitosa (PL) &#8211; 146.847 votos Delegada Gleide Angelo (PSB) &#8211; 118.869 votos Ant\u00f4nio Coelho (Uni\u00e3o Brasil) &#8211; 91.698 votos Rodrigo Novaes (PSB) &#8211; 85.107 [&hellip;]\" \/>\n<meta property=\"og:url\" content=\"https:\/\/aconteceunovale.com.br\/portal\/?p=191176\" \/>\n<meta property=\"og:site_name\" content=\"Aconteceu no Vale\" \/>\n<meta property=\"article:publisher\" content=\"https:\/\/www.facebook.com\/aconteceunovale\/\" \/>\n<meta property=\"article:published_time\" content=\"2022-10-03T04:04:45+00:00\" \/>\n<meta property=\"article:modified_time\" content=\"2022-10-04T20:08:22+00:00\" \/>\n<meta property=\"og:image\" content=\"https:\/\/aconteceunovale.com.br\/portal\/wp-content\/uploads\/2022\/10\/pernambuco.png\" \/>\n\t<meta property=\"og:image:width\" content=\"678\" \/>\n\t<meta property=\"og:image:height\" content=\"355\" \/>\n\t<meta property=\"og:image:type\" content=\"image\/png\" \/>\n<meta name=\"author\" content=\"Reda\u00e7\u00e3o Aconteceu no Vale\" \/>\n<meta name=\"twitter:card\" content=\"summary_large_image\" \/>\n<meta name=\"twitter:creator\" content=\"@noticiadosvales\" \/>\n<meta name=\"twitter:site\" content=\"@noticiadosvales\" \/>\n<meta name=\"twitter:label1\" content=\"Escrito por\" \/>\n\t<meta name=\"twitter:data1\" content=\"Reda\u00e7\u00e3o Aconteceu no Vale\" \/>\n\t<meta name=\"twitter:label2\" content=\"Est. tempo de leitura\" \/>\n\t<meta name=\"twitter:data2\" content=\"1 minuto\" \/>\n<script type=\"application\/ld+json\" class=\"yoast-schema-graph\">{\"@context\":\"https:\\\/\\\/schema.org\",\"@graph\":[{\"@type\":\"Article\",\"@id\":\"https:\\\/\\\/aconteceunovale.com.br\\\/portal\\\/?p=191176#article\",\"isPartOf\":{\"@id\":\"https:\\\/\\\/aconteceunovale.com.br\\\/portal\\\/?p=191176\"},\"author\":{\"name\":\"Reda\u00e7\u00e3o Aconteceu no Vale\",\"@id\":\"https:\\\/\\\/aconteceunovale.com.br\\\/portal\\\/#\\\/schema\\\/person\\\/7d2f26d1483f8a63de73da1ee0754d35\"},\"headline\":\"Confira a lista de deputados estaduais eleitos em Pernambuco\",\"datePublished\":\"2022-10-03T04:04:45+00:00\",\"dateModified\":\"2022-10-04T20:08:22+00:00\",\"mainEntityOfPage\":{\"@id\":\"https:\\\/\\\/aconteceunovale.com.br\\\/portal\\\/?p=191176\"},\"wordCount\":353,\"commentCount\":0,\"image\":{\"@id\":\"https:\\\/\\\/aconteceunovale.com.br\\\/portal\\\/?p=191176#primaryimage\"},\"thumbnailUrl\":\"https:\\\/\\\/aconteceunovale.com.br\\\/portal\\\/wp-content\\\/uploads\\\/2022\\\/10\\\/pernambuco.png\",\"keywords\":[\"Apura\u00e7\u00e3o das elei\u00e7\u00f5es\",\"Apura\u00e7\u00e3o das elei\u00e7\u00f5es 2022\",\"Apura\u00e7\u00e3o das elei\u00e7\u00f5es em Pernambuco\",\"Apura\u00e7\u00e3o dos votos\",\"Apura\u00e7\u00e3o dos votos em Pernambuco\",\"Apura\u00e7\u00e3o dos votos em tempo real\",\"Apura\u00e7\u00e3o dos votos em tempo real em Pernambuco\",\"Apura\u00e7\u00e3o dos votos para deputado em Pernambuco\",\"Apura\u00e7\u00e3o dos votos para deputado estadual em Pernambuco\",\"Apura\u00e7\u00e3o dos votos para deputado federal em Pernambuco\",\"Apura\u00e7\u00e3o dos votos para Governador em Pernambuco\",\"Apura\u00e7\u00e3o dos votos para presidente em Pernambuco\",\"Apura\u00e7\u00e3o dos votos para senador em Pernambuco\",\"Confira a lista com nomes dos deputados estaduais eleitos em Pernambuco\",\"Confira a lista de deputados estaduais e federais eleitos em Pernambuco\",\"Confira a lista de deputados estaduais eleitos em Pernambuco\",\"Confira a lista de deputados federais eleitos em Pernambuco\",\"Confira a lista final de deputados estaduais eleitos em Pernambuco\",\"Conhe\u00e7a os deputados estaduais eleitos em Pernambuco\",\"conhecer os deputados eleitos\",\"conhecer os deputados eleitos em Pernambuco\",\"deputados eleitos\",\"deputados eleitos em Pernambuco\",\"deputados eleitos em Pernambuco 2022\",\"deputados estaduais eleitos\",\"deputados estaduais eleitos em Pernambuco\",\"deputados estaduais eleitos em Pernambuco 2022\",\"deputados federais eleitos em Pernambuco\",\"Elei\u00e7\u00e3o para deputado estadual no Brasil\",\"Elei\u00e7\u00e3o para deputado federal no Brasil\",\"Elei\u00e7\u00e3o para governador no Brasil\",\"Elei\u00e7\u00e3o para presidente no Brasil\",\"Elei\u00e7\u00e3o para Senador no Brasil\",\"Elei\u00e7\u00f5es\",\"Elei\u00e7\u00f5es 2022\",\"Elei\u00e7\u00f5es 2022 em Pernambuco\",\"Elei\u00e7\u00f5es 2022 no Brasil\",\"Elei\u00e7\u00f5es em Pernambuco\",\"Elei\u00e7\u00f5es no Brasil\",\"Eleito Em Pernambuco\",\"Eleitos em Pernambuco\",\"Governador eleito em Pernambuco\",\"informa\u00e7\u00f5es sobre os deputados eleitos em Pernambuco\",\"lista de deputados estaduais eleitos em Pernambuco\",\"nomes dos deputados eleitos em Pernambuco\",\"Resultado das elei\u00e7\u00f5es 2022 em Pernambuco\",\"resultado das elei\u00e7\u00f5es em Pernambuco\",\"resultado elei\u00e7\u00f5es 2022 em Pernambuco\",\"senador eleito em Pernambuco\",\"vota\u00e7\u00e3o para deputado em Pernambuco\",\"vota\u00e7\u00e3o para governador em Pernambuco\",\"vota\u00e7\u00e3o para senador em Pernambuco\"],\"articleSection\":[\"Brasil\",\"Elei\u00e7\u00f5es 2022\"],\"inLanguage\":\"pt-BR\",\"potentialAction\":[{\"@type\":\"CommentAction\",\"name\":\"Comment\",\"target\":[\"https:\\\/\\\/aconteceunovale.com.br\\\/portal\\\/?p=191176#respond\"]}]},{\"@type\":\"WebPage\",\"@id\":\"https:\\\/\\\/aconteceunovale.com.br\\\/portal\\\/?p=191176\",\"url\":\"https:\\\/\\\/aconteceunovale.com.br\\\/portal\\\/?p=191176\",\"name\":\"Confira a lista de deputados estaduais eleitos em Pernambuco - Aconteceu no Vale\",\"isPartOf\":{\"@id\":\"https:\\\/\\\/aconteceunovale.com.br\\\/portal\\\/#website\"},\"primaryImageOfPage\":{\"@id\":\"https:\\\/\\\/aconteceunovale.com.br\\\/portal\\\/?p=191176#primaryimage\"},\"image\":{\"@id\":\"https:\\\/\\\/aconteceunovale.com.br\\\/portal\\\/?p=191176#primaryimage\"},\"thumbnailUrl\":\"https:\\\/\\\/aconteceunovale.com.br\\\/portal\\\/wp-content\\\/uploads\\\/2022\\\/10\\\/pernambuco.png\",\"datePublished\":\"2022-10-03T04:04:45+00:00\",\"dateModified\":\"2022-10-04T20:08:22+00:00\",\"author\":{\"@id\":\"https:\\\/\\\/aconteceunovale.com.br\\\/portal\\\/#\\\/schema\\\/person\\\/7d2f26d1483f8a63de73da1ee0754d35\"},\"breadcrumb\":{\"@id\":\"https:\\\/\\\/aconteceunovale.com.br\\\/portal\\\/?p=191176#breadcrumb\"},\"inLanguage\":\"pt-BR\",\"potentialAction\":[{\"@type\":\"ReadAction\",\"target\":[\"https:\\\/\\\/aconteceunovale.com.br\\\/portal\\\/?p=191176\"]}]},{\"@type\":\"ImageObject\",\"inLanguage\":\"pt-BR\",\"@id\":\"https:\\\/\\\/aconteceunovale.com.br\\\/portal\\\/?p=191176#primaryimage\",\"url\":\"https:\\\/\\\/aconteceunovale.com.br\\\/portal\\\/wp-content\\\/uploads\\\/2022\\\/10\\\/pernambuco.png\",\"contentUrl\":\"https:\\\/\\\/aconteceunovale.com.br\\\/portal\\\/wp-content\\\/uploads\\\/2022\\\/10\\\/pernambuco.png\",\"width\":678,\"height\":355},{\"@type\":\"BreadcrumbList\",\"@id\":\"https:\\\/\\\/aconteceunovale.com.br\\\/portal\\\/?p=191176#breadcrumb\",\"itemListElement\":[{\"@type\":\"ListItem\",\"position\":1,\"name\":\"In\u00edcio\",\"item\":\"https:\\\/\\\/aconteceunovale.com.br\\\/portal\\\/\"},{\"@type\":\"ListItem\",\"position\":2,\"name\":\"Confira a lista de deputados estaduais eleitos em Pernambuco\"}]},{\"@type\":\"WebSite\",\"@id\":\"https:\\\/\\\/aconteceunovale.com.br\\\/portal\\\/#website\",\"url\":\"https:\\\/\\\/aconteceunovale.com.br\\\/portal\\\/\",\"name\":\"Aconteceu no Vale\",\"description\":\"Portal de Not\u00edcias\",\"potentialAction\":[{\"@type\":\"SearchAction\",\"target\":{\"@type\":\"EntryPoint\",\"urlTemplate\":\"https:\\\/\\\/aconteceunovale.com.br\\\/portal\\\/?s={search_term_string}\"},\"query-input\":{\"@type\":\"PropertyValueSpecification\",\"valueRequired\":true,\"valueName\":\"search_term_string\"}}],\"inLanguage\":\"pt-BR\"},{\"@type\":\"Person\",\"@id\":\"https:\\\/\\\/aconteceunovale.com.br\\\/portal\\\/#\\\/schema\\\/person\\\/7d2f26d1483f8a63de73da1ee0754d35\",\"name\":\"Reda\u00e7\u00e3o Aconteceu no Vale\",\"description\":\"Equipe de reportagem do Aconteceu no Vale, portal de not\u00edcias do Vale do Jequitinhonha, em Minas Gerais. Cobrimos as 51 cidades do Vale desde 2013. Sugest\u00f5es de pauta e pedidos de corre\u00e7\u00e3o: contato@aconteceunovale.com.br\",\"url\":\"https:\\\/\\\/aconteceunovale.com.br\\\/portal\\\/?author=4\"}]}<\/script>\n<!-- \/ Yoast SEO plugin. -->","yoast_head_json":{"title":"Confira a lista de deputados estaduais eleitos em Pernambuco - Aconteceu no Vale","robots":{"index":"index","follow":"follow","max-snippet":"max-snippet:-1","max-image-preview":"max-image-preview:large","max-video-preview":"max-video-preview:-1"},"canonical":"https:\/\/aconteceunovale.com.br\/portal\/?p=191176","og_locale":"pt_BR","og_type":"article","og_title":"Confira a lista de deputados estaduais eleitos em Pernambuco - Aconteceu no Vale","og_description":"Eleitores de Pernambuco foram \u00e0s urnas neste domingo (2\/10\/2022) e elegeram 49 deputados estaduais.&nbsp;Confira a composi\u00e7\u00e3o da assembleia para a legislatura 2023-2027: Pastor Junior Tercio (PP) &#8211; 183.735 votos Coronel Alberto Feitosa (PL) &#8211; 146.847 votos Delegada Gleide Angelo (PSB) &#8211; 118.869 votos Ant\u00f4nio Coelho (Uni\u00e3o Brasil) &#8211; 91.698 votos Rodrigo Novaes (PSB) &#8211; 85.107 [&hellip;]","og_url":"https:\/\/aconteceunovale.com.br\/portal\/?p=191176","og_site_name":"Aconteceu no Vale","article_publisher":"https:\/\/www.facebook.com\/aconteceunovale\/","article_published_time":"2022-10-03T04:04:45+00:00","article_modified_time":"2022-10-04T20:08:22+00:00","og_image":[{"width":678,"height":355,"url":"https:\/\/aconteceunovale.com.br\/portal\/wp-content\/uploads\/2022\/10\/pernambuco.png","type":"image\/png"}],"author":"Reda\u00e7\u00e3o Aconteceu no Vale","twitter_card":"summary_large_image","twitter_creator":"@noticiadosvales","twitter_site":"@noticiadosvales","twitter_misc":{"Escrito por":"Reda\u00e7\u00e3o Aconteceu no Vale","Est. tempo de leitura":"1 minuto"},"schema":{"@context":"https:\/\/schema.org","@graph":[{"@type":"Article","@id":"https:\/\/aconteceunovale.com.br\/portal\/?p=191176#article","isPartOf":{"@id":"https:\/\/aconteceunovale.com.br\/portal\/?p=191176"},"author":{"name":"Reda\u00e7\u00e3o Aconteceu no Vale","@id":"https:\/\/aconteceunovale.com.br\/portal\/#\/schema\/person\/7d2f26d1483f8a63de73da1ee0754d35"},"headline":"Confira a lista de deputados estaduais eleitos em Pernambuco","datePublished":"2022-10-03T04:04:45+00:00","dateModified":"2022-10-04T20:08:22+00:00","mainEntityOfPage":{"@id":"https:\/\/aconteceunovale.com.br\/portal\/?p=191176"},"wordCount":353,"commentCount":0,"image":{"@id":"https:\/\/aconteceunovale.com.br\/portal\/?p=191176#primaryimage"},"thumbnailUrl":"https:\/\/aconteceunovale.com.br\/portal\/wp-content\/uploads\/2022\/10\/pernambuco.png","keywords":["Apura\u00e7\u00e3o das elei\u00e7\u00f5es","Apura\u00e7\u00e3o das elei\u00e7\u00f5es 2022","Apura\u00e7\u00e3o das elei\u00e7\u00f5es em Pernambuco","Apura\u00e7\u00e3o dos votos","Apura\u00e7\u00e3o dos votos em Pernambuco","Apura\u00e7\u00e3o dos votos em tempo real","Apura\u00e7\u00e3o dos votos em tempo real em Pernambuco","Apura\u00e7\u00e3o dos votos para deputado em Pernambuco","Apura\u00e7\u00e3o dos votos para deputado estadual em Pernambuco","Apura\u00e7\u00e3o dos votos para deputado federal em Pernambuco","Apura\u00e7\u00e3o dos votos para Governador em Pernambuco","Apura\u00e7\u00e3o dos votos para presidente em Pernambuco","Apura\u00e7\u00e3o dos votos para senador em Pernambuco","Confira a lista com nomes dos deputados estaduais eleitos em Pernambuco","Confira a lista de deputados estaduais e federais eleitos em Pernambuco","Confira a lista de deputados estaduais eleitos em Pernambuco","Confira a lista de deputados federais eleitos em Pernambuco","Confira a lista final de deputados estaduais eleitos em Pernambuco","Conhe\u00e7a os deputados estaduais eleitos em Pernambuco","conhecer os deputados eleitos","conhecer os deputados eleitos em Pernambuco","deputados eleitos","deputados eleitos em Pernambuco","deputados eleitos em Pernambuco 2022","deputados estaduais eleitos","deputados estaduais eleitos em Pernambuco","deputados estaduais eleitos em Pernambuco 2022","deputados federais eleitos em Pernambuco","Elei\u00e7\u00e3o para deputado estadual no Brasil","Elei\u00e7\u00e3o para deputado federal no Brasil","Elei\u00e7\u00e3o para governador no Brasil","Elei\u00e7\u00e3o para presidente no Brasil","Elei\u00e7\u00e3o para Senador no Brasil","Elei\u00e7\u00f5es","Elei\u00e7\u00f5es 2022","Elei\u00e7\u00f5es 2022 em Pernambuco","Elei\u00e7\u00f5es 2022 no Brasil","Elei\u00e7\u00f5es em Pernambuco","Elei\u00e7\u00f5es no Brasil","Eleito Em Pernambuco","Eleitos em Pernambuco","Governador eleito em Pernambuco","informa\u00e7\u00f5es sobre os deputados eleitos em Pernambuco","lista de deputados estaduais eleitos em Pernambuco","nomes dos deputados eleitos em Pernambuco","Resultado das elei\u00e7\u00f5es 2022 em Pernambuco","resultado das elei\u00e7\u00f5es em Pernambuco","resultado elei\u00e7\u00f5es 2022 em Pernambuco","senador eleito em Pernambuco","vota\u00e7\u00e3o para deputado em Pernambuco","vota\u00e7\u00e3o para governador em Pernambuco","vota\u00e7\u00e3o para senador em Pernambuco"],"articleSection":["Brasil","Elei\u00e7\u00f5es 2022"],"inLanguage":"pt-BR","potentialAction":[{"@type":"CommentAction","name":"Comment","target":["https:\/\/aconteceunovale.com.br\/portal\/?p=191176#respond"]}]},{"@type":"WebPage","@id":"https:\/\/aconteceunovale.com.br\/portal\/?p=191176","url":"https:\/\/aconteceunovale.com.br\/portal\/?p=191176","name":"Confira a lista de deputados estaduais eleitos em Pernambuco - Aconteceu no Vale","isPartOf":{"@id":"https:\/\/aconteceunovale.com.br\/portal\/#website"},"primaryImageOfPage":{"@id":"https:\/\/aconteceunovale.com.br\/portal\/?p=191176#primaryimage"},"image":{"@id":"https:\/\/aconteceunovale.com.br\/portal\/?p=191176#primaryimage"},"thumbnailUrl":"https:\/\/aconteceunovale.com.br\/portal\/wp-content\/uploads\/2022\/10\/pernambuco.png","datePublished":"2022-10-03T04:04:45+00:00","dateModified":"2022-10-04T20:08:22+00:00","author":{"@id":"https:\/\/aconteceunovale.com.br\/portal\/#\/schema\/person\/7d2f26d1483f8a63de73da1ee0754d35"},"breadcrumb":{"@id":"https:\/\/aconteceunovale.com.br\/portal\/?p=191176#breadcrumb"},"inLanguage":"pt-BR","potentialAction":[{"@type":"ReadAction","target":["https:\/\/aconteceunovale.com.br\/portal\/?p=191176"]}]},{"@type":"ImageObject","inLanguage":"pt-BR","@id":"https:\/\/aconteceunovale.com.br\/portal\/?p=191176#primaryimage","url":"https:\/\/aconteceunovale.com.br\/portal\/wp-content\/uploads\/2022\/10\/pernambuco.png","contentUrl":"https:\/\/aconteceunovale.com.br\/portal\/wp-content\/uploads\/2022\/10\/pernambuco.png","width":678,"height":355},{"@type":"BreadcrumbList","@id":"https:\/\/aconteceunovale.com.br\/portal\/?p=191176#breadcrumb","itemListElement":[{"@type":"ListItem","position":1,"name":"In\u00edcio","item":"https:\/\/aconteceunovale.com.br\/portal\/"},{"@type":"ListItem","position":2,"name":"Confira a lista de deputados estaduais eleitos em Pernambuco"}]},{"@type":"WebSite","@id":"https:\/\/aconteceunovale.com.br\/portal\/#website","url":"https:\/\/aconteceunovale.com.br\/portal\/","name":"Aconteceu no Vale","description":"Portal de Not\u00edcias","potentialAction":[{"@type":"SearchAction","target":{"@type":"EntryPoint","urlTemplate":"https:\/\/aconteceunovale.com.br\/portal\/?s={search_term_string}"},"query-input":{"@type":"PropertyValueSpecification","valueRequired":true,"valueName":"search_term_string"}}],"inLanguage":"pt-BR"},{"@type":"Person","@id":"https:\/\/aconteceunovale.com.br\/portal\/#\/schema\/person\/7d2f26d1483f8a63de73da1ee0754d35","name":"Reda\u00e7\u00e3o Aconteceu no Vale","description":"Equipe de reportagem do Aconteceu no Vale, portal de not\u00edcias do Vale do Jequitinhonha, em Minas Gerais. Cobrimos as 51 cidades do Vale desde 2013. Sugest\u00f5es de pauta e pedidos de corre\u00e7\u00e3o: contato@aconteceunovale.com.br","url":"https:\/\/aconteceunovale.com.br\/portal\/?author=4"}]}},"_links":{"self":[{"href":"https:\/\/aconteceunovale.com.br\/portal\/index.php?rest_route=\/wp\/v2\/posts\/191176","targetHints":{"allow":["GET"]}}],"collection":[{"href":"https:\/\/aconteceunovale.com.br\/portal\/index.php?rest_route=\/wp\/v2\/posts"}],"about":[{"href":"https:\/\/aconteceunovale.com.br\/portal\/index.php?rest_route=\/wp\/v2\/types\/post"}],"author":[{"embeddable":true,"href":"https:\/\/aconteceunovale.com.br\/portal\/index.php?rest_route=\/wp\/v2\/users\/4"}],"replies":[{"embeddable":true,"href":"https:\/\/aconteceunovale.com.br\/portal\/index.php?rest_route=%2Fwp%2Fv2%2Fcomments&post=191176"}],"version-history":[{"count":1,"href":"https:\/\/aconteceunovale.com.br\/portal\/index.php?rest_route=\/wp\/v2\/posts\/191176\/revisions"}],"predecessor-version":[{"id":191177,"href":"https:\/\/aconteceunovale.com.br\/portal\/index.php?rest_route=\/wp\/v2\/posts\/191176\/revisions\/191177"}],"wp:featuredmedia":[{"embeddable":true,"href":"https:\/\/aconteceunovale.com.br\/portal\/index.php?rest_route=\/wp\/v2\/media\/191025"}],"wp:attachment":[{"href":"https:\/\/aconteceunovale.com.br\/portal\/index.php?rest_route=%2Fwp%2Fv2%2Fmedia&parent=191176"}],"wp:term":[{"taxonomy":"category","embeddable":true,"href":"https:\/\/aconteceunovale.com.br\/portal\/index.php?rest_route=%2Fwp%2Fv2%2Fcategories&post=191176"},{"taxonomy":"post_tag","embeddable":true,"href":"https:\/\/aconteceunovale.com.br\/portal\/index.php?rest_route=%2Fwp%2Fv2%2Ftags&post=191176"}],"curies":[{"name":"wp","href":"https:\/\/api.w.org\/{rel}","templated":true}]}}