{"id":191168,"date":"2022-10-03T02:25:33","date_gmt":"2022-10-03T05:25:33","guid":{"rendered":"https:\/\/aconteceunovale.com.br\/portal\/?p=191168"},"modified":"2022-10-04T15:55:33","modified_gmt":"2022-10-04T18:55:33","slug":"confira-a-lista-de-deputados-estaduais-eleitos-no-para","status":"publish","type":"post","link":"https:\/\/aconteceunovale.com.br\/portal\/?p=191168","title":{"rendered":"Confira a lista de deputados estaduais eleitos no Par\u00e1"},"content":{"rendered":"\n<p class=\"wp-block-paragraph\">Eleitores do Par\u00e1 foram \u00e0s urnas neste domingo (2\/10\/2022) e elegeram 41 deputados estaduais.&nbsp;Confira a composi\u00e7\u00e3o da assembleia para a legislatura 2023-2027:<\/p>\n\n\n\n<ul class=\"wp-block-list\"><li>Chamonzinho (MDB) &#8211; 109.287 votos<\/li><li>Iran Lima (MDB) &#8211; 92.710 votos<\/li><li>Cilene Couto (PSDB) &#8211; 91.611 votos<\/li><li>Chic\u00e3o (MDB) &#8211; 91.542 votos<\/li><li>Rog\u00e9rio Barra (PL) &#8211; 81.868 votos<\/li><li>Erick Monteiro (PSDB) &#8211; 78.053 votos<\/li><li>Adriano Coelho (PDT) &#8211; 74.795 votos<\/li><li>Gustavo Sefer (PSD) &#8211; 73.188 votos<\/li><li>Igor Normando (Podemos) &#8211; 71.906 votos<\/li><li>Dirceu Ten Caten (PT) &#8211; 66.397 votos<\/li><li>Braz (PDT) &#8211; 65.495 votos<\/li><li>Luth Rebelo (PP) &#8211; 62.536 votos<\/li><li>Zeca Pir\u00e3o (MDB) &#8211; 61.766 votos<\/li><li>Ronie Silva (MDB) &#8211; 61.297 votos<\/li><li>Paula Titan (MDB) &#8211; 61.219 votos<\/li><li>F\u00e1bio Freitas (Republicanos) &#8211; 58.689 votos<\/li><li>Angelo Ferrari (MDB) &#8211; 58.104 votos<\/li><li>Carlos Vinicious (MDB) &#8211; 57.998 votos<\/li><li>Martinho Carmona (MDB) &#8211; 56.571 votos<\/li><li>Antonio Tonheiro (PP) &#8211; 56.202 votos<\/li><li>Ana Cunha (PSDB) &#8211; 55.725 votos<\/li><li>Diana Belo (MDB) &#8211; 52.685 votos<\/li><li>Dr. Wanderlan (MDB) &#8211; 52.361 votos<\/li><li>Eraldo Pimenta (MDB) &#8211; 51.986 votos<\/li><li>Thiago Ara\u00fajo (Cidadania) &#8211; 49.411 votos<\/li><li>Bob Fllay (PTB) &#8211; 48.452 votos<\/li><li>Victor Dias (Uni\u00e3o Brasil) &#8211; 48.235 votos<\/li><li>Andreia Xar\u00e3o (MDB) &#8211; 48.006 votos<\/li><li>Delegado Nilton Neves (PSD) &#8211; 47.307 votos<\/li><li>Lu Ogawa (PP) &#8211; 46.262 votos<\/li><li>Elias Santiago (PT) &#8211; 44.734 votos<\/li><li>Maria (PT) &#8211; 43.255 votos<\/li><li>Wescley Tomaz (PSC) &#8211; 40.302 votos<\/li><li>Josu\u00e9 Paiva (Republicanos) &#8211; 36.874 votos<\/li><li>F\u00e1bio Figueiras (PSB) &#8211; 35.626 votos<\/li><li>Bordalo (PT) &#8211; 34.238 votos<\/li><li>Delegado Toni Cunha (PSC) &#8211; 33.388 votos<\/li><li>L\u00edvia Duarte (PSOL) &#8211; 28.817 votos<\/li><li>Renato Oliveira (Podemos) &#8211; 23.230 votos<\/li><li>Aveilton Souza (PL) &#8211; 23.230 votos<\/li><li>Coronel Neil (PL) &#8211; 22.366 votos<\/li><li><a rel=\"noreferrer noopener\" href=\"https:\/\/aconteceunovale.com.br\/portal\/?p=190684\" target=\"_blank\">Veja a apura\u00e7\u00e3o completa (clique aqui)<\/a><\/li><\/ul>\n\n\n\n<p class=\"wp-block-paragraph\">&#8212;&#8212;&#8212;&#8212;&#8212;&#8212;<br><br><strong>Sabia que o Aconteceu no Vale est\u00e1 tamb\u00e9m no Telegram? <a rel=\"noreferrer noopener\" href=\"https:\/\/t.me\/aconteceunovaleoficial\" target=\"_blank\">Inscreva-se no canal<\/a>.<\/strong><br><br><strong>J\u00e1 curtiu ou seguiu nossas p\u00e1ginas nas redes sociais?\u00a0Receba as not\u00edcias em primeira m\u00e3o:<\/strong><br>\u2022 <a rel=\"noreferrer noopener\" href=\"https:\/\/news.google.com\/publications\/CAAqBwgKMNjklQswi4etAw?hl=pt-BR&amp;gl=BR&amp;ceid=BR%3Apt-419\" target=\"_blank\">Google News<\/a><br>\u2022 <a rel=\"noreferrer noopener\" href=\"https:\/\/www.facebook.com\/aconteceunovale\/\" target=\"_blank\">Facebook<\/a><br>\u2022 <a rel=\"noreferrer noopener\" href=\"https:\/\/twitter.com\/noticiadosvales\" target=\"_blank\">Twitter<\/a><br>\u2022 <a rel=\"noreferrer noopener\" href=\"https:\/\/www.instagram.com\/aconteceunovale\" target=\"_blank\">Instagram<\/a><br>\u2022 <a rel=\"noreferrer noopener\" href=\"https:\/\/www.youtube.com\/AconteceunoValeOficial\" target=\"_blank\">Youtube<\/a><br>\u2022 <a rel=\"noreferrer noopener\" href=\"https:\/\/www.tiktok.com\/@aconteceunovale\" target=\"_blank\">TikTok<\/a><\/p>\n","protected":false},"excerpt":{"rendered":"<p>Eleitores do Par\u00e1 foram \u00e0s urnas neste domingo (2\/10\/2022) e elegeram 41 deputados estaduais.&nbsp;Confira a composi\u00e7\u00e3o da assembleia para a legislatura 2023-2027: Chamonzinho (MDB) &#8211; 109.287 votos Iran Lima (MDB) &#8211; 92.710 votos Cilene Couto (PSDB) &#8211; 91.611 votos Chic\u00e3o (MDB) &#8211; 91.542 votos Rog\u00e9rio Barra (PL) &#8211; 81.868 votos Erick Monteiro (PSDB) &#8211; 78.053 [&hellip;]<\/p>\n","protected":false},"author":4,"featured_media":191018,"comment_status":"open","ping_status":"closed","sticky":false,"template":"","format":"standard","meta":{"amp_status":"","footnotes":""},"categories":[6,249933],"tags":[230288,263770,264204,263766,263873,264205,184388,264207,264208,264206,264209,264210,264211,264212,264213,17938,264214,264215,264216,17651,264217,17548,17936,264218,264219,17538,264220,264221,264222,264223,263627,263626,263625,263624,263628,718,252238,263623,262286,261226,264177,264224,264225,20461,264226,264227,264228,264229,20578,264230,264231,264232,264233,264234],"class_list":["post-191168","post","type-post","status-publish","format-standard","has-post-thumbnail","hentry","category-br","category-eleicoes-2022","tag-apuracao-das-eleicoes","tag-apuracao-das-eleicoes-2022","tag-apuracao-das-eleicoes-no-para","tag-apuracao-dos-votos","tag-apuracao-dos-votos-em-tempo-real","tag-apuracao-dos-votos-em-tempo-real-no-para","tag-apuracao-dos-votos-no-para","tag-apuracao-dos-votos-para-deputado-estadual-no-para","tag-apuracao-dos-votos-para-deputado-federal-no-para","tag-apuracao-dos-votos-para-deputado-no-para","tag-apuracao-dos-votos-para-governador-no-para","tag-apuracao-dos-votos-para-presidente-no-para","tag-apuracao-dos-votos-para-senador-no-para","tag-confira-a-lista-com-nomes-dos-deputados-estaduais-eleitos-no-para","tag-confira-a-lista-de-deputados-estaduais-e-federais-eleitos-no-para","tag-confira-a-lista-de-deputados-estaduais-eleitos-no-para","tag-confira-a-lista-de-deputados-federais-eleitos-no-para","tag-confira-a-lista-final-de-deputados-estaduais-eleitos-no-para","tag-conheca-os-deputados-estaduais-eleitos-no-para","tag-conhecer-os-deputados-eleitos","tag-conhecer-os-deputados-eleitos-no-para","tag-deputados-eleitos","tag-deputados-eleitos-no-para","tag-deputados-eleitos-no-para-2022","tag-deputados-eleitos-para","tag-deputados-estaduais-eleitos","tag-deputados-estaduais-eleitos-no-para","tag-deputados-estaduais-eleitos-no-para-2022","tag-deputados-estaduais-eleitos-para","tag-deputados-federais-eleitos-no-para","tag-eleicao-para-deputado-estadual-no-brasil","tag-eleicao-para-deputado-federal-no-brasil","tag-eleicao-para-governador-no-brasil","tag-eleicao-para-presidente-no-brasil","tag-eleicao-para-senador-no-brasil","tag-eleicoes","tag-eleicoes-2022","tag-eleicoes-2022-no-brasil","tag-eleicoes-2022-no-para","tag-eleicoes-no-brasil","tag-eleicoes-no-para","tag-eleito-para","tag-eleitos-no-para","tag-governador-eleito-no-para","tag-informacoes-sobre-os-deputados-eleitos-no-para","tag-lista-de-deputados-estaduais-eleitos-no-para","tag-nomes-dos-deputados-eleitos-no-para","tag-resultado-das-eleicoes-2022-no-para","tag-resultado-das-eleicoes-no-para","tag-resultado-eleicoes-2022-no-para","tag-senador-eleito-no-para","tag-votacao-para-deputado-no-para","tag-votacao-para-governador-no-para","tag-votacao-para-senador-no-para"],"yoast_head":"<!-- This site is optimized with the Yoast SEO plugin v28.3 - https:\/\/yoast.com\/product\/yoast-seo-wordpress\/ -->\n<title>Confira a lista de deputados estaduais eleitos no Par\u00e1 - Aconteceu no Vale<\/title>\n<meta name=\"robots\" content=\"index, follow, max-snippet:-1, max-image-preview:large, max-video-preview:-1\" \/>\n<link rel=\"canonical\" href=\"https:\/\/aconteceunovale.com.br\/portal\/?p=191168\" \/>\n<meta property=\"og:locale\" content=\"pt_BR\" \/>\n<meta property=\"og:type\" content=\"article\" \/>\n<meta property=\"og:title\" content=\"Confira a lista de deputados estaduais eleitos no Par\u00e1 - Aconteceu no Vale\" \/>\n<meta property=\"og:description\" content=\"Eleitores do Par\u00e1 foram \u00e0s urnas neste domingo (2\/10\/2022) e elegeram 41 deputados estaduais.&nbsp;Confira a composi\u00e7\u00e3o da assembleia para a legislatura 2023-2027: Chamonzinho (MDB) &#8211; 109.287 votos Iran Lima (MDB) &#8211; 92.710 votos Cilene Couto (PSDB) &#8211; 91.611 votos Chic\u00e3o (MDB) &#8211; 91.542 votos Rog\u00e9rio Barra (PL) &#8211; 81.868 votos Erick Monteiro (PSDB) &#8211; 78.053 [&hellip;]\" \/>\n<meta property=\"og:url\" content=\"https:\/\/aconteceunovale.com.br\/portal\/?p=191168\" \/>\n<meta property=\"og:site_name\" content=\"Aconteceu no Vale\" \/>\n<meta property=\"article:publisher\" content=\"https:\/\/www.facebook.com\/aconteceunovale\/\" \/>\n<meta property=\"article:published_time\" content=\"2022-10-03T05:25:33+00:00\" \/>\n<meta property=\"article:modified_time\" content=\"2022-10-04T18:55:33+00:00\" \/>\n<meta property=\"og:image\" content=\"https:\/\/aconteceunovale.com.br\/portal\/wp-content\/uploads\/2022\/10\/para.jpg\" \/>\n\t<meta property=\"og:image:width\" content=\"678\" \/>\n\t<meta property=\"og:image:height\" content=\"355\" \/>\n\t<meta property=\"og:image:type\" content=\"image\/jpeg\" \/>\n<meta name=\"author\" content=\"Reda\u00e7\u00e3o Aconteceu no Vale\" \/>\n<meta name=\"twitter:card\" content=\"summary_large_image\" \/>\n<meta name=\"twitter:creator\" content=\"@noticiadosvales\" \/>\n<meta name=\"twitter:site\" content=\"@noticiadosvales\" \/>\n<meta name=\"twitter:label1\" content=\"Escrito por\" \/>\n\t<meta name=\"twitter:data1\" content=\"Reda\u00e7\u00e3o Aconteceu no Vale\" \/>\n\t<meta name=\"twitter:label2\" content=\"Est. tempo de leitura\" \/>\n\t<meta name=\"twitter:data2\" content=\"1 minuto\" \/>\n<script type=\"application\/ld+json\" class=\"yoast-schema-graph\">{\"@context\":\"https:\\\/\\\/schema.org\",\"@graph\":[{\"@type\":\"Article\",\"@id\":\"https:\\\/\\\/aconteceunovale.com.br\\\/portal\\\/?p=191168#article\",\"isPartOf\":{\"@id\":\"https:\\\/\\\/aconteceunovale.com.br\\\/portal\\\/?p=191168\"},\"author\":{\"name\":\"Reda\u00e7\u00e3o Aconteceu no Vale\",\"@id\":\"https:\\\/\\\/aconteceunovale.com.br\\\/portal\\\/#\\\/schema\\\/person\\\/7d2f26d1483f8a63de73da1ee0754d35\"},\"headline\":\"Confira a lista de deputados estaduais eleitos no Par\u00e1\",\"datePublished\":\"2022-10-03T05:25:33+00:00\",\"dateModified\":\"2022-10-04T18:55:33+00:00\",\"mainEntityOfPage\":{\"@id\":\"https:\\\/\\\/aconteceunovale.com.br\\\/portal\\\/?p=191168\"},\"wordCount\":292,\"commentCount\":0,\"image\":{\"@id\":\"https:\\\/\\\/aconteceunovale.com.br\\\/portal\\\/?p=191168#primaryimage\"},\"thumbnailUrl\":\"https:\\\/\\\/aconteceunovale.com.br\\\/portal\\\/wp-content\\\/uploads\\\/2022\\\/10\\\/para.jpg\",\"keywords\":[\"Apura\u00e7\u00e3o das elei\u00e7\u00f5es\",\"Apura\u00e7\u00e3o das elei\u00e7\u00f5es 2022\",\"Apura\u00e7\u00e3o das elei\u00e7\u00f5es no Par\u00e1\",\"Apura\u00e7\u00e3o dos votos\",\"Apura\u00e7\u00e3o dos votos em tempo real\",\"Apura\u00e7\u00e3o dos votos em tempo real no Par\u00e1\",\"apura\u00e7\u00e3o dos votos no Par\u00e1\",\"Apura\u00e7\u00e3o dos votos para deputado estadual no Par\u00e1\",\"Apura\u00e7\u00e3o dos votos para deputado federal no Par\u00e1\",\"Apura\u00e7\u00e3o dos votos para deputado no Par\u00e1\",\"Apura\u00e7\u00e3o dos votos para Governador no Par\u00e1\",\"Apura\u00e7\u00e3o dos votos para presidente no Par\u00e1\",\"Apura\u00e7\u00e3o dos votos para senador no Par\u00e1\",\"Confira a lista com nomes dos deputados estaduais eleitos no Par\u00e1\",\"Confira a lista de deputados estaduais e federais eleitos no Par\u00e1\",\"Confira a lista de deputados estaduais eleitos no Par\u00e1\",\"Confira a lista de deputados federais eleitos no Par\u00e1\",\"Confira a lista final de deputados estaduais eleitos no Par\u00e1\",\"Conhe\u00e7a os deputados estaduais eleitos no Par\u00e1\",\"conhecer os deputados eleitos\",\"conhecer os deputados eleitos no Par\u00e1\",\"deputados eleitos\",\"deputados eleitos no Par\u00e1\",\"deputados eleitos no Par\u00e1 2022\",\"deputados eleitos Par\u00e1\",\"deputados estaduais eleitos\",\"deputados estaduais eleitos no Par\u00e1\",\"deputados estaduais eleitos no Par\u00e1 2022\",\"deputados estaduais eleitos Par\u00e1\",\"deputados federais eleitos no Par\u00e1\",\"Elei\u00e7\u00e3o para deputado estadual no Brasil\",\"Elei\u00e7\u00e3o para deputado federal no Brasil\",\"Elei\u00e7\u00e3o para governador no Brasil\",\"Elei\u00e7\u00e3o para presidente no Brasil\",\"Elei\u00e7\u00e3o para Senador no Brasil\",\"Elei\u00e7\u00f5es\",\"Elei\u00e7\u00f5es 2022\",\"Elei\u00e7\u00f5es 2022 no Brasil\",\"Elei\u00e7\u00f5es 2022 no Par\u00e1\",\"Elei\u00e7\u00f5es no Brasil\",\"Elei\u00e7\u00f5es no Par\u00e1\",\"Eleito Par\u00e1\",\"Eleitos no Par\u00e1\",\"governador eleito no par\u00e1\",\"informa\u00e7\u00f5es sobre os deputados eleitos no Par\u00e1\",\"lista de deputados estaduais eleitos no Par\u00e1\",\"nomes dos deputados eleitos no Par\u00e1\",\"Resultado das elei\u00e7\u00f5es 2022 no Par\u00e1\",\"resultado das elei\u00e7\u00f5es no par\u00e1\",\"resultado elei\u00e7\u00f5es 2022 no Par\u00e1\",\"senador eleito no Par\u00e1\",\"vota\u00e7\u00e3o para deputado no Par\u00e1\",\"vota\u00e7\u00e3o para governador no Par\u00e1\",\"vota\u00e7\u00e3o para senador no Par\u00e1\"],\"articleSection\":[\"Brasil\",\"Elei\u00e7\u00f5es 2022\"],\"inLanguage\":\"pt-BR\",\"potentialAction\":[{\"@type\":\"CommentAction\",\"name\":\"Comment\",\"target\":[\"https:\\\/\\\/aconteceunovale.com.br\\\/portal\\\/?p=191168#respond\"]}]},{\"@type\":\"WebPage\",\"@id\":\"https:\\\/\\\/aconteceunovale.com.br\\\/portal\\\/?p=191168\",\"url\":\"https:\\\/\\\/aconteceunovale.com.br\\\/portal\\\/?p=191168\",\"name\":\"Confira a lista de deputados estaduais eleitos no Par\u00e1 - Aconteceu no Vale\",\"isPartOf\":{\"@id\":\"https:\\\/\\\/aconteceunovale.com.br\\\/portal\\\/#website\"},\"primaryImageOfPage\":{\"@id\":\"https:\\\/\\\/aconteceunovale.com.br\\\/portal\\\/?p=191168#primaryimage\"},\"image\":{\"@id\":\"https:\\\/\\\/aconteceunovale.com.br\\\/portal\\\/?p=191168#primaryimage\"},\"thumbnailUrl\":\"https:\\\/\\\/aconteceunovale.com.br\\\/portal\\\/wp-content\\\/uploads\\\/2022\\\/10\\\/para.jpg\",\"datePublished\":\"2022-10-03T05:25:33+00:00\",\"dateModified\":\"2022-10-04T18:55:33+00:00\",\"author\":{\"@id\":\"https:\\\/\\\/aconteceunovale.com.br\\\/portal\\\/#\\\/schema\\\/person\\\/7d2f26d1483f8a63de73da1ee0754d35\"},\"breadcrumb\":{\"@id\":\"https:\\\/\\\/aconteceunovale.com.br\\\/portal\\\/?p=191168#breadcrumb\"},\"inLanguage\":\"pt-BR\",\"potentialAction\":[{\"@type\":\"ReadAction\",\"target\":[\"https:\\\/\\\/aconteceunovale.com.br\\\/portal\\\/?p=191168\"]}]},{\"@type\":\"ImageObject\",\"inLanguage\":\"pt-BR\",\"@id\":\"https:\\\/\\\/aconteceunovale.com.br\\\/portal\\\/?p=191168#primaryimage\",\"url\":\"https:\\\/\\\/aconteceunovale.com.br\\\/portal\\\/wp-content\\\/uploads\\\/2022\\\/10\\\/para.jpg\",\"contentUrl\":\"https:\\\/\\\/aconteceunovale.com.br\\\/portal\\\/wp-content\\\/uploads\\\/2022\\\/10\\\/para.jpg\",\"width\":678,\"height\":355},{\"@type\":\"BreadcrumbList\",\"@id\":\"https:\\\/\\\/aconteceunovale.com.br\\\/portal\\\/?p=191168#breadcrumb\",\"itemListElement\":[{\"@type\":\"ListItem\",\"position\":1,\"name\":\"In\u00edcio\",\"item\":\"https:\\\/\\\/aconteceunovale.com.br\\\/portal\\\/\"},{\"@type\":\"ListItem\",\"position\":2,\"name\":\"Confira a lista de deputados estaduais eleitos no Par\u00e1\"}]},{\"@type\":\"WebSite\",\"@id\":\"https:\\\/\\\/aconteceunovale.com.br\\\/portal\\\/#website\",\"url\":\"https:\\\/\\\/aconteceunovale.com.br\\\/portal\\\/\",\"name\":\"Aconteceu no Vale\",\"description\":\"Portal de Not\u00edcias\",\"potentialAction\":[{\"@type\":\"SearchAction\",\"target\":{\"@type\":\"EntryPoint\",\"urlTemplate\":\"https:\\\/\\\/aconteceunovale.com.br\\\/portal\\\/?s={search_term_string}\"},\"query-input\":{\"@type\":\"PropertyValueSpecification\",\"valueRequired\":true,\"valueName\":\"search_term_string\"}}],\"inLanguage\":\"pt-BR\"},{\"@type\":\"Person\",\"@id\":\"https:\\\/\\\/aconteceunovale.com.br\\\/portal\\\/#\\\/schema\\\/person\\\/7d2f26d1483f8a63de73da1ee0754d35\",\"name\":\"Reda\u00e7\u00e3o Aconteceu no Vale\",\"description\":\"Equipe de reportagem do Aconteceu no Vale, portal de not\u00edcias do Vale do Jequitinhonha, em Minas Gerais. Cobrimos as 51 cidades do Vale desde 2013. Sugest\u00f5es de pauta e pedidos de corre\u00e7\u00e3o: contato@aconteceunovale.com.br\",\"url\":\"https:\\\/\\\/aconteceunovale.com.br\\\/portal\\\/?author=4\"}]}<\/script>\n<!-- \/ Yoast SEO plugin. -->","yoast_head_json":{"title":"Confira a lista de deputados estaduais eleitos no Par\u00e1 - Aconteceu no Vale","robots":{"index":"index","follow":"follow","max-snippet":"max-snippet:-1","max-image-preview":"max-image-preview:large","max-video-preview":"max-video-preview:-1"},"canonical":"https:\/\/aconteceunovale.com.br\/portal\/?p=191168","og_locale":"pt_BR","og_type":"article","og_title":"Confira a lista de deputados estaduais eleitos no Par\u00e1 - Aconteceu no Vale","og_description":"Eleitores do Par\u00e1 foram \u00e0s urnas neste domingo (2\/10\/2022) e elegeram 41 deputados estaduais.&nbsp;Confira a composi\u00e7\u00e3o da assembleia para a legislatura 2023-2027: Chamonzinho (MDB) &#8211; 109.287 votos Iran Lima (MDB) &#8211; 92.710 votos Cilene Couto (PSDB) &#8211; 91.611 votos Chic\u00e3o (MDB) &#8211; 91.542 votos Rog\u00e9rio Barra (PL) &#8211; 81.868 votos Erick Monteiro (PSDB) &#8211; 78.053 [&hellip;]","og_url":"https:\/\/aconteceunovale.com.br\/portal\/?p=191168","og_site_name":"Aconteceu no Vale","article_publisher":"https:\/\/www.facebook.com\/aconteceunovale\/","article_published_time":"2022-10-03T05:25:33+00:00","article_modified_time":"2022-10-04T18:55:33+00:00","og_image":[{"width":678,"height":355,"url":"https:\/\/aconteceunovale.com.br\/portal\/wp-content\/uploads\/2022\/10\/para.jpg","type":"image\/jpeg"}],"author":"Reda\u00e7\u00e3o Aconteceu no Vale","twitter_card":"summary_large_image","twitter_creator":"@noticiadosvales","twitter_site":"@noticiadosvales","twitter_misc":{"Escrito por":"Reda\u00e7\u00e3o Aconteceu no Vale","Est. tempo de leitura":"1 minuto"},"schema":{"@context":"https:\/\/schema.org","@graph":[{"@type":"Article","@id":"https:\/\/aconteceunovale.com.br\/portal\/?p=191168#article","isPartOf":{"@id":"https:\/\/aconteceunovale.com.br\/portal\/?p=191168"},"author":{"name":"Reda\u00e7\u00e3o Aconteceu no Vale","@id":"https:\/\/aconteceunovale.com.br\/portal\/#\/schema\/person\/7d2f26d1483f8a63de73da1ee0754d35"},"headline":"Confira a lista de deputados estaduais eleitos no Par\u00e1","datePublished":"2022-10-03T05:25:33+00:00","dateModified":"2022-10-04T18:55:33+00:00","mainEntityOfPage":{"@id":"https:\/\/aconteceunovale.com.br\/portal\/?p=191168"},"wordCount":292,"commentCount":0,"image":{"@id":"https:\/\/aconteceunovale.com.br\/portal\/?p=191168#primaryimage"},"thumbnailUrl":"https:\/\/aconteceunovale.com.br\/portal\/wp-content\/uploads\/2022\/10\/para.jpg","keywords":["Apura\u00e7\u00e3o das elei\u00e7\u00f5es","Apura\u00e7\u00e3o das elei\u00e7\u00f5es 2022","Apura\u00e7\u00e3o das elei\u00e7\u00f5es no Par\u00e1","Apura\u00e7\u00e3o dos votos","Apura\u00e7\u00e3o dos votos em tempo real","Apura\u00e7\u00e3o dos votos em tempo real no Par\u00e1","apura\u00e7\u00e3o dos votos no Par\u00e1","Apura\u00e7\u00e3o dos votos para deputado estadual no Par\u00e1","Apura\u00e7\u00e3o dos votos para deputado federal no Par\u00e1","Apura\u00e7\u00e3o dos votos para deputado no Par\u00e1","Apura\u00e7\u00e3o dos votos para Governador no Par\u00e1","Apura\u00e7\u00e3o dos votos para presidente no Par\u00e1","Apura\u00e7\u00e3o dos votos para senador no Par\u00e1","Confira a lista com nomes dos deputados estaduais eleitos no Par\u00e1","Confira a lista de deputados estaduais e federais eleitos no Par\u00e1","Confira a lista de deputados estaduais eleitos no Par\u00e1","Confira a lista de deputados federais eleitos no Par\u00e1","Confira a lista final de deputados estaduais eleitos no Par\u00e1","Conhe\u00e7a os deputados estaduais eleitos no Par\u00e1","conhecer os deputados eleitos","conhecer os deputados eleitos no Par\u00e1","deputados eleitos","deputados eleitos no Par\u00e1","deputados eleitos no Par\u00e1 2022","deputados eleitos Par\u00e1","deputados estaduais eleitos","deputados estaduais eleitos no Par\u00e1","deputados estaduais eleitos no Par\u00e1 2022","deputados estaduais eleitos Par\u00e1","deputados federais eleitos no Par\u00e1","Elei\u00e7\u00e3o para deputado estadual no Brasil","Elei\u00e7\u00e3o para deputado federal no Brasil","Elei\u00e7\u00e3o para governador no Brasil","Elei\u00e7\u00e3o para presidente no Brasil","Elei\u00e7\u00e3o para Senador no Brasil","Elei\u00e7\u00f5es","Elei\u00e7\u00f5es 2022","Elei\u00e7\u00f5es 2022 no Brasil","Elei\u00e7\u00f5es 2022 no Par\u00e1","Elei\u00e7\u00f5es no Brasil","Elei\u00e7\u00f5es no Par\u00e1","Eleito Par\u00e1","Eleitos no Par\u00e1","governador eleito no par\u00e1","informa\u00e7\u00f5es sobre os deputados eleitos no Par\u00e1","lista de deputados estaduais eleitos no Par\u00e1","nomes dos deputados eleitos no Par\u00e1","Resultado das elei\u00e7\u00f5es 2022 no Par\u00e1","resultado das elei\u00e7\u00f5es no par\u00e1","resultado elei\u00e7\u00f5es 2022 no Par\u00e1","senador eleito no Par\u00e1","vota\u00e7\u00e3o para deputado no Par\u00e1","vota\u00e7\u00e3o para governador no Par\u00e1","vota\u00e7\u00e3o para senador no Par\u00e1"],"articleSection":["Brasil","Elei\u00e7\u00f5es 2022"],"inLanguage":"pt-BR","potentialAction":[{"@type":"CommentAction","name":"Comment","target":["https:\/\/aconteceunovale.com.br\/portal\/?p=191168#respond"]}]},{"@type":"WebPage","@id":"https:\/\/aconteceunovale.com.br\/portal\/?p=191168","url":"https:\/\/aconteceunovale.com.br\/portal\/?p=191168","name":"Confira a lista de deputados estaduais eleitos no Par\u00e1 - Aconteceu no Vale","isPartOf":{"@id":"https:\/\/aconteceunovale.com.br\/portal\/#website"},"primaryImageOfPage":{"@id":"https:\/\/aconteceunovale.com.br\/portal\/?p=191168#primaryimage"},"image":{"@id":"https:\/\/aconteceunovale.com.br\/portal\/?p=191168#primaryimage"},"thumbnailUrl":"https:\/\/aconteceunovale.com.br\/portal\/wp-content\/uploads\/2022\/10\/para.jpg","datePublished":"2022-10-03T05:25:33+00:00","dateModified":"2022-10-04T18:55:33+00:00","author":{"@id":"https:\/\/aconteceunovale.com.br\/portal\/#\/schema\/person\/7d2f26d1483f8a63de73da1ee0754d35"},"breadcrumb":{"@id":"https:\/\/aconteceunovale.com.br\/portal\/?p=191168#breadcrumb"},"inLanguage":"pt-BR","potentialAction":[{"@type":"ReadAction","target":["https:\/\/aconteceunovale.com.br\/portal\/?p=191168"]}]},{"@type":"ImageObject","inLanguage":"pt-BR","@id":"https:\/\/aconteceunovale.com.br\/portal\/?p=191168#primaryimage","url":"https:\/\/aconteceunovale.com.br\/portal\/wp-content\/uploads\/2022\/10\/para.jpg","contentUrl":"https:\/\/aconteceunovale.com.br\/portal\/wp-content\/uploads\/2022\/10\/para.jpg","width":678,"height":355},{"@type":"BreadcrumbList","@id":"https:\/\/aconteceunovale.com.br\/portal\/?p=191168#breadcrumb","itemListElement":[{"@type":"ListItem","position":1,"name":"In\u00edcio","item":"https:\/\/aconteceunovale.com.br\/portal\/"},{"@type":"ListItem","position":2,"name":"Confira a lista de deputados estaduais eleitos no Par\u00e1"}]},{"@type":"WebSite","@id":"https:\/\/aconteceunovale.com.br\/portal\/#website","url":"https:\/\/aconteceunovale.com.br\/portal\/","name":"Aconteceu no Vale","description":"Portal de Not\u00edcias","potentialAction":[{"@type":"SearchAction","target":{"@type":"EntryPoint","urlTemplate":"https:\/\/aconteceunovale.com.br\/portal\/?s={search_term_string}"},"query-input":{"@type":"PropertyValueSpecification","valueRequired":true,"valueName":"search_term_string"}}],"inLanguage":"pt-BR"},{"@type":"Person","@id":"https:\/\/aconteceunovale.com.br\/portal\/#\/schema\/person\/7d2f26d1483f8a63de73da1ee0754d35","name":"Reda\u00e7\u00e3o Aconteceu no Vale","description":"Equipe de reportagem do Aconteceu no Vale, portal de not\u00edcias do Vale do Jequitinhonha, em Minas Gerais. Cobrimos as 51 cidades do Vale desde 2013. Sugest\u00f5es de pauta e pedidos de corre\u00e7\u00e3o: contato@aconteceunovale.com.br","url":"https:\/\/aconteceunovale.com.br\/portal\/?author=4"}]}},"_links":{"self":[{"href":"https:\/\/aconteceunovale.com.br\/portal\/index.php?rest_route=\/wp\/v2\/posts\/191168","targetHints":{"allow":["GET"]}}],"collection":[{"href":"https:\/\/aconteceunovale.com.br\/portal\/index.php?rest_route=\/wp\/v2\/posts"}],"about":[{"href":"https:\/\/aconteceunovale.com.br\/portal\/index.php?rest_route=\/wp\/v2\/types\/post"}],"author":[{"embeddable":true,"href":"https:\/\/aconteceunovale.com.br\/portal\/index.php?rest_route=\/wp\/v2\/users\/4"}],"replies":[{"embeddable":true,"href":"https:\/\/aconteceunovale.com.br\/portal\/index.php?rest_route=%2Fwp%2Fv2%2Fcomments&post=191168"}],"version-history":[{"count":1,"href":"https:\/\/aconteceunovale.com.br\/portal\/index.php?rest_route=\/wp\/v2\/posts\/191168\/revisions"}],"predecessor-version":[{"id":191169,"href":"https:\/\/aconteceunovale.com.br\/portal\/index.php?rest_route=\/wp\/v2\/posts\/191168\/revisions\/191169"}],"wp:featuredmedia":[{"embeddable":true,"href":"https:\/\/aconteceunovale.com.br\/portal\/index.php?rest_route=\/wp\/v2\/media\/191018"}],"wp:attachment":[{"href":"https:\/\/aconteceunovale.com.br\/portal\/index.php?rest_route=%2Fwp%2Fv2%2Fmedia&parent=191168"}],"wp:term":[{"taxonomy":"category","embeddable":true,"href":"https:\/\/aconteceunovale.com.br\/portal\/index.php?rest_route=%2Fwp%2Fv2%2Fcategories&post=191168"},{"taxonomy":"post_tag","embeddable":true,"href":"https:\/\/aconteceunovale.com.br\/portal\/index.php?rest_route=%2Fwp%2Fv2%2Ftags&post=191168"}],"curies":[{"name":"wp","href":"https:\/\/api.w.org\/{rel}","templated":true}]}}