{"id":191166,"date":"2022-10-02T23:17:40","date_gmt":"2022-10-03T02:17:40","guid":{"rendered":"https:\/\/aconteceunovale.com.br\/portal\/?p=191166"},"modified":"2022-10-04T15:44:38","modified_gmt":"2022-10-04T18:44:38","slug":"confira-a-lista-de-deputados-estaduais-eleitos-na-paraiba","status":"publish","type":"post","link":"https:\/\/aconteceunovale.com.br\/portal\/?p=191166","title":{"rendered":"Confira a lista de deputados estaduais eleitos na Para\u00edba"},"content":{"rendered":"\n<p class=\"wp-block-paragraph\">Eleitores da Para\u00edba foram \u00e0s urnas neste domingo (2\/10\/2022) e elegeram 36 deputados estaduais.&nbsp;Confira a composi\u00e7\u00e3o da assembleia para a legislatura 2023-2027:<\/p>\n\n\n\n<ul class=\"wp-block-list\"><li>Adriano Galdino (Republicanos) &#8211; 59.329 votos<\/li><li>Wallber Virgolino (PL) &#8211; 49.419 votos<\/li><li>Felipe Leit\u00e3o (PSD) &#8211; 48.277 votos<\/li><li>F\u00e1bio Ramalho (PSDB) &#8211; 48.260 votos<\/li><li>Eduardo Carneiro (Solidariedade) &#8211; 47.535 votos<\/li><li>Wilson Filho (Republicanos) &#8211; 47.129 votos<\/li><li>Michel Henrique (Republicanos) &#8211; 46.699 votos<\/li><li>Jo\u00e3o Paulo (PP) &#8211; 46.088 votos<\/li><li>Chico Mendes (PSB) &#8211; 43.068 votos<\/li><li>Tanilson Soares (PSB) &#8211; 42.087 votos<\/li><li>Ti\u00e3o Gomes (PSB) &#8211; 41.806 votos<\/li><li>J\u00fanior Ara\u00fajo (PSB) &#8211; 41.800 votos<\/li><li>Dra. Jane Panta (PP) &#8211; 41.277 votos<\/li><li>M\u00e1rcio Roberto (Republicanos) &#8211; 40.909 votos<\/li><li>Francisca Motta (Republicanos) &#8211; 40.230 votos<\/li><li>Dra. Paula (PP) &#8211; 38.799 votos<\/li><li>Jo\u00e3o Gon\u00e7alves (PSB) &#8211; 37.431 votos<\/li><li>Danielle do Vale (Republicanos) &#8211; 37.235 votos<\/li><li>Caio Roberto (PL) &#8211; 36.809 votos<\/li><li>Galego de Souza (PP) &#8211; 34.452 votos<\/li><li>Taciano Diniz (Uni\u00e3o Brasil) &#8211; 33.779 votos<\/li><li>Jutay Meneses (Republicanos) &#8211; 33.272 votos<\/li><li>Camila Toscano (PSDB) &#8211; 32.586 votos<\/li><li>Cida Ramos (PT) &#8211; 31.819 votos<\/li><li>Hervazio Bezerra (PSB) &#8211; 31.798 votos<\/li><li>Branco Mendes (Republicanos) &#8211; 31.202 votos<\/li><li>Chi\u00f3 (Rede) &#8211; 28.569 votos<\/li><li>George Morais (Uni\u00e3o Brasil) &#8211; 26.733 votos<\/li><li>Anderson Monteiro (MDB) &#8211; 25.218 votos<\/li><li>In\u00e1cio Falc\u00e3o (PC do B) &#8211; 24.266 votos<\/li><li>Dr. Romualdo (MDB) &#8211; 24.075 votos<\/li><li>Tovar (PSDB) &#8211; 23.577 votos<\/li><li>Dr. Eduardo Brito (Solidariedade) &#8211; 22.778 votos<\/li><li>Luciano Cartaxo (PT) &#8211; 22.272 votos<\/li><li>Gilbertinho (Uni\u00e3o Brasil) &#8211; 21.893 votos<\/li><li>Sargento Neto (PL) &#8211; 20.602 votos<\/li><li><a rel=\"noreferrer noopener\" href=\"https:\/\/aconteceunovale.com.br\/portal\/?p=190684\" target=\"_blank\">Veja a apura\u00e7\u00e3o completa (clique aqui)<\/a><\/li><\/ul>\n\n\n\n<p class=\"wp-block-paragraph\">&#8212;&#8212;&#8212;&#8212;&#8212;&#8212;<br><br><strong>Sabia que o Aconteceu no Vale est\u00e1 tamb\u00e9m no Telegram? <a rel=\"noreferrer noopener\" href=\"https:\/\/t.me\/aconteceunovaleoficial\" target=\"_blank\">Inscreva-se no canal<\/a>.<\/strong><br><br><strong>J\u00e1 curtiu ou seguiu nossas p\u00e1ginas nas redes sociais?\u00a0Receba as not\u00edcias em primeira m\u00e3o:<\/strong><br>\u2022 <a rel=\"noreferrer noopener\" href=\"https:\/\/news.google.com\/publications\/CAAqBwgKMNjklQswi4etAw?hl=pt-BR&amp;gl=BR&amp;ceid=BR%3Apt-419\" target=\"_blank\">Google News<\/a><br>\u2022 <a rel=\"noreferrer noopener\" href=\"https:\/\/www.facebook.com\/aconteceunovale\/\" target=\"_blank\">Facebook<\/a><br>\u2022 <a rel=\"noreferrer noopener\" href=\"https:\/\/twitter.com\/noticiadosvales\" target=\"_blank\">Twitter<\/a><br>\u2022 <a rel=\"noreferrer noopener\" href=\"https:\/\/www.instagram.com\/aconteceunovale\" target=\"_blank\">Instagram<\/a><br>\u2022 <a rel=\"noreferrer noopener\" href=\"https:\/\/www.youtube.com\/AconteceunoValeOficial\" target=\"_blank\">Youtube<\/a><br>\u2022 <a rel=\"noreferrer noopener\" href=\"https:\/\/www.tiktok.com\/@aconteceunovale\" target=\"_blank\">TikTok<\/a><\/p>\n","protected":false},"excerpt":{"rendered":"<p>Eleitores da Para\u00edba foram \u00e0s urnas neste domingo (2\/10\/2022) e elegeram 36 deputados estaduais.&nbsp;Confira a composi\u00e7\u00e3o da assembleia para a legislatura 2023-2027: Adriano Galdino (Republicanos) &#8211; 59.329 votos Wallber Virgolino (PL) &#8211; 49.419 votos Felipe Leit\u00e3o (PSD) &#8211; 48.277 votos F\u00e1bio Ramalho (PSDB) &#8211; 48.260 votos Eduardo Carneiro (Solidariedade) &#8211; 47.535 votos Wilson Filho (Republicanos) [&hellip;]<\/p>\n","protected":false},"author":4,"featured_media":190899,"comment_status":"open","ping_status":"closed","sticky":false,"template":"","format":"standard","meta":{"amp_status":"","footnotes":""},"categories":[6,249933],"tags":[230288,263770,263937,263766,263873,263939,263938,263941,263942,263940,263943,263944,263945,263946,263947,17941,263948,263949,263950,17651,17646,17548,17529,17546,17939,263951,263952,17538,17530,17541,263953,263954,263955,263956,263627,263626,263625,263624,263628,718,252238,262490,263623,263957,261226,263958,263765,20454,17648,263959,263960,263961,20543,263962,263963,263964,263965,263966],"class_list":["post-191166","post","type-post","status-publish","format-standard","has-post-thumbnail","hentry","category-br","category-eleicoes-2022","tag-apuracao-das-eleicoes","tag-apuracao-das-eleicoes-2022","tag-apuracao-das-eleicoes-na-paraiba","tag-apuracao-dos-votos","tag-apuracao-dos-votos-em-tempo-real","tag-apuracao-dos-votos-em-tempo-real-na-paraiba","tag-apuracao-dos-votos-na-paraiba","tag-apuracao-dos-votos-para-deputado-estadual-na-paraiba","tag-apuracao-dos-votos-para-deputado-federal-na-paraiba","tag-apuracao-dos-votos-para-deputado-na-paraiba","tag-apuracao-dos-votos-para-governador-na-paraiba","tag-apuracao-dos-votos-para-presidente-na-paraiba","tag-apuracao-dos-votos-para-senador-na-paraiba","tag-confira-a-lista-com-nomes-dos-deputados-estaduais-eleitos-na-paraiba","tag-confira-a-lista-de-deputados-estaduais-e-federais-eleitos-na-paraiba","tag-confira-a-lista-de-deputados-estaduais-eleitos-na-paraiba","tag-confira-a-lista-de-deputados-federais-eleitos-na-paraiba","tag-confira-a-lista-final-de-deputados-estaduais-eleitos-na-paraiba","tag-conheca-os-deputados-estaduais-eleitos-na-paraiba","tag-conhecer-os-deputados-eleitos","tag-conhecer-os-deputados-eleitos-em-minas","tag-deputados-eleitos","tag-deputados-eleitos-em-minas","tag-deputados-eleitos-minas","tag-deputados-eleitos-na-paraiba","tag-deputados-eleitos-na-paraiba-2022","tag-deputados-eleitos-paraiba","tag-deputados-estaduais-eleitos","tag-deputados-estaduais-eleitos-em-minas","tag-deputados-estaduais-eleitos-minas","tag-deputados-estaduais-eleitos-na-paraiba","tag-deputados-estaduais-eleitos-na-paraiba-2022","tag-deputados-estaduais-eleitos-paraiba","tag-deputados-federais-eleitos-na-paraiba","tag-eleicao-para-deputado-estadual-no-brasil","tag-eleicao-para-deputado-federal-no-brasil","tag-eleicao-para-governador-no-brasil","tag-eleicao-para-presidente-no-brasil","tag-eleicao-para-senador-no-brasil","tag-eleicoes","tag-eleicoes-2022","tag-eleicoes-2022-na-paraiba","tag-eleicoes-2022-no-brasil","tag-eleicoes-na-paraiba","tag-eleicoes-no-brasil","tag-eleito-paraiba","tag-eleitos-em-minas","tag-governador-eleito-na-paraiba","tag-informacoes-sobre-os-deputados-eleitos-em-minas","tag-lista-de-deputados-estaduais-eleitos-na-paraiba","tag-nomes-dos-deputados-eleitos-na-paraiba","tag-resultado-das-eleicoes-2022-na-paraiba","tag-resultado-das-eleicoes-na-paraiba","tag-resultado-eleicoes-2022-na-paraiba","tag-senador-eleito-na-paraiba","tag-votacao-para-deputado-na-paraiba","tag-votacao-para-governador-na-paraiba","tag-votacao-para-senador-na-paraiba"],"yoast_head":"<!-- This site is optimized with the Yoast SEO plugin v28.3 - https:\/\/yoast.com\/product\/yoast-seo-wordpress\/ -->\n<title>Confira a lista de deputados estaduais eleitos na Para\u00edba - Aconteceu no Vale<\/title>\n<meta name=\"robots\" content=\"index, follow, max-snippet:-1, max-image-preview:large, max-video-preview:-1\" \/>\n<link rel=\"canonical\" href=\"https:\/\/aconteceunovale.com.br\/portal\/?p=191166\" \/>\n<meta property=\"og:locale\" content=\"pt_BR\" \/>\n<meta property=\"og:type\" content=\"article\" \/>\n<meta property=\"og:title\" content=\"Confira a lista de deputados estaduais eleitos na Para\u00edba - Aconteceu no Vale\" \/>\n<meta property=\"og:description\" content=\"Eleitores da Para\u00edba foram \u00e0s urnas neste domingo (2\/10\/2022) e elegeram 36 deputados estaduais.&nbsp;Confira a composi\u00e7\u00e3o da assembleia para a legislatura 2023-2027: Adriano Galdino (Republicanos) &#8211; 59.329 votos Wallber Virgolino (PL) &#8211; 49.419 votos Felipe Leit\u00e3o (PSD) &#8211; 48.277 votos F\u00e1bio Ramalho (PSDB) &#8211; 48.260 votos Eduardo Carneiro (Solidariedade) &#8211; 47.535 votos Wilson Filho (Republicanos) [&hellip;]\" \/>\n<meta property=\"og:url\" content=\"https:\/\/aconteceunovale.com.br\/portal\/?p=191166\" \/>\n<meta property=\"og:site_name\" content=\"Aconteceu no Vale\" \/>\n<meta property=\"article:publisher\" content=\"https:\/\/www.facebook.com\/aconteceunovale\/\" \/>\n<meta property=\"article:published_time\" content=\"2022-10-03T02:17:40+00:00\" \/>\n<meta property=\"article:modified_time\" content=\"2022-10-04T18:44:38+00:00\" \/>\n<meta property=\"og:image\" content=\"https:\/\/aconteceunovale.com.br\/portal\/wp-content\/uploads\/2022\/10\/paraiba.png\" \/>\n\t<meta property=\"og:image:width\" content=\"678\" \/>\n\t<meta property=\"og:image:height\" content=\"355\" \/>\n\t<meta property=\"og:image:type\" content=\"image\/png\" \/>\n<meta name=\"author\" content=\"Reda\u00e7\u00e3o Aconteceu no Vale\" \/>\n<meta name=\"twitter:card\" content=\"summary_large_image\" \/>\n<meta name=\"twitter:creator\" content=\"@noticiadosvales\" \/>\n<meta name=\"twitter:site\" content=\"@noticiadosvales\" \/>\n<meta name=\"twitter:label1\" content=\"Escrito por\" \/>\n\t<meta name=\"twitter:data1\" content=\"Reda\u00e7\u00e3o Aconteceu no Vale\" \/>\n\t<meta name=\"twitter:label2\" content=\"Est. tempo de leitura\" \/>\n\t<meta name=\"twitter:data2\" content=\"1 minuto\" \/>\n<script type=\"application\/ld+json\" class=\"yoast-schema-graph\">{\"@context\":\"https:\\\/\\\/schema.org\",\"@graph\":[{\"@type\":\"Article\",\"@id\":\"https:\\\/\\\/aconteceunovale.com.br\\\/portal\\\/?p=191166#article\",\"isPartOf\":{\"@id\":\"https:\\\/\\\/aconteceunovale.com.br\\\/portal\\\/?p=191166\"},\"author\":{\"name\":\"Reda\u00e7\u00e3o Aconteceu no Vale\",\"@id\":\"https:\\\/\\\/aconteceunovale.com.br\\\/portal\\\/#\\\/schema\\\/person\\\/7d2f26d1483f8a63de73da1ee0754d35\"},\"headline\":\"Confira a lista de deputados estaduais eleitos na Para\u00edba\",\"datePublished\":\"2022-10-03T02:17:40+00:00\",\"dateModified\":\"2022-10-04T18:44:38+00:00\",\"mainEntityOfPage\":{\"@id\":\"https:\\\/\\\/aconteceunovale.com.br\\\/portal\\\/?p=191166\"},\"wordCount\":281,\"commentCount\":0,\"image\":{\"@id\":\"https:\\\/\\\/aconteceunovale.com.br\\\/portal\\\/?p=191166#primaryimage\"},\"thumbnailUrl\":\"https:\\\/\\\/aconteceunovale.com.br\\\/portal\\\/wp-content\\\/uploads\\\/2022\\\/10\\\/paraiba.png\",\"keywords\":[\"Apura\u00e7\u00e3o das elei\u00e7\u00f5es\",\"Apura\u00e7\u00e3o das elei\u00e7\u00f5es 2022\",\"Apura\u00e7\u00e3o das elei\u00e7\u00f5es na Para\u00edba\",\"Apura\u00e7\u00e3o dos votos\",\"Apura\u00e7\u00e3o dos votos em tempo real\",\"Apura\u00e7\u00e3o dos votos em tempo real na Para\u00edba\",\"apura\u00e7\u00e3o dos votos na Para\u00edba\",\"Apura\u00e7\u00e3o dos votos para deputado estadual na Para\u00edba\",\"Apura\u00e7\u00e3o dos votos para deputado federal na Para\u00edba\",\"Apura\u00e7\u00e3o dos votos para deputado na Para\u00edba\",\"Apura\u00e7\u00e3o dos votos para Governador na Para\u00edba\",\"Apura\u00e7\u00e3o dos votos para presidente na Para\u00edba\",\"Apura\u00e7\u00e3o dos votos para senador na Para\u00edba\",\"Confira a lista com nomes dos deputados estaduais eleitos na Para\u00edba\",\"Confira a lista de deputados estaduais e federais eleitos na Para\u00edba\",\"Confira a lista de deputados estaduais eleitos na Para\u00edba\",\"Confira a lista de deputados federais eleitos na Para\u00edba\",\"Confira a lista final de deputados estaduais eleitos na Para\u00edba\",\"Conhe\u00e7a os deputados estaduais eleitos na Para\u00edba\",\"conhecer os deputados eleitos\",\"conhecer os deputados eleitos em minas\",\"deputados eleitos\",\"deputados eleitos em minas\",\"deputados eleitos minas\",\"deputados eleitos na Para\u00edba\",\"deputados eleitos na Para\u00edba 2022\",\"deputados eleitos Para\u00edba\",\"deputados estaduais eleitos\",\"deputados estaduais eleitos em minas\",\"deputados estaduais eleitos minas\",\"deputados estaduais eleitos na Para\u00edba\",\"deputados estaduais eleitos na Para\u00edba 2022\",\"deputados estaduais eleitos Para\u00edba\",\"deputados federais eleitos na Para\u00edba\",\"Elei\u00e7\u00e3o para deputado estadual no Brasil\",\"Elei\u00e7\u00e3o para deputado federal no Brasil\",\"Elei\u00e7\u00e3o para governador no Brasil\",\"Elei\u00e7\u00e3o para presidente no Brasil\",\"Elei\u00e7\u00e3o para Senador no Brasil\",\"Elei\u00e7\u00f5es\",\"Elei\u00e7\u00f5es 2022\",\"Elei\u00e7\u00f5es 2022 na Para\u00edba\",\"Elei\u00e7\u00f5es 2022 no Brasil\",\"elei\u00e7\u00f5es na Para\u00edba\",\"Elei\u00e7\u00f5es no Brasil\",\"Eleito Para\u00edba\",\"Eleitos em minas\",\"governador eleito na para\u00edba\",\"informa\u00e7\u00f5es sobre os deputados eleitos em minas\",\"lista de deputados estaduais eleitos na Para\u00edba\",\"nomes dos deputados eleitos na Para\u00edba\",\"Resultado das elei\u00e7\u00f5es 2022 na Para\u00edba\",\"resultado das elei\u00e7\u00f5es na para\u00edba\",\"resultado elei\u00e7\u00f5es 2022 na Para\u00edba\",\"senador eleito na Para\u00edba\",\"vota\u00e7\u00e3o para deputado na Para\u00edba\",\"vota\u00e7\u00e3o para governador na Para\u00edba\",\"vota\u00e7\u00e3o para senador na Para\u00edba\"],\"articleSection\":[\"Brasil\",\"Elei\u00e7\u00f5es 2022\"],\"inLanguage\":\"pt-BR\",\"potentialAction\":[{\"@type\":\"CommentAction\",\"name\":\"Comment\",\"target\":[\"https:\\\/\\\/aconteceunovale.com.br\\\/portal\\\/?p=191166#respond\"]}]},{\"@type\":\"WebPage\",\"@id\":\"https:\\\/\\\/aconteceunovale.com.br\\\/portal\\\/?p=191166\",\"url\":\"https:\\\/\\\/aconteceunovale.com.br\\\/portal\\\/?p=191166\",\"name\":\"Confira a lista de deputados estaduais eleitos na Para\u00edba - Aconteceu no Vale\",\"isPartOf\":{\"@id\":\"https:\\\/\\\/aconteceunovale.com.br\\\/portal\\\/#website\"},\"primaryImageOfPage\":{\"@id\":\"https:\\\/\\\/aconteceunovale.com.br\\\/portal\\\/?p=191166#primaryimage\"},\"image\":{\"@id\":\"https:\\\/\\\/aconteceunovale.com.br\\\/portal\\\/?p=191166#primaryimage\"},\"thumbnailUrl\":\"https:\\\/\\\/aconteceunovale.com.br\\\/portal\\\/wp-content\\\/uploads\\\/2022\\\/10\\\/paraiba.png\",\"datePublished\":\"2022-10-03T02:17:40+00:00\",\"dateModified\":\"2022-10-04T18:44:38+00:00\",\"author\":{\"@id\":\"https:\\\/\\\/aconteceunovale.com.br\\\/portal\\\/#\\\/schema\\\/person\\\/7d2f26d1483f8a63de73da1ee0754d35\"},\"breadcrumb\":{\"@id\":\"https:\\\/\\\/aconteceunovale.com.br\\\/portal\\\/?p=191166#breadcrumb\"},\"inLanguage\":\"pt-BR\",\"potentialAction\":[{\"@type\":\"ReadAction\",\"target\":[\"https:\\\/\\\/aconteceunovale.com.br\\\/portal\\\/?p=191166\"]}]},{\"@type\":\"ImageObject\",\"inLanguage\":\"pt-BR\",\"@id\":\"https:\\\/\\\/aconteceunovale.com.br\\\/portal\\\/?p=191166#primaryimage\",\"url\":\"https:\\\/\\\/aconteceunovale.com.br\\\/portal\\\/wp-content\\\/uploads\\\/2022\\\/10\\\/paraiba.png\",\"contentUrl\":\"https:\\\/\\\/aconteceunovale.com.br\\\/portal\\\/wp-content\\\/uploads\\\/2022\\\/10\\\/paraiba.png\",\"width\":678,\"height\":355},{\"@type\":\"BreadcrumbList\",\"@id\":\"https:\\\/\\\/aconteceunovale.com.br\\\/portal\\\/?p=191166#breadcrumb\",\"itemListElement\":[{\"@type\":\"ListItem\",\"position\":1,\"name\":\"In\u00edcio\",\"item\":\"https:\\\/\\\/aconteceunovale.com.br\\\/portal\\\/\"},{\"@type\":\"ListItem\",\"position\":2,\"name\":\"Confira a lista de deputados estaduais eleitos na Para\u00edba\"}]},{\"@type\":\"WebSite\",\"@id\":\"https:\\\/\\\/aconteceunovale.com.br\\\/portal\\\/#website\",\"url\":\"https:\\\/\\\/aconteceunovale.com.br\\\/portal\\\/\",\"name\":\"Aconteceu no Vale\",\"description\":\"Portal de Not\u00edcias\",\"potentialAction\":[{\"@type\":\"SearchAction\",\"target\":{\"@type\":\"EntryPoint\",\"urlTemplate\":\"https:\\\/\\\/aconteceunovale.com.br\\\/portal\\\/?s={search_term_string}\"},\"query-input\":{\"@type\":\"PropertyValueSpecification\",\"valueRequired\":true,\"valueName\":\"search_term_string\"}}],\"inLanguage\":\"pt-BR\"},{\"@type\":\"Person\",\"@id\":\"https:\\\/\\\/aconteceunovale.com.br\\\/portal\\\/#\\\/schema\\\/person\\\/7d2f26d1483f8a63de73da1ee0754d35\",\"name\":\"Reda\u00e7\u00e3o Aconteceu no Vale\",\"description\":\"Equipe de reportagem do Aconteceu no Vale, portal de not\u00edcias do Vale do Jequitinhonha, em Minas Gerais. Cobrimos as 51 cidades do Vale desde 2013. Sugest\u00f5es de pauta e pedidos de corre\u00e7\u00e3o: contato@aconteceunovale.com.br\",\"url\":\"https:\\\/\\\/aconteceunovale.com.br\\\/portal\\\/?author=4\"}]}<\/script>\n<!-- \/ Yoast SEO plugin. -->","yoast_head_json":{"title":"Confira a lista de deputados estaduais eleitos na Para\u00edba - Aconteceu no Vale","robots":{"index":"index","follow":"follow","max-snippet":"max-snippet:-1","max-image-preview":"max-image-preview:large","max-video-preview":"max-video-preview:-1"},"canonical":"https:\/\/aconteceunovale.com.br\/portal\/?p=191166","og_locale":"pt_BR","og_type":"article","og_title":"Confira a lista de deputados estaduais eleitos na Para\u00edba - Aconteceu no Vale","og_description":"Eleitores da Para\u00edba foram \u00e0s urnas neste domingo (2\/10\/2022) e elegeram 36 deputados estaduais.&nbsp;Confira a composi\u00e7\u00e3o da assembleia para a legislatura 2023-2027: Adriano Galdino (Republicanos) &#8211; 59.329 votos Wallber Virgolino (PL) &#8211; 49.419 votos Felipe Leit\u00e3o (PSD) &#8211; 48.277 votos F\u00e1bio Ramalho (PSDB) &#8211; 48.260 votos Eduardo Carneiro (Solidariedade) &#8211; 47.535 votos Wilson Filho (Republicanos) [&hellip;]","og_url":"https:\/\/aconteceunovale.com.br\/portal\/?p=191166","og_site_name":"Aconteceu no Vale","article_publisher":"https:\/\/www.facebook.com\/aconteceunovale\/","article_published_time":"2022-10-03T02:17:40+00:00","article_modified_time":"2022-10-04T18:44:38+00:00","og_image":[{"width":678,"height":355,"url":"https:\/\/aconteceunovale.com.br\/portal\/wp-content\/uploads\/2022\/10\/paraiba.png","type":"image\/png"}],"author":"Reda\u00e7\u00e3o Aconteceu no Vale","twitter_card":"summary_large_image","twitter_creator":"@noticiadosvales","twitter_site":"@noticiadosvales","twitter_misc":{"Escrito por":"Reda\u00e7\u00e3o Aconteceu no Vale","Est. tempo de leitura":"1 minuto"},"schema":{"@context":"https:\/\/schema.org","@graph":[{"@type":"Article","@id":"https:\/\/aconteceunovale.com.br\/portal\/?p=191166#article","isPartOf":{"@id":"https:\/\/aconteceunovale.com.br\/portal\/?p=191166"},"author":{"name":"Reda\u00e7\u00e3o Aconteceu no Vale","@id":"https:\/\/aconteceunovale.com.br\/portal\/#\/schema\/person\/7d2f26d1483f8a63de73da1ee0754d35"},"headline":"Confira a lista de deputados estaduais eleitos na Para\u00edba","datePublished":"2022-10-03T02:17:40+00:00","dateModified":"2022-10-04T18:44:38+00:00","mainEntityOfPage":{"@id":"https:\/\/aconteceunovale.com.br\/portal\/?p=191166"},"wordCount":281,"commentCount":0,"image":{"@id":"https:\/\/aconteceunovale.com.br\/portal\/?p=191166#primaryimage"},"thumbnailUrl":"https:\/\/aconteceunovale.com.br\/portal\/wp-content\/uploads\/2022\/10\/paraiba.png","keywords":["Apura\u00e7\u00e3o das elei\u00e7\u00f5es","Apura\u00e7\u00e3o das elei\u00e7\u00f5es 2022","Apura\u00e7\u00e3o das elei\u00e7\u00f5es na Para\u00edba","Apura\u00e7\u00e3o dos votos","Apura\u00e7\u00e3o dos votos em tempo real","Apura\u00e7\u00e3o dos votos em tempo real na Para\u00edba","apura\u00e7\u00e3o dos votos na Para\u00edba","Apura\u00e7\u00e3o dos votos para deputado estadual na Para\u00edba","Apura\u00e7\u00e3o dos votos para deputado federal na Para\u00edba","Apura\u00e7\u00e3o dos votos para deputado na Para\u00edba","Apura\u00e7\u00e3o dos votos para Governador na Para\u00edba","Apura\u00e7\u00e3o dos votos para presidente na Para\u00edba","Apura\u00e7\u00e3o dos votos para senador na Para\u00edba","Confira a lista com nomes dos deputados estaduais eleitos na Para\u00edba","Confira a lista de deputados estaduais e federais eleitos na Para\u00edba","Confira a lista de deputados estaduais eleitos na Para\u00edba","Confira a lista de deputados federais eleitos na Para\u00edba","Confira a lista final de deputados estaduais eleitos na Para\u00edba","Conhe\u00e7a os deputados estaduais eleitos na Para\u00edba","conhecer os deputados eleitos","conhecer os deputados eleitos em minas","deputados eleitos","deputados eleitos em minas","deputados eleitos minas","deputados eleitos na Para\u00edba","deputados eleitos na Para\u00edba 2022","deputados eleitos Para\u00edba","deputados estaduais eleitos","deputados estaduais eleitos em minas","deputados estaduais eleitos minas","deputados estaduais eleitos na Para\u00edba","deputados estaduais eleitos na Para\u00edba 2022","deputados estaduais eleitos Para\u00edba","deputados federais eleitos na Para\u00edba","Elei\u00e7\u00e3o para deputado estadual no Brasil","Elei\u00e7\u00e3o para deputado federal no Brasil","Elei\u00e7\u00e3o para governador no Brasil","Elei\u00e7\u00e3o para presidente no Brasil","Elei\u00e7\u00e3o para Senador no Brasil","Elei\u00e7\u00f5es","Elei\u00e7\u00f5es 2022","Elei\u00e7\u00f5es 2022 na Para\u00edba","Elei\u00e7\u00f5es 2022 no Brasil","elei\u00e7\u00f5es na Para\u00edba","Elei\u00e7\u00f5es no Brasil","Eleito Para\u00edba","Eleitos em minas","governador eleito na para\u00edba","informa\u00e7\u00f5es sobre os deputados eleitos em minas","lista de deputados estaduais eleitos na Para\u00edba","nomes dos deputados eleitos na Para\u00edba","Resultado das elei\u00e7\u00f5es 2022 na Para\u00edba","resultado das elei\u00e7\u00f5es na para\u00edba","resultado elei\u00e7\u00f5es 2022 na Para\u00edba","senador eleito na Para\u00edba","vota\u00e7\u00e3o para deputado na Para\u00edba","vota\u00e7\u00e3o para governador na Para\u00edba","vota\u00e7\u00e3o para senador na Para\u00edba"],"articleSection":["Brasil","Elei\u00e7\u00f5es 2022"],"inLanguage":"pt-BR","potentialAction":[{"@type":"CommentAction","name":"Comment","target":["https:\/\/aconteceunovale.com.br\/portal\/?p=191166#respond"]}]},{"@type":"WebPage","@id":"https:\/\/aconteceunovale.com.br\/portal\/?p=191166","url":"https:\/\/aconteceunovale.com.br\/portal\/?p=191166","name":"Confira a lista de deputados estaduais eleitos na Para\u00edba - Aconteceu no Vale","isPartOf":{"@id":"https:\/\/aconteceunovale.com.br\/portal\/#website"},"primaryImageOfPage":{"@id":"https:\/\/aconteceunovale.com.br\/portal\/?p=191166#primaryimage"},"image":{"@id":"https:\/\/aconteceunovale.com.br\/portal\/?p=191166#primaryimage"},"thumbnailUrl":"https:\/\/aconteceunovale.com.br\/portal\/wp-content\/uploads\/2022\/10\/paraiba.png","datePublished":"2022-10-03T02:17:40+00:00","dateModified":"2022-10-04T18:44:38+00:00","author":{"@id":"https:\/\/aconteceunovale.com.br\/portal\/#\/schema\/person\/7d2f26d1483f8a63de73da1ee0754d35"},"breadcrumb":{"@id":"https:\/\/aconteceunovale.com.br\/portal\/?p=191166#breadcrumb"},"inLanguage":"pt-BR","potentialAction":[{"@type":"ReadAction","target":["https:\/\/aconteceunovale.com.br\/portal\/?p=191166"]}]},{"@type":"ImageObject","inLanguage":"pt-BR","@id":"https:\/\/aconteceunovale.com.br\/portal\/?p=191166#primaryimage","url":"https:\/\/aconteceunovale.com.br\/portal\/wp-content\/uploads\/2022\/10\/paraiba.png","contentUrl":"https:\/\/aconteceunovale.com.br\/portal\/wp-content\/uploads\/2022\/10\/paraiba.png","width":678,"height":355},{"@type":"BreadcrumbList","@id":"https:\/\/aconteceunovale.com.br\/portal\/?p=191166#breadcrumb","itemListElement":[{"@type":"ListItem","position":1,"name":"In\u00edcio","item":"https:\/\/aconteceunovale.com.br\/portal\/"},{"@type":"ListItem","position":2,"name":"Confira a lista de deputados estaduais eleitos na Para\u00edba"}]},{"@type":"WebSite","@id":"https:\/\/aconteceunovale.com.br\/portal\/#website","url":"https:\/\/aconteceunovale.com.br\/portal\/","name":"Aconteceu no Vale","description":"Portal de Not\u00edcias","potentialAction":[{"@type":"SearchAction","target":{"@type":"EntryPoint","urlTemplate":"https:\/\/aconteceunovale.com.br\/portal\/?s={search_term_string}"},"query-input":{"@type":"PropertyValueSpecification","valueRequired":true,"valueName":"search_term_string"}}],"inLanguage":"pt-BR"},{"@type":"Person","@id":"https:\/\/aconteceunovale.com.br\/portal\/#\/schema\/person\/7d2f26d1483f8a63de73da1ee0754d35","name":"Reda\u00e7\u00e3o Aconteceu no Vale","description":"Equipe de reportagem do Aconteceu no Vale, portal de not\u00edcias do Vale do Jequitinhonha, em Minas Gerais. Cobrimos as 51 cidades do Vale desde 2013. Sugest\u00f5es de pauta e pedidos de corre\u00e7\u00e3o: contato@aconteceunovale.com.br","url":"https:\/\/aconteceunovale.com.br\/portal\/?author=4"}]}},"_links":{"self":[{"href":"https:\/\/aconteceunovale.com.br\/portal\/index.php?rest_route=\/wp\/v2\/posts\/191166","targetHints":{"allow":["GET"]}}],"collection":[{"href":"https:\/\/aconteceunovale.com.br\/portal\/index.php?rest_route=\/wp\/v2\/posts"}],"about":[{"href":"https:\/\/aconteceunovale.com.br\/portal\/index.php?rest_route=\/wp\/v2\/types\/post"}],"author":[{"embeddable":true,"href":"https:\/\/aconteceunovale.com.br\/portal\/index.php?rest_route=\/wp\/v2\/users\/4"}],"replies":[{"embeddable":true,"href":"https:\/\/aconteceunovale.com.br\/portal\/index.php?rest_route=%2Fwp%2Fv2%2Fcomments&post=191166"}],"version-history":[{"count":1,"href":"https:\/\/aconteceunovale.com.br\/portal\/index.php?rest_route=\/wp\/v2\/posts\/191166\/revisions"}],"predecessor-version":[{"id":191167,"href":"https:\/\/aconteceunovale.com.br\/portal\/index.php?rest_route=\/wp\/v2\/posts\/191166\/revisions\/191167"}],"wp:featuredmedia":[{"embeddable":true,"href":"https:\/\/aconteceunovale.com.br\/portal\/index.php?rest_route=\/wp\/v2\/media\/190899"}],"wp:attachment":[{"href":"https:\/\/aconteceunovale.com.br\/portal\/index.php?rest_route=%2Fwp%2Fv2%2Fmedia&parent=191166"}],"wp:term":[{"taxonomy":"category","embeddable":true,"href":"https:\/\/aconteceunovale.com.br\/portal\/index.php?rest_route=%2Fwp%2Fv2%2Fcategories&post=191166"},{"taxonomy":"post_tag","embeddable":true,"href":"https:\/\/aconteceunovale.com.br\/portal\/index.php?rest_route=%2Fwp%2Fv2%2Ftags&post=191166"}],"curies":[{"name":"wp","href":"https:\/\/api.w.org\/{rel}","templated":true}]}}