{"id":191149,"date":"2022-10-02T20:52:43","date_gmt":"2022-10-02T23:52:43","guid":{"rendered":"https:\/\/aconteceunovale.com.br\/portal\/?p=191149"},"modified":"2022-10-04T12:00:13","modified_gmt":"2022-10-04T15:00:13","slug":"confira-a-lista-de-deputados-estaduais-eleitos-no-espirito-santo","status":"publish","type":"post","link":"https:\/\/aconteceunovale.com.br\/portal\/?p=191149","title":{"rendered":"Confira a lista de deputados estaduais eleitos no Esp\u00edrito Santo"},"content":{"rendered":"\n<p class=\"wp-block-paragraph\">Eleitores do Esp\u00edrito Santo foram \u00e0s urnas neste domingo (2\/10\/2022) e elegeram 30 deputados estaduais.&nbsp;Confira a composi\u00e7\u00e3o da assembleia para a legislatura 2023-2027:<\/p>\n\n\n\n<ul class=\"wp-block-list\"><li>S\u00e9rgio Meneguelli (Republicanos) &#8211; 138.523 votos<\/li><li>Capit\u00e3o Assum\u00e7\u00e3o (PL) &#8211; 98.669 votos<\/li><li>Jo\u00e3o Coser (PT) &#8211; 58.279 votos<\/li><li>Camila Valad\u00e3o (PSOL) &#8211; 52.221 votos<\/li><li>Marcelo Santos (Podemos) &#8211; 41.627 votos<\/li><li>Iriny Lopes (PT) &#8211; 36.720 votos<\/li><li>Tyago Hoffmann (PSB) &#8211; 32.123 votos<\/li><li>Dr. Bruno Resende (Uni\u00e3o Brasil) &#8211; 31.897 votos<\/li><li>Lucas Polese (PL) &#8211; 29.490 votos<\/li><li>Vandinho Leite (PSDB) &#8211; 29.156 votos<\/li><li>Lucas Scaramussa (Podemos) &#8211; 26.720 votos<\/li><li>Raquel Lessa (PP) &#8211; 26.439 votos<\/li><li>Denninho Silva (Uni\u00e3o Brasil) &#8211; 25.986 votos<\/li><li>Janete de S\u00e1 (PSB) &#8211; 25.846 votos<\/li><li>Delegado Danilo Bahiense (PL) &#8211; 24.970 votos<\/li><li>Pablo Muribeca (Patriota) &#8211; 24.555 votos<\/li><li>Adilson Espindula (PDT) &#8211; 22.278 votos<\/li><li>Ferra\u00e7o (PP) &#8211; 20.888 votos<\/li><li>Hudson Leal (Republicanos) &#8211; 20.804 votos<\/li><li>Mazinho dos Anjos (PSDB) &#8211; 20.731 votos<\/li><li>Alexandre Xambinho (PSC) &#8211; 20.722 votos<\/li><li>Jos\u00e9 Esmeraldo (PDT) &#8211; 20.219 votos<\/li><li>Dary Pagung (PSB) &#8211; 18.721 votos<\/li><li>Fabr\u00edcio Gandini (Cidadania) &#8211; 16.948 votos<\/li><li>Callegari (PL) &#8211; 16.842 votos<\/li><li>Z\u00e9 Preto (PL) &#8211; 15.901 votos<\/li><li>Alc\u00e2ntaro (Republicanos) &#8211; 15.742 votos<\/li><li>Allan Ferreira (Podemos) &#8211; 15.185 votos<\/li><li>Bispo Alves (Republicanos) &#8211; 14.474 votos<\/li><li>Coronel Weliton (PTB) &#8211; 12.176 votos<\/li><li><a rel=\"noreferrer noopener\" href=\"https:\/\/aconteceunovale.com.br\/portal\/?p=190684\" target=\"_blank\">Veja a apura\u00e7\u00e3o completa (clique aqui)<\/a><\/li><\/ul>\n\n\n\n<p class=\"wp-block-paragraph\">&#8212;&#8212;&#8212;&#8212;&#8212;&#8212;<br><br><strong>Sabia que o Aconteceu no Vale est\u00e1 tamb\u00e9m no Telegram? <a rel=\"noreferrer noopener\" href=\"https:\/\/t.me\/aconteceunovaleoficial\" target=\"_blank\">Inscreva-se no canal<\/a>.<\/strong><br><br><strong>J\u00e1 curtiu ou seguiu nossas p\u00e1ginas nas redes sociais?\u00a0Receba as not\u00edcias em primeira m\u00e3o:<\/strong><br>\u2022 <a rel=\"noreferrer noopener\" href=\"https:\/\/news.google.com\/publications\/CAAqBwgKMNjklQswi4etAw?hl=pt-BR&amp;gl=BR&amp;ceid=BR%3Apt-419\" target=\"_blank\">Google News<\/a><br>\u2022 <a rel=\"noreferrer noopener\" href=\"https:\/\/www.facebook.com\/aconteceunovale\/\" target=\"_blank\">Facebook<\/a><br>\u2022 <a rel=\"noreferrer noopener\" href=\"https:\/\/twitter.com\/noticiadosvales\" target=\"_blank\">Twitter<\/a><br>\u2022 <a rel=\"noreferrer noopener\" href=\"https:\/\/www.instagram.com\/aconteceunovale\" target=\"_blank\">Instagram<\/a><br>\u2022 <a rel=\"noreferrer noopener\" href=\"https:\/\/www.youtube.com\/AconteceunoValeOficial\" target=\"_blank\">Youtube<\/a><br>\u2022 <a rel=\"noreferrer noopener\" href=\"https:\/\/www.tiktok.com\/@aconteceunovale\" target=\"_blank\">TikTok<\/a><\/p>\n","protected":false},"excerpt":{"rendered":"<p>Eleitores do Esp\u00edrito Santo foram \u00e0s urnas neste domingo (2\/10\/2022) e elegeram 30 deputados estaduais.&nbsp;Confira a composi\u00e7\u00e3o da assembleia para a legislatura 2023-2027: S\u00e9rgio Meneguelli (Republicanos) &#8211; 138.523 votos Capit\u00e3o Assum\u00e7\u00e3o (PL) &#8211; 98.669 votos Jo\u00e3o Coser (PT) &#8211; 58.279 votos Camila Valad\u00e3o (PSOL) &#8211; 52.221 votos Marcelo Santos (Podemos) &#8211; 41.627 votos Iriny Lopes [&hellip;]<\/p>\n","protected":false},"author":4,"featured_media":190887,"comment_status":"open","ping_status":"closed","sticky":false,"template":"","format":"standard","meta":{"amp_status":"","footnotes":""},"categories":[6,249933],"tags":[230288,263770,182709,263766,263873,263867,182710,263868,263869,182711,263870,263871,263872,263874,263875,17923,263876,263877,263878,17651,17646,17548,17529,263879,17546,17921,263494,17538,17530,263880,17541,182726,263498,182733,263627,263626,263625,263624,263628,718,252238,263623,263499,261226,182737,263881,263765,20459,17648,182742,182744,263500,182751,263882,182755,182775,182776,182777],"class_list":["post-191149","post","type-post","status-publish","format-standard","has-post-thumbnail","hentry","category-br","category-eleicoes-2022","tag-apuracao-das-eleicoes","tag-apuracao-das-eleicoes-2022","tag-apuracao-das-eleicoes-no-espirito-santo","tag-apuracao-dos-votos","tag-apuracao-dos-votos-em-tempo-real","tag-apuracao-dos-votos-em-tempo-real-no-espirito-santo","tag-apuracao-dos-votos-no-espirito-santo","tag-apuracao-dos-votos-para-deputado-estadual-no-espirito-santo","tag-apuracao-dos-votos-para-deputado-federal-no-espirito-santo","tag-apuracao-dos-votos-para-deputado-no-espirito-santo","tag-apuracao-dos-votos-para-governador-no-espirito-santo","tag-apuracao-dos-votos-para-presidente-no-espirito-santo","tag-apuracao-dos-votos-para-senador-no-espirito-santo","tag-confira-a-lista-com-nomes-dos-deputados-estaduais-eleitos-no-espirito-santo","tag-confira-a-lista-de-deputados-estaduais-e-federais-eleitos-no-espirito-santo","tag-confira-a-lista-de-deputados-estaduais-eleitos-no-espirito-santo","tag-confira-a-lista-de-deputados-federais-eleitos-no-espirito-santo","tag-confira-a-lista-final-de-deputados-estaduais-eleitos-no-espirito-santo","tag-conheca-os-deputados-estaduais-eleitos-no-espirito-santo","tag-conhecer-os-deputados-eleitos","tag-conhecer-os-deputados-eleitos-em-minas","tag-deputados-eleitos","tag-deputados-eleitos-em-minas","tag-deputados-eleitos-espirito-santo","tag-deputados-eleitos-minas","tag-deputados-eleitos-no-espirito-santo","tag-deputados-eleitos-no-espirito-santo-2022","tag-deputados-estaduais-eleitos","tag-deputados-estaduais-eleitos-em-minas","tag-deputados-estaduais-eleitos-espirito-santo","tag-deputados-estaduais-eleitos-minas","tag-deputados-estaduais-eleitos-no-espirito-santo","tag-deputados-estaduais-eleitos-no-espirito-santo-2022","tag-deputados-federais-eleitos-no-espirito-santo","tag-eleicao-para-deputado-estadual-no-brasil","tag-eleicao-para-deputado-federal-no-brasil","tag-eleicao-para-governador-no-brasil","tag-eleicao-para-presidente-no-brasil","tag-eleicao-para-senador-no-brasil","tag-eleicoes","tag-eleicoes-2022","tag-eleicoes-2022-no-brasil","tag-eleicoes-2022-no-espirito-santo","tag-eleicoes-no-brasil","tag-eleicoes-no-espirito-santo","tag-eleito-espirito-santo","tag-eleitos-em-minas","tag-governador-eleito-no-espirito-santo","tag-informacoes-sobre-os-deputados-eleitos-em-minas","tag-lista-de-deputados-estaduais-eleitos-no-espirito-santo","tag-nomes-dos-deputados-eleitos-no-espirito-santo","tag-resultado-das-eleicoes-2022-no-espirito-santo","tag-resultado-das-eleicoes-no-espirito-santo","tag-resultado-eleicoes-2022-no-espirito-santo","tag-senador-eleito-no-espirito-santo","tag-votacao-para-deputado-no-espirito-santo","tag-votacao-para-governador-no-espirito-santo","tag-votacao-para-senador-no-espirito-santo"],"yoast_head":"<!-- This site is optimized with the Yoast SEO plugin v28.3 - https:\/\/yoast.com\/product\/yoast-seo-wordpress\/ -->\n<title>Confira a lista de deputados estaduais eleitos no Esp\u00edrito Santo - Aconteceu no Vale<\/title>\n<meta name=\"robots\" content=\"index, follow, max-snippet:-1, max-image-preview:large, max-video-preview:-1\" \/>\n<link rel=\"canonical\" href=\"https:\/\/aconteceunovale.com.br\/portal\/?p=191149\" \/>\n<meta property=\"og:locale\" content=\"pt_BR\" \/>\n<meta property=\"og:type\" content=\"article\" \/>\n<meta property=\"og:title\" content=\"Confira a lista de deputados estaduais eleitos no Esp\u00edrito Santo - Aconteceu no Vale\" \/>\n<meta property=\"og:description\" content=\"Eleitores do Esp\u00edrito Santo foram \u00e0s urnas neste domingo (2\/10\/2022) e elegeram 30 deputados estaduais.&nbsp;Confira a composi\u00e7\u00e3o da assembleia para a legislatura 2023-2027: S\u00e9rgio Meneguelli (Republicanos) &#8211; 138.523 votos Capit\u00e3o Assum\u00e7\u00e3o (PL) &#8211; 98.669 votos Jo\u00e3o Coser (PT) &#8211; 58.279 votos Camila Valad\u00e3o (PSOL) &#8211; 52.221 votos Marcelo Santos (Podemos) &#8211; 41.627 votos Iriny Lopes [&hellip;]\" \/>\n<meta property=\"og:url\" content=\"https:\/\/aconteceunovale.com.br\/portal\/?p=191149\" \/>\n<meta property=\"og:site_name\" content=\"Aconteceu no Vale\" \/>\n<meta property=\"article:publisher\" content=\"https:\/\/www.facebook.com\/aconteceunovale\/\" \/>\n<meta property=\"article:published_time\" content=\"2022-10-02T23:52:43+00:00\" \/>\n<meta property=\"article:modified_time\" content=\"2022-10-04T15:00:13+00:00\" \/>\n<meta property=\"og:image\" content=\"https:\/\/aconteceunovale.com.br\/portal\/wp-content\/uploads\/2022\/10\/espirito_santo.png\" \/>\n\t<meta property=\"og:image:width\" content=\"678\" \/>\n\t<meta property=\"og:image:height\" content=\"355\" \/>\n\t<meta property=\"og:image:type\" content=\"image\/png\" \/>\n<meta name=\"author\" content=\"Reda\u00e7\u00e3o Aconteceu no Vale\" \/>\n<meta name=\"twitter:card\" content=\"summary_large_image\" \/>\n<meta name=\"twitter:creator\" content=\"@noticiadosvales\" \/>\n<meta name=\"twitter:site\" content=\"@noticiadosvales\" \/>\n<meta name=\"twitter:label1\" content=\"Escrito por\" \/>\n\t<meta name=\"twitter:data1\" content=\"Reda\u00e7\u00e3o Aconteceu no Vale\" \/>\n\t<meta name=\"twitter:label2\" content=\"Est. tempo de leitura\" \/>\n\t<meta name=\"twitter:data2\" content=\"1 minuto\" \/>\n<script type=\"application\/ld+json\" class=\"yoast-schema-graph\">{\"@context\":\"https:\\\/\\\/schema.org\",\"@graph\":[{\"@type\":\"Article\",\"@id\":\"https:\\\/\\\/aconteceunovale.com.br\\\/portal\\\/?p=191149#article\",\"isPartOf\":{\"@id\":\"https:\\\/\\\/aconteceunovale.com.br\\\/portal\\\/?p=191149\"},\"author\":{\"name\":\"Reda\u00e7\u00e3o Aconteceu no Vale\",\"@id\":\"https:\\\/\\\/aconteceunovale.com.br\\\/portal\\\/#\\\/schema\\\/person\\\/7d2f26d1483f8a63de73da1ee0754d35\"},\"headline\":\"Confira a lista de deputados estaduais eleitos no Esp\u00edrito Santo\",\"datePublished\":\"2022-10-02T23:52:43+00:00\",\"dateModified\":\"2022-10-04T15:00:13+00:00\",\"mainEntityOfPage\":{\"@id\":\"https:\\\/\\\/aconteceunovale.com.br\\\/portal\\\/?p=191149\"},\"wordCount\":246,\"commentCount\":0,\"image\":{\"@id\":\"https:\\\/\\\/aconteceunovale.com.br\\\/portal\\\/?p=191149#primaryimage\"},\"thumbnailUrl\":\"https:\\\/\\\/aconteceunovale.com.br\\\/portal\\\/wp-content\\\/uploads\\\/2022\\\/10\\\/espirito_santo.png\",\"keywords\":[\"Apura\u00e7\u00e3o das elei\u00e7\u00f5es\",\"Apura\u00e7\u00e3o das elei\u00e7\u00f5es 2022\",\"Apura\u00e7\u00e3o das elei\u00e7\u00f5es no Esp\u00edrito Santo\",\"Apura\u00e7\u00e3o dos votos\",\"Apura\u00e7\u00e3o dos votos em tempo real\",\"Apura\u00e7\u00e3o dos votos em tempo real no Esp\u00edrito Santo\",\"apura\u00e7\u00e3o dos votos no Esp\u00edrito Santo\",\"Apura\u00e7\u00e3o dos votos para deputado estadual no Esp\u00edrito Santo\",\"Apura\u00e7\u00e3o dos votos para deputado federal no Esp\u00edrito Santo\",\"Apura\u00e7\u00e3o dos votos para deputado no Esp\u00edrito Santo\",\"Apura\u00e7\u00e3o dos votos para Governador no Esp\u00edrito Santo\",\"Apura\u00e7\u00e3o dos votos para presidente no Esp\u00edrito Santo\",\"Apura\u00e7\u00e3o dos votos para senador no Esp\u00edrito Santo\",\"Confira a lista com nomes dos deputados estaduais eleitos no Esp\u00edrito Santo\",\"Confira a lista de deputados estaduais e federais eleitos no Esp\u00edrito Santo\",\"Confira a lista de deputados estaduais eleitos no Esp\u00edrito Santo\",\"Confira a lista de deputados federais eleitos no Esp\u00edrito Santo\",\"Confira a lista final de deputados estaduais eleitos no Esp\u00edrito Santo\",\"Conhe\u00e7a os deputados estaduais eleitos no Esp\u00edrito Santo\",\"conhecer os deputados eleitos\",\"conhecer os deputados eleitos em minas\",\"deputados eleitos\",\"deputados eleitos em minas\",\"deputados eleitos Esp\u00edrito Santo\",\"deputados eleitos minas\",\"deputados eleitos no Esp\u00edrito Santo\",\"deputados eleitos no Esp\u00edrito Santo 2022\",\"deputados estaduais eleitos\",\"deputados estaduais eleitos em minas\",\"deputados estaduais eleitos Esp\u00edrito Santo\",\"deputados estaduais eleitos minas\",\"deputados estaduais eleitos no Esp\u00edrito Santo\",\"deputados estaduais eleitos no Esp\u00edrito Santo 2022\",\"deputados federais eleitos no Esp\u00edrito Santo\",\"Elei\u00e7\u00e3o para deputado estadual no Brasil\",\"Elei\u00e7\u00e3o para deputado federal no Brasil\",\"Elei\u00e7\u00e3o para governador no Brasil\",\"Elei\u00e7\u00e3o para presidente no Brasil\",\"Elei\u00e7\u00e3o para Senador no Brasil\",\"Elei\u00e7\u00f5es\",\"Elei\u00e7\u00f5es 2022\",\"Elei\u00e7\u00f5es 2022 no Brasil\",\"elei\u00e7\u00f5es 2022 no Esp\u00edrito Santo\",\"Elei\u00e7\u00f5es no Brasil\",\"elei\u00e7\u00f5es no Esp\u00edrito Santo\",\"Eleito Esp\u00edrito Santo\",\"Eleitos em minas\",\"governador eleito no esp\u00edrito santo\",\"informa\u00e7\u00f5es sobre os deputados eleitos em minas\",\"lista de deputados estaduais eleitos no Esp\u00edrito Santo\",\"nomes dos deputados eleitos no Esp\u00edrito Santo\",\"Resultado das elei\u00e7\u00f5es 2022 no Esp\u00edrito Santo\",\"resultado das elei\u00e7\u00f5es no Esp\u00edrito Santo\",\"resultado elei\u00e7\u00f5es 2022 no Esp\u00edrito Santo\",\"senador eleito no Esp\u00edrito Santo\",\"vota\u00e7\u00e3o para deputado no Esp\u00edrito Santo\",\"vota\u00e7\u00e3o para governador no Esp\u00edrito Santo\",\"vota\u00e7\u00e3o para senador no Esp\u00edrito Santo\"],\"articleSection\":[\"Brasil\",\"Elei\u00e7\u00f5es 2022\"],\"inLanguage\":\"pt-BR\",\"potentialAction\":[{\"@type\":\"CommentAction\",\"name\":\"Comment\",\"target\":[\"https:\\\/\\\/aconteceunovale.com.br\\\/portal\\\/?p=191149#respond\"]}]},{\"@type\":\"WebPage\",\"@id\":\"https:\\\/\\\/aconteceunovale.com.br\\\/portal\\\/?p=191149\",\"url\":\"https:\\\/\\\/aconteceunovale.com.br\\\/portal\\\/?p=191149\",\"name\":\"Confira a lista de deputados estaduais eleitos no Esp\u00edrito Santo - Aconteceu no Vale\",\"isPartOf\":{\"@id\":\"https:\\\/\\\/aconteceunovale.com.br\\\/portal\\\/#website\"},\"primaryImageOfPage\":{\"@id\":\"https:\\\/\\\/aconteceunovale.com.br\\\/portal\\\/?p=191149#primaryimage\"},\"image\":{\"@id\":\"https:\\\/\\\/aconteceunovale.com.br\\\/portal\\\/?p=191149#primaryimage\"},\"thumbnailUrl\":\"https:\\\/\\\/aconteceunovale.com.br\\\/portal\\\/wp-content\\\/uploads\\\/2022\\\/10\\\/espirito_santo.png\",\"datePublished\":\"2022-10-02T23:52:43+00:00\",\"dateModified\":\"2022-10-04T15:00:13+00:00\",\"author\":{\"@id\":\"https:\\\/\\\/aconteceunovale.com.br\\\/portal\\\/#\\\/schema\\\/person\\\/7d2f26d1483f8a63de73da1ee0754d35\"},\"breadcrumb\":{\"@id\":\"https:\\\/\\\/aconteceunovale.com.br\\\/portal\\\/?p=191149#breadcrumb\"},\"inLanguage\":\"pt-BR\",\"potentialAction\":[{\"@type\":\"ReadAction\",\"target\":[\"https:\\\/\\\/aconteceunovale.com.br\\\/portal\\\/?p=191149\"]}]},{\"@type\":\"ImageObject\",\"inLanguage\":\"pt-BR\",\"@id\":\"https:\\\/\\\/aconteceunovale.com.br\\\/portal\\\/?p=191149#primaryimage\",\"url\":\"https:\\\/\\\/aconteceunovale.com.br\\\/portal\\\/wp-content\\\/uploads\\\/2022\\\/10\\\/espirito_santo.png\",\"contentUrl\":\"https:\\\/\\\/aconteceunovale.com.br\\\/portal\\\/wp-content\\\/uploads\\\/2022\\\/10\\\/espirito_santo.png\",\"width\":678,\"height\":355},{\"@type\":\"BreadcrumbList\",\"@id\":\"https:\\\/\\\/aconteceunovale.com.br\\\/portal\\\/?p=191149#breadcrumb\",\"itemListElement\":[{\"@type\":\"ListItem\",\"position\":1,\"name\":\"In\u00edcio\",\"item\":\"https:\\\/\\\/aconteceunovale.com.br\\\/portal\\\/\"},{\"@type\":\"ListItem\",\"position\":2,\"name\":\"Confira a lista de deputados estaduais eleitos no Esp\u00edrito Santo\"}]},{\"@type\":\"WebSite\",\"@id\":\"https:\\\/\\\/aconteceunovale.com.br\\\/portal\\\/#website\",\"url\":\"https:\\\/\\\/aconteceunovale.com.br\\\/portal\\\/\",\"name\":\"Aconteceu no Vale\",\"description\":\"Portal de Not\u00edcias\",\"potentialAction\":[{\"@type\":\"SearchAction\",\"target\":{\"@type\":\"EntryPoint\",\"urlTemplate\":\"https:\\\/\\\/aconteceunovale.com.br\\\/portal\\\/?s={search_term_string}\"},\"query-input\":{\"@type\":\"PropertyValueSpecification\",\"valueRequired\":true,\"valueName\":\"search_term_string\"}}],\"inLanguage\":\"pt-BR\"},{\"@type\":\"Person\",\"@id\":\"https:\\\/\\\/aconteceunovale.com.br\\\/portal\\\/#\\\/schema\\\/person\\\/7d2f26d1483f8a63de73da1ee0754d35\",\"name\":\"Reda\u00e7\u00e3o Aconteceu no Vale\",\"description\":\"Equipe de reportagem do Aconteceu no Vale, portal de not\u00edcias do Vale do Jequitinhonha, em Minas Gerais. Cobrimos as 51 cidades do Vale desde 2013. Sugest\u00f5es de pauta e pedidos de corre\u00e7\u00e3o: contato@aconteceunovale.com.br\",\"url\":\"https:\\\/\\\/aconteceunovale.com.br\\\/portal\\\/?author=4\"}]}<\/script>\n<!-- \/ Yoast SEO plugin. -->","yoast_head_json":{"title":"Confira a lista de deputados estaduais eleitos no Esp\u00edrito Santo - Aconteceu no Vale","robots":{"index":"index","follow":"follow","max-snippet":"max-snippet:-1","max-image-preview":"max-image-preview:large","max-video-preview":"max-video-preview:-1"},"canonical":"https:\/\/aconteceunovale.com.br\/portal\/?p=191149","og_locale":"pt_BR","og_type":"article","og_title":"Confira a lista de deputados estaduais eleitos no Esp\u00edrito Santo - Aconteceu no Vale","og_description":"Eleitores do Esp\u00edrito Santo foram \u00e0s urnas neste domingo (2\/10\/2022) e elegeram 30 deputados estaduais.&nbsp;Confira a composi\u00e7\u00e3o da assembleia para a legislatura 2023-2027: S\u00e9rgio Meneguelli (Republicanos) &#8211; 138.523 votos Capit\u00e3o Assum\u00e7\u00e3o (PL) &#8211; 98.669 votos Jo\u00e3o Coser (PT) &#8211; 58.279 votos Camila Valad\u00e3o (PSOL) &#8211; 52.221 votos Marcelo Santos (Podemos) &#8211; 41.627 votos Iriny Lopes [&hellip;]","og_url":"https:\/\/aconteceunovale.com.br\/portal\/?p=191149","og_site_name":"Aconteceu no Vale","article_publisher":"https:\/\/www.facebook.com\/aconteceunovale\/","article_published_time":"2022-10-02T23:52:43+00:00","article_modified_time":"2022-10-04T15:00:13+00:00","og_image":[{"width":678,"height":355,"url":"https:\/\/aconteceunovale.com.br\/portal\/wp-content\/uploads\/2022\/10\/espirito_santo.png","type":"image\/png"}],"author":"Reda\u00e7\u00e3o Aconteceu no Vale","twitter_card":"summary_large_image","twitter_creator":"@noticiadosvales","twitter_site":"@noticiadosvales","twitter_misc":{"Escrito por":"Reda\u00e7\u00e3o Aconteceu no Vale","Est. tempo de leitura":"1 minuto"},"schema":{"@context":"https:\/\/schema.org","@graph":[{"@type":"Article","@id":"https:\/\/aconteceunovale.com.br\/portal\/?p=191149#article","isPartOf":{"@id":"https:\/\/aconteceunovale.com.br\/portal\/?p=191149"},"author":{"name":"Reda\u00e7\u00e3o Aconteceu no Vale","@id":"https:\/\/aconteceunovale.com.br\/portal\/#\/schema\/person\/7d2f26d1483f8a63de73da1ee0754d35"},"headline":"Confira a lista de deputados estaduais eleitos no Esp\u00edrito Santo","datePublished":"2022-10-02T23:52:43+00:00","dateModified":"2022-10-04T15:00:13+00:00","mainEntityOfPage":{"@id":"https:\/\/aconteceunovale.com.br\/portal\/?p=191149"},"wordCount":246,"commentCount":0,"image":{"@id":"https:\/\/aconteceunovale.com.br\/portal\/?p=191149#primaryimage"},"thumbnailUrl":"https:\/\/aconteceunovale.com.br\/portal\/wp-content\/uploads\/2022\/10\/espirito_santo.png","keywords":["Apura\u00e7\u00e3o das elei\u00e7\u00f5es","Apura\u00e7\u00e3o das elei\u00e7\u00f5es 2022","Apura\u00e7\u00e3o das elei\u00e7\u00f5es no Esp\u00edrito Santo","Apura\u00e7\u00e3o dos votos","Apura\u00e7\u00e3o dos votos em tempo real","Apura\u00e7\u00e3o dos votos em tempo real no Esp\u00edrito Santo","apura\u00e7\u00e3o dos votos no Esp\u00edrito Santo","Apura\u00e7\u00e3o dos votos para deputado estadual no Esp\u00edrito Santo","Apura\u00e7\u00e3o dos votos para deputado federal no Esp\u00edrito Santo","Apura\u00e7\u00e3o dos votos para deputado no Esp\u00edrito Santo","Apura\u00e7\u00e3o dos votos para Governador no Esp\u00edrito Santo","Apura\u00e7\u00e3o dos votos para presidente no Esp\u00edrito Santo","Apura\u00e7\u00e3o dos votos para senador no Esp\u00edrito Santo","Confira a lista com nomes dos deputados estaduais eleitos no Esp\u00edrito Santo","Confira a lista de deputados estaduais e federais eleitos no Esp\u00edrito Santo","Confira a lista de deputados estaduais eleitos no Esp\u00edrito Santo","Confira a lista de deputados federais eleitos no Esp\u00edrito Santo","Confira a lista final de deputados estaduais eleitos no Esp\u00edrito Santo","Conhe\u00e7a os deputados estaduais eleitos no Esp\u00edrito Santo","conhecer os deputados eleitos","conhecer os deputados eleitos em minas","deputados eleitos","deputados eleitos em minas","deputados eleitos Esp\u00edrito Santo","deputados eleitos minas","deputados eleitos no Esp\u00edrito Santo","deputados eleitos no Esp\u00edrito Santo 2022","deputados estaduais eleitos","deputados estaduais eleitos em minas","deputados estaduais eleitos Esp\u00edrito Santo","deputados estaduais eleitos minas","deputados estaduais eleitos no Esp\u00edrito Santo","deputados estaduais eleitos no Esp\u00edrito Santo 2022","deputados federais eleitos no Esp\u00edrito Santo","Elei\u00e7\u00e3o para deputado estadual no Brasil","Elei\u00e7\u00e3o para deputado federal no Brasil","Elei\u00e7\u00e3o para governador no Brasil","Elei\u00e7\u00e3o para presidente no Brasil","Elei\u00e7\u00e3o para Senador no Brasil","Elei\u00e7\u00f5es","Elei\u00e7\u00f5es 2022","Elei\u00e7\u00f5es 2022 no Brasil","elei\u00e7\u00f5es 2022 no Esp\u00edrito Santo","Elei\u00e7\u00f5es no Brasil","elei\u00e7\u00f5es no Esp\u00edrito Santo","Eleito Esp\u00edrito Santo","Eleitos em minas","governador eleito no esp\u00edrito santo","informa\u00e7\u00f5es sobre os deputados eleitos em minas","lista de deputados estaduais eleitos no Esp\u00edrito Santo","nomes dos deputados eleitos no Esp\u00edrito Santo","Resultado das elei\u00e7\u00f5es 2022 no Esp\u00edrito Santo","resultado das elei\u00e7\u00f5es no Esp\u00edrito Santo","resultado elei\u00e7\u00f5es 2022 no Esp\u00edrito Santo","senador eleito no Esp\u00edrito Santo","vota\u00e7\u00e3o para deputado no Esp\u00edrito Santo","vota\u00e7\u00e3o para governador no Esp\u00edrito Santo","vota\u00e7\u00e3o para senador no Esp\u00edrito Santo"],"articleSection":["Brasil","Elei\u00e7\u00f5es 2022"],"inLanguage":"pt-BR","potentialAction":[{"@type":"CommentAction","name":"Comment","target":["https:\/\/aconteceunovale.com.br\/portal\/?p=191149#respond"]}]},{"@type":"WebPage","@id":"https:\/\/aconteceunovale.com.br\/portal\/?p=191149","url":"https:\/\/aconteceunovale.com.br\/portal\/?p=191149","name":"Confira a lista de deputados estaduais eleitos no Esp\u00edrito Santo - Aconteceu no Vale","isPartOf":{"@id":"https:\/\/aconteceunovale.com.br\/portal\/#website"},"primaryImageOfPage":{"@id":"https:\/\/aconteceunovale.com.br\/portal\/?p=191149#primaryimage"},"image":{"@id":"https:\/\/aconteceunovale.com.br\/portal\/?p=191149#primaryimage"},"thumbnailUrl":"https:\/\/aconteceunovale.com.br\/portal\/wp-content\/uploads\/2022\/10\/espirito_santo.png","datePublished":"2022-10-02T23:52:43+00:00","dateModified":"2022-10-04T15:00:13+00:00","author":{"@id":"https:\/\/aconteceunovale.com.br\/portal\/#\/schema\/person\/7d2f26d1483f8a63de73da1ee0754d35"},"breadcrumb":{"@id":"https:\/\/aconteceunovale.com.br\/portal\/?p=191149#breadcrumb"},"inLanguage":"pt-BR","potentialAction":[{"@type":"ReadAction","target":["https:\/\/aconteceunovale.com.br\/portal\/?p=191149"]}]},{"@type":"ImageObject","inLanguage":"pt-BR","@id":"https:\/\/aconteceunovale.com.br\/portal\/?p=191149#primaryimage","url":"https:\/\/aconteceunovale.com.br\/portal\/wp-content\/uploads\/2022\/10\/espirito_santo.png","contentUrl":"https:\/\/aconteceunovale.com.br\/portal\/wp-content\/uploads\/2022\/10\/espirito_santo.png","width":678,"height":355},{"@type":"BreadcrumbList","@id":"https:\/\/aconteceunovale.com.br\/portal\/?p=191149#breadcrumb","itemListElement":[{"@type":"ListItem","position":1,"name":"In\u00edcio","item":"https:\/\/aconteceunovale.com.br\/portal\/"},{"@type":"ListItem","position":2,"name":"Confira a lista de deputados estaduais eleitos no Esp\u00edrito Santo"}]},{"@type":"WebSite","@id":"https:\/\/aconteceunovale.com.br\/portal\/#website","url":"https:\/\/aconteceunovale.com.br\/portal\/","name":"Aconteceu no Vale","description":"Portal de Not\u00edcias","potentialAction":[{"@type":"SearchAction","target":{"@type":"EntryPoint","urlTemplate":"https:\/\/aconteceunovale.com.br\/portal\/?s={search_term_string}"},"query-input":{"@type":"PropertyValueSpecification","valueRequired":true,"valueName":"search_term_string"}}],"inLanguage":"pt-BR"},{"@type":"Person","@id":"https:\/\/aconteceunovale.com.br\/portal\/#\/schema\/person\/7d2f26d1483f8a63de73da1ee0754d35","name":"Reda\u00e7\u00e3o Aconteceu no Vale","description":"Equipe de reportagem do Aconteceu no Vale, portal de not\u00edcias do Vale do Jequitinhonha, em Minas Gerais. Cobrimos as 51 cidades do Vale desde 2013. Sugest\u00f5es de pauta e pedidos de corre\u00e7\u00e3o: contato@aconteceunovale.com.br","url":"https:\/\/aconteceunovale.com.br\/portal\/?author=4"}]}},"_links":{"self":[{"href":"https:\/\/aconteceunovale.com.br\/portal\/index.php?rest_route=\/wp\/v2\/posts\/191149","targetHints":{"allow":["GET"]}}],"collection":[{"href":"https:\/\/aconteceunovale.com.br\/portal\/index.php?rest_route=\/wp\/v2\/posts"}],"about":[{"href":"https:\/\/aconteceunovale.com.br\/portal\/index.php?rest_route=\/wp\/v2\/types\/post"}],"author":[{"embeddable":true,"href":"https:\/\/aconteceunovale.com.br\/portal\/index.php?rest_route=\/wp\/v2\/users\/4"}],"replies":[{"embeddable":true,"href":"https:\/\/aconteceunovale.com.br\/portal\/index.php?rest_route=%2Fwp%2Fv2%2Fcomments&post=191149"}],"version-history":[{"count":1,"href":"https:\/\/aconteceunovale.com.br\/portal\/index.php?rest_route=\/wp\/v2\/posts\/191149\/revisions"}],"predecessor-version":[{"id":191150,"href":"https:\/\/aconteceunovale.com.br\/portal\/index.php?rest_route=\/wp\/v2\/posts\/191149\/revisions\/191150"}],"wp:featuredmedia":[{"embeddable":true,"href":"https:\/\/aconteceunovale.com.br\/portal\/index.php?rest_route=\/wp\/v2\/media\/190887"}],"wp:attachment":[{"href":"https:\/\/aconteceunovale.com.br\/portal\/index.php?rest_route=%2Fwp%2Fv2%2Fmedia&parent=191149"}],"wp:term":[{"taxonomy":"category","embeddable":true,"href":"https:\/\/aconteceunovale.com.br\/portal\/index.php?rest_route=%2Fwp%2Fv2%2Fcategories&post=191149"},{"taxonomy":"post_tag","embeddable":true,"href":"https:\/\/aconteceunovale.com.br\/portal\/index.php?rest_route=%2Fwp%2Fv2%2Ftags&post=191149"}],"curies":[{"name":"wp","href":"https:\/\/api.w.org\/{rel}","templated":true}]}}