{"id":191147,"date":"2022-10-03T01:07:55","date_gmt":"2022-10-03T04:07:55","guid":{"rendered":"https:\/\/aconteceunovale.com.br\/portal\/?p=191147"},"modified":"2022-10-04T11:52:22","modified_gmt":"2022-10-04T14:52:22","slug":"confira-a-lista-de-deputados-estaduais-eleitos-no-ceara","status":"publish","type":"post","link":"https:\/\/aconteceunovale.com.br\/portal\/?p=191147","title":{"rendered":"Confira a lista de deputados estaduais eleitos no Cear\u00e1"},"content":{"rendered":"\n<p class=\"wp-block-paragraph\">Eleitores do Cear\u00e1 foram \u00e0s urnas neste domingo (2\/10\/2022) e elegeram 46 deputados estaduais.&nbsp;Confira a composi\u00e7\u00e3o da assembleia para a legislatura 2023-2027:<\/p>\n\n\n\n<ul class=\"wp-block-list\"><li>Carmelo Neto (PL) &#8211; 118.603 votos<\/li><li>Evandro Leit\u00e3o (PDT) &#8211; 113.808 votos<\/li><li>Marta Gon\u00e7alves (PL) &#8211; 112.787 votos<\/li><li>Fernando Santana (PT) &#8211; 111.639 votos<\/li><li>S\u00e9rgio Aguiar (PDT) &#8211; 97.522 votos<\/li><li>Romeu Aldigueri (PDT) &#8211; 90.399 votos<\/li><li>Zezinho Albuquerque (PP) &#8211; 85.138 votos<\/li><li>Dra. Silvana (PL) &#8211; 83.423 votos<\/li><li>Gabriella Aguiar (PSD) &#8211; 83.128 votos<\/li><li>Renato Roseno (PSOL) &#8211; 83.062 votos<\/li><li>Cl\u00e1udio Pinho (PDT) &#8211; 82.267 votos<\/li><li>Osmar Baquit (PDT) &#8211; 79.769 votos<\/li><li>Pr. Alcides Fernandes (PL) &#8211; 79.207 votos<\/li><li>David Durand (Republicanos) &#8211; 78.419 votos<\/li><li>Guilherme Landim (PDT) &#8211; 76.726 votos<\/li><li>Jo\u00e3o Jaime (PP) &#8211; 76.053 votos<\/li><li>Marcos Sobreira (PDT) &#8211; 72.183 votos<\/li><li>Jeov\u00e1 Mota (PDT) &#8211; 68.881 votos<\/li><li>Agenor Neto (MDB) &#8211; 68.289 votos<\/li><li>Ant\u00f4nio Henrique (PDT) &#8211; 67.148 votos<\/li><li>Lia Gomes (PDT) &#8211; 67.000 votos<\/li><li>Queiroz Filho (PDT) &#8211; 64.374 votos<\/li><li>Danniel Oliveira (MDB) &#8211; 63.463 votos<\/li><li>De Assis Diniz (PT) &#8211; 63.253 votos<\/li><li>Mosi\u00e9s Braz (PT) &#8211; 63.149 votos<\/li><li>Oriel Filho (PDT) &#8211; 60.642 votos<\/li><li>Firmo Camur\u00e7a (Uni\u00e3o Brasil) &#8211; 57.836 votos<\/li><li>Salmito (PDT) &#8211; 56.624 votos<\/li><li>Leonardo Pinheiro (PP) &#8211; 56.059 votos<\/li><li>Alysson Aguiar (PC do B) &#8211; 55.449 votos<\/li><li>Davi de Raimund\u00e3o (MDB) &#8211; 55.112 votos<\/li><li>Dr. Oscar Rodrigues (Uni\u00e3o Brasil) &#8211; 54.066 votos<\/li><li>Dr. Luc\u00edlvio Gir\u00e3o (PSD) &#8211; 52.368 votos<\/li><li>Luana Ribeiro (Cidadania) 51.548 votos<\/li><li>J\u00f4 Farias (PT) &#8211; 47.816 votos<\/li><li>Julinho (PT) &#8211; 46.082 votos<\/li><li>Juliana Lucena (PT) &#8211; 45.474 votos<\/li><li>Missias do MST (PT) &#8211; 44.853 votos<\/li><li>Sargento Reginauro (Uni\u00e3o Brasil) &#8211; 41.635 votos<\/li><li>Larissa Gaspar (PT) &#8211; 37.887 votos<\/li><li>Felipe Mota (Uni\u00e3o Brasil) &#8211; 36.949 votos<\/li><li>Dep Fernando Hugo &#8211; Dr. Hugo (PSD) &#8211; 36.880 votos<\/li><li>Ap\u00f3stolo Luiz Henrique (Republicanos) &#8211; 35.149 votos<\/li><li>Em\u00edlia Pessoa (PSDB) &#8211; 33.275 votos<\/li><li>Lucinildo Frota (PMN) &#8211; 21.751 votos<\/li><li>Stuart Castro (Avante) &#8211; 17.243 votos<\/li><li><a rel=\"noreferrer noopener\" href=\"https:\/\/aconteceunovale.com.br\/portal\/?p=190684\" target=\"_blank\">Veja a apura\u00e7\u00e3o completa (clique aqui)<\/a><\/li><\/ul>\n\n\n\n<p class=\"wp-block-paragraph\">&#8212;&#8212;&#8212;&#8212;&#8212;&#8212;<br><br><strong>Sabia que o Aconteceu no Vale est\u00e1 tamb\u00e9m no Telegram? <a rel=\"noreferrer noopener\" href=\"https:\/\/t.me\/aconteceunovaleoficial\" target=\"_blank\">Inscreva-se no canal<\/a>.<\/strong><br><br><strong>J\u00e1 curtiu ou seguiu nossas p\u00e1ginas nas redes sociais?\u00a0Receba as not\u00edcias em primeira m\u00e3o:<\/strong><br>\u2022 <a rel=\"noreferrer noopener\" href=\"https:\/\/news.google.com\/publications\/CAAqBwgKMNjklQswi4etAw?hl=pt-BR&amp;gl=BR&amp;ceid=BR%3Apt-419\" target=\"_blank\">Google News<\/a><br>\u2022 <a rel=\"noreferrer noopener\" href=\"https:\/\/www.facebook.com\/aconteceunovale\/\" target=\"_blank\">Facebook<\/a><br>\u2022 <a rel=\"noreferrer noopener\" href=\"https:\/\/twitter.com\/noticiadosvales\" target=\"_blank\">Twitter<\/a><br>\u2022 <a rel=\"noreferrer noopener\" href=\"https:\/\/www.instagram.com\/aconteceunovale\" target=\"_blank\">Instagram<\/a><br>\u2022 <a rel=\"noreferrer noopener\" href=\"https:\/\/www.youtube.com\/AconteceunoValeOficial\" target=\"_blank\">Youtube<\/a><br>\u2022 <a rel=\"noreferrer noopener\" href=\"https:\/\/www.tiktok.com\/@aconteceunovale\" target=\"_blank\">TikTok<\/a><\/p>\n","protected":false},"excerpt":{"rendered":"<p>Eleitores do Cear\u00e1 foram \u00e0s urnas neste domingo (2\/10\/2022) e elegeram 46 deputados estaduais.&nbsp;Confira a composi\u00e7\u00e3o da assembleia para a legislatura 2023-2027: Carmelo Neto (PL) &#8211; 118.603 votos Evandro Leit\u00e3o (PDT) &#8211; 113.808 votos Marta Gon\u00e7alves (PL) &#8211; 112.787 votos Fernando Santana (PT) &#8211; 111.639 votos S\u00e9rgio Aguiar (PDT) &#8211; 97.522 votos Romeu Aldigueri (PDT) [&hellip;]<\/p>\n","protected":false},"author":4,"featured_media":190917,"comment_status":"open","ping_status":"closed","sticky":false,"template":"","format":"standard","meta":{"amp_status":"","footnotes":""},"categories":[6,249933],"tags":[230288,263770,264054,263766,263873,264056,264055,264058,264059,264057,264060,264061,264062,264063,264064,17917,264065,264066,264067,17651,264068,17548,264070,17915,264069,17538,264073,264071,264072,264074,263627,263626,263625,263624,263628,718,252238,263623,262413,261226,264075,264076,264077,20457,264078,264079,264080,264081,20569,264082,264083,264084,264085,264086],"class_list":["post-191147","post","type-post","status-publish","format-standard","has-post-thumbnail","hentry","category-br","category-eleicoes-2022","tag-apuracao-das-eleicoes","tag-apuracao-das-eleicoes-2022","tag-apuracao-das-eleicoes-no-ceara","tag-apuracao-dos-votos","tag-apuracao-dos-votos-em-tempo-real","tag-apuracao-dos-votos-em-tempo-real-no-ceara","tag-apuracao-dos-votos-no-ceara","tag-apuracao-dos-votos-para-deputado-estadual-no-ceara","tag-apuracao-dos-votos-para-deputado-federal-no-ceara","tag-apuracao-dos-votos-para-deputado-no-ceara","tag-apuracao-dos-votos-para-governador-no-ceara","tag-apuracao-dos-votos-para-presidente-no-ceara","tag-apuracao-dos-votos-para-senador-no-ceara","tag-confira-a-lista-com-nomes-dos-deputados-estaduais-eleitos-no-ceara","tag-confira-a-lista-de-deputados-estaduais-e-federais-eleitos-no-ceara","tag-confira-a-lista-de-deputados-estaduais-eleitos-no-ceara","tag-confira-a-lista-de-deputados-federais-eleitos-no-ceara","tag-confira-a-lista-final-de-deputados-estaduais-eleitos-no-ceara","tag-conheca-os-deputados-estaduais-eleitos-no-ceara","tag-conhecer-os-deputados-eleitos","tag-conhecer-os-deputados-eleitos-no-ceara","tag-deputados-eleitos","tag-deputados-eleitos-ceara","tag-deputados-eleitos-no-ceara","tag-deputados-eleitos-no-ceara-2022","tag-deputados-estaduais-eleitos","tag-deputados-estaduais-eleitos-ceara","tag-deputados-estaduais-eleitos-no-ceara","tag-deputados-estaduais-eleitos-no-ceara-2022","tag-deputados-federais-eleitos-no-ceara","tag-eleicao-para-deputado-estadual-no-brasil","tag-eleicao-para-deputado-federal-no-brasil","tag-eleicao-para-governador-no-brasil","tag-eleicao-para-presidente-no-brasil","tag-eleicao-para-senador-no-brasil","tag-eleicoes","tag-eleicoes-2022","tag-eleicoes-2022-no-brasil","tag-eleicoes-2022-no-ceara","tag-eleicoes-no-brasil","tag-eleicoes-no-ceara","tag-eleito-ceara","tag-eleitos-no-ceara","tag-governador-eleito-no-ceara","tag-informacoes-sobre-os-deputados-eleitos-no-ceara","tag-lista-de-deputados-estaduais-eleitos-no-ceara","tag-nomes-dos-deputados-eleitos-no-ceara","tag-resultado-das-eleicoes-2022-no-ceara","tag-resultado-das-eleicoes-no-ceara","tag-resultado-eleicoes-2022-no-ceara","tag-senador-eleito-no-ceara","tag-votacao-para-deputado-no-ceara","tag-votacao-para-governador-no-ceara","tag-votacao-para-senador-no-ceara"],"yoast_head":"<!-- This site is optimized with the Yoast SEO plugin v28.3 - https:\/\/yoast.com\/product\/yoast-seo-wordpress\/ -->\n<title>Confira a lista de deputados estaduais eleitos no Cear\u00e1 - Aconteceu no Vale<\/title>\n<meta name=\"robots\" content=\"index, follow, max-snippet:-1, max-image-preview:large, max-video-preview:-1\" \/>\n<link rel=\"canonical\" href=\"https:\/\/aconteceunovale.com.br\/portal\/?p=191147\" \/>\n<meta property=\"og:locale\" content=\"pt_BR\" \/>\n<meta property=\"og:type\" content=\"article\" \/>\n<meta property=\"og:title\" content=\"Confira a lista de deputados estaduais eleitos no Cear\u00e1 - Aconteceu no Vale\" \/>\n<meta property=\"og:description\" content=\"Eleitores do Cear\u00e1 foram \u00e0s urnas neste domingo (2\/10\/2022) e elegeram 46 deputados estaduais.&nbsp;Confira a composi\u00e7\u00e3o da assembleia para a legislatura 2023-2027: Carmelo Neto (PL) &#8211; 118.603 votos Evandro Leit\u00e3o (PDT) &#8211; 113.808 votos Marta Gon\u00e7alves (PL) &#8211; 112.787 votos Fernando Santana (PT) &#8211; 111.639 votos S\u00e9rgio Aguiar (PDT) &#8211; 97.522 votos Romeu Aldigueri (PDT) [&hellip;]\" \/>\n<meta property=\"og:url\" content=\"https:\/\/aconteceunovale.com.br\/portal\/?p=191147\" \/>\n<meta property=\"og:site_name\" content=\"Aconteceu no Vale\" \/>\n<meta property=\"article:publisher\" content=\"https:\/\/www.facebook.com\/aconteceunovale\/\" \/>\n<meta property=\"article:published_time\" content=\"2022-10-03T04:07:55+00:00\" \/>\n<meta property=\"article:modified_time\" content=\"2022-10-04T14:52:22+00:00\" \/>\n<meta property=\"og:image\" content=\"https:\/\/aconteceunovale.com.br\/portal\/wp-content\/uploads\/2022\/10\/ceara.png\" \/>\n\t<meta property=\"og:image:width\" content=\"678\" \/>\n\t<meta property=\"og:image:height\" content=\"355\" \/>\n\t<meta property=\"og:image:type\" content=\"image\/png\" \/>\n<meta name=\"author\" content=\"Reda\u00e7\u00e3o Aconteceu no Vale\" \/>\n<meta name=\"twitter:card\" content=\"summary_large_image\" \/>\n<meta name=\"twitter:creator\" content=\"@noticiadosvales\" \/>\n<meta name=\"twitter:site\" content=\"@noticiadosvales\" \/>\n<meta name=\"twitter:label1\" content=\"Escrito por\" \/>\n\t<meta name=\"twitter:data1\" content=\"Reda\u00e7\u00e3o Aconteceu no Vale\" \/>\n\t<meta name=\"twitter:label2\" content=\"Est. tempo de leitura\" \/>\n\t<meta name=\"twitter:data2\" content=\"1 minuto\" \/>\n<script type=\"application\/ld+json\" class=\"yoast-schema-graph\">{\"@context\":\"https:\\\/\\\/schema.org\",\"@graph\":[{\"@type\":\"Article\",\"@id\":\"https:\\\/\\\/aconteceunovale.com.br\\\/portal\\\/?p=191147#article\",\"isPartOf\":{\"@id\":\"https:\\\/\\\/aconteceunovale.com.br\\\/portal\\\/?p=191147\"},\"author\":{\"name\":\"Reda\u00e7\u00e3o Aconteceu no Vale\",\"@id\":\"https:\\\/\\\/aconteceunovale.com.br\\\/portal\\\/#\\\/schema\\\/person\\\/7d2f26d1483f8a63de73da1ee0754d35\"},\"headline\":\"Confira a lista de deputados estaduais eleitos no Cear\u00e1\",\"datePublished\":\"2022-10-03T04:07:55+00:00\",\"dateModified\":\"2022-10-04T14:52:22+00:00\",\"mainEntityOfPage\":{\"@id\":\"https:\\\/\\\/aconteceunovale.com.br\\\/portal\\\/?p=191147\"},\"wordCount\":340,\"commentCount\":0,\"image\":{\"@id\":\"https:\\\/\\\/aconteceunovale.com.br\\\/portal\\\/?p=191147#primaryimage\"},\"thumbnailUrl\":\"https:\\\/\\\/aconteceunovale.com.br\\\/portal\\\/wp-content\\\/uploads\\\/2022\\\/10\\\/ceara.png\",\"keywords\":[\"Apura\u00e7\u00e3o das elei\u00e7\u00f5es\",\"Apura\u00e7\u00e3o das elei\u00e7\u00f5es 2022\",\"Apura\u00e7\u00e3o das elei\u00e7\u00f5es no Cear\u00e1\",\"Apura\u00e7\u00e3o dos votos\",\"Apura\u00e7\u00e3o dos votos em tempo real\",\"Apura\u00e7\u00e3o dos votos em tempo real no Cear\u00e1\",\"apura\u00e7\u00e3o dos votos no Cear\u00e1\",\"Apura\u00e7\u00e3o dos votos para deputado estadual no Cear\u00e1\",\"Apura\u00e7\u00e3o dos votos para deputado federal no Cear\u00e1\",\"Apura\u00e7\u00e3o dos votos para deputado no Cear\u00e1\",\"Apura\u00e7\u00e3o dos votos para Governador no Cear\u00e1\",\"Apura\u00e7\u00e3o dos votos para presidente no Cear\u00e1\",\"Apura\u00e7\u00e3o dos votos para senador no Cear\u00e1\",\"Confira a lista com nomes dos deputados estaduais eleitos no Cear\u00e1\",\"Confira a lista de deputados estaduais e federais eleitos no Cear\u00e1\",\"Confira a lista de deputados estaduais eleitos no Cear\u00e1\",\"Confira a lista de deputados federais eleitos no Cear\u00e1\",\"Confira a lista final de deputados estaduais eleitos no Cear\u00e1\",\"Conhe\u00e7a os deputados estaduais eleitos no Cear\u00e1\",\"conhecer os deputados eleitos\",\"conhecer os deputados eleitos no Cear\u00e1\",\"deputados eleitos\",\"deputados eleitos Cear\u00e1\",\"deputados eleitos no Cear\u00e1\",\"deputados eleitos no Cear\u00e1 2022\",\"deputados estaduais eleitos\",\"deputados estaduais eleitos Cear\u00e1\",\"deputados estaduais eleitos no Cear\u00e1\",\"deputados estaduais eleitos no Cear\u00e1 2022\",\"deputados federais eleitos no Cear\u00e1\",\"Elei\u00e7\u00e3o para deputado estadual no Brasil\",\"Elei\u00e7\u00e3o para deputado federal no Brasil\",\"Elei\u00e7\u00e3o para governador no Brasil\",\"Elei\u00e7\u00e3o para presidente no Brasil\",\"Elei\u00e7\u00e3o para Senador no Brasil\",\"Elei\u00e7\u00f5es\",\"Elei\u00e7\u00f5es 2022\",\"Elei\u00e7\u00f5es 2022 no Brasil\",\"Elei\u00e7\u00f5es 2022 no Cear\u00e1\",\"Elei\u00e7\u00f5es no Brasil\",\"elei\u00e7\u00f5es no Cear\u00e1\",\"Eleito Cear\u00e1\",\"Eleitos no Cear\u00e1\",\"governador eleito no cear\u00e1\",\"informa\u00e7\u00f5es sobre os deputados eleitos no Cear\u00e1\",\"lista de deputados estaduais eleitos no Cear\u00e1\",\"nomes dos deputados eleitos no Cear\u00e1\",\"Resultado das elei\u00e7\u00f5es 2022 no Cear\u00e1\",\"resultado das elei\u00e7\u00f5es no cear\u00e1\",\"resultado elei\u00e7\u00f5es 2022 no Cear\u00e1\",\"senador eleito no Cear\u00e1\",\"vota\u00e7\u00e3o para deputado no Cear\u00e1\",\"vota\u00e7\u00e3o para governador no Cear\u00e1\",\"vota\u00e7\u00e3o para senador no Cear\u00e1\"],\"articleSection\":[\"Brasil\",\"Elei\u00e7\u00f5es 2022\"],\"inLanguage\":\"pt-BR\",\"potentialAction\":[{\"@type\":\"CommentAction\",\"name\":\"Comment\",\"target\":[\"https:\\\/\\\/aconteceunovale.com.br\\\/portal\\\/?p=191147#respond\"]}]},{\"@type\":\"WebPage\",\"@id\":\"https:\\\/\\\/aconteceunovale.com.br\\\/portal\\\/?p=191147\",\"url\":\"https:\\\/\\\/aconteceunovale.com.br\\\/portal\\\/?p=191147\",\"name\":\"Confira a lista de deputados estaduais eleitos no Cear\u00e1 - Aconteceu no Vale\",\"isPartOf\":{\"@id\":\"https:\\\/\\\/aconteceunovale.com.br\\\/portal\\\/#website\"},\"primaryImageOfPage\":{\"@id\":\"https:\\\/\\\/aconteceunovale.com.br\\\/portal\\\/?p=191147#primaryimage\"},\"image\":{\"@id\":\"https:\\\/\\\/aconteceunovale.com.br\\\/portal\\\/?p=191147#primaryimage\"},\"thumbnailUrl\":\"https:\\\/\\\/aconteceunovale.com.br\\\/portal\\\/wp-content\\\/uploads\\\/2022\\\/10\\\/ceara.png\",\"datePublished\":\"2022-10-03T04:07:55+00:00\",\"dateModified\":\"2022-10-04T14:52:22+00:00\",\"author\":{\"@id\":\"https:\\\/\\\/aconteceunovale.com.br\\\/portal\\\/#\\\/schema\\\/person\\\/7d2f26d1483f8a63de73da1ee0754d35\"},\"breadcrumb\":{\"@id\":\"https:\\\/\\\/aconteceunovale.com.br\\\/portal\\\/?p=191147#breadcrumb\"},\"inLanguage\":\"pt-BR\",\"potentialAction\":[{\"@type\":\"ReadAction\",\"target\":[\"https:\\\/\\\/aconteceunovale.com.br\\\/portal\\\/?p=191147\"]}]},{\"@type\":\"ImageObject\",\"inLanguage\":\"pt-BR\",\"@id\":\"https:\\\/\\\/aconteceunovale.com.br\\\/portal\\\/?p=191147#primaryimage\",\"url\":\"https:\\\/\\\/aconteceunovale.com.br\\\/portal\\\/wp-content\\\/uploads\\\/2022\\\/10\\\/ceara.png\",\"contentUrl\":\"https:\\\/\\\/aconteceunovale.com.br\\\/portal\\\/wp-content\\\/uploads\\\/2022\\\/10\\\/ceara.png\",\"width\":678,\"height\":355},{\"@type\":\"BreadcrumbList\",\"@id\":\"https:\\\/\\\/aconteceunovale.com.br\\\/portal\\\/?p=191147#breadcrumb\",\"itemListElement\":[{\"@type\":\"ListItem\",\"position\":1,\"name\":\"In\u00edcio\",\"item\":\"https:\\\/\\\/aconteceunovale.com.br\\\/portal\\\/\"},{\"@type\":\"ListItem\",\"position\":2,\"name\":\"Confira a lista de deputados estaduais eleitos no Cear\u00e1\"}]},{\"@type\":\"WebSite\",\"@id\":\"https:\\\/\\\/aconteceunovale.com.br\\\/portal\\\/#website\",\"url\":\"https:\\\/\\\/aconteceunovale.com.br\\\/portal\\\/\",\"name\":\"Aconteceu no Vale\",\"description\":\"Portal de Not\u00edcias\",\"potentialAction\":[{\"@type\":\"SearchAction\",\"target\":{\"@type\":\"EntryPoint\",\"urlTemplate\":\"https:\\\/\\\/aconteceunovale.com.br\\\/portal\\\/?s={search_term_string}\"},\"query-input\":{\"@type\":\"PropertyValueSpecification\",\"valueRequired\":true,\"valueName\":\"search_term_string\"}}],\"inLanguage\":\"pt-BR\"},{\"@type\":\"Person\",\"@id\":\"https:\\\/\\\/aconteceunovale.com.br\\\/portal\\\/#\\\/schema\\\/person\\\/7d2f26d1483f8a63de73da1ee0754d35\",\"name\":\"Reda\u00e7\u00e3o Aconteceu no Vale\",\"description\":\"Equipe de reportagem do Aconteceu no Vale, portal de not\u00edcias do Vale do Jequitinhonha, em Minas Gerais. Cobrimos as 51 cidades do Vale desde 2013. Sugest\u00f5es de pauta e pedidos de corre\u00e7\u00e3o: contato@aconteceunovale.com.br\",\"url\":\"https:\\\/\\\/aconteceunovale.com.br\\\/portal\\\/?author=4\"}]}<\/script>\n<!-- \/ Yoast SEO plugin. -->","yoast_head_json":{"title":"Confira a lista de deputados estaduais eleitos no Cear\u00e1 - Aconteceu no Vale","robots":{"index":"index","follow":"follow","max-snippet":"max-snippet:-1","max-image-preview":"max-image-preview:large","max-video-preview":"max-video-preview:-1"},"canonical":"https:\/\/aconteceunovale.com.br\/portal\/?p=191147","og_locale":"pt_BR","og_type":"article","og_title":"Confira a lista de deputados estaduais eleitos no Cear\u00e1 - Aconteceu no Vale","og_description":"Eleitores do Cear\u00e1 foram \u00e0s urnas neste domingo (2\/10\/2022) e elegeram 46 deputados estaduais.&nbsp;Confira a composi\u00e7\u00e3o da assembleia para a legislatura 2023-2027: Carmelo Neto (PL) &#8211; 118.603 votos Evandro Leit\u00e3o (PDT) &#8211; 113.808 votos Marta Gon\u00e7alves (PL) &#8211; 112.787 votos Fernando Santana (PT) &#8211; 111.639 votos S\u00e9rgio Aguiar (PDT) &#8211; 97.522 votos Romeu Aldigueri (PDT) [&hellip;]","og_url":"https:\/\/aconteceunovale.com.br\/portal\/?p=191147","og_site_name":"Aconteceu no Vale","article_publisher":"https:\/\/www.facebook.com\/aconteceunovale\/","article_published_time":"2022-10-03T04:07:55+00:00","article_modified_time":"2022-10-04T14:52:22+00:00","og_image":[{"width":678,"height":355,"url":"https:\/\/aconteceunovale.com.br\/portal\/wp-content\/uploads\/2022\/10\/ceara.png","type":"image\/png"}],"author":"Reda\u00e7\u00e3o Aconteceu no Vale","twitter_card":"summary_large_image","twitter_creator":"@noticiadosvales","twitter_site":"@noticiadosvales","twitter_misc":{"Escrito por":"Reda\u00e7\u00e3o Aconteceu no Vale","Est. tempo de leitura":"1 minuto"},"schema":{"@context":"https:\/\/schema.org","@graph":[{"@type":"Article","@id":"https:\/\/aconteceunovale.com.br\/portal\/?p=191147#article","isPartOf":{"@id":"https:\/\/aconteceunovale.com.br\/portal\/?p=191147"},"author":{"name":"Reda\u00e7\u00e3o Aconteceu no Vale","@id":"https:\/\/aconteceunovale.com.br\/portal\/#\/schema\/person\/7d2f26d1483f8a63de73da1ee0754d35"},"headline":"Confira a lista de deputados estaduais eleitos no Cear\u00e1","datePublished":"2022-10-03T04:07:55+00:00","dateModified":"2022-10-04T14:52:22+00:00","mainEntityOfPage":{"@id":"https:\/\/aconteceunovale.com.br\/portal\/?p=191147"},"wordCount":340,"commentCount":0,"image":{"@id":"https:\/\/aconteceunovale.com.br\/portal\/?p=191147#primaryimage"},"thumbnailUrl":"https:\/\/aconteceunovale.com.br\/portal\/wp-content\/uploads\/2022\/10\/ceara.png","keywords":["Apura\u00e7\u00e3o das elei\u00e7\u00f5es","Apura\u00e7\u00e3o das elei\u00e7\u00f5es 2022","Apura\u00e7\u00e3o das elei\u00e7\u00f5es no Cear\u00e1","Apura\u00e7\u00e3o dos votos","Apura\u00e7\u00e3o dos votos em tempo real","Apura\u00e7\u00e3o dos votos em tempo real no Cear\u00e1","apura\u00e7\u00e3o dos votos no Cear\u00e1","Apura\u00e7\u00e3o dos votos para deputado estadual no Cear\u00e1","Apura\u00e7\u00e3o dos votos para deputado federal no Cear\u00e1","Apura\u00e7\u00e3o dos votos para deputado no Cear\u00e1","Apura\u00e7\u00e3o dos votos para Governador no Cear\u00e1","Apura\u00e7\u00e3o dos votos para presidente no Cear\u00e1","Apura\u00e7\u00e3o dos votos para senador no Cear\u00e1","Confira a lista com nomes dos deputados estaduais eleitos no Cear\u00e1","Confira a lista de deputados estaduais e federais eleitos no Cear\u00e1","Confira a lista de deputados estaduais eleitos no Cear\u00e1","Confira a lista de deputados federais eleitos no Cear\u00e1","Confira a lista final de deputados estaduais eleitos no Cear\u00e1","Conhe\u00e7a os deputados estaduais eleitos no Cear\u00e1","conhecer os deputados eleitos","conhecer os deputados eleitos no Cear\u00e1","deputados eleitos","deputados eleitos Cear\u00e1","deputados eleitos no Cear\u00e1","deputados eleitos no Cear\u00e1 2022","deputados estaduais eleitos","deputados estaduais eleitos Cear\u00e1","deputados estaduais eleitos no Cear\u00e1","deputados estaduais eleitos no Cear\u00e1 2022","deputados federais eleitos no Cear\u00e1","Elei\u00e7\u00e3o para deputado estadual no Brasil","Elei\u00e7\u00e3o para deputado federal no Brasil","Elei\u00e7\u00e3o para governador no Brasil","Elei\u00e7\u00e3o para presidente no Brasil","Elei\u00e7\u00e3o para Senador no Brasil","Elei\u00e7\u00f5es","Elei\u00e7\u00f5es 2022","Elei\u00e7\u00f5es 2022 no Brasil","Elei\u00e7\u00f5es 2022 no Cear\u00e1","Elei\u00e7\u00f5es no Brasil","elei\u00e7\u00f5es no Cear\u00e1","Eleito Cear\u00e1","Eleitos no Cear\u00e1","governador eleito no cear\u00e1","informa\u00e7\u00f5es sobre os deputados eleitos no Cear\u00e1","lista de deputados estaduais eleitos no Cear\u00e1","nomes dos deputados eleitos no Cear\u00e1","Resultado das elei\u00e7\u00f5es 2022 no Cear\u00e1","resultado das elei\u00e7\u00f5es no cear\u00e1","resultado elei\u00e7\u00f5es 2022 no Cear\u00e1","senador eleito no Cear\u00e1","vota\u00e7\u00e3o para deputado no Cear\u00e1","vota\u00e7\u00e3o para governador no Cear\u00e1","vota\u00e7\u00e3o para senador no Cear\u00e1"],"articleSection":["Brasil","Elei\u00e7\u00f5es 2022"],"inLanguage":"pt-BR","potentialAction":[{"@type":"CommentAction","name":"Comment","target":["https:\/\/aconteceunovale.com.br\/portal\/?p=191147#respond"]}]},{"@type":"WebPage","@id":"https:\/\/aconteceunovale.com.br\/portal\/?p=191147","url":"https:\/\/aconteceunovale.com.br\/portal\/?p=191147","name":"Confira a lista de deputados estaduais eleitos no Cear\u00e1 - Aconteceu no Vale","isPartOf":{"@id":"https:\/\/aconteceunovale.com.br\/portal\/#website"},"primaryImageOfPage":{"@id":"https:\/\/aconteceunovale.com.br\/portal\/?p=191147#primaryimage"},"image":{"@id":"https:\/\/aconteceunovale.com.br\/portal\/?p=191147#primaryimage"},"thumbnailUrl":"https:\/\/aconteceunovale.com.br\/portal\/wp-content\/uploads\/2022\/10\/ceara.png","datePublished":"2022-10-03T04:07:55+00:00","dateModified":"2022-10-04T14:52:22+00:00","author":{"@id":"https:\/\/aconteceunovale.com.br\/portal\/#\/schema\/person\/7d2f26d1483f8a63de73da1ee0754d35"},"breadcrumb":{"@id":"https:\/\/aconteceunovale.com.br\/portal\/?p=191147#breadcrumb"},"inLanguage":"pt-BR","potentialAction":[{"@type":"ReadAction","target":["https:\/\/aconteceunovale.com.br\/portal\/?p=191147"]}]},{"@type":"ImageObject","inLanguage":"pt-BR","@id":"https:\/\/aconteceunovale.com.br\/portal\/?p=191147#primaryimage","url":"https:\/\/aconteceunovale.com.br\/portal\/wp-content\/uploads\/2022\/10\/ceara.png","contentUrl":"https:\/\/aconteceunovale.com.br\/portal\/wp-content\/uploads\/2022\/10\/ceara.png","width":678,"height":355},{"@type":"BreadcrumbList","@id":"https:\/\/aconteceunovale.com.br\/portal\/?p=191147#breadcrumb","itemListElement":[{"@type":"ListItem","position":1,"name":"In\u00edcio","item":"https:\/\/aconteceunovale.com.br\/portal\/"},{"@type":"ListItem","position":2,"name":"Confira a lista de deputados estaduais eleitos no Cear\u00e1"}]},{"@type":"WebSite","@id":"https:\/\/aconteceunovale.com.br\/portal\/#website","url":"https:\/\/aconteceunovale.com.br\/portal\/","name":"Aconteceu no Vale","description":"Portal de Not\u00edcias","potentialAction":[{"@type":"SearchAction","target":{"@type":"EntryPoint","urlTemplate":"https:\/\/aconteceunovale.com.br\/portal\/?s={search_term_string}"},"query-input":{"@type":"PropertyValueSpecification","valueRequired":true,"valueName":"search_term_string"}}],"inLanguage":"pt-BR"},{"@type":"Person","@id":"https:\/\/aconteceunovale.com.br\/portal\/#\/schema\/person\/7d2f26d1483f8a63de73da1ee0754d35","name":"Reda\u00e7\u00e3o Aconteceu no Vale","description":"Equipe de reportagem do Aconteceu no Vale, portal de not\u00edcias do Vale do Jequitinhonha, em Minas Gerais. Cobrimos as 51 cidades do Vale desde 2013. Sugest\u00f5es de pauta e pedidos de corre\u00e7\u00e3o: contato@aconteceunovale.com.br","url":"https:\/\/aconteceunovale.com.br\/portal\/?author=4"}]}},"_links":{"self":[{"href":"https:\/\/aconteceunovale.com.br\/portal\/index.php?rest_route=\/wp\/v2\/posts\/191147","targetHints":{"allow":["GET"]}}],"collection":[{"href":"https:\/\/aconteceunovale.com.br\/portal\/index.php?rest_route=\/wp\/v2\/posts"}],"about":[{"href":"https:\/\/aconteceunovale.com.br\/portal\/index.php?rest_route=\/wp\/v2\/types\/post"}],"author":[{"embeddable":true,"href":"https:\/\/aconteceunovale.com.br\/portal\/index.php?rest_route=\/wp\/v2\/users\/4"}],"replies":[{"embeddable":true,"href":"https:\/\/aconteceunovale.com.br\/portal\/index.php?rest_route=%2Fwp%2Fv2%2Fcomments&post=191147"}],"version-history":[{"count":1,"href":"https:\/\/aconteceunovale.com.br\/portal\/index.php?rest_route=\/wp\/v2\/posts\/191147\/revisions"}],"predecessor-version":[{"id":191148,"href":"https:\/\/aconteceunovale.com.br\/portal\/index.php?rest_route=\/wp\/v2\/posts\/191147\/revisions\/191148"}],"wp:featuredmedia":[{"embeddable":true,"href":"https:\/\/aconteceunovale.com.br\/portal\/index.php?rest_route=\/wp\/v2\/media\/190917"}],"wp:attachment":[{"href":"https:\/\/aconteceunovale.com.br\/portal\/index.php?rest_route=%2Fwp%2Fv2%2Fmedia&parent=191147"}],"wp:term":[{"taxonomy":"category","embeddable":true,"href":"https:\/\/aconteceunovale.com.br\/portal\/index.php?rest_route=%2Fwp%2Fv2%2Fcategories&post=191147"},{"taxonomy":"post_tag","embeddable":true,"href":"https:\/\/aconteceunovale.com.br\/portal\/index.php?rest_route=%2Fwp%2Fv2%2Ftags&post=191147"}],"curies":[{"name":"wp","href":"https:\/\/api.w.org\/{rel}","templated":true}]}}