{"id":191129,"date":"2022-10-04T10:34:54","date_gmt":"2022-10-04T13:34:54","guid":{"rendered":"https:\/\/aconteceunovale.com.br\/portal\/?p=191129"},"modified":"2022-10-04T10:36:02","modified_gmt":"2022-10-04T13:36:02","slug":"outubro-rosa-coloca-em-foco-o-cuidado-integral-a-saude-da-mulher","status":"publish","type":"post","link":"https:\/\/aconteceunovale.com.br\/portal\/?p=191129","title":{"rendered":"Outubro\u00a0Rosa\u00a0coloca em foco o cuidado integral \u00e0 sa\u00fade da mulher"},"content":{"rendered":"\n<p class=\"wp-block-paragraph\">Criada em 1990, a Campanha\u00a0Outubro\u00a0Rosa\u00a0surgiu com o objetivo de conscientizar as mulheres sobre preven\u00e7\u00e3o e controle do c\u00e2ncer de mama. Em 2022, a\u00a0<a rel=\"noreferrer noopener\" href=\"https:\/\/www.saude.mg.gov.br\/\" target=\"_blank\">Secretaria de Estado de Sa\u00fade de Minas Gerais (SES-MG)<\/a>\u00a0amplia esse conceito e adota a perspectiva de cuidado integral e completo. Al\u00e9m dos exames de rotina, que s\u00e3o fundamentais para o diagn\u00f3stico precoce, a SES-MG incentiva as a\u00e7\u00f5es que contribuem para o empoderamento e autonomia dos indiv\u00edduos, refor\u00e7ando os fatores de prote\u00e7\u00e3o \u00e0 sa\u00fade.<\/p>\n\n\n\n<p class=\"wp-block-paragraph\">A&nbsp;coordenadora estadual de Promo\u00e7\u00e3o da Alimenta\u00e7\u00e3o Saud\u00e1vel e Adequada e Atividade F\u00edsica, Carolina Guimar\u00e3es,&nbsp;explica que para o controle do c\u00e2ncer de mama, destaca-se a import\u00e2ncia de a\u00e7\u00f5es intersetoriais que ampliem o acesso \u00e0 informa\u00e7\u00e3o e a pr\u00e1tica de promo\u00e7\u00e3o da sa\u00fade e&nbsp;de preven\u00e7\u00e3o.&nbsp;<\/p>\n\n\n\n<p class=\"wp-block-paragraph\">\u201cTer uma vida mais ativa, praticar algum tipo de atividade f\u00edsica regular, al\u00e9m de&nbsp;alimentar-se de forma mais saud\u00e1vel, priorizando os alimentos naturais, tais como frutas, legumes e carnes, e evitando os alimentos ultraprocessados, como biscoitos e refrigerantes, s\u00e3o exemplos de atitudes que contribuem para aumentar a sa\u00fade e a qualidade de vida\u201d, explica.&nbsp;<\/p>\n\n\n\n<p class=\"wp-block-paragraph\">O Sistema \u00danico de Sa\u00fade (SUS) oferece exames de diagn\u00f3stico e tratamento tanto para o c\u00e2ncer de mama, quanto para o c\u00e2ncer de colo do \u00fatero. Em Minas Gerais, a porta de entrada s\u00e3o as unidades b\u00e1sicas de sa\u00fade, que acolhem e orientam os pacientes conforme cada caso. &nbsp;<\/p>\n\n\n\n<h2 class=\"wp-block-heading\"><strong>Mamografia<\/strong>&nbsp;&nbsp;<\/h2>\n\n\n\n<p class=\"wp-block-paragraph\">O exame de mamografia realizado pelo SUS inclui&nbsp;mamografia de rastreamento, indicada para mulheres de 50 a 69 anos sem sinais e sintomas de c\u00e2ncer de mama, a cada dois anos e<strong>&nbsp;<\/strong>mamografia diagn\u00f3stica, indicada para avaliar les\u00f5es mam\u00e1rias suspeitas, em qualquer idade e tamb\u00e9m em homens.&nbsp;&nbsp;&nbsp;<\/p>\n\n\n\n<p class=\"wp-block-paragraph\">A solicita\u00e7\u00e3o do exame deve ser feita pelo profissional de sa\u00fade, durante a consulta ou em estrat\u00e9gias de busca ativa de mulheres, como a visita domiciliar.&nbsp;&nbsp;&nbsp;<\/p>\n\n\n\n<p class=\"wp-block-paragraph\">Conforme diretrizes do Minist\u00e9rio da Sa\u00fade\/INCA, as estrat\u00e9gias de diagn\u00f3stico devem ser formadas pelo trip\u00e9 &#8211; popula\u00e7\u00e3o alerta para sinais e sintomas suspeitos de c\u00e2ncer; profissionais de sa\u00fade tamb\u00e9m em alerta e capacitados para avalia\u00e7\u00e3o dos casos suspeitos e servi\u00e7os de sa\u00fade preparados para garantir a confirma\u00e7\u00e3o diagn\u00f3stica oportuna, com qualidade, garantia da integralidade e continuidade da assist\u00eancia em toda a linha de cuidado.&nbsp;&nbsp;&nbsp;&nbsp;<\/p>\n\n\n\n<p class=\"wp-block-paragraph\">Cabe salientar que a estrat\u00e9gia da popula\u00e7\u00e3o alerta para os sinais e sintomas tamb\u00e9m deve envolver a\u00e7\u00f5es de conscientiza\u00e7\u00e3o do pr\u00f3prio corpo, entender sobre as altera\u00e7\u00f5es normais das mamas relacionadas ao ciclo menstrual e ao envelhecimento. Assim<strong>,&nbsp;<\/strong>n\u00e3o \u00e9 mais recomendado o autoexame das mamas conforme orienta\u00e7\u00f5es anteriores em que havia t\u00e9cnica padronizada e periodicidade fixa.<\/p>\n\n\n\n<p class=\"wp-block-paragraph\">Nessa a\u00e7\u00e3o de conscientiza\u00e7\u00e3o, estimula-se que a mulher se observe e realize a autopalpa\u00e7\u00e3o eventualmente, de forma que perceba o que \u00e9 normal e as poss\u00edveis altera\u00e7\u00f5es, como um n\u00f3dulo persistente na mama ou um n\u00f3dulo na axila de aparecimento recente, retra\u00e7\u00e3o da pele das mamas, mudan\u00e7as no formato e presen\u00e7a de secre\u00e7\u00e3o espont\u00e2nea pelos mamilos (descarga papilar). &nbsp;<\/p>\n\n\n\n<p class=\"wp-block-paragraph\">Conforme Diretrizes para a Detec\u00e7\u00e3o Precoce do C\u00e2ncer de Mama no Brasil (2015), o Minist\u00e9rio da Sa\u00fade recomenda a implanta\u00e7\u00e3o dessa estrat\u00e9gia uma vez que os poss\u00edveis benef\u00edcios provavelmente superam os poss\u00edveis danos.&nbsp;&nbsp;&nbsp;<\/p>\n\n\n\n<h2 class=\"wp-block-heading\"><strong>C\u00e2ncer de Colo do \u00datero&nbsp;<\/strong><\/h2>\n\n\n\n<p class=\"wp-block-paragraph\">J\u00e1 no caso do c\u00e2ncer de colo do \u00fatero, a primeira forma de preven\u00e7\u00e3o est\u00e1 relacionada \u00e0 diminui\u00e7\u00e3o do cont\u00e1gio pelo Papiloma V\u00edrus Humano (HPV). A infec\u00e7\u00e3o por HPV \u00e9 a infec\u00e7\u00e3o sexualmente transmiss\u00edvel mais comum em todo o mundo, e sua transmiss\u00e3o ocorre principalmente por via sexual, mas pode ocorrer por qualquer contato direto com a pele ou mucosa infectada.&nbsp;&nbsp;<\/p>\n\n\n\n<p class=\"wp-block-paragraph\">Dessa forma, as recomenda\u00e7\u00f5es para prevenir o HPV s\u00e3o: usar preservativo em todas as rela\u00e7\u00f5es sexuais, cuidar da higiene \u00edntima, conhecer o pr\u00f3prio corpo, estando atenta a altera\u00e7\u00f5es e realizar o exame preventivo do c\u00e2ncer de colo do \u00fatero, para detec\u00e7\u00e3o de les\u00f5es ainda em fase inicial. &nbsp;<\/p>\n\n\n\n<p class=\"wp-block-paragraph\">O exame \u00e9 ofertado pelo SUS nas Unidades B\u00e1sicas de Sa\u00fade e \u00e9 a estrat\u00e9gia mais adotada para detec\u00e7\u00e3o da doen\u00e7a em mulheres de 25 a 64 anos, que j\u00e1 tiveram algum tipo de rela\u00e7\u00e3o sexual.&nbsp;&nbsp;<\/p>\n\n\n\n<h2 class=\"wp-block-heading\"><strong>Casos em Minas Gerais<\/strong>&nbsp;&nbsp;<\/h2>\n\n\n\n<p class=\"wp-block-paragraph\">No ano de 2021, ocorreram 414 \u00f3bitos de mulheres por c\u00e2ncer de colo do \u00fatero, que corresponderam \u00e0 taxa bruta de mortalidade de 3,8 \u00f3bitos por 100 mil mulheres mineiras. &nbsp;<\/p>\n\n\n\n<p class=\"wp-block-paragraph\">J\u00e1 no que se refere ao c\u00e2ncer de mama, o estado registrou, no mesmo ano, 1.674 \u00f3bitos de mulheres por neoplasia da mama, que corresponderam \u00e0 taxa bruta de mortalidade de 15,48 \u00f3bitos por 100 mil mulheres mineiras.&nbsp;&nbsp;<\/p>\n\n\n\n<h2 class=\"wp-block-heading\"><strong>Vacina contra HPV<\/strong>&nbsp;&nbsp;<\/h2>\n\n\n\n<p class=\"wp-block-paragraph\">A vacina HPV quadrivalente pode prevenir os c\u00e2nceres relacionados aos HPV 16 e 18; de colo do \u00fatero; vulva e vagina; c\u00e2ncer peniano e c\u00e2nceres de orofaringe e anal em homens e mulheres, al\u00e9m das verrugas genitais nos dois sexos relacionadas ao HPV 6 e 11. &nbsp;<\/p>\n\n\n\n<p class=\"wp-block-paragraph\">Est\u00e1&nbsp;dispon\u00edvel para meninas de 9 a 14 anos. Para os meninos de 9 a 14 anos, h\u00e1 a&nbsp;indica\u00e7\u00e3o de forma tempor\u00e1ria a partir de setembro de 2022 at\u00e9 junho de 2023.<\/p>\n\n\n\n<p class=\"wp-block-paragraph\">Tamb\u00e9m h\u00e1 a recomenda\u00e7\u00e3o para pessoas de 9 a 45 anos de idade, vivendo com HIV\/Aids, transplantados de \u00f3rg\u00e3os s\u00f3lidos e de medula \u00f3ssea e pacientes oncol\u00f3gicos.\u00a0Para a vacina\u00e7\u00e3o deste grupo, h\u00e1 a necessidade de prescri\u00e7\u00e3o m\u00e9dica.<\/p>\n\n\n\n<p class=\"wp-block-paragraph\">De acordo com a coordenadora Estadual\u00a0do Programa de\u00a0Imuniza\u00e7\u00f5es, Josianne Dias Gusm\u00e3o, a cobertura vacinal para meninas de 9 a 14 anos \u00e9 de 70,57%, para a primeira dose, e 49,25% para a segunda dose. \u00a0<\/p>\n\n\n\n<p class=\"wp-block-paragraph\">J\u00e1 para os meninos de 11 a 14 anos, a cobertura vacinal \u00e9 de 55,37% e de 39,36% para a segunda dose,\u00a0de acordo com os dados do Sistema de Informa\u00e7\u00f5es do Programa Nacional de\u00a0Imuniza\u00e7\u00f5es\u00a0&#8211; SIPNI, 06\/10\/2020.\u00a0\u00a0A meta estabelecida pelo Minist\u00e9rio da Sa\u00fade \u00e9 de 80%.<\/p>\n\n\n\n<p class=\"wp-block-paragraph\">&#8212;&#8212;&#8212;&#8212;&#8212;&#8212;<br><br><strong>Sabia que o Aconteceu no Vale est\u00e1 tamb\u00e9m no Telegram? <a rel=\"noreferrer noopener\" href=\"https:\/\/t.me\/aconteceunovaleoficial\" target=\"_blank\">Inscreva-se no canal<\/a>.<\/strong><br><br><strong>J\u00e1 curtiu ou seguiu nossas p\u00e1ginas nas redes sociais?\u00a0Receba as not\u00edcias em primeira m\u00e3o:<\/strong><br>\u2022 <a rel=\"noreferrer noopener\" href=\"https:\/\/news.google.com\/publications\/CAAqBwgKMNjklQswi4etAw?hl=pt-BR&amp;gl=BR&amp;ceid=BR%3Apt-419\" target=\"_blank\">Google News<\/a><br>\u2022 <a rel=\"noreferrer noopener\" href=\"https:\/\/www.facebook.com\/aconteceunovale\/\" target=\"_blank\">Facebook<\/a><br>\u2022 <a rel=\"noreferrer noopener\" href=\"https:\/\/twitter.com\/noticiadosvales\" target=\"_blank\">Twitter<\/a><br>\u2022 <a rel=\"noreferrer noopener\" href=\"https:\/\/www.instagram.com\/aconteceunovale\" target=\"_blank\">Instagram<\/a><br>\u2022 <a rel=\"noreferrer noopener\" href=\"https:\/\/www.youtube.com\/AconteceunoValeOficial\" target=\"_blank\">Youtube<\/a><br>\u2022 <a rel=\"noreferrer noopener\" href=\"https:\/\/www.tiktok.com\/@aconteceunovale\" target=\"_blank\">TikTok<\/a><\/p>\n","protected":false},"excerpt":{"rendered":"<p>Criada em 1990, a Campanha\u00a0Outubro\u00a0Rosa\u00a0surgiu com o objetivo de conscientizar as mulheres sobre preven\u00e7\u00e3o e controle do c\u00e2ncer de mama. Em 2022, a\u00a0Secretaria de Estado de Sa\u00fade de Minas Gerais (SES-MG)\u00a0amplia esse conceito e adota a perspectiva de cuidado integral e completo. Al\u00e9m dos exames de rotina, que s\u00e3o fundamentais para o diagn\u00f3stico precoce, a [&hellip;]<\/p>\n","protected":false},"author":4,"featured_media":191130,"comment_status":"open","ping_status":"closed","sticky":false,"template":"","format":"standard","meta":{"amp_status":"","footnotes":""},"categories":[123,40242],"tags":[18204,47712,18000,264645,264644,39135,261,264643,61570,36222,52113,28873,14821],"class_list":["post-191129","post","type-post","status-publish","format-standard","has-post-thumbnail","hentry","category-gerais","category-saude-2","tag-campanha-outubro-rosa","tag-cancer-de-colo-do-utero","tag-cancer-de-mama","tag-casos-de-cancer-em-minas-gerais","tag-controle-do-cancer-de-cama","tag-mamografia","tag-outubro-rosa","tag-outubro-rosa-coloca-em-foco-o-cuidado-integral-a-saude-da-mulher","tag-prevencao-ao-cancer-de-mama","tag-saude-da-mulher","tag-ses-mg","tag-sus","tag-vacina-contra-hpv"],"yoast_head":"<!-- This site is optimized with the Yoast SEO plugin v28.3 - https:\/\/yoast.com\/product\/yoast-seo-wordpress\/ -->\n<title>Outubro\u00a0Rosa\u00a0coloca em foco o cuidado integral \u00e0 sa\u00fade da mulher - Aconteceu no Vale<\/title>\n<meta name=\"robots\" content=\"index, follow, max-snippet:-1, max-image-preview:large, max-video-preview:-1\" \/>\n<link rel=\"canonical\" href=\"https:\/\/aconteceunovale.com.br\/portal\/?p=191129\" \/>\n<meta property=\"og:locale\" content=\"pt_BR\" \/>\n<meta property=\"og:type\" content=\"article\" \/>\n<meta property=\"og:title\" content=\"Outubro\u00a0Rosa\u00a0coloca em foco o cuidado integral \u00e0 sa\u00fade da mulher - Aconteceu no Vale\" \/>\n<meta property=\"og:description\" content=\"Criada em 1990, a Campanha\u00a0Outubro\u00a0Rosa\u00a0surgiu com o objetivo de conscientizar as mulheres sobre preven\u00e7\u00e3o e controle do c\u00e2ncer de mama. Em 2022, a\u00a0Secretaria de Estado de Sa\u00fade de Minas Gerais (SES-MG)\u00a0amplia esse conceito e adota a perspectiva de cuidado integral e completo. Al\u00e9m dos exames de rotina, que s\u00e3o fundamentais para o diagn\u00f3stico precoce, a [&hellip;]\" \/>\n<meta property=\"og:url\" content=\"https:\/\/aconteceunovale.com.br\/portal\/?p=191129\" \/>\n<meta property=\"og:site_name\" content=\"Aconteceu no Vale\" \/>\n<meta property=\"article:publisher\" content=\"https:\/\/www.facebook.com\/aconteceunovale\/\" \/>\n<meta property=\"article:published_time\" content=\"2022-10-04T13:34:54+00:00\" \/>\n<meta property=\"article:modified_time\" content=\"2022-10-04T13:36:02+00:00\" \/>\n<meta property=\"og:image\" content=\"https:\/\/aconteceunovale.com.br\/portal\/wp-content\/uploads\/2022\/10\/outubro_rosa.jpg\" \/>\n\t<meta property=\"og:image:width\" content=\"622\" \/>\n\t<meta property=\"og:image:height\" content=\"450\" \/>\n\t<meta property=\"og:image:type\" content=\"image\/jpeg\" \/>\n<meta name=\"author\" content=\"Reda\u00e7\u00e3o Aconteceu no Vale\" \/>\n<meta name=\"twitter:card\" content=\"summary_large_image\" \/>\n<meta name=\"twitter:creator\" content=\"@noticiadosvales\" \/>\n<meta name=\"twitter:site\" content=\"@noticiadosvales\" \/>\n<meta name=\"twitter:label1\" content=\"Escrito por\" \/>\n\t<meta name=\"twitter:data1\" content=\"Reda\u00e7\u00e3o Aconteceu no Vale\" \/>\n\t<meta name=\"twitter:label2\" content=\"Est. tempo de leitura\" \/>\n\t<meta name=\"twitter:data2\" content=\"6 minutos\" \/>\n<script type=\"application\/ld+json\" class=\"yoast-schema-graph\">{\"@context\":\"https:\\\/\\\/schema.org\",\"@graph\":[{\"@type\":\"Article\",\"@id\":\"https:\\\/\\\/aconteceunovale.com.br\\\/portal\\\/?p=191129#article\",\"isPartOf\":{\"@id\":\"https:\\\/\\\/aconteceunovale.com.br\\\/portal\\\/?p=191129\"},\"author\":{\"name\":\"Reda\u00e7\u00e3o Aconteceu no Vale\",\"@id\":\"https:\\\/\\\/aconteceunovale.com.br\\\/portal\\\/#\\\/schema\\\/person\\\/7d2f26d1483f8a63de73da1ee0754d35\"},\"headline\":\"Outubro\u00a0Rosa\u00a0coloca em foco o cuidado integral \u00e0 sa\u00fade da mulher\",\"datePublished\":\"2022-10-04T13:34:54+00:00\",\"dateModified\":\"2022-10-04T13:36:02+00:00\",\"mainEntityOfPage\":{\"@id\":\"https:\\\/\\\/aconteceunovale.com.br\\\/portal\\\/?p=191129\"},\"wordCount\":1122,\"commentCount\":0,\"image\":{\"@id\":\"https:\\\/\\\/aconteceunovale.com.br\\\/portal\\\/?p=191129#primaryimage\"},\"thumbnailUrl\":\"https:\\\/\\\/aconteceunovale.com.br\\\/portal\\\/wp-content\\\/uploads\\\/2022\\\/10\\\/outubro_rosa.jpg\",\"keywords\":[\"Campanha Outubro Rosa\",\"c\u00e2ncer de colo do \u00fatero\",\"c\u00e2ncer de mama\",\"Casos de c\u00e2ncer em Minas Gerais\",\"Controle do c\u00e2ncer de cama\",\"mamografia\",\"Outubro rosa\",\"Outubro\u00a0Rosa\u00a0coloca em foco o cuidado integral \u00e0 sa\u00fade da mulher\",\"preven\u00e7\u00e3o ao c\u00e2ncer de mama\",\"sa\u00fade da mulher\",\"SES-MG\",\"SUS\",\"vacina contra HPV\"],\"articleSection\":[\"Minas Gerais\",\"Sa\u00fade\"],\"inLanguage\":\"pt-BR\",\"potentialAction\":[{\"@type\":\"CommentAction\",\"name\":\"Comment\",\"target\":[\"https:\\\/\\\/aconteceunovale.com.br\\\/portal\\\/?p=191129#respond\"]}]},{\"@type\":\"WebPage\",\"@id\":\"https:\\\/\\\/aconteceunovale.com.br\\\/portal\\\/?p=191129\",\"url\":\"https:\\\/\\\/aconteceunovale.com.br\\\/portal\\\/?p=191129\",\"name\":\"Outubro\u00a0Rosa\u00a0coloca em foco o cuidado integral \u00e0 sa\u00fade da mulher - Aconteceu no Vale\",\"isPartOf\":{\"@id\":\"https:\\\/\\\/aconteceunovale.com.br\\\/portal\\\/#website\"},\"primaryImageOfPage\":{\"@id\":\"https:\\\/\\\/aconteceunovale.com.br\\\/portal\\\/?p=191129#primaryimage\"},\"image\":{\"@id\":\"https:\\\/\\\/aconteceunovale.com.br\\\/portal\\\/?p=191129#primaryimage\"},\"thumbnailUrl\":\"https:\\\/\\\/aconteceunovale.com.br\\\/portal\\\/wp-content\\\/uploads\\\/2022\\\/10\\\/outubro_rosa.jpg\",\"datePublished\":\"2022-10-04T13:34:54+00:00\",\"dateModified\":\"2022-10-04T13:36:02+00:00\",\"author\":{\"@id\":\"https:\\\/\\\/aconteceunovale.com.br\\\/portal\\\/#\\\/schema\\\/person\\\/7d2f26d1483f8a63de73da1ee0754d35\"},\"breadcrumb\":{\"@id\":\"https:\\\/\\\/aconteceunovale.com.br\\\/portal\\\/?p=191129#breadcrumb\"},\"inLanguage\":\"pt-BR\",\"potentialAction\":[{\"@type\":\"ReadAction\",\"target\":[\"https:\\\/\\\/aconteceunovale.com.br\\\/portal\\\/?p=191129\"]}]},{\"@type\":\"ImageObject\",\"inLanguage\":\"pt-BR\",\"@id\":\"https:\\\/\\\/aconteceunovale.com.br\\\/portal\\\/?p=191129#primaryimage\",\"url\":\"https:\\\/\\\/aconteceunovale.com.br\\\/portal\\\/wp-content\\\/uploads\\\/2022\\\/10\\\/outubro_rosa.jpg\",\"contentUrl\":\"https:\\\/\\\/aconteceunovale.com.br\\\/portal\\\/wp-content\\\/uploads\\\/2022\\\/10\\\/outubro_rosa.jpg\",\"width\":622,\"height\":450},{\"@type\":\"BreadcrumbList\",\"@id\":\"https:\\\/\\\/aconteceunovale.com.br\\\/portal\\\/?p=191129#breadcrumb\",\"itemListElement\":[{\"@type\":\"ListItem\",\"position\":1,\"name\":\"In\u00edcio\",\"item\":\"https:\\\/\\\/aconteceunovale.com.br\\\/portal\\\/\"},{\"@type\":\"ListItem\",\"position\":2,\"name\":\"Outubro\u00a0Rosa\u00a0coloca em foco o cuidado integral \u00e0 sa\u00fade da mulher\"}]},{\"@type\":\"WebSite\",\"@id\":\"https:\\\/\\\/aconteceunovale.com.br\\\/portal\\\/#website\",\"url\":\"https:\\\/\\\/aconteceunovale.com.br\\\/portal\\\/\",\"name\":\"Aconteceu no Vale\",\"description\":\"Portal de Not\u00edcias\",\"potentialAction\":[{\"@type\":\"SearchAction\",\"target\":{\"@type\":\"EntryPoint\",\"urlTemplate\":\"https:\\\/\\\/aconteceunovale.com.br\\\/portal\\\/?s={search_term_string}\"},\"query-input\":{\"@type\":\"PropertyValueSpecification\",\"valueRequired\":true,\"valueName\":\"search_term_string\"}}],\"inLanguage\":\"pt-BR\"},{\"@type\":\"Person\",\"@id\":\"https:\\\/\\\/aconteceunovale.com.br\\\/portal\\\/#\\\/schema\\\/person\\\/7d2f26d1483f8a63de73da1ee0754d35\",\"name\":\"Reda\u00e7\u00e3o Aconteceu no Vale\",\"description\":\"Equipe de reportagem do Aconteceu no Vale, portal de not\u00edcias do Vale do Jequitinhonha, em Minas Gerais. Cobrimos as 51 cidades do Vale desde 2013. Sugest\u00f5es de pauta e pedidos de corre\u00e7\u00e3o: contato@aconteceunovale.com.br\",\"url\":\"https:\\\/\\\/aconteceunovale.com.br\\\/portal\\\/?author=4\"}]}<\/script>\n<!-- \/ Yoast SEO plugin. -->","yoast_head_json":{"title":"Outubro\u00a0Rosa\u00a0coloca em foco o cuidado integral \u00e0 sa\u00fade da mulher - Aconteceu no Vale","robots":{"index":"index","follow":"follow","max-snippet":"max-snippet:-1","max-image-preview":"max-image-preview:large","max-video-preview":"max-video-preview:-1"},"canonical":"https:\/\/aconteceunovale.com.br\/portal\/?p=191129","og_locale":"pt_BR","og_type":"article","og_title":"Outubro\u00a0Rosa\u00a0coloca em foco o cuidado integral \u00e0 sa\u00fade da mulher - Aconteceu no Vale","og_description":"Criada em 1990, a Campanha\u00a0Outubro\u00a0Rosa\u00a0surgiu com o objetivo de conscientizar as mulheres sobre preven\u00e7\u00e3o e controle do c\u00e2ncer de mama. Em 2022, a\u00a0Secretaria de Estado de Sa\u00fade de Minas Gerais (SES-MG)\u00a0amplia esse conceito e adota a perspectiva de cuidado integral e completo. Al\u00e9m dos exames de rotina, que s\u00e3o fundamentais para o diagn\u00f3stico precoce, a [&hellip;]","og_url":"https:\/\/aconteceunovale.com.br\/portal\/?p=191129","og_site_name":"Aconteceu no Vale","article_publisher":"https:\/\/www.facebook.com\/aconteceunovale\/","article_published_time":"2022-10-04T13:34:54+00:00","article_modified_time":"2022-10-04T13:36:02+00:00","og_image":[{"width":622,"height":450,"url":"https:\/\/aconteceunovale.com.br\/portal\/wp-content\/uploads\/2022\/10\/outubro_rosa.jpg","type":"image\/jpeg"}],"author":"Reda\u00e7\u00e3o Aconteceu no Vale","twitter_card":"summary_large_image","twitter_creator":"@noticiadosvales","twitter_site":"@noticiadosvales","twitter_misc":{"Escrito por":"Reda\u00e7\u00e3o Aconteceu no Vale","Est. tempo de leitura":"6 minutos"},"schema":{"@context":"https:\/\/schema.org","@graph":[{"@type":"Article","@id":"https:\/\/aconteceunovale.com.br\/portal\/?p=191129#article","isPartOf":{"@id":"https:\/\/aconteceunovale.com.br\/portal\/?p=191129"},"author":{"name":"Reda\u00e7\u00e3o Aconteceu no Vale","@id":"https:\/\/aconteceunovale.com.br\/portal\/#\/schema\/person\/7d2f26d1483f8a63de73da1ee0754d35"},"headline":"Outubro\u00a0Rosa\u00a0coloca em foco o cuidado integral \u00e0 sa\u00fade da mulher","datePublished":"2022-10-04T13:34:54+00:00","dateModified":"2022-10-04T13:36:02+00:00","mainEntityOfPage":{"@id":"https:\/\/aconteceunovale.com.br\/portal\/?p=191129"},"wordCount":1122,"commentCount":0,"image":{"@id":"https:\/\/aconteceunovale.com.br\/portal\/?p=191129#primaryimage"},"thumbnailUrl":"https:\/\/aconteceunovale.com.br\/portal\/wp-content\/uploads\/2022\/10\/outubro_rosa.jpg","keywords":["Campanha Outubro Rosa","c\u00e2ncer de colo do \u00fatero","c\u00e2ncer de mama","Casos de c\u00e2ncer em Minas Gerais","Controle do c\u00e2ncer de cama","mamografia","Outubro rosa","Outubro\u00a0Rosa\u00a0coloca em foco o cuidado integral \u00e0 sa\u00fade da mulher","preven\u00e7\u00e3o ao c\u00e2ncer de mama","sa\u00fade da mulher","SES-MG","SUS","vacina contra HPV"],"articleSection":["Minas Gerais","Sa\u00fade"],"inLanguage":"pt-BR","potentialAction":[{"@type":"CommentAction","name":"Comment","target":["https:\/\/aconteceunovale.com.br\/portal\/?p=191129#respond"]}]},{"@type":"WebPage","@id":"https:\/\/aconteceunovale.com.br\/portal\/?p=191129","url":"https:\/\/aconteceunovale.com.br\/portal\/?p=191129","name":"Outubro\u00a0Rosa\u00a0coloca em foco o cuidado integral \u00e0 sa\u00fade da mulher - Aconteceu no Vale","isPartOf":{"@id":"https:\/\/aconteceunovale.com.br\/portal\/#website"},"primaryImageOfPage":{"@id":"https:\/\/aconteceunovale.com.br\/portal\/?p=191129#primaryimage"},"image":{"@id":"https:\/\/aconteceunovale.com.br\/portal\/?p=191129#primaryimage"},"thumbnailUrl":"https:\/\/aconteceunovale.com.br\/portal\/wp-content\/uploads\/2022\/10\/outubro_rosa.jpg","datePublished":"2022-10-04T13:34:54+00:00","dateModified":"2022-10-04T13:36:02+00:00","author":{"@id":"https:\/\/aconteceunovale.com.br\/portal\/#\/schema\/person\/7d2f26d1483f8a63de73da1ee0754d35"},"breadcrumb":{"@id":"https:\/\/aconteceunovale.com.br\/portal\/?p=191129#breadcrumb"},"inLanguage":"pt-BR","potentialAction":[{"@type":"ReadAction","target":["https:\/\/aconteceunovale.com.br\/portal\/?p=191129"]}]},{"@type":"ImageObject","inLanguage":"pt-BR","@id":"https:\/\/aconteceunovale.com.br\/portal\/?p=191129#primaryimage","url":"https:\/\/aconteceunovale.com.br\/portal\/wp-content\/uploads\/2022\/10\/outubro_rosa.jpg","contentUrl":"https:\/\/aconteceunovale.com.br\/portal\/wp-content\/uploads\/2022\/10\/outubro_rosa.jpg","width":622,"height":450},{"@type":"BreadcrumbList","@id":"https:\/\/aconteceunovale.com.br\/portal\/?p=191129#breadcrumb","itemListElement":[{"@type":"ListItem","position":1,"name":"In\u00edcio","item":"https:\/\/aconteceunovale.com.br\/portal\/"},{"@type":"ListItem","position":2,"name":"Outubro\u00a0Rosa\u00a0coloca em foco o cuidado integral \u00e0 sa\u00fade da mulher"}]},{"@type":"WebSite","@id":"https:\/\/aconteceunovale.com.br\/portal\/#website","url":"https:\/\/aconteceunovale.com.br\/portal\/","name":"Aconteceu no Vale","description":"Portal de Not\u00edcias","potentialAction":[{"@type":"SearchAction","target":{"@type":"EntryPoint","urlTemplate":"https:\/\/aconteceunovale.com.br\/portal\/?s={search_term_string}"},"query-input":{"@type":"PropertyValueSpecification","valueRequired":true,"valueName":"search_term_string"}}],"inLanguage":"pt-BR"},{"@type":"Person","@id":"https:\/\/aconteceunovale.com.br\/portal\/#\/schema\/person\/7d2f26d1483f8a63de73da1ee0754d35","name":"Reda\u00e7\u00e3o Aconteceu no Vale","description":"Equipe de reportagem do Aconteceu no Vale, portal de not\u00edcias do Vale do Jequitinhonha, em Minas Gerais. Cobrimos as 51 cidades do Vale desde 2013. Sugest\u00f5es de pauta e pedidos de corre\u00e7\u00e3o: contato@aconteceunovale.com.br","url":"https:\/\/aconteceunovale.com.br\/portal\/?author=4"}]}},"_links":{"self":[{"href":"https:\/\/aconteceunovale.com.br\/portal\/index.php?rest_route=\/wp\/v2\/posts\/191129","targetHints":{"allow":["GET"]}}],"collection":[{"href":"https:\/\/aconteceunovale.com.br\/portal\/index.php?rest_route=\/wp\/v2\/posts"}],"about":[{"href":"https:\/\/aconteceunovale.com.br\/portal\/index.php?rest_route=\/wp\/v2\/types\/post"}],"author":[{"embeddable":true,"href":"https:\/\/aconteceunovale.com.br\/portal\/index.php?rest_route=\/wp\/v2\/users\/4"}],"replies":[{"embeddable":true,"href":"https:\/\/aconteceunovale.com.br\/portal\/index.php?rest_route=%2Fwp%2Fv2%2Fcomments&post=191129"}],"version-history":[{"count":1,"href":"https:\/\/aconteceunovale.com.br\/portal\/index.php?rest_route=\/wp\/v2\/posts\/191129\/revisions"}],"predecessor-version":[{"id":191131,"href":"https:\/\/aconteceunovale.com.br\/portal\/index.php?rest_route=\/wp\/v2\/posts\/191129\/revisions\/191131"}],"wp:featuredmedia":[{"embeddable":true,"href":"https:\/\/aconteceunovale.com.br\/portal\/index.php?rest_route=\/wp\/v2\/media\/191130"}],"wp:attachment":[{"href":"https:\/\/aconteceunovale.com.br\/portal\/index.php?rest_route=%2Fwp%2Fv2%2Fmedia&parent=191129"}],"wp:term":[{"taxonomy":"category","embeddable":true,"href":"https:\/\/aconteceunovale.com.br\/portal\/index.php?rest_route=%2Fwp%2Fv2%2Fcategories&post=191129"},{"taxonomy":"post_tag","embeddable":true,"href":"https:\/\/aconteceunovale.com.br\/portal\/index.php?rest_route=%2Fwp%2Fv2%2Ftags&post=191129"}],"curies":[{"name":"wp","href":"https:\/\/api.w.org\/{rel}","templated":true}]}}