{"id":191121,"date":"2022-10-04T10:23:32","date_gmt":"2022-10-04T13:23:32","guid":{"rendered":"https:\/\/aconteceunovale.com.br\/portal\/?p=191121"},"modified":"2022-10-04T10:24:11","modified_gmt":"2022-10-04T13:24:11","slug":"coleta-do-censo-2022-e-prorrogada-ate-dezembro","status":"publish","type":"post","link":"https:\/\/aconteceunovale.com.br\/portal\/?p=191121","title":{"rendered":"Coleta do Censo 2022 \u00e9 prorrogada at\u00e9 dezembro"},"content":{"rendered":"\n<p class=\"wp-block-paragraph\">O Instituto Brasileiro de Geografia e Estat\u00edstica (IBGE) decidiu prorrogar, at\u00e9 o in\u00edcio\u00a0de dezembro, o prazo de coleta de informa\u00e7\u00f5es para o Censo 2022. A previs\u00e3o inicial era encerrar os trabalhos at\u00e9\u00a031 de outubro\u00a0deste ano.<\/p>\n\n\n\n<figure class=\"wp-block-gallery has-nested-images columns-default is-cropped wp-block-gallery-1 is-layout-flex wp-block-gallery-is-layout-flex\">\n<figure class=\"wp-block-image size-large\"><img loading=\"lazy\" decoding=\"async\" width=\"678\" height=\"406\" data-id=\"191122\" src=\"https:\/\/aconteceunovale.com.br\/portal\/wp-content\/uploads\/2022\/10\/censo_2022.jpg\" alt=\"\" class=\"wp-image-191122\" srcset=\"https:\/\/aconteceunovale.com.br\/portal\/wp-content\/uploads\/2022\/10\/censo_2022.jpg 678w, https:\/\/aconteceunovale.com.br\/portal\/wp-content\/uploads\/2022\/10\/censo_2022-300x180.jpg 300w\" sizes=\"auto, (max-width: 678px) 100vw, 678px\" \/><figcaption><em><sub>Foto: T\u00e2nia R\u00eago\/Ag\u00eancia Brasil<\/sub><\/em><\/figcaption><\/figure>\n<\/figure>\n\n\n\n<p class=\"wp-block-paragraph\">O instituto manteve, no entanto, a previs\u00e3o de divulgar os dados do censo at\u00e9 o fim&nbsp;de dezembro.<\/p>\n\n\n\n<p class=\"wp-block-paragraph\">Segundo o diretor de Pesquisas do IBGE, Cimar Azeredo, apenas cerca de metade da popula\u00e7\u00e3o estimada do Brasil foi recenseada de 1\u00ba de agosto at\u00e9 agora, por isso decidiu-se prorrogar o prazo dos trabalhos.<\/p>\n\n\n\n<p class=\"wp-block-paragraph\">\u201cA grande dificuldade que se encontrou foi de recrutamento de recenseadores, portanto o IBGE est\u00e1 tomando decis\u00f5es importantes para aumentar a possibilidade de recrutamento e concluir, com isso, a opera\u00e7\u00e3o do Censo Demogr\u00e1fico 2022\u201d, disse Azeredo, em v\u00eddeo divulgado&nbsp;ontem&nbsp;(4) no&nbsp;<a href=\"https:\/\/www.ibge.gov.br\/\" target=\"_blank\" rel=\"noreferrer noopener\">site do IBGE<\/a>.<\/p>\n\n\n\n<p class=\"wp-block-paragraph\">No v\u00eddeo, o diretor de Pesquisas tamb\u00e9m pediu ajuda aos prefeitos do pa\u00eds para garantir o sucesso das opera\u00e7\u00f5es do censo.<\/p>\n\n\n\n<p class=\"wp-block-paragraph\">&#8212;&#8212;&#8212;&#8212;&#8212;&#8212;<br><br><strong>Sabia que o Aconteceu no Vale est\u00e1 tamb\u00e9m no Telegram? <a rel=\"noreferrer noopener\" href=\"https:\/\/t.me\/aconteceunovaleoficial\" target=\"_blank\">Inscreva-se no canal<\/a>.<\/strong><br><br><strong>J\u00e1 curtiu ou seguiu nossas p\u00e1ginas nas redes sociais?\u00a0Receba as not\u00edcias em primeira m\u00e3o:<\/strong><br>\u2022 <a rel=\"noreferrer noopener\" href=\"https:\/\/news.google.com\/publications\/CAAqBwgKMNjklQswi4etAw?hl=pt-BR&amp;gl=BR&amp;ceid=BR%3Apt-419\" target=\"_blank\">Google News<\/a><br>\u2022 <a rel=\"noreferrer noopener\" href=\"https:\/\/www.facebook.com\/aconteceunovale\/\" target=\"_blank\">Facebook<\/a><br>\u2022 <a rel=\"noreferrer noopener\" href=\"https:\/\/twitter.com\/noticiadosvales\" target=\"_blank\">Twitter<\/a><br>\u2022 <a rel=\"noreferrer noopener\" href=\"https:\/\/www.instagram.com\/aconteceunovale\" target=\"_blank\">Instagram<\/a><br>\u2022 <a rel=\"noreferrer noopener\" href=\"https:\/\/www.youtube.com\/AconteceunoValeOficial\" target=\"_blank\">Youtube<\/a><br>\u2022 <a rel=\"noreferrer noopener\" href=\"https:\/\/www.tiktok.com\/@aconteceunovale\" target=\"_blank\">TikTok<\/a><\/p>\n","protected":false},"excerpt":{"rendered":"<p>O Instituto Brasileiro de Geografia e Estat\u00edstica (IBGE) decidiu prorrogar, at\u00e9 o in\u00edcio\u00a0de dezembro, o prazo de coleta de informa\u00e7\u00f5es para o Censo 2022. A previs\u00e3o inicial era encerrar os trabalhos at\u00e9\u00a031 de outubro\u00a0deste ano. O instituto manteve, no entanto, a previs\u00e3o de divulgar os dados do censo at\u00e9 o fim&nbsp;de dezembro. Segundo o diretor [&hellip;]<\/p>\n","protected":false},"author":4,"featured_media":191122,"comment_status":"open","ping_status":"closed","sticky":false,"template":"","format":"standard","meta":{"amp_status":"","footnotes":""},"categories":[6],"tags":[254128,254129,264635,264634,264633,1018,1062],"class_list":["post-191121","post","type-post","status-publish","format-standard","has-post-thumbnail","hentry","category-br","tag-censo-2022","tag-censo-demografico-2022","tag-cimar-azevedo","tag-coleta-do-censo-2022","tag-coleta-do-censo-2022-e-prorrogada-ate-dezembro","tag-destaque","tag-ibge"],"yoast_head":"<!-- This site is optimized with the Yoast SEO plugin v28.3 - https:\/\/yoast.com\/product\/yoast-seo-wordpress\/ -->\n<title>Coleta do Censo 2022 \u00e9 prorrogada at\u00e9 dezembro - Aconteceu no Vale<\/title>\n<meta name=\"robots\" content=\"index, follow, max-snippet:-1, max-image-preview:large, max-video-preview:-1\" \/>\n<link rel=\"canonical\" href=\"https:\/\/aconteceunovale.com.br\/portal\/?p=191121\" \/>\n<meta property=\"og:locale\" content=\"pt_BR\" \/>\n<meta property=\"og:type\" content=\"article\" \/>\n<meta property=\"og:title\" content=\"Coleta do Censo 2022 \u00e9 prorrogada at\u00e9 dezembro - Aconteceu no Vale\" \/>\n<meta property=\"og:description\" content=\"O Instituto Brasileiro de Geografia e Estat\u00edstica (IBGE) decidiu prorrogar, at\u00e9 o in\u00edcio\u00a0de dezembro, o prazo de coleta de informa\u00e7\u00f5es para o Censo 2022. A previs\u00e3o inicial era encerrar os trabalhos at\u00e9\u00a031 de outubro\u00a0deste ano. O instituto manteve, no entanto, a previs\u00e3o de divulgar os dados do censo at\u00e9 o fim&nbsp;de dezembro. Segundo o diretor [&hellip;]\" \/>\n<meta property=\"og:url\" content=\"https:\/\/aconteceunovale.com.br\/portal\/?p=191121\" \/>\n<meta property=\"og:site_name\" content=\"Aconteceu no Vale\" \/>\n<meta property=\"article:publisher\" content=\"https:\/\/www.facebook.com\/aconteceunovale\/\" \/>\n<meta property=\"article:published_time\" content=\"2022-10-04T13:23:32+00:00\" \/>\n<meta property=\"article:modified_time\" content=\"2022-10-04T13:24:11+00:00\" \/>\n<meta property=\"og:image\" content=\"https:\/\/aconteceunovale.com.br\/portal\/wp-content\/uploads\/2022\/10\/censo_2022.jpg\" \/>\n\t<meta property=\"og:image:width\" content=\"678\" \/>\n\t<meta property=\"og:image:height\" content=\"406\" \/>\n\t<meta property=\"og:image:type\" content=\"image\/jpeg\" \/>\n<meta name=\"author\" content=\"Reda\u00e7\u00e3o Aconteceu no Vale\" \/>\n<meta name=\"twitter:card\" content=\"summary_large_image\" \/>\n<meta name=\"twitter:creator\" content=\"@noticiadosvales\" \/>\n<meta name=\"twitter:site\" content=\"@noticiadosvales\" \/>\n<meta name=\"twitter:label1\" content=\"Escrito por\" \/>\n\t<meta name=\"twitter:data1\" content=\"Reda\u00e7\u00e3o Aconteceu no Vale\" \/>\n\t<meta name=\"twitter:label2\" content=\"Est. tempo de leitura\" \/>\n\t<meta name=\"twitter:data2\" content=\"1 minuto\" \/>\n<script type=\"application\/ld+json\" class=\"yoast-schema-graph\">{\"@context\":\"https:\\\/\\\/schema.org\",\"@graph\":[{\"@type\":\"Article\",\"@id\":\"https:\\\/\\\/aconteceunovale.com.br\\\/portal\\\/?p=191121#article\",\"isPartOf\":{\"@id\":\"https:\\\/\\\/aconteceunovale.com.br\\\/portal\\\/?p=191121\"},\"author\":{\"name\":\"Reda\u00e7\u00e3o Aconteceu no Vale\",\"@id\":\"https:\\\/\\\/aconteceunovale.com.br\\\/portal\\\/#\\\/schema\\\/person\\\/7d2f26d1483f8a63de73da1ee0754d35\"},\"headline\":\"Coleta do Censo 2022 \u00e9 prorrogada at\u00e9 dezembro\",\"datePublished\":\"2022-10-04T13:23:32+00:00\",\"dateModified\":\"2022-10-04T13:24:11+00:00\",\"mainEntityOfPage\":{\"@id\":\"https:\\\/\\\/aconteceunovale.com.br\\\/portal\\\/?p=191121\"},\"wordCount\":223,\"commentCount\":0,\"image\":{\"@id\":\"https:\\\/\\\/aconteceunovale.com.br\\\/portal\\\/?p=191121#primaryimage\"},\"thumbnailUrl\":\"https:\\\/\\\/aconteceunovale.com.br\\\/portal\\\/wp-content\\\/uploads\\\/2022\\\/10\\\/censo_2022.jpg\",\"keywords\":[\"Censo 2022\",\"Censo Demogr\u00e1fico 2022\",\"Cimar Azevedo\",\"Coleta do Censo 2022\",\"Coleta do Censo 2022 \u00e9 prorrogada at\u00e9 dezembro\",\"destaque\",\"ibge\"],\"articleSection\":[\"Brasil\"],\"inLanguage\":\"pt-BR\",\"potentialAction\":[{\"@type\":\"CommentAction\",\"name\":\"Comment\",\"target\":[\"https:\\\/\\\/aconteceunovale.com.br\\\/portal\\\/?p=191121#respond\"]}]},{\"@type\":\"WebPage\",\"@id\":\"https:\\\/\\\/aconteceunovale.com.br\\\/portal\\\/?p=191121\",\"url\":\"https:\\\/\\\/aconteceunovale.com.br\\\/portal\\\/?p=191121\",\"name\":\"Coleta do Censo 2022 \u00e9 prorrogada at\u00e9 dezembro - Aconteceu no Vale\",\"isPartOf\":{\"@id\":\"https:\\\/\\\/aconteceunovale.com.br\\\/portal\\\/#website\"},\"primaryImageOfPage\":{\"@id\":\"https:\\\/\\\/aconteceunovale.com.br\\\/portal\\\/?p=191121#primaryimage\"},\"image\":{\"@id\":\"https:\\\/\\\/aconteceunovale.com.br\\\/portal\\\/?p=191121#primaryimage\"},\"thumbnailUrl\":\"https:\\\/\\\/aconteceunovale.com.br\\\/portal\\\/wp-content\\\/uploads\\\/2022\\\/10\\\/censo_2022.jpg\",\"datePublished\":\"2022-10-04T13:23:32+00:00\",\"dateModified\":\"2022-10-04T13:24:11+00:00\",\"author\":{\"@id\":\"https:\\\/\\\/aconteceunovale.com.br\\\/portal\\\/#\\\/schema\\\/person\\\/7d2f26d1483f8a63de73da1ee0754d35\"},\"breadcrumb\":{\"@id\":\"https:\\\/\\\/aconteceunovale.com.br\\\/portal\\\/?p=191121#breadcrumb\"},\"inLanguage\":\"pt-BR\",\"potentialAction\":[{\"@type\":\"ReadAction\",\"target\":[\"https:\\\/\\\/aconteceunovale.com.br\\\/portal\\\/?p=191121\"]}]},{\"@type\":\"ImageObject\",\"inLanguage\":\"pt-BR\",\"@id\":\"https:\\\/\\\/aconteceunovale.com.br\\\/portal\\\/?p=191121#primaryimage\",\"url\":\"https:\\\/\\\/aconteceunovale.com.br\\\/portal\\\/wp-content\\\/uploads\\\/2022\\\/10\\\/censo_2022.jpg\",\"contentUrl\":\"https:\\\/\\\/aconteceunovale.com.br\\\/portal\\\/wp-content\\\/uploads\\\/2022\\\/10\\\/censo_2022.jpg\",\"width\":678,\"height\":406},{\"@type\":\"BreadcrumbList\",\"@id\":\"https:\\\/\\\/aconteceunovale.com.br\\\/portal\\\/?p=191121#breadcrumb\",\"itemListElement\":[{\"@type\":\"ListItem\",\"position\":1,\"name\":\"In\u00edcio\",\"item\":\"https:\\\/\\\/aconteceunovale.com.br\\\/portal\\\/\"},{\"@type\":\"ListItem\",\"position\":2,\"name\":\"Coleta do Censo 2022 \u00e9 prorrogada at\u00e9 dezembro\"}]},{\"@type\":\"WebSite\",\"@id\":\"https:\\\/\\\/aconteceunovale.com.br\\\/portal\\\/#website\",\"url\":\"https:\\\/\\\/aconteceunovale.com.br\\\/portal\\\/\",\"name\":\"Aconteceu no Vale\",\"description\":\"Portal de Not\u00edcias\",\"potentialAction\":[{\"@type\":\"SearchAction\",\"target\":{\"@type\":\"EntryPoint\",\"urlTemplate\":\"https:\\\/\\\/aconteceunovale.com.br\\\/portal\\\/?s={search_term_string}\"},\"query-input\":{\"@type\":\"PropertyValueSpecification\",\"valueRequired\":true,\"valueName\":\"search_term_string\"}}],\"inLanguage\":\"pt-BR\"},{\"@type\":\"Person\",\"@id\":\"https:\\\/\\\/aconteceunovale.com.br\\\/portal\\\/#\\\/schema\\\/person\\\/7d2f26d1483f8a63de73da1ee0754d35\",\"name\":\"Reda\u00e7\u00e3o Aconteceu no Vale\",\"description\":\"Equipe de reportagem do Aconteceu no Vale, portal de not\u00edcias do Vale do Jequitinhonha, em Minas Gerais. Cobrimos as 51 cidades do Vale desde 2013. Sugest\u00f5es de pauta e pedidos de corre\u00e7\u00e3o: contato@aconteceunovale.com.br\",\"url\":\"https:\\\/\\\/aconteceunovale.com.br\\\/portal\\\/?author=4\"}]}<\/script>\n<!-- \/ Yoast SEO plugin. -->","yoast_head_json":{"title":"Coleta do Censo 2022 \u00e9 prorrogada at\u00e9 dezembro - Aconteceu no Vale","robots":{"index":"index","follow":"follow","max-snippet":"max-snippet:-1","max-image-preview":"max-image-preview:large","max-video-preview":"max-video-preview:-1"},"canonical":"https:\/\/aconteceunovale.com.br\/portal\/?p=191121","og_locale":"pt_BR","og_type":"article","og_title":"Coleta do Censo 2022 \u00e9 prorrogada at\u00e9 dezembro - Aconteceu no Vale","og_description":"O Instituto Brasileiro de Geografia e Estat\u00edstica (IBGE) decidiu prorrogar, at\u00e9 o in\u00edcio\u00a0de dezembro, o prazo de coleta de informa\u00e7\u00f5es para o Censo 2022. A previs\u00e3o inicial era encerrar os trabalhos at\u00e9\u00a031 de outubro\u00a0deste ano. O instituto manteve, no entanto, a previs\u00e3o de divulgar os dados do censo at\u00e9 o fim&nbsp;de dezembro. Segundo o diretor [&hellip;]","og_url":"https:\/\/aconteceunovale.com.br\/portal\/?p=191121","og_site_name":"Aconteceu no Vale","article_publisher":"https:\/\/www.facebook.com\/aconteceunovale\/","article_published_time":"2022-10-04T13:23:32+00:00","article_modified_time":"2022-10-04T13:24:11+00:00","og_image":[{"width":678,"height":406,"url":"https:\/\/aconteceunovale.com.br\/portal\/wp-content\/uploads\/2022\/10\/censo_2022.jpg","type":"image\/jpeg"}],"author":"Reda\u00e7\u00e3o Aconteceu no Vale","twitter_card":"summary_large_image","twitter_creator":"@noticiadosvales","twitter_site":"@noticiadosvales","twitter_misc":{"Escrito por":"Reda\u00e7\u00e3o Aconteceu no Vale","Est. tempo de leitura":"1 minuto"},"schema":{"@context":"https:\/\/schema.org","@graph":[{"@type":"Article","@id":"https:\/\/aconteceunovale.com.br\/portal\/?p=191121#article","isPartOf":{"@id":"https:\/\/aconteceunovale.com.br\/portal\/?p=191121"},"author":{"name":"Reda\u00e7\u00e3o Aconteceu no Vale","@id":"https:\/\/aconteceunovale.com.br\/portal\/#\/schema\/person\/7d2f26d1483f8a63de73da1ee0754d35"},"headline":"Coleta do Censo 2022 \u00e9 prorrogada at\u00e9 dezembro","datePublished":"2022-10-04T13:23:32+00:00","dateModified":"2022-10-04T13:24:11+00:00","mainEntityOfPage":{"@id":"https:\/\/aconteceunovale.com.br\/portal\/?p=191121"},"wordCount":223,"commentCount":0,"image":{"@id":"https:\/\/aconteceunovale.com.br\/portal\/?p=191121#primaryimage"},"thumbnailUrl":"https:\/\/aconteceunovale.com.br\/portal\/wp-content\/uploads\/2022\/10\/censo_2022.jpg","keywords":["Censo 2022","Censo Demogr\u00e1fico 2022","Cimar Azevedo","Coleta do Censo 2022","Coleta do Censo 2022 \u00e9 prorrogada at\u00e9 dezembro","destaque","ibge"],"articleSection":["Brasil"],"inLanguage":"pt-BR","potentialAction":[{"@type":"CommentAction","name":"Comment","target":["https:\/\/aconteceunovale.com.br\/portal\/?p=191121#respond"]}]},{"@type":"WebPage","@id":"https:\/\/aconteceunovale.com.br\/portal\/?p=191121","url":"https:\/\/aconteceunovale.com.br\/portal\/?p=191121","name":"Coleta do Censo 2022 \u00e9 prorrogada at\u00e9 dezembro - Aconteceu no Vale","isPartOf":{"@id":"https:\/\/aconteceunovale.com.br\/portal\/#website"},"primaryImageOfPage":{"@id":"https:\/\/aconteceunovale.com.br\/portal\/?p=191121#primaryimage"},"image":{"@id":"https:\/\/aconteceunovale.com.br\/portal\/?p=191121#primaryimage"},"thumbnailUrl":"https:\/\/aconteceunovale.com.br\/portal\/wp-content\/uploads\/2022\/10\/censo_2022.jpg","datePublished":"2022-10-04T13:23:32+00:00","dateModified":"2022-10-04T13:24:11+00:00","author":{"@id":"https:\/\/aconteceunovale.com.br\/portal\/#\/schema\/person\/7d2f26d1483f8a63de73da1ee0754d35"},"breadcrumb":{"@id":"https:\/\/aconteceunovale.com.br\/portal\/?p=191121#breadcrumb"},"inLanguage":"pt-BR","potentialAction":[{"@type":"ReadAction","target":["https:\/\/aconteceunovale.com.br\/portal\/?p=191121"]}]},{"@type":"ImageObject","inLanguage":"pt-BR","@id":"https:\/\/aconteceunovale.com.br\/portal\/?p=191121#primaryimage","url":"https:\/\/aconteceunovale.com.br\/portal\/wp-content\/uploads\/2022\/10\/censo_2022.jpg","contentUrl":"https:\/\/aconteceunovale.com.br\/portal\/wp-content\/uploads\/2022\/10\/censo_2022.jpg","width":678,"height":406},{"@type":"BreadcrumbList","@id":"https:\/\/aconteceunovale.com.br\/portal\/?p=191121#breadcrumb","itemListElement":[{"@type":"ListItem","position":1,"name":"In\u00edcio","item":"https:\/\/aconteceunovale.com.br\/portal\/"},{"@type":"ListItem","position":2,"name":"Coleta do Censo 2022 \u00e9 prorrogada at\u00e9 dezembro"}]},{"@type":"WebSite","@id":"https:\/\/aconteceunovale.com.br\/portal\/#website","url":"https:\/\/aconteceunovale.com.br\/portal\/","name":"Aconteceu no Vale","description":"Portal de Not\u00edcias","potentialAction":[{"@type":"SearchAction","target":{"@type":"EntryPoint","urlTemplate":"https:\/\/aconteceunovale.com.br\/portal\/?s={search_term_string}"},"query-input":{"@type":"PropertyValueSpecification","valueRequired":true,"valueName":"search_term_string"}}],"inLanguage":"pt-BR"},{"@type":"Person","@id":"https:\/\/aconteceunovale.com.br\/portal\/#\/schema\/person\/7d2f26d1483f8a63de73da1ee0754d35","name":"Reda\u00e7\u00e3o Aconteceu no Vale","description":"Equipe de reportagem do Aconteceu no Vale, portal de not\u00edcias do Vale do Jequitinhonha, em Minas Gerais. Cobrimos as 51 cidades do Vale desde 2013. Sugest\u00f5es de pauta e pedidos de corre\u00e7\u00e3o: contato@aconteceunovale.com.br","url":"https:\/\/aconteceunovale.com.br\/portal\/?author=4"}]}},"_links":{"self":[{"href":"https:\/\/aconteceunovale.com.br\/portal\/index.php?rest_route=\/wp\/v2\/posts\/191121","targetHints":{"allow":["GET"]}}],"collection":[{"href":"https:\/\/aconteceunovale.com.br\/portal\/index.php?rest_route=\/wp\/v2\/posts"}],"about":[{"href":"https:\/\/aconteceunovale.com.br\/portal\/index.php?rest_route=\/wp\/v2\/types\/post"}],"author":[{"embeddable":true,"href":"https:\/\/aconteceunovale.com.br\/portal\/index.php?rest_route=\/wp\/v2\/users\/4"}],"replies":[{"embeddable":true,"href":"https:\/\/aconteceunovale.com.br\/portal\/index.php?rest_route=%2Fwp%2Fv2%2Fcomments&post=191121"}],"version-history":[{"count":1,"href":"https:\/\/aconteceunovale.com.br\/portal\/index.php?rest_route=\/wp\/v2\/posts\/191121\/revisions"}],"predecessor-version":[{"id":191123,"href":"https:\/\/aconteceunovale.com.br\/portal\/index.php?rest_route=\/wp\/v2\/posts\/191121\/revisions\/191123"}],"wp:featuredmedia":[{"embeddable":true,"href":"https:\/\/aconteceunovale.com.br\/portal\/index.php?rest_route=\/wp\/v2\/media\/191122"}],"wp:attachment":[{"href":"https:\/\/aconteceunovale.com.br\/portal\/index.php?rest_route=%2Fwp%2Fv2%2Fmedia&parent=191121"}],"wp:term":[{"taxonomy":"category","embeddable":true,"href":"https:\/\/aconteceunovale.com.br\/portal\/index.php?rest_route=%2Fwp%2Fv2%2Fcategories&post=191121"},{"taxonomy":"post_tag","embeddable":true,"href":"https:\/\/aconteceunovale.com.br\/portal\/index.php?rest_route=%2Fwp%2Fv2%2Ftags&post=191121"}],"curies":[{"name":"wp","href":"https:\/\/api.w.org\/{rel}","templated":true}]}}