{"id":191117,"date":"2022-10-03T23:03:50","date_gmt":"2022-10-04T02:03:50","guid":{"rendered":"https:\/\/aconteceunovale.com.br\/portal\/?p=191117"},"modified":"2026-09-02T13:49:18","modified_gmt":"2026-09-02T16:49:18","slug":"cinco-pessoas-morrem-apos-carro-cair-de-ponte-em-turmalina","status":"publish","type":"post","link":"https:\/\/aconteceunovale.com.br\/portal\/?p=191117","title":{"rendered":"Cinco pessoas morrem ap\u00f3s carro cair de ponte em Turmalina"},"content":{"rendered":"\n<p class=\"wp-block-paragraph\">Cinco pessoas morreram ap\u00f3s o carro em que elas estavam cair dentro de um c\u00f3rrego no munic\u00edpio de Turmalina (MG). Os corpos, submersos, foram localizados e resgatados nesta segunda-feira (3\/10\/2022) por uma equipe do Corpo de Bombeiros da cidade de Capelinha.<\/p>\n\n\n\n<figure class=\"wp-block-gallery has-nested-images columns-default is-cropped wp-block-gallery-1 is-layout-flex wp-block-gallery-is-layout-flex\">\n<figure class=\"wp-block-image size-large\"><img loading=\"lazy\" decoding=\"async\" width=\"678\" height=\"408\" data-id=\"191124\" src=\"https:\/\/aconteceunovale.com.br\/portal\/wp-content\/uploads\/2022\/10\/acidente_turmalina.png\" alt=\"\" class=\"wp-image-191124\" srcset=\"https:\/\/aconteceunovale.com.br\/portal\/wp-content\/uploads\/2022\/10\/acidente_turmalina.png 678w, https:\/\/aconteceunovale.com.br\/portal\/wp-content\/uploads\/2022\/10\/acidente_turmalina-300x181.png 300w\" sizes=\"auto, (max-width: 678px) 100vw, 678px\" \/><figcaption><em><sub>Foto: Divulga\u00e7\u00e3o \/ Corpo de Bombeiros<\/sub><\/em><\/figcaption><\/figure>\n<\/figure>\n\n\n\n<p class=\"wp-block-paragraph\">O acidente aconteceu no domingo (2\/10), por volta das 19h. Segundo os militares que atenderam a ocorr\u00eancia, o ve\u00edculo EcoSport trafegava no sentido da comunidade Lajinha, em dire\u00e7\u00e3o \u00e0 Turmalina, quando o condutor perdeu o controle e caiu do local conhecido na regi\u00e3o como Ponte da Pedra.<\/p>\n\n\n\n<p class=\"wp-block-paragraph\">Entre os mortos est\u00e3o a servidora da rede municipal de Educa\u00e7\u00e3o Edirene de F\u00e1tima Soares, Thaniele Soares da Cruz e sua filha Lorena Soares da Cruz, de 9 anos, estudante da Escola Municipal Tia Dade, Walid Sena e Jefferson Macedo Nunes.<\/p>\n\n\n\n<p class=\"wp-block-paragraph\">No momento do acidente chovia muito, o que elevou o n\u00edvel do c\u00f3rrego, deixando o autom\u00f3vel submerso. Por isso, os militares do Corpo de Bombeiros trabalharam nesta manh\u00e3 no local, por cerca de seis horas, para recuperar os corpos das v\u00edtimas e tamb\u00e9m retirar o autom\u00f3vel.<\/p>\n\n\n\n<p class=\"wp-block-paragraph\">Os trabalhos de resgate tiveram refor\u00e7os das pol\u00edcias Militar e Civil. A Defesa Civil do mun\u00edcipio tamb\u00e9m prestou apoio. M\u00e1quinas da prefeitura e um caminh\u00e3o de guincho foram usados durante a opera\u00e7\u00e3o.<\/p>\n\n\n\n<p class=\"wp-block-paragraph\">Os corpos foram removidos pelo servi\u00e7o funer\u00e1rio e encaminhados ao Instituto M\u00e9dico Legal (IML) de Capelinha.<\/p>\n\n\n\n<h2 class=\"wp-block-heading\">Prefeitura de Turmalina<\/h2>\n\n\n\n<p class=\"wp-block-paragraph\">Em nota publicada nas redes sociais, a Prefeitura de Turmalina disse que manifesta profundo pesar e se solidariza com amigos e familiares das v\u00edtimas. <em>\u201cRegistramos aqui nossos sentimentos e solidariedade a todos neste momento de intensa dor e rogamos a Deus para que possa lhes dar conforto nesta hora em que as palavras se apequenam e se faz necess\u00e1rio buscar conforto na f\u00e9 e na esperan\u00e7a\u201d,<\/em> divulgou o Executivo.<\/p>\n\n\n\n<p class=\"wp-block-paragraph\">&#8212;&#8212;&#8212;&#8212;&#8212;&#8212;<br><br><strong>Sabia que o Aconteceu no Vale est\u00e1 tamb\u00e9m no Telegram? <a rel=\"noreferrer noopener\" href=\"https:\/\/t.me\/aconteceunovaleoficial\" target=\"_blank\">Inscreva-se no canal<\/a>.<\/strong><br><br><strong>J\u00e1 curtiu ou seguiu nossas p\u00e1ginas nas redes sociais?&nbsp;Receba as not\u00edcias em primeira m\u00e3o:<\/strong><br>\u2022 <a rel=\"noreferrer noopener\" href=\"https:\/\/news.google.com\/publications\/CAAqBwgKMNjklQswi4etAw?hl=pt-BR&amp;gl=BR&amp;ceid=BR%3Apt-419\" target=\"_blank\">Google News<\/a><br>\u2022 <a rel=\"noreferrer noopener\" href=\"https:\/\/www.facebook.com\/aconteceunovale\/\" target=\"_blank\">Facebook<\/a><br>\u2022 <a rel=\"noreferrer noopener\" href=\"https:\/\/twitter.com\/noticiadosvales\" target=\"_blank\">Twitter<\/a><br>\u2022 <a rel=\"noreferrer noopener\" href=\"https:\/\/www.instagram.com\/aconteceunovale\" target=\"_blank\">Instagram<\/a><br>\u2022 <a rel=\"noreferrer noopener\" href=\"https:\/\/www.youtube.com\/AconteceunoValeOficial\" target=\"_blank\">Youtube<\/a><br>\u2022 <a rel=\"noreferrer noopener\" href=\"https:\/\/www.tiktok.com\/@aconteceunovale\" target=\"_blank\">TikTok<\/a><\/p>\n","protected":false},"excerpt":{"rendered":"<p>Cinco pessoas morreram ap\u00f3s o carro em que elas estavam cair dentro de um c\u00f3rrego no munic\u00edpio de Turmalina (MG). Os corpos, submersos, foram localizados e resgatados nesta segunda-feira (3\/10\/2022) por uma equipe do Corpo de Bombeiros da cidade de Capelinha. O acidente aconteceu no domingo (2\/10), por volta das 19h. Segundo os militares que [&hellip;]<\/p>\n","protected":false},"author":4,"featured_media":191124,"comment_status":"open","ping_status":"closed","sticky":false,"template":"","format":"standard","meta":{"amp_status":"","footnotes":""},"categories":[272576,120],"tags":[264626,13247,264627,132,264623,1018,264628,264632,264630,76862,264629,264624,178,264625,264631],"class_list":["post-191117","post","type-post","status-publish","format-standard","has-post-thumbnail","hentry","category-turmalina","category-jequi","tag-acidente-em-corrego-em-turmalina","tag-acidente-em-turmalina","tag-acidente-na-ponte-da-pedra-em-turmalina","tag-capelinha","tag-cinco-pessoas-morrem-apos-carro-cair-de-ponte-em-turmalina","tag-destaque","tag-edirene-de-fatima-soares","tag-jefferson-macedo-nunes","tag-lorena-soares-da-cruz","tag-prefeitura-de-turmalina","tag-thaniele-soares-da-cruz","tag-tragedia-em-turmalina","tag-turmalina","tag-vitimas-de-acidente-em-turmalina","tag-walid-sena"],"yoast_head":"<!-- This site is optimized with the Yoast SEO plugin v28.3 - https:\/\/yoast.com\/product\/yoast-seo-wordpress\/ -->\n<title>Cinco pessoas morrem ap\u00f3s carro cair de ponte em Turmalina - Aconteceu no Vale<\/title>\n<meta name=\"robots\" content=\"index, follow, max-snippet:-1, max-image-preview:large, max-video-preview:-1\" \/>\n<link rel=\"canonical\" href=\"https:\/\/aconteceunovale.com.br\/portal\/?p=191117\" \/>\n<meta property=\"og:locale\" content=\"pt_BR\" \/>\n<meta property=\"og:type\" content=\"article\" \/>\n<meta property=\"og:title\" content=\"Cinco pessoas morrem ap\u00f3s carro cair de ponte em Turmalina - Aconteceu no Vale\" \/>\n<meta property=\"og:description\" content=\"Cinco pessoas morreram ap\u00f3s o carro em que elas estavam cair dentro de um c\u00f3rrego no munic\u00edpio de Turmalina (MG). Os corpos, submersos, foram localizados e resgatados nesta segunda-feira (3\/10\/2022) por uma equipe do Corpo de Bombeiros da cidade de Capelinha. O acidente aconteceu no domingo (2\/10), por volta das 19h. Segundo os militares que [&hellip;]\" \/>\n<meta property=\"og:url\" content=\"https:\/\/aconteceunovale.com.br\/portal\/?p=191117\" \/>\n<meta property=\"og:site_name\" content=\"Aconteceu no Vale\" \/>\n<meta property=\"article:publisher\" content=\"https:\/\/www.facebook.com\/aconteceunovale\/\" \/>\n<meta property=\"article:published_time\" content=\"2022-10-04T02:03:50+00:00\" \/>\n<meta property=\"article:modified_time\" content=\"2026-09-02T16:49:18+00:00\" \/>\n<meta property=\"og:image\" content=\"https:\/\/aconteceunovale.com.br\/portal\/wp-content\/uploads\/2022\/10\/acidente_turmalina.png\" \/>\n\t<meta property=\"og:image:width\" content=\"678\" \/>\n\t<meta property=\"og:image:height\" content=\"408\" \/>\n\t<meta property=\"og:image:type\" content=\"image\/png\" \/>\n<meta name=\"author\" content=\"Reda\u00e7\u00e3o Aconteceu no Vale\" \/>\n<meta name=\"twitter:card\" content=\"summary_large_image\" \/>\n<meta name=\"twitter:creator\" content=\"@noticiadosvales\" \/>\n<meta name=\"twitter:site\" content=\"@noticiadosvales\" \/>\n<meta name=\"twitter:label1\" content=\"Escrito por\" \/>\n\t<meta name=\"twitter:data1\" content=\"Reda\u00e7\u00e3o Aconteceu no Vale\" \/>\n\t<meta name=\"twitter:label2\" content=\"Est. tempo de leitura\" \/>\n\t<meta name=\"twitter:data2\" content=\"2 minutos\" \/>\n<script type=\"application\/ld+json\" class=\"yoast-schema-graph\">{\"@context\":\"https:\\\/\\\/schema.org\",\"@graph\":[{\"@type\":\"Article\",\"@id\":\"https:\\\/\\\/aconteceunovale.com.br\\\/portal\\\/?p=191117#article\",\"isPartOf\":{\"@id\":\"https:\\\/\\\/aconteceunovale.com.br\\\/portal\\\/?p=191117\"},\"author\":{\"name\":\"Reda\u00e7\u00e3o Aconteceu no Vale\",\"@id\":\"https:\\\/\\\/aconteceunovale.com.br\\\/portal\\\/#\\\/schema\\\/person\\\/7d2f26d1483f8a63de73da1ee0754d35\"},\"headline\":\"Cinco pessoas morrem ap\u00f3s carro cair de ponte em Turmalina\",\"datePublished\":\"2022-10-04T02:03:50+00:00\",\"dateModified\":\"2026-09-02T16:49:18+00:00\",\"mainEntityOfPage\":{\"@id\":\"https:\\\/\\\/aconteceunovale.com.br\\\/portal\\\/?p=191117\"},\"wordCount\":378,\"commentCount\":0,\"image\":{\"@id\":\"https:\\\/\\\/aconteceunovale.com.br\\\/portal\\\/?p=191117#primaryimage\"},\"thumbnailUrl\":\"https:\\\/\\\/aconteceunovale.com.br\\\/portal\\\/wp-content\\\/uploads\\\/2022\\\/10\\\/acidente_turmalina.png\",\"keywords\":[\"Acidente em c\u00f3rrego em Turmalina\",\"acidente em turmalina\",\"Acidente na Ponte da Pedra em Turmalina\",\"Capelinha\",\"Cinco pessoas morrem ap\u00f3s carro cair de ponte em Turmalina\",\"destaque\",\"Edirene de F\u00e1tima Soares\",\"Jefferson Macedo Nunes\",\"Lorena Soares da Cruz\",\"Prefeitura de Turmalina\",\"Thaniele Soares da Cruz\",\"Trag\u00e9dia em Turmalina\",\"Turmalina\",\"V\u00edtimas de acidente em Turmalina\",\"Walid Sena\"],\"articleSection\":[\"Turmalina\",\"Vale do Jequitinhonha\"],\"inLanguage\":\"pt-BR\",\"potentialAction\":[{\"@type\":\"CommentAction\",\"name\":\"Comment\",\"target\":[\"https:\\\/\\\/aconteceunovale.com.br\\\/portal\\\/?p=191117#respond\"]}]},{\"@type\":\"WebPage\",\"@id\":\"https:\\\/\\\/aconteceunovale.com.br\\\/portal\\\/?p=191117\",\"url\":\"https:\\\/\\\/aconteceunovale.com.br\\\/portal\\\/?p=191117\",\"name\":\"Cinco pessoas morrem ap\u00f3s carro cair de ponte em Turmalina - Aconteceu no Vale\",\"isPartOf\":{\"@id\":\"https:\\\/\\\/aconteceunovale.com.br\\\/portal\\\/#website\"},\"primaryImageOfPage\":{\"@id\":\"https:\\\/\\\/aconteceunovale.com.br\\\/portal\\\/?p=191117#primaryimage\"},\"image\":{\"@id\":\"https:\\\/\\\/aconteceunovale.com.br\\\/portal\\\/?p=191117#primaryimage\"},\"thumbnailUrl\":\"https:\\\/\\\/aconteceunovale.com.br\\\/portal\\\/wp-content\\\/uploads\\\/2022\\\/10\\\/acidente_turmalina.png\",\"datePublished\":\"2022-10-04T02:03:50+00:00\",\"dateModified\":\"2026-09-02T16:49:18+00:00\",\"author\":{\"@id\":\"https:\\\/\\\/aconteceunovale.com.br\\\/portal\\\/#\\\/schema\\\/person\\\/7d2f26d1483f8a63de73da1ee0754d35\"},\"breadcrumb\":{\"@id\":\"https:\\\/\\\/aconteceunovale.com.br\\\/portal\\\/?p=191117#breadcrumb\"},\"inLanguage\":\"pt-BR\",\"potentialAction\":[{\"@type\":\"ReadAction\",\"target\":[\"https:\\\/\\\/aconteceunovale.com.br\\\/portal\\\/?p=191117\"]}]},{\"@type\":\"ImageObject\",\"inLanguage\":\"pt-BR\",\"@id\":\"https:\\\/\\\/aconteceunovale.com.br\\\/portal\\\/?p=191117#primaryimage\",\"url\":\"https:\\\/\\\/aconteceunovale.com.br\\\/portal\\\/wp-content\\\/uploads\\\/2022\\\/10\\\/acidente_turmalina.png\",\"contentUrl\":\"https:\\\/\\\/aconteceunovale.com.br\\\/portal\\\/wp-content\\\/uploads\\\/2022\\\/10\\\/acidente_turmalina.png\",\"width\":678,\"height\":408},{\"@type\":\"BreadcrumbList\",\"@id\":\"https:\\\/\\\/aconteceunovale.com.br\\\/portal\\\/?p=191117#breadcrumb\",\"itemListElement\":[{\"@type\":\"ListItem\",\"position\":1,\"name\":\"In\u00edcio\",\"item\":\"https:\\\/\\\/aconteceunovale.com.br\\\/portal\\\/\"},{\"@type\":\"ListItem\",\"position\":2,\"name\":\"Cinco pessoas morrem ap\u00f3s carro cair de ponte em Turmalina\"}]},{\"@type\":\"WebSite\",\"@id\":\"https:\\\/\\\/aconteceunovale.com.br\\\/portal\\\/#website\",\"url\":\"https:\\\/\\\/aconteceunovale.com.br\\\/portal\\\/\",\"name\":\"Aconteceu no Vale\",\"description\":\"Portal de Not\u00edcias\",\"potentialAction\":[{\"@type\":\"SearchAction\",\"target\":{\"@type\":\"EntryPoint\",\"urlTemplate\":\"https:\\\/\\\/aconteceunovale.com.br\\\/portal\\\/?s={search_term_string}\"},\"query-input\":{\"@type\":\"PropertyValueSpecification\",\"valueRequired\":true,\"valueName\":\"search_term_string\"}}],\"inLanguage\":\"pt-BR\"},{\"@type\":\"Person\",\"@id\":\"https:\\\/\\\/aconteceunovale.com.br\\\/portal\\\/#\\\/schema\\\/person\\\/7d2f26d1483f8a63de73da1ee0754d35\",\"name\":\"Reda\u00e7\u00e3o Aconteceu no Vale\",\"description\":\"Equipe de reportagem do Aconteceu no Vale, portal de not\u00edcias do Vale do Jequitinhonha, em Minas Gerais. Cobrimos as 51 cidades do Vale desde 2013. Sugest\u00f5es de pauta e pedidos de corre\u00e7\u00e3o: contato@aconteceunovale.com.br\",\"url\":\"https:\\\/\\\/aconteceunovale.com.br\\\/portal\\\/?author=4\"}]}<\/script>\n<!-- \/ Yoast SEO plugin. -->","yoast_head_json":{"title":"Cinco pessoas morrem ap\u00f3s carro cair de ponte em Turmalina - Aconteceu no Vale","robots":{"index":"index","follow":"follow","max-snippet":"max-snippet:-1","max-image-preview":"max-image-preview:large","max-video-preview":"max-video-preview:-1"},"canonical":"https:\/\/aconteceunovale.com.br\/portal\/?p=191117","og_locale":"pt_BR","og_type":"article","og_title":"Cinco pessoas morrem ap\u00f3s carro cair de ponte em Turmalina - Aconteceu no Vale","og_description":"Cinco pessoas morreram ap\u00f3s o carro em que elas estavam cair dentro de um c\u00f3rrego no munic\u00edpio de Turmalina (MG). Os corpos, submersos, foram localizados e resgatados nesta segunda-feira (3\/10\/2022) por uma equipe do Corpo de Bombeiros da cidade de Capelinha. O acidente aconteceu no domingo (2\/10), por volta das 19h. Segundo os militares que [&hellip;]","og_url":"https:\/\/aconteceunovale.com.br\/portal\/?p=191117","og_site_name":"Aconteceu no Vale","article_publisher":"https:\/\/www.facebook.com\/aconteceunovale\/","article_published_time":"2022-10-04T02:03:50+00:00","article_modified_time":"2026-09-02T16:49:18+00:00","og_image":[{"width":678,"height":408,"url":"https:\/\/aconteceunovale.com.br\/portal\/wp-content\/uploads\/2022\/10\/acidente_turmalina.png","type":"image\/png"}],"author":"Reda\u00e7\u00e3o Aconteceu no Vale","twitter_card":"summary_large_image","twitter_creator":"@noticiadosvales","twitter_site":"@noticiadosvales","twitter_misc":{"Escrito por":"Reda\u00e7\u00e3o Aconteceu no Vale","Est. tempo de leitura":"2 minutos"},"schema":{"@context":"https:\/\/schema.org","@graph":[{"@type":"Article","@id":"https:\/\/aconteceunovale.com.br\/portal\/?p=191117#article","isPartOf":{"@id":"https:\/\/aconteceunovale.com.br\/portal\/?p=191117"},"author":{"name":"Reda\u00e7\u00e3o Aconteceu no Vale","@id":"https:\/\/aconteceunovale.com.br\/portal\/#\/schema\/person\/7d2f26d1483f8a63de73da1ee0754d35"},"headline":"Cinco pessoas morrem ap\u00f3s carro cair de ponte em Turmalina","datePublished":"2022-10-04T02:03:50+00:00","dateModified":"2026-09-02T16:49:18+00:00","mainEntityOfPage":{"@id":"https:\/\/aconteceunovale.com.br\/portal\/?p=191117"},"wordCount":378,"commentCount":0,"image":{"@id":"https:\/\/aconteceunovale.com.br\/portal\/?p=191117#primaryimage"},"thumbnailUrl":"https:\/\/aconteceunovale.com.br\/portal\/wp-content\/uploads\/2022\/10\/acidente_turmalina.png","keywords":["Acidente em c\u00f3rrego em Turmalina","acidente em turmalina","Acidente na Ponte da Pedra em Turmalina","Capelinha","Cinco pessoas morrem ap\u00f3s carro cair de ponte em Turmalina","destaque","Edirene de F\u00e1tima Soares","Jefferson Macedo Nunes","Lorena Soares da Cruz","Prefeitura de Turmalina","Thaniele Soares da Cruz","Trag\u00e9dia em Turmalina","Turmalina","V\u00edtimas de acidente em Turmalina","Walid Sena"],"articleSection":["Turmalina","Vale do Jequitinhonha"],"inLanguage":"pt-BR","potentialAction":[{"@type":"CommentAction","name":"Comment","target":["https:\/\/aconteceunovale.com.br\/portal\/?p=191117#respond"]}]},{"@type":"WebPage","@id":"https:\/\/aconteceunovale.com.br\/portal\/?p=191117","url":"https:\/\/aconteceunovale.com.br\/portal\/?p=191117","name":"Cinco pessoas morrem ap\u00f3s carro cair de ponte em Turmalina - Aconteceu no Vale","isPartOf":{"@id":"https:\/\/aconteceunovale.com.br\/portal\/#website"},"primaryImageOfPage":{"@id":"https:\/\/aconteceunovale.com.br\/portal\/?p=191117#primaryimage"},"image":{"@id":"https:\/\/aconteceunovale.com.br\/portal\/?p=191117#primaryimage"},"thumbnailUrl":"https:\/\/aconteceunovale.com.br\/portal\/wp-content\/uploads\/2022\/10\/acidente_turmalina.png","datePublished":"2022-10-04T02:03:50+00:00","dateModified":"2026-09-02T16:49:18+00:00","author":{"@id":"https:\/\/aconteceunovale.com.br\/portal\/#\/schema\/person\/7d2f26d1483f8a63de73da1ee0754d35"},"breadcrumb":{"@id":"https:\/\/aconteceunovale.com.br\/portal\/?p=191117#breadcrumb"},"inLanguage":"pt-BR","potentialAction":[{"@type":"ReadAction","target":["https:\/\/aconteceunovale.com.br\/portal\/?p=191117"]}]},{"@type":"ImageObject","inLanguage":"pt-BR","@id":"https:\/\/aconteceunovale.com.br\/portal\/?p=191117#primaryimage","url":"https:\/\/aconteceunovale.com.br\/portal\/wp-content\/uploads\/2022\/10\/acidente_turmalina.png","contentUrl":"https:\/\/aconteceunovale.com.br\/portal\/wp-content\/uploads\/2022\/10\/acidente_turmalina.png","width":678,"height":408},{"@type":"BreadcrumbList","@id":"https:\/\/aconteceunovale.com.br\/portal\/?p=191117#breadcrumb","itemListElement":[{"@type":"ListItem","position":1,"name":"In\u00edcio","item":"https:\/\/aconteceunovale.com.br\/portal\/"},{"@type":"ListItem","position":2,"name":"Cinco pessoas morrem ap\u00f3s carro cair de ponte em Turmalina"}]},{"@type":"WebSite","@id":"https:\/\/aconteceunovale.com.br\/portal\/#website","url":"https:\/\/aconteceunovale.com.br\/portal\/","name":"Aconteceu no Vale","description":"Portal de Not\u00edcias","potentialAction":[{"@type":"SearchAction","target":{"@type":"EntryPoint","urlTemplate":"https:\/\/aconteceunovale.com.br\/portal\/?s={search_term_string}"},"query-input":{"@type":"PropertyValueSpecification","valueRequired":true,"valueName":"search_term_string"}}],"inLanguage":"pt-BR"},{"@type":"Person","@id":"https:\/\/aconteceunovale.com.br\/portal\/#\/schema\/person\/7d2f26d1483f8a63de73da1ee0754d35","name":"Reda\u00e7\u00e3o Aconteceu no Vale","description":"Equipe de reportagem do Aconteceu no Vale, portal de not\u00edcias do Vale do Jequitinhonha, em Minas Gerais. Cobrimos as 51 cidades do Vale desde 2013. Sugest\u00f5es de pauta e pedidos de corre\u00e7\u00e3o: contato@aconteceunovale.com.br","url":"https:\/\/aconteceunovale.com.br\/portal\/?author=4"}]}},"_links":{"self":[{"href":"https:\/\/aconteceunovale.com.br\/portal\/index.php?rest_route=\/wp\/v2\/posts\/191117","targetHints":{"allow":["GET"]}}],"collection":[{"href":"https:\/\/aconteceunovale.com.br\/portal\/index.php?rest_route=\/wp\/v2\/posts"}],"about":[{"href":"https:\/\/aconteceunovale.com.br\/portal\/index.php?rest_route=\/wp\/v2\/types\/post"}],"author":[{"embeddable":true,"href":"https:\/\/aconteceunovale.com.br\/portal\/index.php?rest_route=\/wp\/v2\/users\/4"}],"replies":[{"embeddable":true,"href":"https:\/\/aconteceunovale.com.br\/portal\/index.php?rest_route=%2Fwp%2Fv2%2Fcomments&post=191117"}],"version-history":[{"count":3,"href":"https:\/\/aconteceunovale.com.br\/portal\/index.php?rest_route=\/wp\/v2\/posts\/191117\/revisions"}],"predecessor-version":[{"id":191125,"href":"https:\/\/aconteceunovale.com.br\/portal\/index.php?rest_route=\/wp\/v2\/posts\/191117\/revisions\/191125"}],"wp:featuredmedia":[{"embeddable":true,"href":"https:\/\/aconteceunovale.com.br\/portal\/index.php?rest_route=\/wp\/v2\/media\/191124"}],"wp:attachment":[{"href":"https:\/\/aconteceunovale.com.br\/portal\/index.php?rest_route=%2Fwp%2Fv2%2Fmedia&parent=191117"}],"wp:term":[{"taxonomy":"category","embeddable":true,"href":"https:\/\/aconteceunovale.com.br\/portal\/index.php?rest_route=%2Fwp%2Fv2%2Fcategories&post=191117"},{"taxonomy":"post_tag","embeddable":true,"href":"https:\/\/aconteceunovale.com.br\/portal\/index.php?rest_route=%2Fwp%2Fv2%2Ftags&post=191117"}],"curies":[{"name":"wp","href":"https:\/\/api.w.org\/{rel}","templated":true}]}}