{"id":191111,"date":"2022-10-03T01:36:53","date_gmt":"2022-10-03T04:36:53","guid":{"rendered":"https:\/\/aconteceunovale.com.br\/portal\/?p=191111"},"modified":"2022-10-03T22:37:08","modified_gmt":"2022-10-04T01:37:08","slug":"percentual-de-renovacao-na-almg-e-de-3246","status":"publish","type":"post","link":"https:\/\/aconteceunovale.com.br\/portal\/?p=191111","title":{"rendered":"Percentual de renova\u00e7\u00e3o na ALMG \u00e9 de 32,46%"},"content":{"rendered":"\n<p class=\"wp-block-paragraph\">Os eleitores mineiros que foram \u00e0s urnas, neste domingo (2\/10\/22), elegeram 25 novos parlamentares para a 20\u00aa Legislatura da Assembleia Legislativa de Minas Gerais (ALMG), que tem in\u00edcio em 1\u00ba de fevereiro de 2023. Outros 52 deputados estaduais foram reeleitos.\u00a0Dessa forma, houve uma renova\u00e7\u00e3o de 32,46%, o que representa o menor percentual dos \u00faltimos 20 anos.\u00a0Esse n\u00famero leva em considera\u00e7\u00e3o o total de urnas apuradas.<\/p>\n\n\n\n<p class=\"wp-block-paragraph\">Esses s\u00e3o os deputados matematicamente eleitos no Parlamento mineiro, mas \u00e9 importante ressalvar que a lista oficial com os 77 nomes ainda ter\u00e1 que ser homologada pelo Tribunal Superior Eleitoral (TSE).<\/p>\n\n\n\n<p class=\"wp-block-paragraph\">Dos 66 atuais deputados que tentaram a reelei\u00e7\u00e3o para a ALMG,\u00a052 retornaram, perfazendo um \u00edndice de 67,53% de sucesso.<\/p>\n\n\n\n<p class=\"wp-block-paragraph\">Ainda nas\u00a0elei\u00e7\u00f5es de 2022, quatro parlamentares n\u00e3o concorreram a nenhuma vaga no Poder Legislativo ou no Poder Executivo mineiro ou federal, um deputado se candidatou a vice-governador, um a senador, outro a suplente de senador e quatro a deputado federal.<\/p>\n\n\n\n<h2 class=\"wp-block-heading\"><strong>Deputados que n\u00e3o concorreram a uma vaga<\/strong><\/h2>\n\n\n\n<p class=\"wp-block-paragraph\">Entre os deputados estaduais desta 19\u00aa Legislatura que n\u00e3o tentaram a reelei\u00e7\u00e3o, est\u00e1 o presidente da ALMG, deputado Agostinho Patrus (PSD), que, no in\u00edcio de julho, oficializou candidatura ao cargo de conselheiro do Tribunal de Contas do Estado (TCE-MG). A candidatura j\u00e1 foi apreciada por comiss\u00e3o especial e aguarda vota\u00e7\u00e3o no Plen\u00e1rio.<\/p>\n\n\n\n<p class=\"wp-block-paragraph\">A deputada Celise Laviola (Cidadania) tamb\u00e9m n\u00e3o concorreu \u00e0 reelei\u00e7\u00e3o para apoiar a candidatura do seu filho, Z\u00e9 Laviola (Novo), um dos 25 novos eleitos. J\u00e1 L\u00e9o Portela (PL) anunciou que deve se mudar para o exterior ap\u00f3s o fim do seu mandato e apoiou a candidatura da irm\u00e3, Al\u00ea Portela (PL), tamb\u00e9m eleita. O deputado S\u00e1vio Souza Cruz (MDB) n\u00e3o tentou se reeleger.<\/p>\n\n\n\n<h2 class=\"wp-block-heading\"><strong>Parlamentares que concorreram a cargos diferentes<\/strong><\/h2>\n\n\n\n<p class=\"wp-block-paragraph\">Alguns parlamentares da 19\u00aa Legislatura tentaram outros cargos na pol\u00edtica estadual e federal nas nestas elei\u00e7\u00f5es, como o deputado Andr\u00e9 Quint\u00e3o (PT), que concorreu a vice-governador na chapa encabe\u00e7ada por Alexandre Kalil (PSD) ao Governo de Minas. A chapa foi derrotada pela do atual governador Romeu Zema (Novo), que venceu as elei\u00e7\u00f5es no 1\u00ba turno.<\/p>\n\n\n\n<p class=\"wp-block-paragraph\">J\u00e1\u00a0o deputado Cleitinho Azevedo (PSC) conquistou uma vaga no Senado. Virg\u00edlio Guimar\u00e3es (PT) disputou como o primeiro suplente na chapa de candidatura tamb\u00e9m ao Senado de Alexandre Silveira (PSD), que n\u00e3o se elegeu.<\/p>\n\n\n\n<p class=\"wp-block-paragraph\">Foram candidatos a deputado federal os deputados Br\u00e1ulio Braz (PTB), Glaycon Franco (PV) e Guilherme da Cunha (Novo),\u00a0assim como a deputada estadual Ros\u00e2ngela Reis (PL), a \u00fanica que foi eleita.<\/p>\n\n\n\n<h3 class=\"wp-block-heading\"><strong>HIST\u00d3RICO DE RENOVA\u00c7\u00c3O<\/strong><\/h3>\n\n\n\n<p class=\"wp-block-paragraph\">Os \u00edndices de renova\u00e7\u00e3o da Assembleia Legislativa t\u00eam se alterado ao longo dos \u00faltimos 20 anos. No ano da primeira elei\u00e7\u00e3o como presidente de Luiz In\u00e1cio Lula da Silva (PT), em 2002, a ALMG apresentou o maior \u00edndice de renova\u00e7\u00e3o: 46,75%.<\/p>\n\n\n\n<p class=\"wp-block-paragraph\">Em 2006, as mudan\u00e7as ocorreram em 40,25% das vagas. A renova\u00e7\u00e3o nas elei\u00e7\u00f5es de 2010 e 2014 representou pouco mais de um ter\u00e7o dos deputados que tentaram reelei\u00e7\u00e3o: 36,36% e 33,77%, respectivamente. J\u00e1 em 2018 a renova\u00e7\u00e3o ficou em 40,25%.<\/p>\n\n\n\n<p class=\"wp-block-paragraph\">&#8212;&#8212;&#8212;&#8212;&#8212;&#8212;<br><br><strong>Sabia que o Aconteceu no Vale est\u00e1 tamb\u00e9m no Telegram? <a rel=\"noreferrer noopener\" href=\"https:\/\/t.me\/aconteceunovaleoficial\" target=\"_blank\">Inscreva-se no canal<\/a>.<\/strong><br><br><strong>J\u00e1 curtiu ou seguiu nossas p\u00e1ginas nas redes sociais?\u00a0Receba as not\u00edcias em primeira m\u00e3o:<\/strong><br>\u2022 <a rel=\"noreferrer noopener\" href=\"https:\/\/news.google.com\/publications\/CAAqBwgKMNjklQswi4etAw?hl=pt-BR&amp;gl=BR&amp;ceid=BR%3Apt-419\" target=\"_blank\">Google News<\/a><br>\u2022 <a rel=\"noreferrer noopener\" href=\"https:\/\/www.facebook.com\/aconteceunovale\/\" target=\"_blank\">Facebook<\/a><br>\u2022 <a rel=\"noreferrer noopener\" href=\"https:\/\/twitter.com\/noticiadosvales\" target=\"_blank\">Twitter<\/a><br>\u2022 <a rel=\"noreferrer noopener\" href=\"https:\/\/www.instagram.com\/aconteceunovale\" target=\"_blank\">Instagram<\/a><br>\u2022 <a rel=\"noreferrer noopener\" href=\"https:\/\/www.youtube.com\/AconteceunoValeOficial\" target=\"_blank\">Youtube<\/a><br>\u2022 <a rel=\"noreferrer noopener\" href=\"https:\/\/www.tiktok.com\/@aconteceunovale\" target=\"_blank\">TikTok<\/a><\/p>\n","protected":false},"excerpt":{"rendered":"<p>Os eleitores mineiros que foram \u00e0s urnas, neste domingo (2\/10\/22), elegeram 25 novos parlamentares para a 20\u00aa Legislatura da Assembleia Legislativa de Minas Gerais (ALMG), que tem in\u00edcio em 1\u00ba de fevereiro de 2023. Outros 52 deputados estaduais foram reeleitos.\u00a0Dessa forma, houve uma renova\u00e7\u00e3o de 32,46%, o que representa o menor percentual dos \u00faltimos 20 [&hellip;]<\/p>\n","protected":false},"author":4,"featured_media":191112,"comment_status":"open","ping_status":"closed","sticky":false,"template":"","format":"standard","meta":{"amp_status":"","footnotes":""},"categories":[249933,123],"tags":[230288,263770,181662,263766,181660,263873,263769,263767,181661,263773,263772,184044,184074,263771,264618,181713,181651,17379,17458,263755,264617,263756,17651,17646,17653,17655,17652,17618,17654,17548,263757,17539,17525,263758,17529,17360,263515,17526,263759,17546,17531,17538,263760,17527,263761,17530,17375,263516,17528,263762,17541,17532,17533,17459,17543,1018,263627,263626,263625,263624,263628,718,252238,252244,263623,17377,261226,263774,263775,263765,181706,17648,17378,17376,264619,264620,263525,17374,263763,263764,181709,181710,181707,181708],"class_list":["post-191111","post","type-post","status-publish","format-standard","has-post-thumbnail","hentry","category-eleicoes-2022","category-gerais","tag-apuracao-das-eleicoes","tag-apuracao-das-eleicoes-2022","tag-apuracao-das-eleicoes-em-minas-gerais","tag-apuracao-dos-votos","tag-apuracao-dos-votos-em-minas-gerais","tag-apuracao-dos-votos-em-tempo-real","tag-apuracao-dos-votos-em-tempo-real-em-minas-gerais","tag-apuracao-dos-votos-mg","tag-apuracao-dos-votos-para-deputado-em-minas-gerais","tag-apuracao-dos-votos-para-deputado-estadual-em-minas-gerais","tag-apuracao-dos-votos-para-deputado-federal-em-minas-gerais","tag-apuracao-dos-votos-para-governador-em-minas-gerais","tag-apuracao-dos-votos-para-presidente-em-minas-gerais","tag-apuracao-dos-votos-para-senador-em-minas-gerais","tag-composicao-da-almg","tag-confira-a-lista-com-nomes-dos-deputados-estaduais-eleitos-em-minas-gerais","tag-confira-a-lista-de-deputados-estaduais-e-federais-eleitos-em-minas-gerais","tag-confira-a-lista-de-deputados-estaduais-eleitos-em-minas-gerais","tag-confira-a-lista-de-deputados-federais-eleitos-em-minas-gerais","tag-confira-a-lista-final-de-deputados-estaduais-eleitos-em-minas-gerais","tag-confira-a-nova-composicao-da-almg","tag-conheca-os-deputados-estaduais-eleitos-em-minas-gerais","tag-conhecer-os-deputados-eleitos","tag-conhecer-os-deputados-eleitos-em-minas","tag-deputado-mais-votado-no-norte-de-minas","tag-deputado-mais-votado-no-vale-do-aco","tag-deputado-mais-votado-no-vale-do-jequitinhonha","tag-deputado-mais-votado-no-vale-do-mucuri","tag-deputado-mais-votado-no-vale-do-rio-doce","tag-deputados-eleitos","tag-deputados-eleitos-2022-mg","tag-deputados-eleitos-de-mg","tag-deputados-eleitos-em-mg","tag-deputados-eleitos-em-mg-2022","tag-deputados-eleitos-em-minas","tag-deputados-eleitos-em-minas-gerais","tag-deputados-eleitos-em-minas-gerais-2022","tag-deputados-eleitos-mg","tag-deputados-eleitos-mg-2022","tag-deputados-eleitos-minas","tag-deputados-eleitos-minas-gerais","tag-deputados-estaduais-eleitos","tag-deputados-estaduais-eleitos-2022-mg","tag-deputados-estaduais-eleitos-em-mg","tag-deputados-estaduais-eleitos-em-mg-2022","tag-deputados-estaduais-eleitos-em-minas","tag-deputados-estaduais-eleitos-em-minas-gerais","tag-deputados-estaduais-eleitos-em-minas-gerais-2022","tag-deputados-estaduais-eleitos-mg","tag-deputados-estaduais-eleitos-mg-2022","tag-deputados-estaduais-eleitos-minas","tag-deputados-estaduais-eleitos-minas-gerais","tag-deputados-federais-eleitos-em-mg","tag-deputados-federais-eleitos-em-minas-gerais","tag-deputados-federais-eleitos-mg","tag-destaque","tag-eleicao-para-deputado-estadual-no-brasil","tag-eleicao-para-deputado-federal-no-brasil","tag-eleicao-para-governador-no-brasil","tag-eleicao-para-presidente-no-brasil","tag-eleicao-para-senador-no-brasil","tag-eleicoes","tag-eleicoes-2022","tag-eleicoes-2022-em-minas-gerais","tag-eleicoes-2022-no-brasil","tag-eleicoes-em-minas-gerais","tag-eleicoes-no-brasil","tag-eleito-mg","tag-eleito-minas-gerais","tag-eleitos-em-minas","tag-governador-eleito-em-minas-gerais","tag-informacoes-sobre-os-deputados-eleitos-em-minas","tag-lista-de-deputados-estaduais-eleitos-em-minas-gerais","tag-nomes-dos-deputados-eleitos-em-minas-gerais","tag-nova-composicao-da-almg","tag-renovacao-na-almg","tag-resultado-das-eleicoes-2022-em-minas-gerais","tag-resultado-das-eleicoes-em-minas-gerais","tag-resultado-eleicoes-2022-em-minas-gerais","tag-resultado-eleicoes-2022-mg","tag-senador-eleito-em-minas-gerais","tag-votacao-para-deputado-em-minas-gerais","tag-votacao-para-governador-em-minas-gerais","tag-votacao-para-senador-em-minas-gerais"],"yoast_head":"<!-- This site is optimized with the Yoast SEO plugin v28.3 - https:\/\/yoast.com\/product\/yoast-seo-wordpress\/ -->\n<title>Percentual de renova\u00e7\u00e3o na ALMG \u00e9 de 32,46% - Aconteceu no Vale<\/title>\n<meta name=\"robots\" content=\"index, follow, max-snippet:-1, max-image-preview:large, max-video-preview:-1\" \/>\n<link rel=\"canonical\" href=\"https:\/\/aconteceunovale.com.br\/portal\/?p=191111\" \/>\n<meta property=\"og:locale\" content=\"pt_BR\" \/>\n<meta property=\"og:type\" content=\"article\" \/>\n<meta property=\"og:title\" content=\"Percentual de renova\u00e7\u00e3o na ALMG \u00e9 de 32,46% - Aconteceu no Vale\" \/>\n<meta property=\"og:description\" content=\"Os eleitores mineiros que foram \u00e0s urnas, neste domingo (2\/10\/22), elegeram 25 novos parlamentares para a 20\u00aa Legislatura da Assembleia Legislativa de Minas Gerais (ALMG), que tem in\u00edcio em 1\u00ba de fevereiro de 2023. Outros 52 deputados estaduais foram reeleitos.\u00a0Dessa forma, houve uma renova\u00e7\u00e3o de 32,46%, o que representa o menor percentual dos \u00faltimos 20 [&hellip;]\" \/>\n<meta property=\"og:url\" content=\"https:\/\/aconteceunovale.com.br\/portal\/?p=191111\" \/>\n<meta property=\"og:site_name\" content=\"Aconteceu no Vale\" \/>\n<meta property=\"article:publisher\" content=\"https:\/\/www.facebook.com\/aconteceunovale\/\" \/>\n<meta property=\"article:published_time\" content=\"2022-10-03T04:36:53+00:00\" \/>\n<meta property=\"article:modified_time\" content=\"2022-10-04T01:37:08+00:00\" \/>\n<meta property=\"og:image\" content=\"https:\/\/aconteceunovale.com.br\/portal\/wp-content\/uploads\/2022\/10\/almg_2.jpg\" \/>\n\t<meta property=\"og:image:width\" content=\"640\" \/>\n\t<meta property=\"og:image:height\" content=\"418\" \/>\n\t<meta property=\"og:image:type\" content=\"image\/jpeg\" \/>\n<meta name=\"author\" content=\"Reda\u00e7\u00e3o Aconteceu no Vale\" \/>\n<meta name=\"twitter:card\" content=\"summary_large_image\" \/>\n<meta name=\"twitter:creator\" content=\"@noticiadosvales\" \/>\n<meta name=\"twitter:site\" content=\"@noticiadosvales\" \/>\n<meta name=\"twitter:label1\" content=\"Escrito por\" \/>\n\t<meta name=\"twitter:data1\" content=\"Reda\u00e7\u00e3o Aconteceu no Vale\" \/>\n\t<meta name=\"twitter:label2\" content=\"Est. tempo de leitura\" \/>\n\t<meta name=\"twitter:data2\" content=\"3 minutos\" \/>\n<script type=\"application\/ld+json\" class=\"yoast-schema-graph\">{\"@context\":\"https:\\\/\\\/schema.org\",\"@graph\":[{\"@type\":\"Article\",\"@id\":\"https:\\\/\\\/aconteceunovale.com.br\\\/portal\\\/?p=191111#article\",\"isPartOf\":{\"@id\":\"https:\\\/\\\/aconteceunovale.com.br\\\/portal\\\/?p=191111\"},\"author\":{\"name\":\"Reda\u00e7\u00e3o Aconteceu no Vale\",\"@id\":\"https:\\\/\\\/aconteceunovale.com.br\\\/portal\\\/#\\\/schema\\\/person\\\/7d2f26d1483f8a63de73da1ee0754d35\"},\"headline\":\"Percentual de renova\u00e7\u00e3o na ALMG \u00e9 de 32,46%\",\"datePublished\":\"2022-10-03T04:36:53+00:00\",\"dateModified\":\"2022-10-04T01:37:08+00:00\",\"mainEntityOfPage\":{\"@id\":\"https:\\\/\\\/aconteceunovale.com.br\\\/portal\\\/?p=191111\"},\"wordCount\":556,\"commentCount\":0,\"image\":{\"@id\":\"https:\\\/\\\/aconteceunovale.com.br\\\/portal\\\/?p=191111#primaryimage\"},\"thumbnailUrl\":\"https:\\\/\\\/aconteceunovale.com.br\\\/portal\\\/wp-content\\\/uploads\\\/2022\\\/10\\\/almg_2.jpg\",\"keywords\":[\"Apura\u00e7\u00e3o das elei\u00e7\u00f5es\",\"Apura\u00e7\u00e3o das elei\u00e7\u00f5es 2022\",\"Apura\u00e7\u00e3o das elei\u00e7\u00f5es em Minas Gerais\",\"Apura\u00e7\u00e3o dos votos\",\"apura\u00e7\u00e3o dos votos em Minas Gerais\",\"Apura\u00e7\u00e3o dos votos em tempo real\",\"Apura\u00e7\u00e3o dos votos em tempo real em Minas Gerais\",\"Apura\u00e7\u00e3o dos votos MG\",\"Apura\u00e7\u00e3o dos votos para deputado em Minas Gerais\",\"Apura\u00e7\u00e3o dos votos para deputado estadual em Minas Gerais\",\"Apura\u00e7\u00e3o dos votos para deputado federal em Minas Gerais\",\"Apura\u00e7\u00e3o dos votos para Governador em Minas Gerais\",\"Apura\u00e7\u00e3o dos votos para presidente em Minas Gerais\",\"Apura\u00e7\u00e3o dos votos para senador em Minas Gerais\",\"Composi\u00e7\u00e3o da ALMG\",\"Confira a lista com nomes dos deputados estaduais eleitos em Minas Gerais\",\"Confira a lista de deputados estaduais e federais eleitos em Minas Gerais\",\"Confira a lista de deputados estaduais eleitos em Minas Gerais\",\"Confira a lista de deputados federais eleitos em Minas Gerais\",\"Confira a lista final de deputados estaduais eleitos em Minas Gerais\",\"Confira a nova composi\u00e7\u00e3o da ALMG\",\"Conhe\u00e7a os deputados estaduais eleitos em Minas Gerais\",\"conhecer os deputados eleitos\",\"conhecer os deputados eleitos em minas\",\"deputado mais votado no norte de minas\",\"deputado mais votado no vale do a\u00e7o\",\"deputado mais votado no vale do jequitinhonha\",\"deputado mais votado no vale do mucuri\",\"deputado mais votado no vale do rio doce\",\"deputados eleitos\",\"deputados eleitos 2022 mg\",\"deputados eleitos de mg\",\"deputados eleitos em mg\",\"deputados eleitos em mg 2022\",\"deputados eleitos em minas\",\"deputados eleitos em minas gerais\",\"deputados eleitos em Minas Gerais 2022\",\"deputados eleitos mg\",\"deputados eleitos mg 2022\",\"deputados eleitos minas\",\"deputados eleitos minas gerais\",\"deputados estaduais eleitos\",\"deputados estaduais eleitos 2022 mg\",\"deputados estaduais eleitos em mg\",\"deputados estaduais eleitos em mg 2022\",\"deputados estaduais eleitos em minas\",\"deputados estaduais eleitos em minas gerais\",\"deputados estaduais eleitos em Minas Gerais 2022\",\"deputados estaduais eleitos mg\",\"deputados estaduais eleitos mg 2022\",\"deputados estaduais eleitos minas\",\"deputados estaduais eleitos minas gerais\",\"deputados federais eleitos em mg\",\"deputados federais eleitos em minas gerais\",\"deputados federais eleitos mg\",\"destaque\",\"Elei\u00e7\u00e3o para deputado estadual no Brasil\",\"Elei\u00e7\u00e3o para deputado federal no Brasil\",\"Elei\u00e7\u00e3o para governador no Brasil\",\"Elei\u00e7\u00e3o para presidente no Brasil\",\"Elei\u00e7\u00e3o para Senador no Brasil\",\"Elei\u00e7\u00f5es\",\"Elei\u00e7\u00f5es 2022\",\"Elei\u00e7\u00f5es 2022 em Minas Gerais\",\"Elei\u00e7\u00f5es 2022 no Brasil\",\"elei\u00e7\u00f5es em minas gerais\",\"Elei\u00e7\u00f5es no Brasil\",\"Eleito MG\",\"Eleito Minas Gerais\",\"Eleitos em minas\",\"Governador eleito em minas gerais\",\"informa\u00e7\u00f5es sobre os deputados eleitos em minas\",\"lista de deputados estaduais eleitos em minas gerais\",\"nomes dos deputados eleitos em minas gerais\",\"Nova composi\u00e7\u00e3o da ALMG\",\"Renova\u00e7\u00e3o na ALMG\",\"Resultado das elei\u00e7\u00f5es 2022 em Minas Gerais\",\"resultado das elei\u00e7\u00f5es em minas gerais\",\"resultado elei\u00e7\u00f5es 2022 em minas gerais\",\"resultado elei\u00e7\u00f5es 2022 mg\",\"senador eleito em minas gerais\",\"vota\u00e7\u00e3o para deputado em minas gerais\",\"vota\u00e7\u00e3o para governador em minas gerais\",\"vota\u00e7\u00e3o para senador em minas gerais\"],\"articleSection\":[\"Elei\u00e7\u00f5es 2022\",\"Minas Gerais\"],\"inLanguage\":\"pt-BR\",\"potentialAction\":[{\"@type\":\"CommentAction\",\"name\":\"Comment\",\"target\":[\"https:\\\/\\\/aconteceunovale.com.br\\\/portal\\\/?p=191111#respond\"]}]},{\"@type\":\"WebPage\",\"@id\":\"https:\\\/\\\/aconteceunovale.com.br\\\/portal\\\/?p=191111\",\"url\":\"https:\\\/\\\/aconteceunovale.com.br\\\/portal\\\/?p=191111\",\"name\":\"Percentual de renova\u00e7\u00e3o na ALMG \u00e9 de 32,46% - Aconteceu no Vale\",\"isPartOf\":{\"@id\":\"https:\\\/\\\/aconteceunovale.com.br\\\/portal\\\/#website\"},\"primaryImageOfPage\":{\"@id\":\"https:\\\/\\\/aconteceunovale.com.br\\\/portal\\\/?p=191111#primaryimage\"},\"image\":{\"@id\":\"https:\\\/\\\/aconteceunovale.com.br\\\/portal\\\/?p=191111#primaryimage\"},\"thumbnailUrl\":\"https:\\\/\\\/aconteceunovale.com.br\\\/portal\\\/wp-content\\\/uploads\\\/2022\\\/10\\\/almg_2.jpg\",\"datePublished\":\"2022-10-03T04:36:53+00:00\",\"dateModified\":\"2022-10-04T01:37:08+00:00\",\"author\":{\"@id\":\"https:\\\/\\\/aconteceunovale.com.br\\\/portal\\\/#\\\/schema\\\/person\\\/7d2f26d1483f8a63de73da1ee0754d35\"},\"breadcrumb\":{\"@id\":\"https:\\\/\\\/aconteceunovale.com.br\\\/portal\\\/?p=191111#breadcrumb\"},\"inLanguage\":\"pt-BR\",\"potentialAction\":[{\"@type\":\"ReadAction\",\"target\":[\"https:\\\/\\\/aconteceunovale.com.br\\\/portal\\\/?p=191111\"]}]},{\"@type\":\"ImageObject\",\"inLanguage\":\"pt-BR\",\"@id\":\"https:\\\/\\\/aconteceunovale.com.br\\\/portal\\\/?p=191111#primaryimage\",\"url\":\"https:\\\/\\\/aconteceunovale.com.br\\\/portal\\\/wp-content\\\/uploads\\\/2022\\\/10\\\/almg_2.jpg\",\"contentUrl\":\"https:\\\/\\\/aconteceunovale.com.br\\\/portal\\\/wp-content\\\/uploads\\\/2022\\\/10\\\/almg_2.jpg\",\"width\":640,\"height\":418},{\"@type\":\"BreadcrumbList\",\"@id\":\"https:\\\/\\\/aconteceunovale.com.br\\\/portal\\\/?p=191111#breadcrumb\",\"itemListElement\":[{\"@type\":\"ListItem\",\"position\":1,\"name\":\"In\u00edcio\",\"item\":\"https:\\\/\\\/aconteceunovale.com.br\\\/portal\\\/\"},{\"@type\":\"ListItem\",\"position\":2,\"name\":\"Percentual de renova\u00e7\u00e3o na ALMG \u00e9 de 32,46%\"}]},{\"@type\":\"WebSite\",\"@id\":\"https:\\\/\\\/aconteceunovale.com.br\\\/portal\\\/#website\",\"url\":\"https:\\\/\\\/aconteceunovale.com.br\\\/portal\\\/\",\"name\":\"Aconteceu no Vale\",\"description\":\"Portal de Not\u00edcias\",\"potentialAction\":[{\"@type\":\"SearchAction\",\"target\":{\"@type\":\"EntryPoint\",\"urlTemplate\":\"https:\\\/\\\/aconteceunovale.com.br\\\/portal\\\/?s={search_term_string}\"},\"query-input\":{\"@type\":\"PropertyValueSpecification\",\"valueRequired\":true,\"valueName\":\"search_term_string\"}}],\"inLanguage\":\"pt-BR\"},{\"@type\":\"Person\",\"@id\":\"https:\\\/\\\/aconteceunovale.com.br\\\/portal\\\/#\\\/schema\\\/person\\\/7d2f26d1483f8a63de73da1ee0754d35\",\"name\":\"Reda\u00e7\u00e3o Aconteceu no Vale\",\"description\":\"Equipe de reportagem do Aconteceu no Vale, portal de not\u00edcias do Vale do Jequitinhonha, em Minas Gerais. Cobrimos as 51 cidades do Vale desde 2013. Sugest\u00f5es de pauta e pedidos de corre\u00e7\u00e3o: contato@aconteceunovale.com.br\",\"url\":\"https:\\\/\\\/aconteceunovale.com.br\\\/portal\\\/?author=4\"}]}<\/script>\n<!-- \/ Yoast SEO plugin. -->","yoast_head_json":{"title":"Percentual de renova\u00e7\u00e3o na ALMG \u00e9 de 32,46% - Aconteceu no Vale","robots":{"index":"index","follow":"follow","max-snippet":"max-snippet:-1","max-image-preview":"max-image-preview:large","max-video-preview":"max-video-preview:-1"},"canonical":"https:\/\/aconteceunovale.com.br\/portal\/?p=191111","og_locale":"pt_BR","og_type":"article","og_title":"Percentual de renova\u00e7\u00e3o na ALMG \u00e9 de 32,46% - Aconteceu no Vale","og_description":"Os eleitores mineiros que foram \u00e0s urnas, neste domingo (2\/10\/22), elegeram 25 novos parlamentares para a 20\u00aa Legislatura da Assembleia Legislativa de Minas Gerais (ALMG), que tem in\u00edcio em 1\u00ba de fevereiro de 2023. Outros 52 deputados estaduais foram reeleitos.\u00a0Dessa forma, houve uma renova\u00e7\u00e3o de 32,46%, o que representa o menor percentual dos \u00faltimos 20 [&hellip;]","og_url":"https:\/\/aconteceunovale.com.br\/portal\/?p=191111","og_site_name":"Aconteceu no Vale","article_publisher":"https:\/\/www.facebook.com\/aconteceunovale\/","article_published_time":"2022-10-03T04:36:53+00:00","article_modified_time":"2022-10-04T01:37:08+00:00","og_image":[{"width":640,"height":418,"url":"https:\/\/aconteceunovale.com.br\/portal\/wp-content\/uploads\/2022\/10\/almg_2.jpg","type":"image\/jpeg"}],"author":"Reda\u00e7\u00e3o Aconteceu no Vale","twitter_card":"summary_large_image","twitter_creator":"@noticiadosvales","twitter_site":"@noticiadosvales","twitter_misc":{"Escrito por":"Reda\u00e7\u00e3o Aconteceu no Vale","Est. tempo de leitura":"3 minutos"},"schema":{"@context":"https:\/\/schema.org","@graph":[{"@type":"Article","@id":"https:\/\/aconteceunovale.com.br\/portal\/?p=191111#article","isPartOf":{"@id":"https:\/\/aconteceunovale.com.br\/portal\/?p=191111"},"author":{"name":"Reda\u00e7\u00e3o Aconteceu no Vale","@id":"https:\/\/aconteceunovale.com.br\/portal\/#\/schema\/person\/7d2f26d1483f8a63de73da1ee0754d35"},"headline":"Percentual de renova\u00e7\u00e3o na ALMG \u00e9 de 32,46%","datePublished":"2022-10-03T04:36:53+00:00","dateModified":"2022-10-04T01:37:08+00:00","mainEntityOfPage":{"@id":"https:\/\/aconteceunovale.com.br\/portal\/?p=191111"},"wordCount":556,"commentCount":0,"image":{"@id":"https:\/\/aconteceunovale.com.br\/portal\/?p=191111#primaryimage"},"thumbnailUrl":"https:\/\/aconteceunovale.com.br\/portal\/wp-content\/uploads\/2022\/10\/almg_2.jpg","keywords":["Apura\u00e7\u00e3o das elei\u00e7\u00f5es","Apura\u00e7\u00e3o das elei\u00e7\u00f5es 2022","Apura\u00e7\u00e3o das elei\u00e7\u00f5es em Minas Gerais","Apura\u00e7\u00e3o dos votos","apura\u00e7\u00e3o dos votos em Minas Gerais","Apura\u00e7\u00e3o dos votos em tempo real","Apura\u00e7\u00e3o dos votos em tempo real em Minas Gerais","Apura\u00e7\u00e3o dos votos MG","Apura\u00e7\u00e3o dos votos para deputado em Minas Gerais","Apura\u00e7\u00e3o dos votos para deputado estadual em Minas Gerais","Apura\u00e7\u00e3o dos votos para deputado federal em Minas Gerais","Apura\u00e7\u00e3o dos votos para Governador em Minas Gerais","Apura\u00e7\u00e3o dos votos para presidente em Minas Gerais","Apura\u00e7\u00e3o dos votos para senador em Minas Gerais","Composi\u00e7\u00e3o da ALMG","Confira a lista com nomes dos deputados estaduais eleitos em Minas Gerais","Confira a lista de deputados estaduais e federais eleitos em Minas Gerais","Confira a lista de deputados estaduais eleitos em Minas Gerais","Confira a lista de deputados federais eleitos em Minas Gerais","Confira a lista final de deputados estaduais eleitos em Minas Gerais","Confira a nova composi\u00e7\u00e3o da ALMG","Conhe\u00e7a os deputados estaduais eleitos em Minas Gerais","conhecer os deputados eleitos","conhecer os deputados eleitos em minas","deputado mais votado no norte de minas","deputado mais votado no vale do a\u00e7o","deputado mais votado no vale do jequitinhonha","deputado mais votado no vale do mucuri","deputado mais votado no vale do rio doce","deputados eleitos","deputados eleitos 2022 mg","deputados eleitos de mg","deputados eleitos em mg","deputados eleitos em mg 2022","deputados eleitos em minas","deputados eleitos em minas gerais","deputados eleitos em Minas Gerais 2022","deputados eleitos mg","deputados eleitos mg 2022","deputados eleitos minas","deputados eleitos minas gerais","deputados estaduais eleitos","deputados estaduais eleitos 2022 mg","deputados estaduais eleitos em mg","deputados estaduais eleitos em mg 2022","deputados estaduais eleitos em minas","deputados estaduais eleitos em minas gerais","deputados estaduais eleitos em Minas Gerais 2022","deputados estaduais eleitos mg","deputados estaduais eleitos mg 2022","deputados estaduais eleitos minas","deputados estaduais eleitos minas gerais","deputados federais eleitos em mg","deputados federais eleitos em minas gerais","deputados federais eleitos mg","destaque","Elei\u00e7\u00e3o para deputado estadual no Brasil","Elei\u00e7\u00e3o para deputado federal no Brasil","Elei\u00e7\u00e3o para governador no Brasil","Elei\u00e7\u00e3o para presidente no Brasil","Elei\u00e7\u00e3o para Senador no Brasil","Elei\u00e7\u00f5es","Elei\u00e7\u00f5es 2022","Elei\u00e7\u00f5es 2022 em Minas Gerais","Elei\u00e7\u00f5es 2022 no Brasil","elei\u00e7\u00f5es em minas gerais","Elei\u00e7\u00f5es no Brasil","Eleito MG","Eleito Minas Gerais","Eleitos em minas","Governador eleito em minas gerais","informa\u00e7\u00f5es sobre os deputados eleitos em minas","lista de deputados estaduais eleitos em minas gerais","nomes dos deputados eleitos em minas gerais","Nova composi\u00e7\u00e3o da ALMG","Renova\u00e7\u00e3o na ALMG","Resultado das elei\u00e7\u00f5es 2022 em Minas Gerais","resultado das elei\u00e7\u00f5es em minas gerais","resultado elei\u00e7\u00f5es 2022 em minas gerais","resultado elei\u00e7\u00f5es 2022 mg","senador eleito em minas gerais","vota\u00e7\u00e3o para deputado em minas gerais","vota\u00e7\u00e3o para governador em minas gerais","vota\u00e7\u00e3o para senador em minas gerais"],"articleSection":["Elei\u00e7\u00f5es 2022","Minas Gerais"],"inLanguage":"pt-BR","potentialAction":[{"@type":"CommentAction","name":"Comment","target":["https:\/\/aconteceunovale.com.br\/portal\/?p=191111#respond"]}]},{"@type":"WebPage","@id":"https:\/\/aconteceunovale.com.br\/portal\/?p=191111","url":"https:\/\/aconteceunovale.com.br\/portal\/?p=191111","name":"Percentual de renova\u00e7\u00e3o na ALMG \u00e9 de 32,46% - Aconteceu no Vale","isPartOf":{"@id":"https:\/\/aconteceunovale.com.br\/portal\/#website"},"primaryImageOfPage":{"@id":"https:\/\/aconteceunovale.com.br\/portal\/?p=191111#primaryimage"},"image":{"@id":"https:\/\/aconteceunovale.com.br\/portal\/?p=191111#primaryimage"},"thumbnailUrl":"https:\/\/aconteceunovale.com.br\/portal\/wp-content\/uploads\/2022\/10\/almg_2.jpg","datePublished":"2022-10-03T04:36:53+00:00","dateModified":"2022-10-04T01:37:08+00:00","author":{"@id":"https:\/\/aconteceunovale.com.br\/portal\/#\/schema\/person\/7d2f26d1483f8a63de73da1ee0754d35"},"breadcrumb":{"@id":"https:\/\/aconteceunovale.com.br\/portal\/?p=191111#breadcrumb"},"inLanguage":"pt-BR","potentialAction":[{"@type":"ReadAction","target":["https:\/\/aconteceunovale.com.br\/portal\/?p=191111"]}]},{"@type":"ImageObject","inLanguage":"pt-BR","@id":"https:\/\/aconteceunovale.com.br\/portal\/?p=191111#primaryimage","url":"https:\/\/aconteceunovale.com.br\/portal\/wp-content\/uploads\/2022\/10\/almg_2.jpg","contentUrl":"https:\/\/aconteceunovale.com.br\/portal\/wp-content\/uploads\/2022\/10\/almg_2.jpg","width":640,"height":418},{"@type":"BreadcrumbList","@id":"https:\/\/aconteceunovale.com.br\/portal\/?p=191111#breadcrumb","itemListElement":[{"@type":"ListItem","position":1,"name":"In\u00edcio","item":"https:\/\/aconteceunovale.com.br\/portal\/"},{"@type":"ListItem","position":2,"name":"Percentual de renova\u00e7\u00e3o na ALMG \u00e9 de 32,46%"}]},{"@type":"WebSite","@id":"https:\/\/aconteceunovale.com.br\/portal\/#website","url":"https:\/\/aconteceunovale.com.br\/portal\/","name":"Aconteceu no Vale","description":"Portal de Not\u00edcias","potentialAction":[{"@type":"SearchAction","target":{"@type":"EntryPoint","urlTemplate":"https:\/\/aconteceunovale.com.br\/portal\/?s={search_term_string}"},"query-input":{"@type":"PropertyValueSpecification","valueRequired":true,"valueName":"search_term_string"}}],"inLanguage":"pt-BR"},{"@type":"Person","@id":"https:\/\/aconteceunovale.com.br\/portal\/#\/schema\/person\/7d2f26d1483f8a63de73da1ee0754d35","name":"Reda\u00e7\u00e3o Aconteceu no Vale","description":"Equipe de reportagem do Aconteceu no Vale, portal de not\u00edcias do Vale do Jequitinhonha, em Minas Gerais. Cobrimos as 51 cidades do Vale desde 2013. Sugest\u00f5es de pauta e pedidos de corre\u00e7\u00e3o: contato@aconteceunovale.com.br","url":"https:\/\/aconteceunovale.com.br\/portal\/?author=4"}]}},"_links":{"self":[{"href":"https:\/\/aconteceunovale.com.br\/portal\/index.php?rest_route=\/wp\/v2\/posts\/191111","targetHints":{"allow":["GET"]}}],"collection":[{"href":"https:\/\/aconteceunovale.com.br\/portal\/index.php?rest_route=\/wp\/v2\/posts"}],"about":[{"href":"https:\/\/aconteceunovale.com.br\/portal\/index.php?rest_route=\/wp\/v2\/types\/post"}],"author":[{"embeddable":true,"href":"https:\/\/aconteceunovale.com.br\/portal\/index.php?rest_route=\/wp\/v2\/users\/4"}],"replies":[{"embeddable":true,"href":"https:\/\/aconteceunovale.com.br\/portal\/index.php?rest_route=%2Fwp%2Fv2%2Fcomments&post=191111"}],"version-history":[{"count":1,"href":"https:\/\/aconteceunovale.com.br\/portal\/index.php?rest_route=\/wp\/v2\/posts\/191111\/revisions"}],"predecessor-version":[{"id":191113,"href":"https:\/\/aconteceunovale.com.br\/portal\/index.php?rest_route=\/wp\/v2\/posts\/191111\/revisions\/191113"}],"wp:featuredmedia":[{"embeddable":true,"href":"https:\/\/aconteceunovale.com.br\/portal\/index.php?rest_route=\/wp\/v2\/media\/191112"}],"wp:attachment":[{"href":"https:\/\/aconteceunovale.com.br\/portal\/index.php?rest_route=%2Fwp%2Fv2%2Fmedia&parent=191111"}],"wp:term":[{"taxonomy":"category","embeddable":true,"href":"https:\/\/aconteceunovale.com.br\/portal\/index.php?rest_route=%2Fwp%2Fv2%2Fcategories&post=191111"},{"taxonomy":"post_tag","embeddable":true,"href":"https:\/\/aconteceunovale.com.br\/portal\/index.php?rest_route=%2Fwp%2Fv2%2Ftags&post=191111"}],"curies":[{"name":"wp","href":"https:\/\/api.w.org\/{rel}","templated":true}]}}