{"id":191108,"date":"2022-10-02T01:59:00","date_gmt":"2022-10-02T04:59:00","guid":{"rendered":"https:\/\/aconteceunovale.com.br\/portal\/?p=191108"},"modified":"2022-10-03T22:34:11","modified_gmt":"2022-10-04T01:34:11","slug":"confira-a-nova-composicao-da-almg","status":"publish","type":"post","link":"https:\/\/aconteceunovale.com.br\/portal\/?p=191108","title":{"rendered":"Confira a nova composi\u00e7\u00e3o da ALMG"},"content":{"rendered":"\n<p class=\"wp-block-paragraph\">Com a conclus\u00e3o da apura\u00e7\u00e3o das\u00a0Elei\u00e7\u00f5es 2022\u00a0desse domingo (2\/10\/22), j\u00e1 \u00e9 poss\u00edvel conhecer a nova composi\u00e7\u00e3o da Assembleia Legislativa de Minas Gerais (ALMG).\u00a0Do total de 77 parlamentares eleitos, 52 est\u00e3o entre os que disputaram a reelei\u00e7\u00e3o e 25 s\u00e3o novatos. Foram eleitas 15 deputadas, o que representa um recorde hist\u00f3rico.\u00a0O maior n\u00famero at\u00e9 ent\u00e3o havia sido de 11 mulheres, em 2002, e 10 em 2018. Atualmente, nove deputadas exercem mandato.<\/p>\n\n\n\n<p class=\"wp-block-paragraph\">Dos deputados estaduais que v\u00e3o integrar a 20\u00aa Legislatura (2023-2027), os cinco mais votados disputaram a reelei\u00e7\u00e3o. O primeiro colocado foi o deputado Bruno Engler (PL), que conquistou seu segundo mandato. Em segundo lugar, vem a deputada Beatriz Cerqueira (PT), tamb\u00e9m eleita para o segundo mandato.<\/p>\n\n\n\n<p class=\"wp-block-paragraph\">J\u00e1 o deputado C\u00e1ssio Soares (PSD), em terceiro lugar, elegeu-se para o quarto mandato. Em quarto lugar, o deputado Antonio Carlos Arantes (PL) conquistou o sexto mandato. O quinto colocado foi o deputado Mauro Tramonte (Republicanos), que obteve seu segundo mandato.<\/p>\n\n\n\n<p class=\"wp-block-paragraph\">Confira abaixo quem s\u00e3o os 77 parlamentares eleitos.<\/p>\n\n\n\n<h2 class=\"wp-block-heading\">Deputados eleitos para a 20\u00aa Legislatura (2023-2027)<\/h2>\n\n\n\n<ul class=\"wp-block-list\"><li>Bruno Engler (PL)<\/li><li>Beatriz Cerqueira (PT)<\/li><li>C\u00e1ssio Soares (PSD)<\/li><li>Antonio Carlos Arantes (PL)<\/li><li>Mauro Tramonte (Republicanos)<\/li><li>Arlen Santiago (Avante)<\/li><li>Noraldino J\u00fanior (PSC)<\/li><li>Leandro Genaro (PSD)<\/li><li>F\u00e1bio Avelar (Avante)<\/li><li>Tito Torres (PSD)<\/li><li>Tadeuzinho (MDB)<\/li><li>Gustavo Valadares (PMN)<\/li><li>Ulysses Gomes (PT)<\/li><li>Eduardo Azevedo (PSC)<\/li><li>Cristiano Silveira (PT)<\/li><li>Gil Pereira (PSD)<\/li><li>Neilando Pimenta (PSB)<\/li><li>Dr. Jean Freire (PT)<\/li><li>Delegado Christiano Xavier (PSD)<\/li><li>Elismar Prado (Pros)<\/li><li>Carlos Henrique (Republicanos)<\/li><li>Ione Pinheiro (Uni\u00e3o Brasil)<\/li><li>M\u00e1rio Henrique Caixa (PV)<\/li><li>Raul Bel\u00e9m (Cidadania)<\/li><li>Sargento Rodrigues (PL)<\/li><li>Jo\u00e3o Magalh\u00e3es (MDB)<\/li><li>Doorgal Andrada (Patriota)<\/li><li>Z\u00e9 Guilherme (PP)<\/li><li>Duarte (PSD)<\/li><li>Bosco (Cidadania)<\/li><li>Dr. Paulo (Patriota)<\/li><li>Enes C\u00e2ndido (PMN)<\/li><li>Marquinho Lemos (PT)<\/li><li>Leon\u00eddio Bou\u00e7as (PSDB)<\/li><li>Lohana (PV)<\/li><li>Doutor Wilson Batista (PSD)<\/li><li>Leninha (PT)<\/li><li>Coronel Sandro (PL)<\/li><li>Thiago Cota (PDT)<\/li><li>Douglas Melo (PSD)<\/li><li>Jo\u00e3o V\u00edtor Xavier (Cidadania)<\/li><li>Bet\u00e3o (PT)<\/li><li>Charles Santos (Republicanos)<\/li><li>Arnaldo (Uni\u00e3o Brasil)<\/li><li>Alencar da Silveira Jr. (PDT)<\/li><li>Rafael Martins (PSD)<\/li><li>Lud Falc\u00e3o (Podemos)<\/li><li>Delegada Sheila (PL)<\/li><li>Bim da Ambul\u00e2ncia (Avante)<\/li><li>Roberto Andrade (Patriota)<\/li><li>Vit\u00f3rio J\u00fanior (PP)<\/li><li>Caporezzo (PL)<\/li><li>Dr. Maur\u00edcio (Novo)<\/li><li>Z\u00e9 Laviola (Novo)<\/li><li>Andr\u00e9ia de Jesus (PT)<\/li><li>Maca\u00e9 Evaristo (PT)<\/li><li>Luizinho (PT)<\/li><li>Professor Cleiton (PV)<\/li><li>Betinho Pinto Coelho (PV)<\/li><li>Professor Wendel Mesquita (Solidariedade)<\/li><li>Nayara Rocha (PP)<\/li><li>Celinho Sintrocel (PCdoB)<\/li><li>Bella Gon\u00e7alves (Psol)<\/li><li>Ricardo Campos (PT)<\/li><li>Gustavo Santana (PL)<\/li><li>Leleco Pimentel (PT)<\/li><li>Maria Clara Marra (DC)<\/li><li>Al\u00ea Portela (PL)<\/li><li>Grego (PMN)<\/li><li>Coronel Henrique (PL)<\/li><li>Adriano Alvarenga (PP)<\/li><li>Oscar Teixeira (PP)<\/li><li>Chiara Biondini (PP)<\/li><li>Lucas Lasmar (Rede)<\/li><li>Ana Paula Siqueira (Rede)<\/li><li>Marli Ribeiro (PSC)<\/li><li>Rodrigo Lopes (Uni\u00e3o Brasil)<\/li><\/ul>\n\n\n\n<p class=\"wp-block-paragraph\">&#8212;&#8212;&#8212;&#8212;&#8212;&#8212;<br><br><strong>Sabia que o Aconteceu no Vale est\u00e1 tamb\u00e9m no Telegram? <a rel=\"noreferrer noopener\" href=\"https:\/\/t.me\/aconteceunovaleoficial\" target=\"_blank\">Inscreva-se no canal<\/a>.<\/strong><br><br><strong>J\u00e1 curtiu ou seguiu nossas p\u00e1ginas nas redes sociais?\u00a0Receba as not\u00edcias em primeira m\u00e3o:<\/strong><br>\u2022 <a rel=\"noreferrer noopener\" href=\"https:\/\/news.google.com\/publications\/CAAqBwgKMNjklQswi4etAw?hl=pt-BR&amp;gl=BR&amp;ceid=BR%3Apt-419\" target=\"_blank\">Google News<\/a><br>\u2022 <a rel=\"noreferrer noopener\" href=\"https:\/\/www.facebook.com\/aconteceunovale\/\" target=\"_blank\">Facebook<\/a><br>\u2022 <a rel=\"noreferrer noopener\" href=\"https:\/\/twitter.com\/noticiadosvales\" target=\"_blank\">Twitter<\/a><br>\u2022 <a rel=\"noreferrer noopener\" href=\"https:\/\/www.instagram.com\/aconteceunovale\" target=\"_blank\">Instagram<\/a><br>\u2022 <a rel=\"noreferrer noopener\" href=\"https:\/\/www.youtube.com\/AconteceunoValeOficial\" target=\"_blank\">Youtube<\/a><br>\u2022 <a rel=\"noreferrer noopener\" href=\"https:\/\/www.tiktok.com\/@aconteceunovale\" target=\"_blank\">TikTok<\/a><\/p>\n","protected":false},"excerpt":{"rendered":"<p>Com a conclus\u00e3o da apura\u00e7\u00e3o das\u00a0Elei\u00e7\u00f5es 2022\u00a0desse domingo (2\/10\/22), j\u00e1 \u00e9 poss\u00edvel conhecer a nova composi\u00e7\u00e3o da Assembleia Legislativa de Minas Gerais (ALMG).\u00a0Do total de 77 parlamentares eleitos, 52 est\u00e3o entre os que disputaram a reelei\u00e7\u00e3o e 25 s\u00e3o novatos. Foram eleitas 15 deputadas, o que representa um recorde hist\u00f3rico.\u00a0O maior n\u00famero at\u00e9 ent\u00e3o havia [&hellip;]<\/p>\n","protected":false},"author":4,"featured_media":191109,"comment_status":"open","ping_status":"closed","sticky":false,"template":"","format":"standard","meta":{"amp_status":"","footnotes":""},"categories":[249933,123],"tags":[230288,263770,181662,263766,181660,263873,263769,263767,181661,263773,263772,184044,184074,263771,264618,181713,181651,17379,17458,263755,264617,263756,17651,17646,17653,17655,17652,17618,17654,17548,263757,17539,17525,263758,17529,17360,263515,17526,263759,17546,17531,17538,263760,17527,263761,17530,17375,263516,17528,263762,17541,17532,17533,17459,17543,1018,263627,263626,263625,263624,263628,718,252238,252244,263623,17377,261226,263774,263775,263765,181706,17648,17378,17376,264619,263525,17374,263763,263764,181709,181710,181707,181708],"class_list":["post-191108","post","type-post","status-publish","format-standard","has-post-thumbnail","hentry","category-eleicoes-2022","category-gerais","tag-apuracao-das-eleicoes","tag-apuracao-das-eleicoes-2022","tag-apuracao-das-eleicoes-em-minas-gerais","tag-apuracao-dos-votos","tag-apuracao-dos-votos-em-minas-gerais","tag-apuracao-dos-votos-em-tempo-real","tag-apuracao-dos-votos-em-tempo-real-em-minas-gerais","tag-apuracao-dos-votos-mg","tag-apuracao-dos-votos-para-deputado-em-minas-gerais","tag-apuracao-dos-votos-para-deputado-estadual-em-minas-gerais","tag-apuracao-dos-votos-para-deputado-federal-em-minas-gerais","tag-apuracao-dos-votos-para-governador-em-minas-gerais","tag-apuracao-dos-votos-para-presidente-em-minas-gerais","tag-apuracao-dos-votos-para-senador-em-minas-gerais","tag-composicao-da-almg","tag-confira-a-lista-com-nomes-dos-deputados-estaduais-eleitos-em-minas-gerais","tag-confira-a-lista-de-deputados-estaduais-e-federais-eleitos-em-minas-gerais","tag-confira-a-lista-de-deputados-estaduais-eleitos-em-minas-gerais","tag-confira-a-lista-de-deputados-federais-eleitos-em-minas-gerais","tag-confira-a-lista-final-de-deputados-estaduais-eleitos-em-minas-gerais","tag-confira-a-nova-composicao-da-almg","tag-conheca-os-deputados-estaduais-eleitos-em-minas-gerais","tag-conhecer-os-deputados-eleitos","tag-conhecer-os-deputados-eleitos-em-minas","tag-deputado-mais-votado-no-norte-de-minas","tag-deputado-mais-votado-no-vale-do-aco","tag-deputado-mais-votado-no-vale-do-jequitinhonha","tag-deputado-mais-votado-no-vale-do-mucuri","tag-deputado-mais-votado-no-vale-do-rio-doce","tag-deputados-eleitos","tag-deputados-eleitos-2022-mg","tag-deputados-eleitos-de-mg","tag-deputados-eleitos-em-mg","tag-deputados-eleitos-em-mg-2022","tag-deputados-eleitos-em-minas","tag-deputados-eleitos-em-minas-gerais","tag-deputados-eleitos-em-minas-gerais-2022","tag-deputados-eleitos-mg","tag-deputados-eleitos-mg-2022","tag-deputados-eleitos-minas","tag-deputados-eleitos-minas-gerais","tag-deputados-estaduais-eleitos","tag-deputados-estaduais-eleitos-2022-mg","tag-deputados-estaduais-eleitos-em-mg","tag-deputados-estaduais-eleitos-em-mg-2022","tag-deputados-estaduais-eleitos-em-minas","tag-deputados-estaduais-eleitos-em-minas-gerais","tag-deputados-estaduais-eleitos-em-minas-gerais-2022","tag-deputados-estaduais-eleitos-mg","tag-deputados-estaduais-eleitos-mg-2022","tag-deputados-estaduais-eleitos-minas","tag-deputados-estaduais-eleitos-minas-gerais","tag-deputados-federais-eleitos-em-mg","tag-deputados-federais-eleitos-em-minas-gerais","tag-deputados-federais-eleitos-mg","tag-destaque","tag-eleicao-para-deputado-estadual-no-brasil","tag-eleicao-para-deputado-federal-no-brasil","tag-eleicao-para-governador-no-brasil","tag-eleicao-para-presidente-no-brasil","tag-eleicao-para-senador-no-brasil","tag-eleicoes","tag-eleicoes-2022","tag-eleicoes-2022-em-minas-gerais","tag-eleicoes-2022-no-brasil","tag-eleicoes-em-minas-gerais","tag-eleicoes-no-brasil","tag-eleito-mg","tag-eleito-minas-gerais","tag-eleitos-em-minas","tag-governador-eleito-em-minas-gerais","tag-informacoes-sobre-os-deputados-eleitos-em-minas","tag-lista-de-deputados-estaduais-eleitos-em-minas-gerais","tag-nomes-dos-deputados-eleitos-em-minas-gerais","tag-nova-composicao-da-almg","tag-resultado-das-eleicoes-2022-em-minas-gerais","tag-resultado-das-eleicoes-em-minas-gerais","tag-resultado-eleicoes-2022-em-minas-gerais","tag-resultado-eleicoes-2022-mg","tag-senador-eleito-em-minas-gerais","tag-votacao-para-deputado-em-minas-gerais","tag-votacao-para-governador-em-minas-gerais","tag-votacao-para-senador-em-minas-gerais"],"yoast_head":"<!-- This site is optimized with the Yoast SEO plugin v28.3 - https:\/\/yoast.com\/product\/yoast-seo-wordpress\/ -->\n<title>Confira a nova composi\u00e7\u00e3o da ALMG - Aconteceu no Vale<\/title>\n<meta name=\"robots\" content=\"index, follow, max-snippet:-1, max-image-preview:large, max-video-preview:-1\" \/>\n<link rel=\"canonical\" href=\"https:\/\/aconteceunovale.com.br\/portal\/?p=191108\" \/>\n<meta property=\"og:locale\" content=\"pt_BR\" \/>\n<meta property=\"og:type\" content=\"article\" \/>\n<meta property=\"og:title\" content=\"Confira a nova composi\u00e7\u00e3o da ALMG - Aconteceu no Vale\" \/>\n<meta property=\"og:description\" content=\"Com a conclus\u00e3o da apura\u00e7\u00e3o das\u00a0Elei\u00e7\u00f5es 2022\u00a0desse domingo (2\/10\/22), j\u00e1 \u00e9 poss\u00edvel conhecer a nova composi\u00e7\u00e3o da Assembleia Legislativa de Minas Gerais (ALMG).\u00a0Do total de 77 parlamentares eleitos, 52 est\u00e3o entre os que disputaram a reelei\u00e7\u00e3o e 25 s\u00e3o novatos. Foram eleitas 15 deputadas, o que representa um recorde hist\u00f3rico.\u00a0O maior n\u00famero at\u00e9 ent\u00e3o havia [&hellip;]\" \/>\n<meta property=\"og:url\" content=\"https:\/\/aconteceunovale.com.br\/portal\/?p=191108\" \/>\n<meta property=\"og:site_name\" content=\"Aconteceu no Vale\" \/>\n<meta property=\"article:publisher\" content=\"https:\/\/www.facebook.com\/aconteceunovale\/\" \/>\n<meta property=\"article:published_time\" content=\"2022-10-02T04:59:00+00:00\" \/>\n<meta property=\"article:modified_time\" content=\"2022-10-04T01:34:11+00:00\" \/>\n<meta property=\"og:image\" content=\"https:\/\/aconteceunovale.com.br\/portal\/wp-content\/uploads\/2022\/10\/almg.jpg\" \/>\n\t<meta property=\"og:image:width\" content=\"640\" \/>\n\t<meta property=\"og:image:height\" content=\"425\" \/>\n\t<meta property=\"og:image:type\" content=\"image\/jpeg\" \/>\n<meta name=\"author\" content=\"Reda\u00e7\u00e3o Aconteceu no Vale\" \/>\n<meta name=\"twitter:card\" content=\"summary_large_image\" \/>\n<meta name=\"twitter:creator\" content=\"@noticiadosvales\" \/>\n<meta name=\"twitter:site\" content=\"@noticiadosvales\" \/>\n<meta name=\"twitter:label1\" content=\"Escrito por\" \/>\n\t<meta name=\"twitter:data1\" content=\"Reda\u00e7\u00e3o Aconteceu no Vale\" \/>\n\t<meta name=\"twitter:label2\" content=\"Est. tempo de leitura\" \/>\n\t<meta name=\"twitter:data2\" content=\"2 minutos\" \/>\n<script type=\"application\/ld+json\" class=\"yoast-schema-graph\">{\"@context\":\"https:\\\/\\\/schema.org\",\"@graph\":[{\"@type\":\"Article\",\"@id\":\"https:\\\/\\\/aconteceunovale.com.br\\\/portal\\\/?p=191108#article\",\"isPartOf\":{\"@id\":\"https:\\\/\\\/aconteceunovale.com.br\\\/portal\\\/?p=191108\"},\"author\":{\"name\":\"Reda\u00e7\u00e3o Aconteceu no Vale\",\"@id\":\"https:\\\/\\\/aconteceunovale.com.br\\\/portal\\\/#\\\/schema\\\/person\\\/7d2f26d1483f8a63de73da1ee0754d35\"},\"headline\":\"Confira a nova composi\u00e7\u00e3o da ALMG\",\"datePublished\":\"2022-10-02T04:59:00+00:00\",\"dateModified\":\"2022-10-04T01:34:11+00:00\",\"mainEntityOfPage\":{\"@id\":\"https:\\\/\\\/aconteceunovale.com.br\\\/portal\\\/?p=191108\"},\"wordCount\":486,\"commentCount\":0,\"image\":{\"@id\":\"https:\\\/\\\/aconteceunovale.com.br\\\/portal\\\/?p=191108#primaryimage\"},\"thumbnailUrl\":\"https:\\\/\\\/aconteceunovale.com.br\\\/portal\\\/wp-content\\\/uploads\\\/2022\\\/10\\\/almg.jpg\",\"keywords\":[\"Apura\u00e7\u00e3o das elei\u00e7\u00f5es\",\"Apura\u00e7\u00e3o das elei\u00e7\u00f5es 2022\",\"Apura\u00e7\u00e3o das elei\u00e7\u00f5es em Minas Gerais\",\"Apura\u00e7\u00e3o dos votos\",\"apura\u00e7\u00e3o dos votos em Minas Gerais\",\"Apura\u00e7\u00e3o dos votos em tempo real\",\"Apura\u00e7\u00e3o dos votos em tempo real em Minas Gerais\",\"Apura\u00e7\u00e3o dos votos MG\",\"Apura\u00e7\u00e3o dos votos para deputado em Minas Gerais\",\"Apura\u00e7\u00e3o dos votos para deputado estadual em Minas Gerais\",\"Apura\u00e7\u00e3o dos votos para deputado federal em Minas Gerais\",\"Apura\u00e7\u00e3o dos votos para Governador em Minas Gerais\",\"Apura\u00e7\u00e3o dos votos para presidente em Minas Gerais\",\"Apura\u00e7\u00e3o dos votos para senador em Minas Gerais\",\"Composi\u00e7\u00e3o da ALMG\",\"Confira a lista com nomes dos deputados estaduais eleitos em Minas Gerais\",\"Confira a lista de deputados estaduais e federais eleitos em Minas Gerais\",\"Confira a lista de deputados estaduais eleitos em Minas Gerais\",\"Confira a lista de deputados federais eleitos em Minas Gerais\",\"Confira a lista final de deputados estaduais eleitos em Minas Gerais\",\"Confira a nova composi\u00e7\u00e3o da ALMG\",\"Conhe\u00e7a os deputados estaduais eleitos em Minas Gerais\",\"conhecer os deputados eleitos\",\"conhecer os deputados eleitos em minas\",\"deputado mais votado no norte de minas\",\"deputado mais votado no vale do a\u00e7o\",\"deputado mais votado no vale do jequitinhonha\",\"deputado mais votado no vale do mucuri\",\"deputado mais votado no vale do rio doce\",\"deputados eleitos\",\"deputados eleitos 2022 mg\",\"deputados eleitos de mg\",\"deputados eleitos em mg\",\"deputados eleitos em mg 2022\",\"deputados eleitos em minas\",\"deputados eleitos em minas gerais\",\"deputados eleitos em Minas Gerais 2022\",\"deputados eleitos mg\",\"deputados eleitos mg 2022\",\"deputados eleitos minas\",\"deputados eleitos minas gerais\",\"deputados estaduais eleitos\",\"deputados estaduais eleitos 2022 mg\",\"deputados estaduais eleitos em mg\",\"deputados estaduais eleitos em mg 2022\",\"deputados estaduais eleitos em minas\",\"deputados estaduais eleitos em minas gerais\",\"deputados estaduais eleitos em Minas Gerais 2022\",\"deputados estaduais eleitos mg\",\"deputados estaduais eleitos mg 2022\",\"deputados estaduais eleitos minas\",\"deputados estaduais eleitos minas gerais\",\"deputados federais eleitos em mg\",\"deputados federais eleitos em minas gerais\",\"deputados federais eleitos mg\",\"destaque\",\"Elei\u00e7\u00e3o para deputado estadual no Brasil\",\"Elei\u00e7\u00e3o para deputado federal no Brasil\",\"Elei\u00e7\u00e3o para governador no Brasil\",\"Elei\u00e7\u00e3o para presidente no Brasil\",\"Elei\u00e7\u00e3o para Senador no Brasil\",\"Elei\u00e7\u00f5es\",\"Elei\u00e7\u00f5es 2022\",\"Elei\u00e7\u00f5es 2022 em Minas Gerais\",\"Elei\u00e7\u00f5es 2022 no Brasil\",\"elei\u00e7\u00f5es em minas gerais\",\"Elei\u00e7\u00f5es no Brasil\",\"Eleito MG\",\"Eleito Minas Gerais\",\"Eleitos em minas\",\"Governador eleito em minas gerais\",\"informa\u00e7\u00f5es sobre os deputados eleitos em minas\",\"lista de deputados estaduais eleitos em minas gerais\",\"nomes dos deputados eleitos em minas gerais\",\"Nova composi\u00e7\u00e3o da ALMG\",\"Resultado das elei\u00e7\u00f5es 2022 em Minas Gerais\",\"resultado das elei\u00e7\u00f5es em minas gerais\",\"resultado elei\u00e7\u00f5es 2022 em minas gerais\",\"resultado elei\u00e7\u00f5es 2022 mg\",\"senador eleito em minas gerais\",\"vota\u00e7\u00e3o para deputado em minas gerais\",\"vota\u00e7\u00e3o para governador em minas gerais\",\"vota\u00e7\u00e3o para senador em minas gerais\"],\"articleSection\":[\"Elei\u00e7\u00f5es 2022\",\"Minas Gerais\"],\"inLanguage\":\"pt-BR\",\"potentialAction\":[{\"@type\":\"CommentAction\",\"name\":\"Comment\",\"target\":[\"https:\\\/\\\/aconteceunovale.com.br\\\/portal\\\/?p=191108#respond\"]}]},{\"@type\":\"WebPage\",\"@id\":\"https:\\\/\\\/aconteceunovale.com.br\\\/portal\\\/?p=191108\",\"url\":\"https:\\\/\\\/aconteceunovale.com.br\\\/portal\\\/?p=191108\",\"name\":\"Confira a nova composi\u00e7\u00e3o da ALMG - Aconteceu no Vale\",\"isPartOf\":{\"@id\":\"https:\\\/\\\/aconteceunovale.com.br\\\/portal\\\/#website\"},\"primaryImageOfPage\":{\"@id\":\"https:\\\/\\\/aconteceunovale.com.br\\\/portal\\\/?p=191108#primaryimage\"},\"image\":{\"@id\":\"https:\\\/\\\/aconteceunovale.com.br\\\/portal\\\/?p=191108#primaryimage\"},\"thumbnailUrl\":\"https:\\\/\\\/aconteceunovale.com.br\\\/portal\\\/wp-content\\\/uploads\\\/2022\\\/10\\\/almg.jpg\",\"datePublished\":\"2022-10-02T04:59:00+00:00\",\"dateModified\":\"2022-10-04T01:34:11+00:00\",\"author\":{\"@id\":\"https:\\\/\\\/aconteceunovale.com.br\\\/portal\\\/#\\\/schema\\\/person\\\/7d2f26d1483f8a63de73da1ee0754d35\"},\"breadcrumb\":{\"@id\":\"https:\\\/\\\/aconteceunovale.com.br\\\/portal\\\/?p=191108#breadcrumb\"},\"inLanguage\":\"pt-BR\",\"potentialAction\":[{\"@type\":\"ReadAction\",\"target\":[\"https:\\\/\\\/aconteceunovale.com.br\\\/portal\\\/?p=191108\"]}]},{\"@type\":\"ImageObject\",\"inLanguage\":\"pt-BR\",\"@id\":\"https:\\\/\\\/aconteceunovale.com.br\\\/portal\\\/?p=191108#primaryimage\",\"url\":\"https:\\\/\\\/aconteceunovale.com.br\\\/portal\\\/wp-content\\\/uploads\\\/2022\\\/10\\\/almg.jpg\",\"contentUrl\":\"https:\\\/\\\/aconteceunovale.com.br\\\/portal\\\/wp-content\\\/uploads\\\/2022\\\/10\\\/almg.jpg\",\"width\":640,\"height\":425},{\"@type\":\"BreadcrumbList\",\"@id\":\"https:\\\/\\\/aconteceunovale.com.br\\\/portal\\\/?p=191108#breadcrumb\",\"itemListElement\":[{\"@type\":\"ListItem\",\"position\":1,\"name\":\"In\u00edcio\",\"item\":\"https:\\\/\\\/aconteceunovale.com.br\\\/portal\\\/\"},{\"@type\":\"ListItem\",\"position\":2,\"name\":\"Confira a nova composi\u00e7\u00e3o da ALMG\"}]},{\"@type\":\"WebSite\",\"@id\":\"https:\\\/\\\/aconteceunovale.com.br\\\/portal\\\/#website\",\"url\":\"https:\\\/\\\/aconteceunovale.com.br\\\/portal\\\/\",\"name\":\"Aconteceu no Vale\",\"description\":\"Portal de Not\u00edcias\",\"potentialAction\":[{\"@type\":\"SearchAction\",\"target\":{\"@type\":\"EntryPoint\",\"urlTemplate\":\"https:\\\/\\\/aconteceunovale.com.br\\\/portal\\\/?s={search_term_string}\"},\"query-input\":{\"@type\":\"PropertyValueSpecification\",\"valueRequired\":true,\"valueName\":\"search_term_string\"}}],\"inLanguage\":\"pt-BR\"},{\"@type\":\"Person\",\"@id\":\"https:\\\/\\\/aconteceunovale.com.br\\\/portal\\\/#\\\/schema\\\/person\\\/7d2f26d1483f8a63de73da1ee0754d35\",\"name\":\"Reda\u00e7\u00e3o Aconteceu no Vale\",\"description\":\"Equipe de reportagem do Aconteceu no Vale, portal de not\u00edcias do Vale do Jequitinhonha, em Minas Gerais. Cobrimos as 51 cidades do Vale desde 2013. Sugest\u00f5es de pauta e pedidos de corre\u00e7\u00e3o: contato@aconteceunovale.com.br\",\"url\":\"https:\\\/\\\/aconteceunovale.com.br\\\/portal\\\/?author=4\"}]}<\/script>\n<!-- \/ Yoast SEO plugin. -->","yoast_head_json":{"title":"Confira a nova composi\u00e7\u00e3o da ALMG - Aconteceu no Vale","robots":{"index":"index","follow":"follow","max-snippet":"max-snippet:-1","max-image-preview":"max-image-preview:large","max-video-preview":"max-video-preview:-1"},"canonical":"https:\/\/aconteceunovale.com.br\/portal\/?p=191108","og_locale":"pt_BR","og_type":"article","og_title":"Confira a nova composi\u00e7\u00e3o da ALMG - Aconteceu no Vale","og_description":"Com a conclus\u00e3o da apura\u00e7\u00e3o das\u00a0Elei\u00e7\u00f5es 2022\u00a0desse domingo (2\/10\/22), j\u00e1 \u00e9 poss\u00edvel conhecer a nova composi\u00e7\u00e3o da Assembleia Legislativa de Minas Gerais (ALMG).\u00a0Do total de 77 parlamentares eleitos, 52 est\u00e3o entre os que disputaram a reelei\u00e7\u00e3o e 25 s\u00e3o novatos. Foram eleitas 15 deputadas, o que representa um recorde hist\u00f3rico.\u00a0O maior n\u00famero at\u00e9 ent\u00e3o havia [&hellip;]","og_url":"https:\/\/aconteceunovale.com.br\/portal\/?p=191108","og_site_name":"Aconteceu no Vale","article_publisher":"https:\/\/www.facebook.com\/aconteceunovale\/","article_published_time":"2022-10-02T04:59:00+00:00","article_modified_time":"2022-10-04T01:34:11+00:00","og_image":[{"width":640,"height":425,"url":"https:\/\/aconteceunovale.com.br\/portal\/wp-content\/uploads\/2022\/10\/almg.jpg","type":"image\/jpeg"}],"author":"Reda\u00e7\u00e3o Aconteceu no Vale","twitter_card":"summary_large_image","twitter_creator":"@noticiadosvales","twitter_site":"@noticiadosvales","twitter_misc":{"Escrito por":"Reda\u00e7\u00e3o Aconteceu no Vale","Est. tempo de leitura":"2 minutos"},"schema":{"@context":"https:\/\/schema.org","@graph":[{"@type":"Article","@id":"https:\/\/aconteceunovale.com.br\/portal\/?p=191108#article","isPartOf":{"@id":"https:\/\/aconteceunovale.com.br\/portal\/?p=191108"},"author":{"name":"Reda\u00e7\u00e3o Aconteceu no Vale","@id":"https:\/\/aconteceunovale.com.br\/portal\/#\/schema\/person\/7d2f26d1483f8a63de73da1ee0754d35"},"headline":"Confira a nova composi\u00e7\u00e3o da ALMG","datePublished":"2022-10-02T04:59:00+00:00","dateModified":"2022-10-04T01:34:11+00:00","mainEntityOfPage":{"@id":"https:\/\/aconteceunovale.com.br\/portal\/?p=191108"},"wordCount":486,"commentCount":0,"image":{"@id":"https:\/\/aconteceunovale.com.br\/portal\/?p=191108#primaryimage"},"thumbnailUrl":"https:\/\/aconteceunovale.com.br\/portal\/wp-content\/uploads\/2022\/10\/almg.jpg","keywords":["Apura\u00e7\u00e3o das elei\u00e7\u00f5es","Apura\u00e7\u00e3o das elei\u00e7\u00f5es 2022","Apura\u00e7\u00e3o das elei\u00e7\u00f5es em Minas Gerais","Apura\u00e7\u00e3o dos votos","apura\u00e7\u00e3o dos votos em Minas Gerais","Apura\u00e7\u00e3o dos votos em tempo real","Apura\u00e7\u00e3o dos votos em tempo real em Minas Gerais","Apura\u00e7\u00e3o dos votos MG","Apura\u00e7\u00e3o dos votos para deputado em Minas Gerais","Apura\u00e7\u00e3o dos votos para deputado estadual em Minas Gerais","Apura\u00e7\u00e3o dos votos para deputado federal em Minas Gerais","Apura\u00e7\u00e3o dos votos para Governador em Minas Gerais","Apura\u00e7\u00e3o dos votos para presidente em Minas Gerais","Apura\u00e7\u00e3o dos votos para senador em Minas Gerais","Composi\u00e7\u00e3o da ALMG","Confira a lista com nomes dos deputados estaduais eleitos em Minas Gerais","Confira a lista de deputados estaduais e federais eleitos em Minas Gerais","Confira a lista de deputados estaduais eleitos em Minas Gerais","Confira a lista de deputados federais eleitos em Minas Gerais","Confira a lista final de deputados estaduais eleitos em Minas Gerais","Confira a nova composi\u00e7\u00e3o da ALMG","Conhe\u00e7a os deputados estaduais eleitos em Minas Gerais","conhecer os deputados eleitos","conhecer os deputados eleitos em minas","deputado mais votado no norte de minas","deputado mais votado no vale do a\u00e7o","deputado mais votado no vale do jequitinhonha","deputado mais votado no vale do mucuri","deputado mais votado no vale do rio doce","deputados eleitos","deputados eleitos 2022 mg","deputados eleitos de mg","deputados eleitos em mg","deputados eleitos em mg 2022","deputados eleitos em minas","deputados eleitos em minas gerais","deputados eleitos em Minas Gerais 2022","deputados eleitos mg","deputados eleitos mg 2022","deputados eleitos minas","deputados eleitos minas gerais","deputados estaduais eleitos","deputados estaduais eleitos 2022 mg","deputados estaduais eleitos em mg","deputados estaduais eleitos em mg 2022","deputados estaduais eleitos em minas","deputados estaduais eleitos em minas gerais","deputados estaduais eleitos em Minas Gerais 2022","deputados estaduais eleitos mg","deputados estaduais eleitos mg 2022","deputados estaduais eleitos minas","deputados estaduais eleitos minas gerais","deputados federais eleitos em mg","deputados federais eleitos em minas gerais","deputados federais eleitos mg","destaque","Elei\u00e7\u00e3o para deputado estadual no Brasil","Elei\u00e7\u00e3o para deputado federal no Brasil","Elei\u00e7\u00e3o para governador no Brasil","Elei\u00e7\u00e3o para presidente no Brasil","Elei\u00e7\u00e3o para Senador no Brasil","Elei\u00e7\u00f5es","Elei\u00e7\u00f5es 2022","Elei\u00e7\u00f5es 2022 em Minas Gerais","Elei\u00e7\u00f5es 2022 no Brasil","elei\u00e7\u00f5es em minas gerais","Elei\u00e7\u00f5es no Brasil","Eleito MG","Eleito Minas Gerais","Eleitos em minas","Governador eleito em minas gerais","informa\u00e7\u00f5es sobre os deputados eleitos em minas","lista de deputados estaduais eleitos em minas gerais","nomes dos deputados eleitos em minas gerais","Nova composi\u00e7\u00e3o da ALMG","Resultado das elei\u00e7\u00f5es 2022 em Minas Gerais","resultado das elei\u00e7\u00f5es em minas gerais","resultado elei\u00e7\u00f5es 2022 em minas gerais","resultado elei\u00e7\u00f5es 2022 mg","senador eleito em minas gerais","vota\u00e7\u00e3o para deputado em minas gerais","vota\u00e7\u00e3o para governador em minas gerais","vota\u00e7\u00e3o para senador em minas gerais"],"articleSection":["Elei\u00e7\u00f5es 2022","Minas Gerais"],"inLanguage":"pt-BR","potentialAction":[{"@type":"CommentAction","name":"Comment","target":["https:\/\/aconteceunovale.com.br\/portal\/?p=191108#respond"]}]},{"@type":"WebPage","@id":"https:\/\/aconteceunovale.com.br\/portal\/?p=191108","url":"https:\/\/aconteceunovale.com.br\/portal\/?p=191108","name":"Confira a nova composi\u00e7\u00e3o da ALMG - Aconteceu no Vale","isPartOf":{"@id":"https:\/\/aconteceunovale.com.br\/portal\/#website"},"primaryImageOfPage":{"@id":"https:\/\/aconteceunovale.com.br\/portal\/?p=191108#primaryimage"},"image":{"@id":"https:\/\/aconteceunovale.com.br\/portal\/?p=191108#primaryimage"},"thumbnailUrl":"https:\/\/aconteceunovale.com.br\/portal\/wp-content\/uploads\/2022\/10\/almg.jpg","datePublished":"2022-10-02T04:59:00+00:00","dateModified":"2022-10-04T01:34:11+00:00","author":{"@id":"https:\/\/aconteceunovale.com.br\/portal\/#\/schema\/person\/7d2f26d1483f8a63de73da1ee0754d35"},"breadcrumb":{"@id":"https:\/\/aconteceunovale.com.br\/portal\/?p=191108#breadcrumb"},"inLanguage":"pt-BR","potentialAction":[{"@type":"ReadAction","target":["https:\/\/aconteceunovale.com.br\/portal\/?p=191108"]}]},{"@type":"ImageObject","inLanguage":"pt-BR","@id":"https:\/\/aconteceunovale.com.br\/portal\/?p=191108#primaryimage","url":"https:\/\/aconteceunovale.com.br\/portal\/wp-content\/uploads\/2022\/10\/almg.jpg","contentUrl":"https:\/\/aconteceunovale.com.br\/portal\/wp-content\/uploads\/2022\/10\/almg.jpg","width":640,"height":425},{"@type":"BreadcrumbList","@id":"https:\/\/aconteceunovale.com.br\/portal\/?p=191108#breadcrumb","itemListElement":[{"@type":"ListItem","position":1,"name":"In\u00edcio","item":"https:\/\/aconteceunovale.com.br\/portal\/"},{"@type":"ListItem","position":2,"name":"Confira a nova composi\u00e7\u00e3o da ALMG"}]},{"@type":"WebSite","@id":"https:\/\/aconteceunovale.com.br\/portal\/#website","url":"https:\/\/aconteceunovale.com.br\/portal\/","name":"Aconteceu no Vale","description":"Portal de Not\u00edcias","potentialAction":[{"@type":"SearchAction","target":{"@type":"EntryPoint","urlTemplate":"https:\/\/aconteceunovale.com.br\/portal\/?s={search_term_string}"},"query-input":{"@type":"PropertyValueSpecification","valueRequired":true,"valueName":"search_term_string"}}],"inLanguage":"pt-BR"},{"@type":"Person","@id":"https:\/\/aconteceunovale.com.br\/portal\/#\/schema\/person\/7d2f26d1483f8a63de73da1ee0754d35","name":"Reda\u00e7\u00e3o Aconteceu no Vale","description":"Equipe de reportagem do Aconteceu no Vale, portal de not\u00edcias do Vale do Jequitinhonha, em Minas Gerais. Cobrimos as 51 cidades do Vale desde 2013. Sugest\u00f5es de pauta e pedidos de corre\u00e7\u00e3o: contato@aconteceunovale.com.br","url":"https:\/\/aconteceunovale.com.br\/portal\/?author=4"}]}},"_links":{"self":[{"href":"https:\/\/aconteceunovale.com.br\/portal\/index.php?rest_route=\/wp\/v2\/posts\/191108","targetHints":{"allow":["GET"]}}],"collection":[{"href":"https:\/\/aconteceunovale.com.br\/portal\/index.php?rest_route=\/wp\/v2\/posts"}],"about":[{"href":"https:\/\/aconteceunovale.com.br\/portal\/index.php?rest_route=\/wp\/v2\/types\/post"}],"author":[{"embeddable":true,"href":"https:\/\/aconteceunovale.com.br\/portal\/index.php?rest_route=\/wp\/v2\/users\/4"}],"replies":[{"embeddable":true,"href":"https:\/\/aconteceunovale.com.br\/portal\/index.php?rest_route=%2Fwp%2Fv2%2Fcomments&post=191108"}],"version-history":[{"count":1,"href":"https:\/\/aconteceunovale.com.br\/portal\/index.php?rest_route=\/wp\/v2\/posts\/191108\/revisions"}],"predecessor-version":[{"id":191110,"href":"https:\/\/aconteceunovale.com.br\/portal\/index.php?rest_route=\/wp\/v2\/posts\/191108\/revisions\/191110"}],"wp:featuredmedia":[{"embeddable":true,"href":"https:\/\/aconteceunovale.com.br\/portal\/index.php?rest_route=\/wp\/v2\/media\/191109"}],"wp:attachment":[{"href":"https:\/\/aconteceunovale.com.br\/portal\/index.php?rest_route=%2Fwp%2Fv2%2Fmedia&parent=191108"}],"wp:term":[{"taxonomy":"category","embeddable":true,"href":"https:\/\/aconteceunovale.com.br\/portal\/index.php?rest_route=%2Fwp%2Fv2%2Fcategories&post=191108"},{"taxonomy":"post_tag","embeddable":true,"href":"https:\/\/aconteceunovale.com.br\/portal\/index.php?rest_route=%2Fwp%2Fv2%2Ftags&post=191108"}],"curies":[{"name":"wp","href":"https:\/\/api.w.org\/{rel}","templated":true}]}}