{"id":191105,"date":"2022-10-03T14:37:59","date_gmt":"2022-10-03T17:37:59","guid":{"rendered":"https:\/\/aconteceunovale.com.br\/portal\/?p=191105"},"modified":"2022-10-03T21:59:10","modified_gmt":"2022-10-04T00:59:10","slug":"partido-liberal-elege-o-maior-numero-de-deputados-e-senadores","status":"publish","type":"post","link":"https:\/\/aconteceunovale.com.br\/portal\/?p=191105","title":{"rendered":"Partido Liberal elege o maior n\u00famero de deputados e senadores"},"content":{"rendered":"\n<p class=\"wp-block-paragraph\">As elei\u00e7\u00f5es deste ano trar\u00e3o, a partir de 1\u00b0 de janeiro de 2023, uma nova configura\u00e7\u00e3o de for\u00e7as na C\u00e2mara dos Deputados e no Senado. O Partido Liberal (PL), do presidente Jair Bolsonaro, saiu fortalecido da disputa com aumento expressivo de cadeiras.<\/p>\n\n\n\n<p class=\"wp-block-paragraph\">Dos 513 assentos de deputados, a sigla ter\u00e1 99. J\u00e1 a Federa\u00e7\u00e3o Brasil da Esperan\u00e7a, da qual fazem parte PT, PCdoB e PV, ter\u00e1 a segunda maior bancada da C\u00e2mara dos Deputados, com 80 parlamentares. Em terceiro lugar est\u00e1 o Uni\u00e3o Brasil, com 59 deputados, seguido do PP, que elegeu 47. O MDB e PSD garantiram 42 deputados, cada, e o Republicanos, 41.<\/p>\n\n\n\n<p class=\"wp-block-paragraph\">Ainda na C\u00e2mara, o desempenho de partidos tradicionais como o PSDB &#8211; federado com o Cidadania &#8211; foi modesto com a conquista de 18 cadeiras. Tamb\u00e9m com desempenho t\u00edmido, PDT e PSB, elegeram, respectivamente, 17 e 14 deputados no pleito.<\/p>\n\n\n\n<h2 class=\"wp-block-heading\">Senado<\/h2>\n\n\n\n<p class=\"wp-block-paragraph\">Assim como na C\u00e2mara, no Senado o PL desbancou o MDB que h\u00e1 mais de tr\u00eas d\u00e9cadas era o maior partido da Casa e foi o maior vitorioso nas urnas. Dos 27 senadores eleitos, o PL elegeu oito, o dobro dos eleitos pelo PT, de Luiz In\u00e1cio Lula da Silva, que emplacou quatro.<\/p>\n\n\n\n<p class=\"wp-block-paragraph\">Com esse resultado, o partido de Bolsonaro come\u00e7ar\u00e1 a pr\u00f3xima legislatura, caso n\u00e3o haja mudan\u00e7as, com 14 senadores.<\/p>\n\n\n\n<h2 class=\"wp-block-heading\">Outros partidos<\/h2>\n\n\n\n<p class=\"wp-block-paragraph\">O Uni\u00e3o Brasil, fundado a partir da jun\u00e7\u00e3o do Democratas e do Partido Social Liberal (PSL), garantiu cinco assentos no Senado e em 2023 ter\u00e1 12 senadores. J\u00e1 os petistas ter\u00e3o nove representantes e ficar\u00e3o atr\u00e1s do PSD, que ter\u00e1 dez,&nbsp;e do MDB, que perdeu tr\u00eas&nbsp;assentos e tamb\u00e9m sai do pleito com dez senadores.<\/p>\n\n\n\n<p class=\"wp-block-paragraph\">Entre os emedebistas que disputaram uma vaga na Casa, apenas Renan Filho (MDB), de Alagoas, foi eleito.<\/p>\n\n\n\n<p class=\"wp-block-paragraph\">Apesar do resultado de ontem, no Senado a situa\u00e7\u00e3o ainda est\u00e1 indefinida para cinco senadores que disputam o segundo turno de governos estaduais. \u00c9 o caso de Jorginho Mello (PL-SC), Rog\u00e9rio Carvalho (PT-SE), Marcos Rog\u00e9rio (PL-RO), Eduardo Braga (MDB-AM) e Rodrigo cunha (Uni\u00e3o-AL). Todos eles t\u00eam mandatos na Casa at\u00e9 2027, por isso, caso n\u00e3o sejam eleitos para o governo, poder\u00e3o voltar ao Senado.<\/p>\n\n\n\n<h2 class=\"wp-block-heading\">Impactos<\/h2>\n\n\n\n<p class=\"wp-block-paragraph\">O tamanho das bancadas tem impacto direto no funcionamento do Congresso. Isso porque as presid\u00eancias das comiss\u00f5es da C\u00e2mara e do Senado, por onde passam as propostas legislativas, s\u00e3o definidas a partir da proporcionalidade partid\u00e1ria.<\/p>\n\n\n\n<p class=\"wp-block-paragraph\">O mesmo ocorre com as vagas na Mesa Diretora das duas Casas. Na pr\u00e1tica, os partidos ou blocos que elegem mais nomes tamb\u00e9m ganham prioridade para ocupar cargos mais importantes.<\/p>\n\n\n\n<p class=\"wp-block-paragraph\">O desenho da nova composi\u00e7\u00e3o tamb\u00e9m influencia na governabilidade do pr\u00f3ximo presidente da Rep\u00fablica, que ter\u00e1 que buscar apoio dos partidos para votar reformas e pautas que considerar priorit\u00e1rias em seu mandato. Outra consequ\u00eancia \u00e9 vista na divis\u00e3o dos recursos do Fundo Partid\u00e1rio, feita entre os partidos de acordo com a vota\u00e7\u00e3o para deputado federal.<\/p>\n\n\n\n<h2 class=\"wp-block-heading\">Recursos<\/h2>\n\n\n\n<p class=\"wp-block-paragraph\">Em raz\u00e3o de eventuais recursos decididos pela Justi\u00e7a Eleitoral como a\u00e7\u00f5es sobre abuso do poder econ\u00f4mico e pol\u00edtico nas elei\u00e7\u00f5es, ou se o candidato registrado de fato tem todos os requisitos para exercer o cargo, os resultados finais ainda poder\u00e3o ser alterados.<\/p>\n\n\n\n<p class=\"wp-block-paragraph\">Veja como ficou a composi\u00e7\u00e3o na C\u00e2mara dos Deputados:<\/p>\n\n\n\n<ul class=\"wp-block-list\"><li>PL \u2013 99<\/li><li>Federa\u00e7\u00e3o Brasil (PT\/PV\/PCdoB) \u2013 80<\/li><li>Uni\u00e3o Brasil \u2013 59<\/li><li>PP \u2013 47<\/li><li>MDB \u2013 42<\/li><li>PSD \u2013 42<\/li><li>Republicanos \u2013 41<\/li><li>Federa\u00e7\u00e3o PSDB\/Cidadania \u2013 18<\/li><li>PDT \u2013 17<\/li><li>Federa\u00e7\u00e3o Rede\/PSOL \u2013 14<\/li><li>Podemos \u2013 12<\/li><li>Outros partidos \u2013 28<\/li><\/ul>\n\n\n\n<p class=\"wp-block-paragraph\">Confira quem s\u00e3o os 27 senadores eleitos:<\/p>\n\n\n\n<ul class=\"wp-block-list\"><li>Acre: Alan Rick (Uni\u00e3o Brasil)<\/li><li>Alagoas: Renan Filho (MDB)<\/li><li>Amap\u00e1: Davi Alcolumbre (Uni\u00e3o Brasil)<\/li><li>Amazonas: Omar Aziz (PSD)<\/li><li>Bahia: Otto Alencar (PSD)<\/li><li>Cear\u00e1: Camilo Santana (PT)<\/li><li>Distrito Federal: Damares Alves (Republicanos)<\/li><li>Esp\u00edrito Santo: Magno Malta (PL)<\/li><li>Goi\u00e1s: Wilder Morais (PL)<\/li><li>Maranh\u00e3o: Fl\u00e1vio Dino (PSB)<\/li><li>Mato Grosso: Wellington Fagundes (PL)<\/li><li>Mato Grosso do Sul: Tereza Cristina (PP)<\/li><li>Minas Gerais: Cleitinho (PSC)<\/li><li>Par\u00e1: Beto Faro (PT)<\/li><li>Para\u00edba: Efraim Filho (Uni\u00e3o Brasil)<\/li><li>Paran\u00e1: Sergio Moro (Uni\u00e3o Brasil)<\/li><li>Piau\u00ed: Wellington Dias (PT)<\/li><li>Pernambuco: Teresa Leit\u00e3o (PT)<\/li><li>Rio de Janeiro: Rom\u00e1rio (PL)<\/li><li>Rio Grande do Norte: Rog\u00e9rio Marinho (PL)<\/li><li>Rio Grande do Sul: Hamilton Mour\u00e3o (Republicanos)<\/li><li>Rond\u00f4nia: Jaime Bagattoli (PL)<\/li><li>Roraima: Hiran Gon\u00e7alves (PP)<\/li><li>Santa Catarina: Jorge Seif (PL)<\/li><li>S\u00e3o Paulo: Marcos Pontes (PL)<\/li><li>Sergipe: La\u00e9rcio (PP)<\/li><li>Tocantins: Dorinha (Uni\u00e3o Brasil)<\/li><\/ul>\n\n\n\n<p class=\"wp-block-paragraph\">&#8212;&#8212;&#8212;&#8212;&#8212;&#8212;<br><br><strong>Sabia que o Aconteceu no Vale est\u00e1 tamb\u00e9m no Telegram? <a rel=\"noreferrer noopener\" href=\"https:\/\/t.me\/aconteceunovaleoficial\" target=\"_blank\">Inscreva-se no canal<\/a>.<\/strong><br><br><strong>J\u00e1 curtiu ou seguiu nossas p\u00e1ginas nas redes sociais?\u00a0Receba as not\u00edcias em primeira m\u00e3o:<\/strong><br>\u2022 <a rel=\"noreferrer noopener\" href=\"https:\/\/news.google.com\/publications\/CAAqBwgKMNjklQswi4etAw?hl=pt-BR&amp;gl=BR&amp;ceid=BR%3Apt-419\" target=\"_blank\">Google News<\/a><br>\u2022 <a rel=\"noreferrer noopener\" href=\"https:\/\/www.facebook.com\/aconteceunovale\/\" target=\"_blank\">Facebook<\/a><br>\u2022 <a rel=\"noreferrer noopener\" href=\"https:\/\/twitter.com\/noticiadosvales\" target=\"_blank\">Twitter<\/a><br>\u2022 <a rel=\"noreferrer noopener\" href=\"https:\/\/www.instagram.com\/aconteceunovale\" target=\"_blank\">Instagram<\/a><br>\u2022 <a rel=\"noreferrer noopener\" href=\"https:\/\/www.youtube.com\/AconteceunoValeOficial\" target=\"_blank\">Youtube<\/a><br>\u2022 <a rel=\"noreferrer noopener\" href=\"https:\/\/www.tiktok.com\/@aconteceunovale\" target=\"_blank\">TikTok<\/a><\/p>\n","protected":false},"excerpt":{"rendered":"<p>As elei\u00e7\u00f5es deste ano trar\u00e3o, a partir de 1\u00b0 de janeiro de 2023, uma nova configura\u00e7\u00e3o de for\u00e7as na C\u00e2mara dos Deputados e no Senado. O Partido Liberal (PL), do presidente Jair Bolsonaro, saiu fortalecido da disputa com aumento expressivo de cadeiras. Dos 513 assentos de deputados, a sigla ter\u00e1 99. J\u00e1 a Federa\u00e7\u00e3o Brasil [&hellip;]<\/p>\n","protected":false},"author":4,"featured_media":191106,"comment_status":"open","ping_status":"closed","sticky":false,"template":"","format":"standard","meta":{"amp_status":"","footnotes":""},"categories":[6,249933],"tags":[264611,264612,264613,264614,20922,264615,264616,243991,264610,243467,21938],"class_list":["post-191105","post","type-post","status-publish","format-standard","has-post-thumbnail","hentry","category-br","category-eleicoes-2022","tag-bancada-do-partido-liberal","tag-bancada-do-pl","tag-bancada-do-pl-na-camara","tag-bancada-do-pl-no-senado","tag-camara-dos-deputados","tag-partido-com-maior-numero-de-deputados","tag-partido-com-maior-numero-de-senadores","tag-partido-liberal","tag-partido-liberal-elege-o-maior-numero-de-deputados-e-senadores","tag-pl","tag-senado"],"yoast_head":"<!-- This site is optimized with the Yoast SEO plugin v28.3 - https:\/\/yoast.com\/product\/yoast-seo-wordpress\/ -->\n<title>Partido Liberal elege o maior n\u00famero de deputados e senadores - Aconteceu no Vale<\/title>\n<meta name=\"robots\" content=\"index, follow, max-snippet:-1, max-image-preview:large, max-video-preview:-1\" \/>\n<link rel=\"canonical\" href=\"https:\/\/aconteceunovale.com.br\/portal\/?p=191105\" \/>\n<meta property=\"og:locale\" content=\"pt_BR\" \/>\n<meta property=\"og:type\" content=\"article\" \/>\n<meta property=\"og:title\" content=\"Partido Liberal elege o maior n\u00famero de deputados e senadores - Aconteceu no Vale\" \/>\n<meta property=\"og:description\" content=\"As elei\u00e7\u00f5es deste ano trar\u00e3o, a partir de 1\u00b0 de janeiro de 2023, uma nova configura\u00e7\u00e3o de for\u00e7as na C\u00e2mara dos Deputados e no Senado. O Partido Liberal (PL), do presidente Jair Bolsonaro, saiu fortalecido da disputa com aumento expressivo de cadeiras. Dos 513 assentos de deputados, a sigla ter\u00e1 99. J\u00e1 a Federa\u00e7\u00e3o Brasil [&hellip;]\" \/>\n<meta property=\"og:url\" content=\"https:\/\/aconteceunovale.com.br\/portal\/?p=191105\" \/>\n<meta property=\"og:site_name\" content=\"Aconteceu no Vale\" \/>\n<meta property=\"article:publisher\" content=\"https:\/\/www.facebook.com\/aconteceunovale\/\" \/>\n<meta property=\"article:published_time\" content=\"2022-10-03T17:37:59+00:00\" \/>\n<meta property=\"article:modified_time\" content=\"2022-10-04T00:59:10+00:00\" \/>\n<meta property=\"og:image\" content=\"https:\/\/aconteceunovale.com.br\/portal\/wp-content\/uploads\/2022\/10\/congresso_brasil.jpg\" \/>\n\t<meta property=\"og:image:width\" content=\"678\" \/>\n\t<meta property=\"og:image:height\" content=\"406\" \/>\n\t<meta property=\"og:image:type\" content=\"image\/jpeg\" \/>\n<meta name=\"author\" content=\"Reda\u00e7\u00e3o Aconteceu no Vale\" \/>\n<meta name=\"twitter:card\" content=\"summary_large_image\" \/>\n<meta name=\"twitter:creator\" content=\"@noticiadosvales\" \/>\n<meta name=\"twitter:site\" content=\"@noticiadosvales\" \/>\n<meta name=\"twitter:label1\" content=\"Escrito por\" \/>\n\t<meta name=\"twitter:data1\" content=\"Reda\u00e7\u00e3o Aconteceu no Vale\" \/>\n\t<meta name=\"twitter:label2\" content=\"Est. tempo de leitura\" \/>\n\t<meta name=\"twitter:data2\" content=\"4 minutos\" \/>\n<script type=\"application\/ld+json\" class=\"yoast-schema-graph\">{\"@context\":\"https:\\\/\\\/schema.org\",\"@graph\":[{\"@type\":\"Article\",\"@id\":\"https:\\\/\\\/aconteceunovale.com.br\\\/portal\\\/?p=191105#article\",\"isPartOf\":{\"@id\":\"https:\\\/\\\/aconteceunovale.com.br\\\/portal\\\/?p=191105\"},\"author\":{\"name\":\"Reda\u00e7\u00e3o Aconteceu no Vale\",\"@id\":\"https:\\\/\\\/aconteceunovale.com.br\\\/portal\\\/#\\\/schema\\\/person\\\/7d2f26d1483f8a63de73da1ee0754d35\"},\"headline\":\"Partido Liberal elege o maior n\u00famero de deputados e senadores\",\"datePublished\":\"2022-10-03T17:37:59+00:00\",\"dateModified\":\"2022-10-04T00:59:10+00:00\",\"mainEntityOfPage\":{\"@id\":\"https:\\\/\\\/aconteceunovale.com.br\\\/portal\\\/?p=191105\"},\"wordCount\":799,\"commentCount\":0,\"image\":{\"@id\":\"https:\\\/\\\/aconteceunovale.com.br\\\/portal\\\/?p=191105#primaryimage\"},\"thumbnailUrl\":\"https:\\\/\\\/aconteceunovale.com.br\\\/portal\\\/wp-content\\\/uploads\\\/2022\\\/10\\\/congresso_brasil.jpg\",\"keywords\":[\"Bancada do Partido Liberal\",\"Bancada do PL\",\"Bancada do PL na C\u00e2mara\",\"Bancada do PL no Senado\",\"C\u00e2mara dos Deputados\",\"Partido com maior n\u00famero de deputados\",\"Partido com maior n\u00famero de senadores\",\"Partido Liberal\",\"Partido Liberal elege o maior n\u00famero de deputados e senadores\",\"PL\",\"Senado\"],\"articleSection\":[\"Brasil\",\"Elei\u00e7\u00f5es 2022\"],\"inLanguage\":\"pt-BR\",\"potentialAction\":[{\"@type\":\"CommentAction\",\"name\":\"Comment\",\"target\":[\"https:\\\/\\\/aconteceunovale.com.br\\\/portal\\\/?p=191105#respond\"]}]},{\"@type\":\"WebPage\",\"@id\":\"https:\\\/\\\/aconteceunovale.com.br\\\/portal\\\/?p=191105\",\"url\":\"https:\\\/\\\/aconteceunovale.com.br\\\/portal\\\/?p=191105\",\"name\":\"Partido Liberal elege o maior n\u00famero de deputados e senadores - Aconteceu no Vale\",\"isPartOf\":{\"@id\":\"https:\\\/\\\/aconteceunovale.com.br\\\/portal\\\/#website\"},\"primaryImageOfPage\":{\"@id\":\"https:\\\/\\\/aconteceunovale.com.br\\\/portal\\\/?p=191105#primaryimage\"},\"image\":{\"@id\":\"https:\\\/\\\/aconteceunovale.com.br\\\/portal\\\/?p=191105#primaryimage\"},\"thumbnailUrl\":\"https:\\\/\\\/aconteceunovale.com.br\\\/portal\\\/wp-content\\\/uploads\\\/2022\\\/10\\\/congresso_brasil.jpg\",\"datePublished\":\"2022-10-03T17:37:59+00:00\",\"dateModified\":\"2022-10-04T00:59:10+00:00\",\"author\":{\"@id\":\"https:\\\/\\\/aconteceunovale.com.br\\\/portal\\\/#\\\/schema\\\/person\\\/7d2f26d1483f8a63de73da1ee0754d35\"},\"breadcrumb\":{\"@id\":\"https:\\\/\\\/aconteceunovale.com.br\\\/portal\\\/?p=191105#breadcrumb\"},\"inLanguage\":\"pt-BR\",\"potentialAction\":[{\"@type\":\"ReadAction\",\"target\":[\"https:\\\/\\\/aconteceunovale.com.br\\\/portal\\\/?p=191105\"]}]},{\"@type\":\"ImageObject\",\"inLanguage\":\"pt-BR\",\"@id\":\"https:\\\/\\\/aconteceunovale.com.br\\\/portal\\\/?p=191105#primaryimage\",\"url\":\"https:\\\/\\\/aconteceunovale.com.br\\\/portal\\\/wp-content\\\/uploads\\\/2022\\\/10\\\/congresso_brasil.jpg\",\"contentUrl\":\"https:\\\/\\\/aconteceunovale.com.br\\\/portal\\\/wp-content\\\/uploads\\\/2022\\\/10\\\/congresso_brasil.jpg\",\"width\":678,\"height\":406,\"caption\":\"Pal\u00e1cio do Congresso Nacional na Esplanada dos Minist\u00e9rios em Bras\u00edlia\"},{\"@type\":\"BreadcrumbList\",\"@id\":\"https:\\\/\\\/aconteceunovale.com.br\\\/portal\\\/?p=191105#breadcrumb\",\"itemListElement\":[{\"@type\":\"ListItem\",\"position\":1,\"name\":\"In\u00edcio\",\"item\":\"https:\\\/\\\/aconteceunovale.com.br\\\/portal\\\/\"},{\"@type\":\"ListItem\",\"position\":2,\"name\":\"Partido Liberal elege o maior n\u00famero de deputados e senadores\"}]},{\"@type\":\"WebSite\",\"@id\":\"https:\\\/\\\/aconteceunovale.com.br\\\/portal\\\/#website\",\"url\":\"https:\\\/\\\/aconteceunovale.com.br\\\/portal\\\/\",\"name\":\"Aconteceu no Vale\",\"description\":\"Portal de Not\u00edcias\",\"potentialAction\":[{\"@type\":\"SearchAction\",\"target\":{\"@type\":\"EntryPoint\",\"urlTemplate\":\"https:\\\/\\\/aconteceunovale.com.br\\\/portal\\\/?s={search_term_string}\"},\"query-input\":{\"@type\":\"PropertyValueSpecification\",\"valueRequired\":true,\"valueName\":\"search_term_string\"}}],\"inLanguage\":\"pt-BR\"},{\"@type\":\"Person\",\"@id\":\"https:\\\/\\\/aconteceunovale.com.br\\\/portal\\\/#\\\/schema\\\/person\\\/7d2f26d1483f8a63de73da1ee0754d35\",\"name\":\"Reda\u00e7\u00e3o Aconteceu no Vale\",\"description\":\"Equipe de reportagem do Aconteceu no Vale, portal de not\u00edcias do Vale do Jequitinhonha, em Minas Gerais. Cobrimos as 51 cidades do Vale desde 2013. Sugest\u00f5es de pauta e pedidos de corre\u00e7\u00e3o: contato@aconteceunovale.com.br\",\"url\":\"https:\\\/\\\/aconteceunovale.com.br\\\/portal\\\/?author=4\"}]}<\/script>\n<!-- \/ Yoast SEO plugin. -->","yoast_head_json":{"title":"Partido Liberal elege o maior n\u00famero de deputados e senadores - Aconteceu no Vale","robots":{"index":"index","follow":"follow","max-snippet":"max-snippet:-1","max-image-preview":"max-image-preview:large","max-video-preview":"max-video-preview:-1"},"canonical":"https:\/\/aconteceunovale.com.br\/portal\/?p=191105","og_locale":"pt_BR","og_type":"article","og_title":"Partido Liberal elege o maior n\u00famero de deputados e senadores - Aconteceu no Vale","og_description":"As elei\u00e7\u00f5es deste ano trar\u00e3o, a partir de 1\u00b0 de janeiro de 2023, uma nova configura\u00e7\u00e3o de for\u00e7as na C\u00e2mara dos Deputados e no Senado. O Partido Liberal (PL), do presidente Jair Bolsonaro, saiu fortalecido da disputa com aumento expressivo de cadeiras. Dos 513 assentos de deputados, a sigla ter\u00e1 99. J\u00e1 a Federa\u00e7\u00e3o Brasil [&hellip;]","og_url":"https:\/\/aconteceunovale.com.br\/portal\/?p=191105","og_site_name":"Aconteceu no Vale","article_publisher":"https:\/\/www.facebook.com\/aconteceunovale\/","article_published_time":"2022-10-03T17:37:59+00:00","article_modified_time":"2022-10-04T00:59:10+00:00","og_image":[{"width":678,"height":406,"url":"https:\/\/aconteceunovale.com.br\/portal\/wp-content\/uploads\/2022\/10\/congresso_brasil.jpg","type":"image\/jpeg"}],"author":"Reda\u00e7\u00e3o Aconteceu no Vale","twitter_card":"summary_large_image","twitter_creator":"@noticiadosvales","twitter_site":"@noticiadosvales","twitter_misc":{"Escrito por":"Reda\u00e7\u00e3o Aconteceu no Vale","Est. tempo de leitura":"4 minutos"},"schema":{"@context":"https:\/\/schema.org","@graph":[{"@type":"Article","@id":"https:\/\/aconteceunovale.com.br\/portal\/?p=191105#article","isPartOf":{"@id":"https:\/\/aconteceunovale.com.br\/portal\/?p=191105"},"author":{"name":"Reda\u00e7\u00e3o Aconteceu no Vale","@id":"https:\/\/aconteceunovale.com.br\/portal\/#\/schema\/person\/7d2f26d1483f8a63de73da1ee0754d35"},"headline":"Partido Liberal elege o maior n\u00famero de deputados e senadores","datePublished":"2022-10-03T17:37:59+00:00","dateModified":"2022-10-04T00:59:10+00:00","mainEntityOfPage":{"@id":"https:\/\/aconteceunovale.com.br\/portal\/?p=191105"},"wordCount":799,"commentCount":0,"image":{"@id":"https:\/\/aconteceunovale.com.br\/portal\/?p=191105#primaryimage"},"thumbnailUrl":"https:\/\/aconteceunovale.com.br\/portal\/wp-content\/uploads\/2022\/10\/congresso_brasil.jpg","keywords":["Bancada do Partido Liberal","Bancada do PL","Bancada do PL na C\u00e2mara","Bancada do PL no Senado","C\u00e2mara dos Deputados","Partido com maior n\u00famero de deputados","Partido com maior n\u00famero de senadores","Partido Liberal","Partido Liberal elege o maior n\u00famero de deputados e senadores","PL","Senado"],"articleSection":["Brasil","Elei\u00e7\u00f5es 2022"],"inLanguage":"pt-BR","potentialAction":[{"@type":"CommentAction","name":"Comment","target":["https:\/\/aconteceunovale.com.br\/portal\/?p=191105#respond"]}]},{"@type":"WebPage","@id":"https:\/\/aconteceunovale.com.br\/portal\/?p=191105","url":"https:\/\/aconteceunovale.com.br\/portal\/?p=191105","name":"Partido Liberal elege o maior n\u00famero de deputados e senadores - Aconteceu no Vale","isPartOf":{"@id":"https:\/\/aconteceunovale.com.br\/portal\/#website"},"primaryImageOfPage":{"@id":"https:\/\/aconteceunovale.com.br\/portal\/?p=191105#primaryimage"},"image":{"@id":"https:\/\/aconteceunovale.com.br\/portal\/?p=191105#primaryimage"},"thumbnailUrl":"https:\/\/aconteceunovale.com.br\/portal\/wp-content\/uploads\/2022\/10\/congresso_brasil.jpg","datePublished":"2022-10-03T17:37:59+00:00","dateModified":"2022-10-04T00:59:10+00:00","author":{"@id":"https:\/\/aconteceunovale.com.br\/portal\/#\/schema\/person\/7d2f26d1483f8a63de73da1ee0754d35"},"breadcrumb":{"@id":"https:\/\/aconteceunovale.com.br\/portal\/?p=191105#breadcrumb"},"inLanguage":"pt-BR","potentialAction":[{"@type":"ReadAction","target":["https:\/\/aconteceunovale.com.br\/portal\/?p=191105"]}]},{"@type":"ImageObject","inLanguage":"pt-BR","@id":"https:\/\/aconteceunovale.com.br\/portal\/?p=191105#primaryimage","url":"https:\/\/aconteceunovale.com.br\/portal\/wp-content\/uploads\/2022\/10\/congresso_brasil.jpg","contentUrl":"https:\/\/aconteceunovale.com.br\/portal\/wp-content\/uploads\/2022\/10\/congresso_brasil.jpg","width":678,"height":406,"caption":"Pal\u00e1cio do Congresso Nacional na Esplanada dos Minist\u00e9rios em Bras\u00edlia"},{"@type":"BreadcrumbList","@id":"https:\/\/aconteceunovale.com.br\/portal\/?p=191105#breadcrumb","itemListElement":[{"@type":"ListItem","position":1,"name":"In\u00edcio","item":"https:\/\/aconteceunovale.com.br\/portal\/"},{"@type":"ListItem","position":2,"name":"Partido Liberal elege o maior n\u00famero de deputados e senadores"}]},{"@type":"WebSite","@id":"https:\/\/aconteceunovale.com.br\/portal\/#website","url":"https:\/\/aconteceunovale.com.br\/portal\/","name":"Aconteceu no Vale","description":"Portal de Not\u00edcias","potentialAction":[{"@type":"SearchAction","target":{"@type":"EntryPoint","urlTemplate":"https:\/\/aconteceunovale.com.br\/portal\/?s={search_term_string}"},"query-input":{"@type":"PropertyValueSpecification","valueRequired":true,"valueName":"search_term_string"}}],"inLanguage":"pt-BR"},{"@type":"Person","@id":"https:\/\/aconteceunovale.com.br\/portal\/#\/schema\/person\/7d2f26d1483f8a63de73da1ee0754d35","name":"Reda\u00e7\u00e3o Aconteceu no Vale","description":"Equipe de reportagem do Aconteceu no Vale, portal de not\u00edcias do Vale do Jequitinhonha, em Minas Gerais. Cobrimos as 51 cidades do Vale desde 2013. Sugest\u00f5es de pauta e pedidos de corre\u00e7\u00e3o: contato@aconteceunovale.com.br","url":"https:\/\/aconteceunovale.com.br\/portal\/?author=4"}]}},"_links":{"self":[{"href":"https:\/\/aconteceunovale.com.br\/portal\/index.php?rest_route=\/wp\/v2\/posts\/191105","targetHints":{"allow":["GET"]}}],"collection":[{"href":"https:\/\/aconteceunovale.com.br\/portal\/index.php?rest_route=\/wp\/v2\/posts"}],"about":[{"href":"https:\/\/aconteceunovale.com.br\/portal\/index.php?rest_route=\/wp\/v2\/types\/post"}],"author":[{"embeddable":true,"href":"https:\/\/aconteceunovale.com.br\/portal\/index.php?rest_route=\/wp\/v2\/users\/4"}],"replies":[{"embeddable":true,"href":"https:\/\/aconteceunovale.com.br\/portal\/index.php?rest_route=%2Fwp%2Fv2%2Fcomments&post=191105"}],"version-history":[{"count":1,"href":"https:\/\/aconteceunovale.com.br\/portal\/index.php?rest_route=\/wp\/v2\/posts\/191105\/revisions"}],"predecessor-version":[{"id":191107,"href":"https:\/\/aconteceunovale.com.br\/portal\/index.php?rest_route=\/wp\/v2\/posts\/191105\/revisions\/191107"}],"wp:featuredmedia":[{"embeddable":true,"href":"https:\/\/aconteceunovale.com.br\/portal\/index.php?rest_route=\/wp\/v2\/media\/191106"}],"wp:attachment":[{"href":"https:\/\/aconteceunovale.com.br\/portal\/index.php?rest_route=%2Fwp%2Fv2%2Fmedia&parent=191105"}],"wp:term":[{"taxonomy":"category","embeddable":true,"href":"https:\/\/aconteceunovale.com.br\/portal\/index.php?rest_route=%2Fwp%2Fv2%2Fcategories&post=191105"},{"taxonomy":"post_tag","embeddable":true,"href":"https:\/\/aconteceunovale.com.br\/portal\/index.php?rest_route=%2Fwp%2Fv2%2Ftags&post=191105"}],"curies":[{"name":"wp","href":"https:\/\/api.w.org\/{rel}","templated":true}]}}