{"id":191103,"date":"2022-10-03T14:40:11","date_gmt":"2022-10-03T17:40:11","guid":{"rendered":"https:\/\/aconteceunovale.com.br\/portal\/?p=191103"},"modified":"2022-10-03T21:54:56","modified_gmt":"2022-10-04T00:54:56","slug":"supremo-mantem-isencao-de-imposto-de-renda-sobre-pensao-alimenticia","status":"publish","type":"post","link":"https:\/\/aconteceunovale.com.br\/portal\/?p=191103","title":{"rendered":"Supremo mant\u00e9m isen\u00e7\u00e3o de imposto de renda sobre pens\u00e3o aliment\u00edcia"},"content":{"rendered":"\n<p class=\"wp-block-paragraph\">O plen\u00e1rio do Supremo Tribunal Federal (STF) confirmou, por unanimidade, a decis\u00e3o que isenta de imposto de renda (IR) os valores recebidos a t\u00edtulo de pens\u00e3o aliment\u00edcia, dando fim a uma disputa entre Uni\u00e3o e pensionistas que durava cerca de sete anos.<\/p>\n\n\n\n<p class=\"wp-block-paragraph\">A isen\u00e7\u00e3o de IR das pens\u00f5es aliment\u00edcias decorrentes do direito da fam\u00edlia j\u00e1 havia sido decidida em junho pelo plen\u00e1rio, por 8 votos a 3. Desta vez, por\u00e9m, todos os 11 ministros rejeitaram um recurso em que a Uni\u00e3o dizia haver obscuridades e buscava amenizar a decis\u00e3o do Supremo. O caso foi julgado no plen\u00e1rio virtual, em sess\u00e3o encerrada na \u00faltima sexta-feira (30).<\/p>\n\n\n\n<p class=\"wp-block-paragraph\">Com a rejei\u00e7\u00e3o total deste \u00faltimo embargo de declara\u00e7\u00e3o, o governo deve agora deixar de arrecadar R$ 1,05 bilh\u00e3o por ano, segundo estimativas da Receita Federal anexadas ao processo pela Advocacia-Geral da Uni\u00e3o (AGU).<\/p>\n\n\n\n<p class=\"wp-block-paragraph\">O impacto fiscal, contudo, pode ir al\u00e9m, pois os pensionistas que tiveram o dinheiro recolhido pelo governo podem agora pedir o dinheiro de volta na Justi\u00e7a, at\u00e9 o prazo legal m\u00e1ximo de cinco anos. De acordo com as estimativas oficiais, o impacto nos cofres p\u00fablicos com os chamados ind\u00e9bitos pode chegar a R$ 6,5 bilh\u00f5es pelos pr\u00f3ximos cinco anos.<\/p>\n\n\n\n<p class=\"wp-block-paragraph\">Prevaleceu ao final o entendimento do relator, ministro Dias Toffoli. Ele frisou, por exemplo, que \u201ca tributa\u00e7\u00e3o reconhecida como inconstitucional feria direitos fundamentais e, ainda, atingia interesses de pessoas vulner\u00e1veis\u201d.<\/p>\n\n\n\n<p class=\"wp-block-paragraph\">Por esse motivo, n\u00e3o seria poss\u00edvel impedir as cobran\u00e7as indevidas feitas no passado pela Receita Federal, pois fazer isso seria ferir a dignidade da pessoa humana, cl\u00e1usula p\u00e9trea da Constitui\u00e7\u00e3o e \u201cum dos fundamentos da pens\u00e3o aliment\u00edcia\u201d, escreveu o ministro.&nbsp;<\/p>\n\n\n\n<p class=\"wp-block-paragraph\">Dessa maneira, Toffoli e os demais ministros que o seguiram rejeitaram qualquer modula\u00e7\u00e3o para que a decis\u00e3o produzisse efeitos somente do julgamento em diante.&nbsp;<\/p>\n\n\n\n<p class=\"wp-block-paragraph\">O plen\u00e1rio rejeitou ainda outro pedido feito pela Uni\u00e3o, que queria esclarecimentos sobre a isen\u00e7\u00e3o de IR no caso das pens\u00f5es pagas em decorr\u00eancia de acordos extrajudiciais, que s\u00e3o registradas em escrituras p\u00fablicas e n\u00e3o passam pelo crivo da Justi\u00e7a.&nbsp;<\/p>\n\n\n\n<p class=\"wp-block-paragraph\">Na peti\u00e7\u00e3o, a AGU argumentou que, nesses casos, o valor das pens\u00f5es chega a ultrapassar a faixa mais alta de renda na tabela do IR. Segundo c\u00e1lculos da Receita Federal, as 40 maiores pens\u00f5es superam os R$ 2 milh\u00f5es mensais.<\/p>\n\n\n\n<p class=\"wp-block-paragraph\">Com argumentos parecidos, a Uni\u00e3o pedia tamb\u00e9m que o Supremo limitasse a decis\u00e3o \u00e0s pens\u00f5es com valor at\u00e9 o piso de isen\u00e7\u00e3o do IR (R$ 1903,98).<\/p>\n\n\n\n<p class=\"wp-block-paragraph\">Em seu voto, Toffoli destacou que a quest\u00e3o j\u00e1 havia sido enfrentada, e que atender ao pedido acarretaria na \u201cconvers\u00e3o, ao menos em parte, da corrente vencida em corrente vencedora\u201d, o que n\u00e3o seria poss\u00edvel por meio de embargos de declara\u00e7\u00e3o.<\/p>\n\n\n\n<p class=\"wp-block-paragraph\">&#8212;&#8212;&#8212;&#8212;&#8212;&#8212;<br><br><strong>Sabia que o Aconteceu no Vale est\u00e1 tamb\u00e9m no Telegram? <a rel=\"noreferrer noopener\" href=\"https:\/\/t.me\/aconteceunovaleoficial\" target=\"_blank\">Inscreva-se no canal<\/a>.<\/strong><br><br><strong>J\u00e1 curtiu ou seguiu nossas p\u00e1ginas nas redes sociais?\u00a0Receba as not\u00edcias em primeira m\u00e3o:<\/strong><br>\u2022 <a rel=\"noreferrer noopener\" href=\"https:\/\/news.google.com\/publications\/CAAqBwgKMNjklQswi4etAw?hl=pt-BR&amp;gl=BR&amp;ceid=BR%3Apt-419\" target=\"_blank\">Google News<\/a><br>\u2022 <a rel=\"noreferrer noopener\" href=\"https:\/\/www.facebook.com\/aconteceunovale\/\" target=\"_blank\">Facebook<\/a><br>\u2022 <a rel=\"noreferrer noopener\" href=\"https:\/\/twitter.com\/noticiadosvales\" target=\"_blank\">Twitter<\/a><br>\u2022 <a rel=\"noreferrer noopener\" href=\"https:\/\/www.instagram.com\/aconteceunovale\" target=\"_blank\">Instagram<\/a><br>\u2022 <a rel=\"noreferrer noopener\" href=\"https:\/\/www.youtube.com\/AconteceunoValeOficial\" target=\"_blank\">Youtube<\/a><br>\u2022 <a rel=\"noreferrer noopener\" href=\"https:\/\/www.tiktok.com\/@aconteceunovale\" target=\"_blank\">TikTok<\/a><\/p>\n","protected":false},"excerpt":{"rendered":"<p>O plen\u00e1rio do Supremo Tribunal Federal (STF) confirmou, por unanimidade, a decis\u00e3o que isenta de imposto de renda (IR) os valores recebidos a t\u00edtulo de pens\u00e3o aliment\u00edcia, dando fim a uma disputa entre Uni\u00e3o e pensionistas que durava cerca de sete anos. A isen\u00e7\u00e3o de IR das pens\u00f5es aliment\u00edcias decorrentes do direito da fam\u00edlia j\u00e1 [&hellip;]<\/p>\n","protected":false},"author":4,"featured_media":53882,"comment_status":"open","ping_status":"closed","sticky":false,"template":"","format":"standard","meta":{"amp_status":"","footnotes":""},"categories":[6],"tags":[264609,264608,28511,264607,28510],"class_list":["post-191103","post","type-post","status-publish","format-standard","has-post-thumbnail","hentry","category-br","tag-imposto-de-renda-sobre-pensao-alimenticia","tag-isencao-de-imposto-de-renda-sobre-pensao-alimenticia","tag-stf","tag-supremo-mantem-isencao-de-imposto-de-renda-sobre-pensao-alimenticia","tag-supremo-tribunal-federal"],"yoast_head":"<!-- This site is optimized with the Yoast SEO plugin v28.3 - https:\/\/yoast.com\/product\/yoast-seo-wordpress\/ -->\n<title>Supremo mant\u00e9m isen\u00e7\u00e3o de imposto de renda sobre pens\u00e3o aliment\u00edcia - Aconteceu no Vale<\/title>\n<meta name=\"robots\" content=\"index, follow, max-snippet:-1, max-image-preview:large, max-video-preview:-1\" \/>\n<link rel=\"canonical\" href=\"https:\/\/aconteceunovale.com.br\/portal\/?p=191103\" \/>\n<meta property=\"og:locale\" content=\"pt_BR\" \/>\n<meta property=\"og:type\" content=\"article\" \/>\n<meta property=\"og:title\" content=\"Supremo mant\u00e9m isen\u00e7\u00e3o de imposto de renda sobre pens\u00e3o aliment\u00edcia - Aconteceu no Vale\" \/>\n<meta property=\"og:description\" content=\"O plen\u00e1rio do Supremo Tribunal Federal (STF) confirmou, por unanimidade, a decis\u00e3o que isenta de imposto de renda (IR) os valores recebidos a t\u00edtulo de pens\u00e3o aliment\u00edcia, dando fim a uma disputa entre Uni\u00e3o e pensionistas que durava cerca de sete anos. A isen\u00e7\u00e3o de IR das pens\u00f5es aliment\u00edcias decorrentes do direito da fam\u00edlia j\u00e1 [&hellip;]\" \/>\n<meta property=\"og:url\" content=\"https:\/\/aconteceunovale.com.br\/portal\/?p=191103\" \/>\n<meta property=\"og:site_name\" content=\"Aconteceu no Vale\" \/>\n<meta property=\"article:publisher\" content=\"https:\/\/www.facebook.com\/aconteceunovale\/\" \/>\n<meta property=\"article:published_time\" content=\"2022-10-03T17:40:11+00:00\" \/>\n<meta property=\"article:modified_time\" content=\"2022-10-04T00:54:56+00:00\" \/>\n<meta property=\"og:image\" content=\"https:\/\/aconteceunovale.com.br\/portal\/wp-content\/uploads\/2015\/02\/stf.jpg\" \/>\n\t<meta property=\"og:image:width\" content=\"678\" \/>\n\t<meta property=\"og:image:height\" content=\"404\" \/>\n\t<meta property=\"og:image:type\" content=\"image\/jpeg\" \/>\n<meta name=\"author\" content=\"Reda\u00e7\u00e3o Aconteceu no Vale\" \/>\n<meta name=\"twitter:card\" content=\"summary_large_image\" \/>\n<meta name=\"twitter:creator\" content=\"@noticiadosvales\" \/>\n<meta name=\"twitter:site\" content=\"@noticiadosvales\" \/>\n<meta name=\"twitter:label1\" content=\"Escrito por\" \/>\n\t<meta name=\"twitter:data1\" content=\"Reda\u00e7\u00e3o Aconteceu no Vale\" \/>\n\t<meta name=\"twitter:label2\" content=\"Est. tempo de leitura\" \/>\n\t<meta name=\"twitter:data2\" content=\"3 minutos\" \/>\n<script type=\"application\/ld+json\" class=\"yoast-schema-graph\">{\"@context\":\"https:\\\/\\\/schema.org\",\"@graph\":[{\"@type\":\"Article\",\"@id\":\"https:\\\/\\\/aconteceunovale.com.br\\\/portal\\\/?p=191103#article\",\"isPartOf\":{\"@id\":\"https:\\\/\\\/aconteceunovale.com.br\\\/portal\\\/?p=191103\"},\"author\":{\"name\":\"Reda\u00e7\u00e3o Aconteceu no Vale\",\"@id\":\"https:\\\/\\\/aconteceunovale.com.br\\\/portal\\\/#\\\/schema\\\/person\\\/7d2f26d1483f8a63de73da1ee0754d35\"},\"headline\":\"Supremo mant\u00e9m isen\u00e7\u00e3o de imposto de renda sobre pens\u00e3o aliment\u00edcia\",\"datePublished\":\"2022-10-03T17:40:11+00:00\",\"dateModified\":\"2022-10-04T00:54:56+00:00\",\"mainEntityOfPage\":{\"@id\":\"https:\\\/\\\/aconteceunovale.com.br\\\/portal\\\/?p=191103\"},\"wordCount\":550,\"commentCount\":0,\"image\":{\"@id\":\"https:\\\/\\\/aconteceunovale.com.br\\\/portal\\\/?p=191103#primaryimage\"},\"thumbnailUrl\":\"https:\\\/\\\/aconteceunovale.com.br\\\/portal\\\/wp-content\\\/uploads\\\/2015\\\/02\\\/stf.jpg\",\"keywords\":[\"Imposto de renda sobre pens\u00e3o aliment\u00edcia\",\"Isen\u00e7\u00e3o de imposto de renda sobre pens\u00e3o aliment\u00edcia\",\"STF\",\"Supremo mant\u00e9m isen\u00e7\u00e3o de imposto de renda sobre pens\u00e3o aliment\u00edcia\",\"Supremo Tribunal Federal\"],\"articleSection\":[\"Brasil\"],\"inLanguage\":\"pt-BR\",\"potentialAction\":[{\"@type\":\"CommentAction\",\"name\":\"Comment\",\"target\":[\"https:\\\/\\\/aconteceunovale.com.br\\\/portal\\\/?p=191103#respond\"]}]},{\"@type\":\"WebPage\",\"@id\":\"https:\\\/\\\/aconteceunovale.com.br\\\/portal\\\/?p=191103\",\"url\":\"https:\\\/\\\/aconteceunovale.com.br\\\/portal\\\/?p=191103\",\"name\":\"Supremo mant\u00e9m isen\u00e7\u00e3o de imposto de renda sobre pens\u00e3o aliment\u00edcia - Aconteceu no Vale\",\"isPartOf\":{\"@id\":\"https:\\\/\\\/aconteceunovale.com.br\\\/portal\\\/#website\"},\"primaryImageOfPage\":{\"@id\":\"https:\\\/\\\/aconteceunovale.com.br\\\/portal\\\/?p=191103#primaryimage\"},\"image\":{\"@id\":\"https:\\\/\\\/aconteceunovale.com.br\\\/portal\\\/?p=191103#primaryimage\"},\"thumbnailUrl\":\"https:\\\/\\\/aconteceunovale.com.br\\\/portal\\\/wp-content\\\/uploads\\\/2015\\\/02\\\/stf.jpg\",\"datePublished\":\"2022-10-03T17:40:11+00:00\",\"dateModified\":\"2022-10-04T00:54:56+00:00\",\"author\":{\"@id\":\"https:\\\/\\\/aconteceunovale.com.br\\\/portal\\\/#\\\/schema\\\/person\\\/7d2f26d1483f8a63de73da1ee0754d35\"},\"breadcrumb\":{\"@id\":\"https:\\\/\\\/aconteceunovale.com.br\\\/portal\\\/?p=191103#breadcrumb\"},\"inLanguage\":\"pt-BR\",\"potentialAction\":[{\"@type\":\"ReadAction\",\"target\":[\"https:\\\/\\\/aconteceunovale.com.br\\\/portal\\\/?p=191103\"]}]},{\"@type\":\"ImageObject\",\"inLanguage\":\"pt-BR\",\"@id\":\"https:\\\/\\\/aconteceunovale.com.br\\\/portal\\\/?p=191103#primaryimage\",\"url\":\"https:\\\/\\\/aconteceunovale.com.br\\\/portal\\\/wp-content\\\/uploads\\\/2015\\\/02\\\/stf.jpg\",\"contentUrl\":\"https:\\\/\\\/aconteceunovale.com.br\\\/portal\\\/wp-content\\\/uploads\\\/2015\\\/02\\\/stf.jpg\",\"width\":678,\"height\":404},{\"@type\":\"BreadcrumbList\",\"@id\":\"https:\\\/\\\/aconteceunovale.com.br\\\/portal\\\/?p=191103#breadcrumb\",\"itemListElement\":[{\"@type\":\"ListItem\",\"position\":1,\"name\":\"In\u00edcio\",\"item\":\"https:\\\/\\\/aconteceunovale.com.br\\\/portal\\\/\"},{\"@type\":\"ListItem\",\"position\":2,\"name\":\"Supremo mant\u00e9m isen\u00e7\u00e3o de imposto de renda sobre pens\u00e3o aliment\u00edcia\"}]},{\"@type\":\"WebSite\",\"@id\":\"https:\\\/\\\/aconteceunovale.com.br\\\/portal\\\/#website\",\"url\":\"https:\\\/\\\/aconteceunovale.com.br\\\/portal\\\/\",\"name\":\"Aconteceu no Vale\",\"description\":\"Portal de Not\u00edcias\",\"potentialAction\":[{\"@type\":\"SearchAction\",\"target\":{\"@type\":\"EntryPoint\",\"urlTemplate\":\"https:\\\/\\\/aconteceunovale.com.br\\\/portal\\\/?s={search_term_string}\"},\"query-input\":{\"@type\":\"PropertyValueSpecification\",\"valueRequired\":true,\"valueName\":\"search_term_string\"}}],\"inLanguage\":\"pt-BR\"},{\"@type\":\"Person\",\"@id\":\"https:\\\/\\\/aconteceunovale.com.br\\\/portal\\\/#\\\/schema\\\/person\\\/7d2f26d1483f8a63de73da1ee0754d35\",\"name\":\"Reda\u00e7\u00e3o Aconteceu no Vale\",\"description\":\"Equipe de reportagem do Aconteceu no Vale, portal de not\u00edcias do Vale do Jequitinhonha, em Minas Gerais. Cobrimos as 51 cidades do Vale desde 2013. Sugest\u00f5es de pauta e pedidos de corre\u00e7\u00e3o: contato@aconteceunovale.com.br\",\"url\":\"https:\\\/\\\/aconteceunovale.com.br\\\/portal\\\/?author=4\"}]}<\/script>\n<!-- \/ Yoast SEO plugin. -->","yoast_head_json":{"title":"Supremo mant\u00e9m isen\u00e7\u00e3o de imposto de renda sobre pens\u00e3o aliment\u00edcia - Aconteceu no Vale","robots":{"index":"index","follow":"follow","max-snippet":"max-snippet:-1","max-image-preview":"max-image-preview:large","max-video-preview":"max-video-preview:-1"},"canonical":"https:\/\/aconteceunovale.com.br\/portal\/?p=191103","og_locale":"pt_BR","og_type":"article","og_title":"Supremo mant\u00e9m isen\u00e7\u00e3o de imposto de renda sobre pens\u00e3o aliment\u00edcia - Aconteceu no Vale","og_description":"O plen\u00e1rio do Supremo Tribunal Federal (STF) confirmou, por unanimidade, a decis\u00e3o que isenta de imposto de renda (IR) os valores recebidos a t\u00edtulo de pens\u00e3o aliment\u00edcia, dando fim a uma disputa entre Uni\u00e3o e pensionistas que durava cerca de sete anos. A isen\u00e7\u00e3o de IR das pens\u00f5es aliment\u00edcias decorrentes do direito da fam\u00edlia j\u00e1 [&hellip;]","og_url":"https:\/\/aconteceunovale.com.br\/portal\/?p=191103","og_site_name":"Aconteceu no Vale","article_publisher":"https:\/\/www.facebook.com\/aconteceunovale\/","article_published_time":"2022-10-03T17:40:11+00:00","article_modified_time":"2022-10-04T00:54:56+00:00","og_image":[{"width":678,"height":404,"url":"https:\/\/aconteceunovale.com.br\/portal\/wp-content\/uploads\/2015\/02\/stf.jpg","type":"image\/jpeg"}],"author":"Reda\u00e7\u00e3o Aconteceu no Vale","twitter_card":"summary_large_image","twitter_creator":"@noticiadosvales","twitter_site":"@noticiadosvales","twitter_misc":{"Escrito por":"Reda\u00e7\u00e3o Aconteceu no Vale","Est. tempo de leitura":"3 minutos"},"schema":{"@context":"https:\/\/schema.org","@graph":[{"@type":"Article","@id":"https:\/\/aconteceunovale.com.br\/portal\/?p=191103#article","isPartOf":{"@id":"https:\/\/aconteceunovale.com.br\/portal\/?p=191103"},"author":{"name":"Reda\u00e7\u00e3o Aconteceu no Vale","@id":"https:\/\/aconteceunovale.com.br\/portal\/#\/schema\/person\/7d2f26d1483f8a63de73da1ee0754d35"},"headline":"Supremo mant\u00e9m isen\u00e7\u00e3o de imposto de renda sobre pens\u00e3o aliment\u00edcia","datePublished":"2022-10-03T17:40:11+00:00","dateModified":"2022-10-04T00:54:56+00:00","mainEntityOfPage":{"@id":"https:\/\/aconteceunovale.com.br\/portal\/?p=191103"},"wordCount":550,"commentCount":0,"image":{"@id":"https:\/\/aconteceunovale.com.br\/portal\/?p=191103#primaryimage"},"thumbnailUrl":"https:\/\/aconteceunovale.com.br\/portal\/wp-content\/uploads\/2015\/02\/stf.jpg","keywords":["Imposto de renda sobre pens\u00e3o aliment\u00edcia","Isen\u00e7\u00e3o de imposto de renda sobre pens\u00e3o aliment\u00edcia","STF","Supremo mant\u00e9m isen\u00e7\u00e3o de imposto de renda sobre pens\u00e3o aliment\u00edcia","Supremo Tribunal Federal"],"articleSection":["Brasil"],"inLanguage":"pt-BR","potentialAction":[{"@type":"CommentAction","name":"Comment","target":["https:\/\/aconteceunovale.com.br\/portal\/?p=191103#respond"]}]},{"@type":"WebPage","@id":"https:\/\/aconteceunovale.com.br\/portal\/?p=191103","url":"https:\/\/aconteceunovale.com.br\/portal\/?p=191103","name":"Supremo mant\u00e9m isen\u00e7\u00e3o de imposto de renda sobre pens\u00e3o aliment\u00edcia - Aconteceu no Vale","isPartOf":{"@id":"https:\/\/aconteceunovale.com.br\/portal\/#website"},"primaryImageOfPage":{"@id":"https:\/\/aconteceunovale.com.br\/portal\/?p=191103#primaryimage"},"image":{"@id":"https:\/\/aconteceunovale.com.br\/portal\/?p=191103#primaryimage"},"thumbnailUrl":"https:\/\/aconteceunovale.com.br\/portal\/wp-content\/uploads\/2015\/02\/stf.jpg","datePublished":"2022-10-03T17:40:11+00:00","dateModified":"2022-10-04T00:54:56+00:00","author":{"@id":"https:\/\/aconteceunovale.com.br\/portal\/#\/schema\/person\/7d2f26d1483f8a63de73da1ee0754d35"},"breadcrumb":{"@id":"https:\/\/aconteceunovale.com.br\/portal\/?p=191103#breadcrumb"},"inLanguage":"pt-BR","potentialAction":[{"@type":"ReadAction","target":["https:\/\/aconteceunovale.com.br\/portal\/?p=191103"]}]},{"@type":"ImageObject","inLanguage":"pt-BR","@id":"https:\/\/aconteceunovale.com.br\/portal\/?p=191103#primaryimage","url":"https:\/\/aconteceunovale.com.br\/portal\/wp-content\/uploads\/2015\/02\/stf.jpg","contentUrl":"https:\/\/aconteceunovale.com.br\/portal\/wp-content\/uploads\/2015\/02\/stf.jpg","width":678,"height":404},{"@type":"BreadcrumbList","@id":"https:\/\/aconteceunovale.com.br\/portal\/?p=191103#breadcrumb","itemListElement":[{"@type":"ListItem","position":1,"name":"In\u00edcio","item":"https:\/\/aconteceunovale.com.br\/portal\/"},{"@type":"ListItem","position":2,"name":"Supremo mant\u00e9m isen\u00e7\u00e3o de imposto de renda sobre pens\u00e3o aliment\u00edcia"}]},{"@type":"WebSite","@id":"https:\/\/aconteceunovale.com.br\/portal\/#website","url":"https:\/\/aconteceunovale.com.br\/portal\/","name":"Aconteceu no Vale","description":"Portal de Not\u00edcias","potentialAction":[{"@type":"SearchAction","target":{"@type":"EntryPoint","urlTemplate":"https:\/\/aconteceunovale.com.br\/portal\/?s={search_term_string}"},"query-input":{"@type":"PropertyValueSpecification","valueRequired":true,"valueName":"search_term_string"}}],"inLanguage":"pt-BR"},{"@type":"Person","@id":"https:\/\/aconteceunovale.com.br\/portal\/#\/schema\/person\/7d2f26d1483f8a63de73da1ee0754d35","name":"Reda\u00e7\u00e3o Aconteceu no Vale","description":"Equipe de reportagem do Aconteceu no Vale, portal de not\u00edcias do Vale do Jequitinhonha, em Minas Gerais. Cobrimos as 51 cidades do Vale desde 2013. Sugest\u00f5es de pauta e pedidos de corre\u00e7\u00e3o: contato@aconteceunovale.com.br","url":"https:\/\/aconteceunovale.com.br\/portal\/?author=4"}]}},"_links":{"self":[{"href":"https:\/\/aconteceunovale.com.br\/portal\/index.php?rest_route=\/wp\/v2\/posts\/191103","targetHints":{"allow":["GET"]}}],"collection":[{"href":"https:\/\/aconteceunovale.com.br\/portal\/index.php?rest_route=\/wp\/v2\/posts"}],"about":[{"href":"https:\/\/aconteceunovale.com.br\/portal\/index.php?rest_route=\/wp\/v2\/types\/post"}],"author":[{"embeddable":true,"href":"https:\/\/aconteceunovale.com.br\/portal\/index.php?rest_route=\/wp\/v2\/users\/4"}],"replies":[{"embeddable":true,"href":"https:\/\/aconteceunovale.com.br\/portal\/index.php?rest_route=%2Fwp%2Fv2%2Fcomments&post=191103"}],"version-history":[{"count":1,"href":"https:\/\/aconteceunovale.com.br\/portal\/index.php?rest_route=\/wp\/v2\/posts\/191103\/revisions"}],"predecessor-version":[{"id":191104,"href":"https:\/\/aconteceunovale.com.br\/portal\/index.php?rest_route=\/wp\/v2\/posts\/191103\/revisions\/191104"}],"wp:featuredmedia":[{"embeddable":true,"href":"https:\/\/aconteceunovale.com.br\/portal\/index.php?rest_route=\/wp\/v2\/media\/53882"}],"wp:attachment":[{"href":"https:\/\/aconteceunovale.com.br\/portal\/index.php?rest_route=%2Fwp%2Fv2%2Fmedia&parent=191103"}],"wp:term":[{"taxonomy":"category","embeddable":true,"href":"https:\/\/aconteceunovale.com.br\/portal\/index.php?rest_route=%2Fwp%2Fv2%2Fcategories&post=191103"},{"taxonomy":"post_tag","embeddable":true,"href":"https:\/\/aconteceunovale.com.br\/portal\/index.php?rest_route=%2Fwp%2Fv2%2Ftags&post=191103"}],"curies":[{"name":"wp","href":"https:\/\/api.w.org\/{rel}","templated":true}]}}