{"id":191100,"date":"2022-10-03T16:01:09","date_gmt":"2022-10-03T19:01:09","guid":{"rendered":"https:\/\/aconteceunovale.com.br\/portal\/?p=191100"},"modified":"2022-10-03T21:52:13","modified_gmt":"2022-10-04T00:52:13","slug":"assembleia-do-rio-tera-renovacao-de-457-das-cadeiras-na-proxima-legislatura","status":"publish","type":"post","link":"https:\/\/aconteceunovale.com.br\/portal\/?p=191100","title":{"rendered":"Assembleia do Rio ter\u00e1 renova\u00e7\u00e3o de 45,7% das cadeiras na pr\u00f3xima legislatura"},"content":{"rendered":"\n<p class=\"wp-block-paragraph\">A taxa de renova\u00e7\u00e3o para a pr\u00f3xima legislatura da Assembleia Legislativa do Rio (Alerj) \u00e9 de 45,7%. Da bancada de 70 deputados,\u00a032 entram para a Casa em 2023 e o restante foi reeleito. O percentual representa uma queda em rela\u00e7\u00e3o \u00e0 elei\u00e7\u00e3o em 2018, quando a renova\u00e7\u00e3o atingiu 51%, com 36 novos.<\/p>\n\n\n\n<figure class=\"wp-block-gallery has-nested-images columns-default is-cropped wp-block-gallery-1 is-layout-flex wp-block-gallery-is-layout-flex\">\n<figure class=\"wp-block-image size-large\"><img loading=\"lazy\" decoding=\"async\" width=\"678\" height=\"406\" data-id=\"191101\" src=\"https:\/\/aconteceunovale.com.br\/portal\/wp-content\/uploads\/2022\/10\/alerj.jpg\" alt=\"\" class=\"wp-image-191101\" srcset=\"https:\/\/aconteceunovale.com.br\/portal\/wp-content\/uploads\/2022\/10\/alerj.jpg 678w, https:\/\/aconteceunovale.com.br\/portal\/wp-content\/uploads\/2022\/10\/alerj-300x180.jpg 300w\" sizes=\"auto, (max-width: 678px) 100vw, 678px\" \/><figcaption><em><sub>Foto: Fernando Fraz\u00e3o\/Ag\u00eancia Brasil<\/sub><\/em><\/figcaption><\/figure>\n<\/figure>\n\n\n\n<p class=\"wp-block-paragraph\">Entre os que ficaram de fora, 17 deputados n\u00e3o conseguiram ser reeleitos e nove disputaram cargos como senador e deputado federal. J\u00e1 os deputados Anderson Alexandre (Solidariedade), Eliomar Coelho (PSB), S\u00e9rgio Louback (PSC) e Luiz Martins (Uni\u00e3o Brasil) n\u00e3o concorreram \u00e0 elei\u00e7\u00e3o de 2022.<\/p>\n\n\n\n<h2 class=\"wp-block-heading\">Bancadas<\/h2>\n\n\n\n<p class=\"wp-block-paragraph\">Com 17 deputados, o&nbsp;PL \u00e9 o partido que elegeu&nbsp;mais representantes. A&nbsp;segunda&nbsp;legenda \u00e9 a Uni\u00e3o Brasil com 8, uma queda em rela\u00e7\u00e3o a&nbsp;atual legislatura, que conta com 10 parlamentares. A federa\u00e7\u00e3o PT\/PV\/PCdoB elegeu oito parlamentares. Com isso, o PT passou a ser o terceiro partido com mais deputados, ap\u00f3s o aumento de dois para sete parlamentares. O PSD que \u00e9 o quarto tamb\u00e9m se expandiu e passou de cinco para seis. A Federa\u00e7\u00e3o Psol\/Rede conquistou cinco vagas, sendo quatro do Psol.<\/p>\n\n\n\n<p class=\"wp-block-paragraph\">Entre os partidos que avan\u00e7aram tamb\u00e9m est\u00e3o o PP de tr\u00eas para quatro; o PDT e o MDB de um para dois; e o Agir e o PMN que n\u00e3o tinham representantes e conseguiram eleger um candidato individualmente.<\/p>\n\n\n\n<p class=\"wp-block-paragraph\">Em movimento contr\u00e1rio, houve recuo no Solidariedade, que saiu de seis para tr\u00eas; PSB de tr\u00eas para dois; no PTB, Avante e PSC de tr\u00eas para um. O DC, que tem dois parlamentares e o PV com um, n\u00e3o&nbsp;ter\u00e3o presen\u00e7a na pr\u00f3xima legislatura.<\/p>\n\n\n\n<p class=\"wp-block-paragraph\">J\u00e1 os partidos que mantiveram o n\u00famero no quadro representativo foram o Patriotas e o PCdoB que permanecer\u00e3o com um; o Republicanos que fica com tr\u00eas; e o Podemos e o Pros com dois.<\/p>\n\n\n\n<h2 class=\"wp-block-heading\">Mulheres<\/h2>\n\n\n\n<p class=\"wp-block-paragraph\">A bancada feminina cresceu e na pr\u00f3xima legislatura contar\u00e1 com 15 mulheres, o que significa 21,4% da Casa. Na \u00faltima elei\u00e7\u00e3o foram eleitas 12 deputadas. A nova legislatura&nbsp;ter\u00e1 tamb\u00e9m a primeira transsexual da hist\u00f3ria da Alerj,&nbsp;a doutora em literatura pela Universidade Federal do Rio de Janeiro (UFRJ) e professora da Escola de Comunica\u00e7\u00e3o Social&nbsp;Dani Balbi (PCdoB).<\/p>\n\n\n\n<h2 class=\"wp-block-heading\">Ra\u00e7a<\/h2>\n\n\n\n<p class=\"wp-block-paragraph\">A composi\u00e7\u00e3o por ra\u00e7a tamb\u00e9m mudou em rela\u00e7\u00e3o \u00e0 elei\u00e7\u00e3o anterior. H\u00e1 mais eleitos que se autodeclaram pardos, pretos, ind\u00edgenas e asi\u00e1ticos. Entre eles, oito se autodeclaram pretos e 24 pardos. A bancada&nbsp;ter\u00e1 ainda a deputada \u00cdndia Armelau (PL), autodeclarada ind\u00edgena, e Elika Takimoto (PT), autodeclarada asi\u00e1tica. Em 2018, havia 14 parlamentares pardos e cinco pretos. Para aquela legislatura n\u00e3o foram eleitos asi\u00e1ticos&nbsp;nem ind\u00edgenas.<\/p>\n\n\n\n<h2 class=\"wp-block-heading\">Mais votados<\/h2>\n\n\n\n<p class=\"wp-block-paragraph\">Os tr\u00eas candidatos que receberam maior n\u00famero de votos foram M\u00e1rcio Correia de Oliveira (Uni\u00e3o Brasil), conhecido como M\u00e1rcio Canella, eleito com 181.274 votos, depois Douglas Ruas (PL) com 175.977 e Renata Souza (Psol) escolhida por 174.132 eleitores.<\/p>\n\n\n\n<h2 class=\"wp-block-heading\">Resultado<\/h2>\n\n\n\n<ul class=\"wp-block-list\"><li>M\u00e1rcio Canella (Uni\u00e3o Brasil) &#8211; 181.274 votos<\/li><li>Douglas Ruas (PL) &#8211; 175.977 votos<\/li><li>Renata Souza (PSOL) &#8211; 174.132 votos<\/li><li>Rosenverg Reis (MDB) &#8211; 131.308 votos<\/li><li>Dr. Serginho (PL) &#8211; 123.739 votos<\/li><li>Delaroli (PL) &#8211; 114.155 votos<\/li><li>Thiago Gagliasso (PL) &#8211; 102.038 votos<\/li><li>Rodrigo Bacellar (PL) &#8211; 97.822 votos<\/li><li>Elika Takimoto (PT) &#8211; 95.263 votos<\/li><li>Giselle Monteiro (PL) &#8211; 95.028 votos<\/li><li>Danniel Librelon (Republicanos) &#8211; 80.970 votos<\/li><li>Jari Bittencourt (PL) &#8211; 75.253 votos<\/li><li>Filippe Poubel (PL) &#8211; 73.632 votos<\/li><li>Valecy da Sa\u00fade (PL) &#8211; 72.250 votos<\/li><li>Samuel Malafaia (PL) &#8211; 72.056 votos<\/li><li>Fl\u00e1vio Serafini (PSOL) &#8211; 71.258 votos<\/li><li>Vin\u00edcius Cozzolino (Uni\u00e3o Brasil) &#8211; 70.270 votos<\/li><li>Val Ceasa (Patriota) &#8211; 69.034 votos<\/li><li>Bruno Dauaire (Uni\u00e3o Brasil) &#8211; 68.455 votos<\/li><li>Dani Balbi (PC do B) &#8211; 65.815 votos<\/li><li>Renato Machado (PT) &#8211; 63.803 votos<\/li><li>Tia JU (Republicanos) &#8211; 63.373 votos<\/li><li>F\u00e1bio Silva (Uni\u00e3o Brasil) &#8211; 62.845 votos<\/li><li>Carlos Macedo (Republicanos) &#8211; 62.495 votos<\/li><li>Delegada Martha Rocha (PDT) &#8211; 61.767 votos<\/li><li>Lucinha (PSD) &#8211; 60.387 votos<\/li><li>Braz\u00e3o (Uni\u00e3o Brasil) &#8211; 59.971 votos<\/li><li>\u00cdndia Armelau (PL) &#8211; 57.582 votos<\/li><li>Ver\u00f4nica Lima (PT) &#8211; 55.738 votos<\/li><li>Carlos Minc (PSB) &#8211; 54.942 votos<\/li><li>Andrezinho Ceciliano (PT) &#8211; 54.851 votos<\/li><li>Renato Miranda (PL) &#8211; 54.341 votos<\/li><li>Gustavo Tutuca (PP) &#8211; 52.976 votos<\/li><li>Andr\u00e9 Correa (PP) &#8211; 52.352 votos<\/li><li>Anderson Moraes (PL) &#8211; 52.313 votos<\/li><li>M\u00e1rcio Gualberto (PL) &#8211; 51.856 votos<\/li><li>Rafel Nobre (Uni\u00e3o Brasil) &#8211; 51.563 votos<\/li><li>Zeidan (PT) &#8211; 50.743 votos<\/li><li>L\u00e9o Vieira (PSC) &#8211; 50.569 votos<\/li><li>Dani Monteiro (PSOL) &#8211; 50.140 votos<\/li><li>C\u00e9lia Jord\u00e3o (PL) &#8211; 49.680 votos<\/li><li>Cl\u00e1udio Caiado (PSD) &#8211; 48.011 votos<\/li><li>Rodrigo Amorim (PTB) &#8211; 47.225 votos<\/li><li>Felipinho Ravis (Solidariedade) &#8211; 47.105 votos<\/li><li>Marina do MST (PT) &#8211; 46.422 votos<\/li><li>Dr. Deodalto (PL) &#8211; 46.178 votos<\/li><li>Tande Vieira (PROS) &#8211; 45.785 votos<\/li><li>Dr. Pedro Ricardo (PROS) &#8211; 44.014 votos<\/li><li>Vitor Junior (PDT) &#8211; 43.958 votos<\/li><li>Dion\u00edsio Lins (PP) &#8211; 43.627 votos<\/li><li>Carlinhos BNH (PP) &#8211; 42.811 votos<\/li><li>Guilherme Schleder (PSD) &#8211; 42.781 votos<\/li><li>Alan Lopes (PL) &#8211; 42.720 votos<\/li><li>Otoni de Paula Pai (MDB) &#8211; 41.932 votos<\/li><li>Luiz Paulo (PSD) &#8211; 38.159 votos<\/li><li>Francine Motta (Uni\u00e3o Brasil) &#8211; 37.873 votos<\/li><li>Filipe RR Soares (Uni\u00e3o Brasil) &#8211; 37.473 votos<\/li><li>Chico Machado (Solidariedade) &#8211; 37.024 votos<\/li><li>Jorge Felippe Neto (Avante) &#8211; 35.703 votos<\/li><li>Munir Neto (PSD) &#8211; 35.677 votos<\/li><li>Carla Machado (PT) &#8211; 34.658 votos<\/li><li>Eduardo Cavaliere (PSD) &#8211; 33.688 votos<\/li><li>Giovani Ratinho (Solidariedade) &#8211; 33.416 votos<\/li><li>Thiago Rangel (Podemos) &#8211; 31.175 votos<\/li><li>J\u00falio Rocha (Agir) &#8211; 31.001 votos<\/li><li>Arthur Monteiro (Podemos) &#8211; 29.968 votos<\/li><li>Prof Josemar (PSOL) &#8211; 28.409 votos<\/li><li>Jari (PSB) &#8211; 27.288 votos<\/li><li>Yuri (PSOL) &#8211; 25.479 votos<\/li><li>Fred Pacheco Banda Dom (PMN) &#8211; 13.946 votos<\/li><li><a rel=\"noreferrer noopener\" href=\"https:\/\/aconteceunovale.com.br\/portal\/?p=190684\" target=\"_blank\">Veja a apura\u00e7\u00e3o completa (clique aqui)<\/a><\/li><\/ul>\n\n\n\n<p class=\"wp-block-paragraph\">&#8212;&#8212;&#8212;&#8212;&#8212;&#8212;<br><br><strong>Sabia que o Aconteceu no Vale est\u00e1 tamb\u00e9m no Telegram? <a rel=\"noreferrer noopener\" href=\"https:\/\/t.me\/aconteceunovaleoficial\" target=\"_blank\">Inscreva-se no canal<\/a>.<\/strong><br><br><strong>J\u00e1 curtiu ou seguiu nossas p\u00e1ginas nas redes sociais?\u00a0Receba as not\u00edcias em primeira m\u00e3o:<\/strong><br>\u2022 <a rel=\"noreferrer noopener\" href=\"https:\/\/news.google.com\/publications\/CAAqBwgKMNjklQswi4etAw?hl=pt-BR&amp;gl=BR&amp;ceid=BR%3Apt-419\" target=\"_blank\">Google News<\/a><br>\u2022 <a rel=\"noreferrer noopener\" href=\"https:\/\/www.facebook.com\/aconteceunovale\/\" target=\"_blank\">Facebook<\/a><br>\u2022 <a rel=\"noreferrer noopener\" href=\"https:\/\/twitter.com\/noticiadosvales\" target=\"_blank\">Twitter<\/a><br>\u2022 <a rel=\"noreferrer noopener\" href=\"https:\/\/www.instagram.com\/aconteceunovale\" target=\"_blank\">Instagram<\/a><br>\u2022 <a rel=\"noreferrer noopener\" href=\"https:\/\/www.youtube.com\/AconteceunoValeOficial\" target=\"_blank\">Youtube<\/a><br>\u2022 <a rel=\"noreferrer noopener\" href=\"https:\/\/www.tiktok.com\/@aconteceunovale\" target=\"_blank\">TikTok<\/a><\/p>\n","protected":false},"excerpt":{"rendered":"<p>A taxa de renova\u00e7\u00e3o para a pr\u00f3xima legislatura da Assembleia Legislativa do Rio (Alerj) \u00e9 de 45,7%. Da bancada de 70 deputados,\u00a032 entram para a Casa em 2023 e o restante foi reeleito. O percentual representa uma queda em rela\u00e7\u00e3o \u00e0 elei\u00e7\u00e3o em 2018, quando a renova\u00e7\u00e3o atingiu 51%, com 36 novos. Entre os que [&hellip;]<\/p>\n","protected":false},"author":4,"featured_media":138940,"comment_status":"open","ping_status":"closed","sticky":false,"template":"","format":"standard","meta":{"amp_status":"","footnotes":""},"categories":[6,249933],"tags":[230288,263770,182641,263766,263873,263967,182642,263968,263969,182643,263970,263971,263972,264602,264601,264605,264604,263973,263974,17950,263975,263976,263977,17651,263978,17548,263979,17948,263980,263981,17538,263982,182658,263983,263984,182665,263627,263626,263625,263624,263628,718,252238,263623,263985,261226,182669,263986,263987,20517,263988,182674,182676,264606,264603,263989,20519,263990,182686,182706,182707,182708],"class_list":["post-191100","post","type-post","status-publish","format-standard","has-post-thumbnail","hentry","category-br","category-eleicoes-2022","tag-apuracao-das-eleicoes","tag-apuracao-das-eleicoes-2022","tag-apuracao-das-eleicoes-no-rio-de-janeiro","tag-apuracao-dos-votos","tag-apuracao-dos-votos-em-tempo-real","tag-apuracao-dos-votos-em-tempo-real-no-rio-de-janeiro","tag-apuracao-dos-votos-no-rio-de-janeiro","tag-apuracao-dos-votos-para-deputado-estadual-no-rio-de-janeiro","tag-apuracao-dos-votos-para-deputado-federal-no-rio-de-janeiro","tag-apuracao-dos-votos-para-deputado-no-rio-de-janeiro","tag-apuracao-dos-votos-para-governador-no-rio-de-janeiro","tag-apuracao-dos-votos-para-presidente-no-rio-de-janeiro","tag-apuracao-dos-votos-para-senador-no-rio-de-janeiro","tag-assembleia-do-rio","tag-assembleia-do-rio-tera-renovacao-de-45-7-das-cadeiras-na-proxima-legislatura","tag-composicao-da-alerj","tag-composicao-da-assembleia-do-rio","tag-confira-a-lista-com-nomes-dos-deputados-estaduais-eleitos-no-rio-de-janeiro","tag-confira-a-lista-de-deputados-estaduais-e-federais-eleitos-no-rio-de-janeiro","tag-confira-a-lista-de-deputados-estaduais-eleitos-no-rio-de-janeiro","tag-confira-a-lista-de-deputados-federais-eleitos-no-rio-de-janeiro","tag-confira-a-lista-final-de-deputados-estaduais-eleitos-no-rio-de-janeiro","tag-conheca-os-deputados-estaduais-eleitos-no-rio-de-janeiro","tag-conhecer-os-deputados-eleitos","tag-conhecer-os-deputados-eleitos-em-rio-de-janeiro","tag-deputados-eleitos","tag-deputados-eleitos-em-rio-de-janeiro","tag-deputados-eleitos-no-rio-de-janeiro","tag-deputados-eleitos-no-rio-de-janeiro-2022","tag-deputados-eleitos-rio-de-janeiro","tag-deputados-estaduais-eleitos","tag-deputados-estaduais-eleitos-em-rio-de-janeiro","tag-deputados-estaduais-eleitos-no-rio-de-janeiro","tag-deputados-estaduais-eleitos-no-rio-de-janeiro-2022","tag-deputados-estaduais-eleitos-rio-de-janeiro","tag-deputados-federais-eleitos-no-rio-de-janeiro","tag-eleicao-para-deputado-estadual-no-brasil","tag-eleicao-para-deputado-federal-no-brasil","tag-eleicao-para-governador-no-brasil","tag-eleicao-para-presidente-no-brasil","tag-eleicao-para-senador-no-brasil","tag-eleicoes","tag-eleicoes-2022","tag-eleicoes-2022-no-brasil","tag-eleicoes-2022-no-rio-de-janeiro","tag-eleicoes-no-brasil","tag-eleicoes-no-rio-de-janeiro","tag-eleito-rio-de-janeiro","tag-eleitos-em-rio-de-janeiro","tag-governador-eleito-no-rio-de-janeiro","tag-informacoes-sobre-os-deputados-eleitos-em-rio-de-janeiro","tag-lista-de-deputados-estaduais-eleitos-no-rio-de-janeiro","tag-nomes-dos-deputados-eleitos-no-rio-de-janeiro","tag-renovacao-na-alerj","tag-renovacao-na-assembleia-do-rio","tag-resultado-das-eleicoes-2022-no-rio-de-janeiro","tag-resultado-das-eleicoes-no-rio-de-janeiro","tag-resultado-eleicoes-2022-no-rio-de-janeiro","tag-senador-eleito-no-rio-de-janeiro","tag-votacao-para-deputado-no-rio-de-janeiro","tag-votacao-para-governador-no-rio-de-janeiro","tag-votacao-para-senador-no-rio-de-janeiro"],"yoast_head":"<!-- This site is optimized with the Yoast SEO plugin v28.3 - https:\/\/yoast.com\/product\/yoast-seo-wordpress\/ -->\n<title>Assembleia do Rio ter\u00e1 renova\u00e7\u00e3o de 45,7% das cadeiras na pr\u00f3xima legislatura - Aconteceu no Vale<\/title>\n<meta name=\"robots\" content=\"index, follow, max-snippet:-1, max-image-preview:large, max-video-preview:-1\" \/>\n<link rel=\"canonical\" href=\"https:\/\/aconteceunovale.com.br\/portal\/?p=191100\" \/>\n<meta property=\"og:locale\" content=\"pt_BR\" \/>\n<meta property=\"og:type\" content=\"article\" \/>\n<meta property=\"og:title\" content=\"Assembleia do Rio ter\u00e1 renova\u00e7\u00e3o de 45,7% das cadeiras na pr\u00f3xima legislatura - Aconteceu no Vale\" \/>\n<meta property=\"og:description\" content=\"A taxa de renova\u00e7\u00e3o para a pr\u00f3xima legislatura da Assembleia Legislativa do Rio (Alerj) \u00e9 de 45,7%. Da bancada de 70 deputados,\u00a032 entram para a Casa em 2023 e o restante foi reeleito. O percentual representa uma queda em rela\u00e7\u00e3o \u00e0 elei\u00e7\u00e3o em 2018, quando a renova\u00e7\u00e3o atingiu 51%, com 36 novos. Entre os que [&hellip;]\" \/>\n<meta property=\"og:url\" content=\"https:\/\/aconteceunovale.com.br\/portal\/?p=191100\" \/>\n<meta property=\"og:site_name\" content=\"Aconteceu no Vale\" \/>\n<meta property=\"article:publisher\" content=\"https:\/\/www.facebook.com\/aconteceunovale\/\" \/>\n<meta property=\"article:published_time\" content=\"2022-10-03T19:01:09+00:00\" \/>\n<meta property=\"article:modified_time\" content=\"2022-10-04T00:52:13+00:00\" \/>\n<meta property=\"og:image\" content=\"https:\/\/aconteceunovale.com.br\/portal\/wp-content\/uploads\/2018\/11\/alerj.jpg\" \/>\n\t<meta property=\"og:image:width\" content=\"678\" \/>\n\t<meta property=\"og:image:height\" content=\"354\" \/>\n\t<meta property=\"og:image:type\" content=\"image\/jpeg\" \/>\n<meta name=\"author\" content=\"Reda\u00e7\u00e3o Aconteceu no Vale\" \/>\n<meta name=\"twitter:card\" content=\"summary_large_image\" \/>\n<meta name=\"twitter:creator\" content=\"@noticiadosvales\" \/>\n<meta name=\"twitter:site\" content=\"@noticiadosvales\" \/>\n<meta name=\"twitter:label1\" content=\"Escrito por\" \/>\n\t<meta name=\"twitter:data1\" content=\"Reda\u00e7\u00e3o Aconteceu no Vale\" \/>\n\t<meta name=\"twitter:label2\" content=\"Est. tempo de leitura\" \/>\n\t<meta name=\"twitter:data2\" content=\"4 minutos\" \/>\n<script type=\"application\/ld+json\" class=\"yoast-schema-graph\">{\"@context\":\"https:\\\/\\\/schema.org\",\"@graph\":[{\"@type\":\"Article\",\"@id\":\"https:\\\/\\\/aconteceunovale.com.br\\\/portal\\\/?p=191100#article\",\"isPartOf\":{\"@id\":\"https:\\\/\\\/aconteceunovale.com.br\\\/portal\\\/?p=191100\"},\"author\":{\"name\":\"Reda\u00e7\u00e3o Aconteceu no Vale\",\"@id\":\"https:\\\/\\\/aconteceunovale.com.br\\\/portal\\\/#\\\/schema\\\/person\\\/7d2f26d1483f8a63de73da1ee0754d35\"},\"headline\":\"Assembleia do Rio ter\u00e1 renova\u00e7\u00e3o de 45,7% das cadeiras na pr\u00f3xima legislatura\",\"datePublished\":\"2022-10-03T19:01:09+00:00\",\"dateModified\":\"2022-10-04T00:52:13+00:00\",\"mainEntityOfPage\":{\"@id\":\"https:\\\/\\\/aconteceunovale.com.br\\\/portal\\\/?p=191100\"},\"wordCount\":961,\"commentCount\":0,\"image\":{\"@id\":\"https:\\\/\\\/aconteceunovale.com.br\\\/portal\\\/?p=191100#primaryimage\"},\"thumbnailUrl\":\"https:\\\/\\\/aconteceunovale.com.br\\\/portal\\\/wp-content\\\/uploads\\\/2018\\\/11\\\/alerj.jpg\",\"keywords\":[\"Apura\u00e7\u00e3o das elei\u00e7\u00f5es\",\"Apura\u00e7\u00e3o das elei\u00e7\u00f5es 2022\",\"Apura\u00e7\u00e3o das elei\u00e7\u00f5es no Rio de Janeiro\",\"Apura\u00e7\u00e3o dos votos\",\"Apura\u00e7\u00e3o dos votos em tempo real\",\"Apura\u00e7\u00e3o dos votos em tempo real no Rio de Janeiro\",\"apura\u00e7\u00e3o dos votos no Rio de Janeiro\",\"Apura\u00e7\u00e3o dos votos para deputado estadual no Rio de Janeiro\",\"Apura\u00e7\u00e3o dos votos para deputado federal no Rio de Janeiro\",\"Apura\u00e7\u00e3o dos votos para deputado no Rio de Janeiro\",\"Apura\u00e7\u00e3o dos votos para Governador no Rio de Janeiro\",\"Apura\u00e7\u00e3o dos votos para presidente no Rio de Janeiro\",\"Apura\u00e7\u00e3o dos votos para senador no Rio de Janeiro\",\"Assembleia do Rio\",\"Assembleia do Rio ter\u00e1 renova\u00e7\u00e3o de 45.7% das cadeiras na pr\u00f3xima legislatura\",\"Composi\u00e7\u00e3o da Alerj\",\"Composi\u00e7\u00e3o da Assembleia do Rio\",\"Confira a lista com nomes dos deputados estaduais eleitos no Rio de Janeiro\",\"Confira a lista de deputados estaduais e federais eleitos no Rio de Janeiro\",\"Confira a lista de deputados estaduais eleitos no Rio de Janeiro\",\"Confira a lista de deputados federais eleitos no Rio de Janeiro\",\"Confira a lista final de deputados estaduais eleitos no Rio de Janeiro\",\"Conhe\u00e7a os deputados estaduais eleitos no Rio de Janeiro\",\"conhecer os deputados eleitos\",\"conhecer os deputados eleitos em Rio de Janeiro\",\"deputados eleitos\",\"deputados eleitos em Rio de Janeiro\",\"deputados eleitos no Rio de Janeiro\",\"deputados eleitos no Rio de Janeiro 2022\",\"deputados eleitos Rio de Janeiro\",\"deputados estaduais eleitos\",\"deputados estaduais eleitos em Rio de Janeiro\",\"deputados estaduais eleitos no Rio de Janeiro\",\"deputados estaduais eleitos no Rio de Janeiro 2022\",\"deputados estaduais eleitos Rio de Janeiro\",\"deputados federais eleitos no Rio de Janeiro\",\"Elei\u00e7\u00e3o para deputado estadual no Brasil\",\"Elei\u00e7\u00e3o para deputado federal no Brasil\",\"Elei\u00e7\u00e3o para governador no Brasil\",\"Elei\u00e7\u00e3o para presidente no Brasil\",\"Elei\u00e7\u00e3o para Senador no Brasil\",\"Elei\u00e7\u00f5es\",\"Elei\u00e7\u00f5es 2022\",\"Elei\u00e7\u00f5es 2022 no Brasil\",\"Elei\u00e7\u00f5es 2022 no Rio de Janeiro\",\"Elei\u00e7\u00f5es no Brasil\",\"elei\u00e7\u00f5es no Rio de Janeiro\",\"Eleito Rio de Janeiro\",\"Eleitos em Rio de Janeiro\",\"governador eleito no rio de janeiro\",\"informa\u00e7\u00f5es sobre os deputados eleitos em Rio de Janeiro\",\"lista de deputados estaduais eleitos no Rio de Janeiro\",\"nomes dos deputados eleitos no Rio de Janeiro\",\"Renova\u00e7\u00e3o na Alerj\",\"Renova\u00e7\u00e3o na Assembleia do Rio\",\"Resultado das elei\u00e7\u00f5es 2022 no Rio de Janeiro\",\"resultado das elei\u00e7\u00f5es no rio de janeiro\",\"resultado elei\u00e7\u00f5es 2022 no Rio de Janeiro\",\"senador eleito no Rio de Janeiro\",\"vota\u00e7\u00e3o para deputado no Rio de Janeiro\",\"vota\u00e7\u00e3o para governador no Rio de Janeiro\",\"vota\u00e7\u00e3o para senador no Rio de Janeiro\"],\"articleSection\":[\"Brasil\",\"Elei\u00e7\u00f5es 2022\"],\"inLanguage\":\"pt-BR\",\"potentialAction\":[{\"@type\":\"CommentAction\",\"name\":\"Comment\",\"target\":[\"https:\\\/\\\/aconteceunovale.com.br\\\/portal\\\/?p=191100#respond\"]}]},{\"@type\":\"WebPage\",\"@id\":\"https:\\\/\\\/aconteceunovale.com.br\\\/portal\\\/?p=191100\",\"url\":\"https:\\\/\\\/aconteceunovale.com.br\\\/portal\\\/?p=191100\",\"name\":\"Assembleia do Rio ter\u00e1 renova\u00e7\u00e3o de 45,7% das cadeiras na pr\u00f3xima legislatura - Aconteceu no Vale\",\"isPartOf\":{\"@id\":\"https:\\\/\\\/aconteceunovale.com.br\\\/portal\\\/#website\"},\"primaryImageOfPage\":{\"@id\":\"https:\\\/\\\/aconteceunovale.com.br\\\/portal\\\/?p=191100#primaryimage\"},\"image\":{\"@id\":\"https:\\\/\\\/aconteceunovale.com.br\\\/portal\\\/?p=191100#primaryimage\"},\"thumbnailUrl\":\"https:\\\/\\\/aconteceunovale.com.br\\\/portal\\\/wp-content\\\/uploads\\\/2018\\\/11\\\/alerj.jpg\",\"datePublished\":\"2022-10-03T19:01:09+00:00\",\"dateModified\":\"2022-10-04T00:52:13+00:00\",\"author\":{\"@id\":\"https:\\\/\\\/aconteceunovale.com.br\\\/portal\\\/#\\\/schema\\\/person\\\/7d2f26d1483f8a63de73da1ee0754d35\"},\"breadcrumb\":{\"@id\":\"https:\\\/\\\/aconteceunovale.com.br\\\/portal\\\/?p=191100#breadcrumb\"},\"inLanguage\":\"pt-BR\",\"potentialAction\":[{\"@type\":\"ReadAction\",\"target\":[\"https:\\\/\\\/aconteceunovale.com.br\\\/portal\\\/?p=191100\"]}]},{\"@type\":\"ImageObject\",\"inLanguage\":\"pt-BR\",\"@id\":\"https:\\\/\\\/aconteceunovale.com.br\\\/portal\\\/?p=191100#primaryimage\",\"url\":\"https:\\\/\\\/aconteceunovale.com.br\\\/portal\\\/wp-content\\\/uploads\\\/2018\\\/11\\\/alerj.jpg\",\"contentUrl\":\"https:\\\/\\\/aconteceunovale.com.br\\\/portal\\\/wp-content\\\/uploads\\\/2018\\\/11\\\/alerj.jpg\",\"width\":678,\"height\":354},{\"@type\":\"BreadcrumbList\",\"@id\":\"https:\\\/\\\/aconteceunovale.com.br\\\/portal\\\/?p=191100#breadcrumb\",\"itemListElement\":[{\"@type\":\"ListItem\",\"position\":1,\"name\":\"In\u00edcio\",\"item\":\"https:\\\/\\\/aconteceunovale.com.br\\\/portal\\\/\"},{\"@type\":\"ListItem\",\"position\":2,\"name\":\"Assembleia do Rio ter\u00e1 renova\u00e7\u00e3o de 45,7% das cadeiras na pr\u00f3xima legislatura\"}]},{\"@type\":\"WebSite\",\"@id\":\"https:\\\/\\\/aconteceunovale.com.br\\\/portal\\\/#website\",\"url\":\"https:\\\/\\\/aconteceunovale.com.br\\\/portal\\\/\",\"name\":\"Aconteceu no Vale\",\"description\":\"Portal de Not\u00edcias\",\"potentialAction\":[{\"@type\":\"SearchAction\",\"target\":{\"@type\":\"EntryPoint\",\"urlTemplate\":\"https:\\\/\\\/aconteceunovale.com.br\\\/portal\\\/?s={search_term_string}\"},\"query-input\":{\"@type\":\"PropertyValueSpecification\",\"valueRequired\":true,\"valueName\":\"search_term_string\"}}],\"inLanguage\":\"pt-BR\"},{\"@type\":\"Person\",\"@id\":\"https:\\\/\\\/aconteceunovale.com.br\\\/portal\\\/#\\\/schema\\\/person\\\/7d2f26d1483f8a63de73da1ee0754d35\",\"name\":\"Reda\u00e7\u00e3o Aconteceu no Vale\",\"description\":\"Equipe de reportagem do Aconteceu no Vale, portal de not\u00edcias do Vale do Jequitinhonha, em Minas Gerais. Cobrimos as 51 cidades do Vale desde 2013. Sugest\u00f5es de pauta e pedidos de corre\u00e7\u00e3o: contato@aconteceunovale.com.br\",\"url\":\"https:\\\/\\\/aconteceunovale.com.br\\\/portal\\\/?author=4\"}]}<\/script>\n<!-- \/ Yoast SEO plugin. -->","yoast_head_json":{"title":"Assembleia do Rio ter\u00e1 renova\u00e7\u00e3o de 45,7% das cadeiras na pr\u00f3xima legislatura - Aconteceu no Vale","robots":{"index":"index","follow":"follow","max-snippet":"max-snippet:-1","max-image-preview":"max-image-preview:large","max-video-preview":"max-video-preview:-1"},"canonical":"https:\/\/aconteceunovale.com.br\/portal\/?p=191100","og_locale":"pt_BR","og_type":"article","og_title":"Assembleia do Rio ter\u00e1 renova\u00e7\u00e3o de 45,7% das cadeiras na pr\u00f3xima legislatura - Aconteceu no Vale","og_description":"A taxa de renova\u00e7\u00e3o para a pr\u00f3xima legislatura da Assembleia Legislativa do Rio (Alerj) \u00e9 de 45,7%. Da bancada de 70 deputados,\u00a032 entram para a Casa em 2023 e o restante foi reeleito. O percentual representa uma queda em rela\u00e7\u00e3o \u00e0 elei\u00e7\u00e3o em 2018, quando a renova\u00e7\u00e3o atingiu 51%, com 36 novos. Entre os que [&hellip;]","og_url":"https:\/\/aconteceunovale.com.br\/portal\/?p=191100","og_site_name":"Aconteceu no Vale","article_publisher":"https:\/\/www.facebook.com\/aconteceunovale\/","article_published_time":"2022-10-03T19:01:09+00:00","article_modified_time":"2022-10-04T00:52:13+00:00","og_image":[{"width":678,"height":354,"url":"https:\/\/aconteceunovale.com.br\/portal\/wp-content\/uploads\/2018\/11\/alerj.jpg","type":"image\/jpeg"}],"author":"Reda\u00e7\u00e3o Aconteceu no Vale","twitter_card":"summary_large_image","twitter_creator":"@noticiadosvales","twitter_site":"@noticiadosvales","twitter_misc":{"Escrito por":"Reda\u00e7\u00e3o Aconteceu no Vale","Est. tempo de leitura":"4 minutos"},"schema":{"@context":"https:\/\/schema.org","@graph":[{"@type":"Article","@id":"https:\/\/aconteceunovale.com.br\/portal\/?p=191100#article","isPartOf":{"@id":"https:\/\/aconteceunovale.com.br\/portal\/?p=191100"},"author":{"name":"Reda\u00e7\u00e3o Aconteceu no Vale","@id":"https:\/\/aconteceunovale.com.br\/portal\/#\/schema\/person\/7d2f26d1483f8a63de73da1ee0754d35"},"headline":"Assembleia do Rio ter\u00e1 renova\u00e7\u00e3o de 45,7% das cadeiras na pr\u00f3xima legislatura","datePublished":"2022-10-03T19:01:09+00:00","dateModified":"2022-10-04T00:52:13+00:00","mainEntityOfPage":{"@id":"https:\/\/aconteceunovale.com.br\/portal\/?p=191100"},"wordCount":961,"commentCount":0,"image":{"@id":"https:\/\/aconteceunovale.com.br\/portal\/?p=191100#primaryimage"},"thumbnailUrl":"https:\/\/aconteceunovale.com.br\/portal\/wp-content\/uploads\/2018\/11\/alerj.jpg","keywords":["Apura\u00e7\u00e3o das elei\u00e7\u00f5es","Apura\u00e7\u00e3o das elei\u00e7\u00f5es 2022","Apura\u00e7\u00e3o das elei\u00e7\u00f5es no Rio de Janeiro","Apura\u00e7\u00e3o dos votos","Apura\u00e7\u00e3o dos votos em tempo real","Apura\u00e7\u00e3o dos votos em tempo real no Rio de Janeiro","apura\u00e7\u00e3o dos votos no Rio de Janeiro","Apura\u00e7\u00e3o dos votos para deputado estadual no Rio de Janeiro","Apura\u00e7\u00e3o dos votos para deputado federal no Rio de Janeiro","Apura\u00e7\u00e3o dos votos para deputado no Rio de Janeiro","Apura\u00e7\u00e3o dos votos para Governador no Rio de Janeiro","Apura\u00e7\u00e3o dos votos para presidente no Rio de Janeiro","Apura\u00e7\u00e3o dos votos para senador no Rio de Janeiro","Assembleia do Rio","Assembleia do Rio ter\u00e1 renova\u00e7\u00e3o de 45.7% das cadeiras na pr\u00f3xima legislatura","Composi\u00e7\u00e3o da Alerj","Composi\u00e7\u00e3o da Assembleia do Rio","Confira a lista com nomes dos deputados estaduais eleitos no Rio de Janeiro","Confira a lista de deputados estaduais e federais eleitos no Rio de Janeiro","Confira a lista de deputados estaduais eleitos no Rio de Janeiro","Confira a lista de deputados federais eleitos no Rio de Janeiro","Confira a lista final de deputados estaduais eleitos no Rio de Janeiro","Conhe\u00e7a os deputados estaduais eleitos no Rio de Janeiro","conhecer os deputados eleitos","conhecer os deputados eleitos em Rio de Janeiro","deputados eleitos","deputados eleitos em Rio de Janeiro","deputados eleitos no Rio de Janeiro","deputados eleitos no Rio de Janeiro 2022","deputados eleitos Rio de Janeiro","deputados estaduais eleitos","deputados estaduais eleitos em Rio de Janeiro","deputados estaduais eleitos no Rio de Janeiro","deputados estaduais eleitos no Rio de Janeiro 2022","deputados estaduais eleitos Rio de Janeiro","deputados federais eleitos no Rio de Janeiro","Elei\u00e7\u00e3o para deputado estadual no Brasil","Elei\u00e7\u00e3o para deputado federal no Brasil","Elei\u00e7\u00e3o para governador no Brasil","Elei\u00e7\u00e3o para presidente no Brasil","Elei\u00e7\u00e3o para Senador no Brasil","Elei\u00e7\u00f5es","Elei\u00e7\u00f5es 2022","Elei\u00e7\u00f5es 2022 no Brasil","Elei\u00e7\u00f5es 2022 no Rio de Janeiro","Elei\u00e7\u00f5es no Brasil","elei\u00e7\u00f5es no Rio de Janeiro","Eleito Rio de Janeiro","Eleitos em Rio de Janeiro","governador eleito no rio de janeiro","informa\u00e7\u00f5es sobre os deputados eleitos em Rio de Janeiro","lista de deputados estaduais eleitos no Rio de Janeiro","nomes dos deputados eleitos no Rio de Janeiro","Renova\u00e7\u00e3o na Alerj","Renova\u00e7\u00e3o na Assembleia do Rio","Resultado das elei\u00e7\u00f5es 2022 no Rio de Janeiro","resultado das elei\u00e7\u00f5es no rio de janeiro","resultado elei\u00e7\u00f5es 2022 no Rio de Janeiro","senador eleito no Rio de Janeiro","vota\u00e7\u00e3o para deputado no Rio de Janeiro","vota\u00e7\u00e3o para governador no Rio de Janeiro","vota\u00e7\u00e3o para senador no Rio de Janeiro"],"articleSection":["Brasil","Elei\u00e7\u00f5es 2022"],"inLanguage":"pt-BR","potentialAction":[{"@type":"CommentAction","name":"Comment","target":["https:\/\/aconteceunovale.com.br\/portal\/?p=191100#respond"]}]},{"@type":"WebPage","@id":"https:\/\/aconteceunovale.com.br\/portal\/?p=191100","url":"https:\/\/aconteceunovale.com.br\/portal\/?p=191100","name":"Assembleia do Rio ter\u00e1 renova\u00e7\u00e3o de 45,7% das cadeiras na pr\u00f3xima legislatura - Aconteceu no Vale","isPartOf":{"@id":"https:\/\/aconteceunovale.com.br\/portal\/#website"},"primaryImageOfPage":{"@id":"https:\/\/aconteceunovale.com.br\/portal\/?p=191100#primaryimage"},"image":{"@id":"https:\/\/aconteceunovale.com.br\/portal\/?p=191100#primaryimage"},"thumbnailUrl":"https:\/\/aconteceunovale.com.br\/portal\/wp-content\/uploads\/2018\/11\/alerj.jpg","datePublished":"2022-10-03T19:01:09+00:00","dateModified":"2022-10-04T00:52:13+00:00","author":{"@id":"https:\/\/aconteceunovale.com.br\/portal\/#\/schema\/person\/7d2f26d1483f8a63de73da1ee0754d35"},"breadcrumb":{"@id":"https:\/\/aconteceunovale.com.br\/portal\/?p=191100#breadcrumb"},"inLanguage":"pt-BR","potentialAction":[{"@type":"ReadAction","target":["https:\/\/aconteceunovale.com.br\/portal\/?p=191100"]}]},{"@type":"ImageObject","inLanguage":"pt-BR","@id":"https:\/\/aconteceunovale.com.br\/portal\/?p=191100#primaryimage","url":"https:\/\/aconteceunovale.com.br\/portal\/wp-content\/uploads\/2018\/11\/alerj.jpg","contentUrl":"https:\/\/aconteceunovale.com.br\/portal\/wp-content\/uploads\/2018\/11\/alerj.jpg","width":678,"height":354},{"@type":"BreadcrumbList","@id":"https:\/\/aconteceunovale.com.br\/portal\/?p=191100#breadcrumb","itemListElement":[{"@type":"ListItem","position":1,"name":"In\u00edcio","item":"https:\/\/aconteceunovale.com.br\/portal\/"},{"@type":"ListItem","position":2,"name":"Assembleia do Rio ter\u00e1 renova\u00e7\u00e3o de 45,7% das cadeiras na pr\u00f3xima legislatura"}]},{"@type":"WebSite","@id":"https:\/\/aconteceunovale.com.br\/portal\/#website","url":"https:\/\/aconteceunovale.com.br\/portal\/","name":"Aconteceu no Vale","description":"Portal de Not\u00edcias","potentialAction":[{"@type":"SearchAction","target":{"@type":"EntryPoint","urlTemplate":"https:\/\/aconteceunovale.com.br\/portal\/?s={search_term_string}"},"query-input":{"@type":"PropertyValueSpecification","valueRequired":true,"valueName":"search_term_string"}}],"inLanguage":"pt-BR"},{"@type":"Person","@id":"https:\/\/aconteceunovale.com.br\/portal\/#\/schema\/person\/7d2f26d1483f8a63de73da1ee0754d35","name":"Reda\u00e7\u00e3o Aconteceu no Vale","description":"Equipe de reportagem do Aconteceu no Vale, portal de not\u00edcias do Vale do Jequitinhonha, em Minas Gerais. Cobrimos as 51 cidades do Vale desde 2013. Sugest\u00f5es de pauta e pedidos de corre\u00e7\u00e3o: contato@aconteceunovale.com.br","url":"https:\/\/aconteceunovale.com.br\/portal\/?author=4"}]}},"_links":{"self":[{"href":"https:\/\/aconteceunovale.com.br\/portal\/index.php?rest_route=\/wp\/v2\/posts\/191100","targetHints":{"allow":["GET"]}}],"collection":[{"href":"https:\/\/aconteceunovale.com.br\/portal\/index.php?rest_route=\/wp\/v2\/posts"}],"about":[{"href":"https:\/\/aconteceunovale.com.br\/portal\/index.php?rest_route=\/wp\/v2\/types\/post"}],"author":[{"embeddable":true,"href":"https:\/\/aconteceunovale.com.br\/portal\/index.php?rest_route=\/wp\/v2\/users\/4"}],"replies":[{"embeddable":true,"href":"https:\/\/aconteceunovale.com.br\/portal\/index.php?rest_route=%2Fwp%2Fv2%2Fcomments&post=191100"}],"version-history":[{"count":1,"href":"https:\/\/aconteceunovale.com.br\/portal\/index.php?rest_route=\/wp\/v2\/posts\/191100\/revisions"}],"predecessor-version":[{"id":191102,"href":"https:\/\/aconteceunovale.com.br\/portal\/index.php?rest_route=\/wp\/v2\/posts\/191100\/revisions\/191102"}],"wp:featuredmedia":[{"embeddable":true,"href":"https:\/\/aconteceunovale.com.br\/portal\/index.php?rest_route=\/wp\/v2\/media\/138940"}],"wp:attachment":[{"href":"https:\/\/aconteceunovale.com.br\/portal\/index.php?rest_route=%2Fwp%2Fv2%2Fmedia&parent=191100"}],"wp:term":[{"taxonomy":"category","embeddable":true,"href":"https:\/\/aconteceunovale.com.br\/portal\/index.php?rest_route=%2Fwp%2Fv2%2Fcategories&post=191100"},{"taxonomy":"post_tag","embeddable":true,"href":"https:\/\/aconteceunovale.com.br\/portal\/index.php?rest_route=%2Fwp%2Fv2%2Ftags&post=191100"}],"curies":[{"name":"wp","href":"https:\/\/api.w.org\/{rel}","templated":true}]}}