{"id":191092,"date":"2022-10-03T17:44:28","date_gmt":"2022-10-03T20:44:28","guid":{"rendered":"https:\/\/aconteceunovale.com.br\/portal\/?p=191092"},"modified":"2022-10-03T21:05:09","modified_gmt":"2022-10-04T00:05:09","slug":"pl-pt-e-psdb-tem-maiores-bancadas-na-assembleia-legislativa-de-sao-paulo","status":"publish","type":"post","link":"https:\/\/aconteceunovale.com.br\/portal\/?p=191092","title":{"rendered":"PL, PT e PSDB t\u00eam maiores bancadas na Assembleia Legislativa de S\u00e3o Paulo"},"content":{"rendered":"\n<p class=\"wp-block-paragraph\">Os eleitores do estado de S\u00e3o Paulo\u00a0elegeram ontem (2) os parlamentares que v\u00e3o ocupar as 94 cadeiras da Assembleia Legislativa de S\u00e3o Paulo (Alesp) na\u00a0pr\u00f3xima legislatura. A partir do ano que vem, o Partido Liberal (PL) ter\u00e1 a maior bancada da Alesp. A sigla passou dos atuais 17 para 19 deputados estaduais eleitos, assumindo a lideran\u00e7a entre os partidos da Casa.<\/p>\n\n\n\n<figure class=\"wp-block-gallery has-nested-images columns-default is-cropped wp-block-gallery-1 is-layout-flex wp-block-gallery-is-layout-flex\">\n<figure class=\"wp-block-image size-large\"><img loading=\"lazy\" decoding=\"async\" width=\"678\" height=\"406\" data-id=\"191093\" src=\"https:\/\/aconteceunovale.com.br\/portal\/wp-content\/uploads\/2022\/10\/alesp.jpg\" alt=\"\" class=\"wp-image-191093\" srcset=\"https:\/\/aconteceunovale.com.br\/portal\/wp-content\/uploads\/2022\/10\/alesp.jpg 678w, https:\/\/aconteceunovale.com.br\/portal\/wp-content\/uploads\/2022\/10\/alesp-300x180.jpg 300w\" sizes=\"auto, (max-width: 678px) 100vw, 678px\" \/><figcaption><em><sub>Foto: Divulga\u00e7\u00e3o\/Alesp<\/sub><\/em><\/figcaption><\/figure>\n<\/figure>\n\n\n\n<p class=\"wp-block-paragraph\">J\u00e1 o Partido dos Trabalhadores (PT), do qual faz parte o candidato ao governo de S\u00e3o Paulo Fernando Haddad, vai ocupar a&nbsp;segunda&nbsp;maior bancada da Alesp, passando dos dez deputados atuais para 18. Entre os eleitos est\u00e1 Eduardo Suplicy que, com 807.015 votos, foi o deputado estadual mais votado de S\u00e3o Paulo neste ano.<\/p>\n\n\n\n<p class=\"wp-block-paragraph\">O&nbsp;PT&nbsp;aderiu ao modelo de federa\u00e7\u00e3o com PV e PCdoB&nbsp;e vai somar&nbsp;19 assentos. Al\u00e9m dos nomes petistas, foi eleita&nbsp;tamb\u00e9m&nbsp;Leci Brand\u00e3o (PCdo B)<\/p>\n\n\n\n<p class=\"wp-block-paragraph\">O PSDB, partido tradicional no estado e que vinha h\u00e1 quase tr\u00eas d\u00e9cadas elegendo o governador de S\u00e3o Paulo de forma sucessiva, perdeu quatro cadeiras, mas elegeu nove deputados e ser\u00e1 a terceira maior bancada da Casa. O PSDB aderiu \u00e0 federa\u00e7\u00e3o com o Cidadania, que elegeu mais dois deputados.<\/p>\n\n\n\n<p class=\"wp-block-paragraph\">O Partido Republicanos, do candidato ao governo Tarc\u00edsio de Freitas, manteve as suas oito cadeiras na Assembleia paulista. O Uni\u00e3o Brasil tamb\u00e9m manteve o n\u00famero de oito deputados estaduais eleitos.<\/p>\n\n\n\n<p class=\"wp-block-paragraph\">O PSOL, por sua vez, passou de tr\u00eas para cinco ocupantes na Alesp. O PSOL tamb\u00e9m aderiu \u00e0 federa\u00e7\u00e3o com a Rede Sustentabilidade, que reelegeu Marina Helou.<\/p>\n\n\n\n<p class=\"wp-block-paragraph\">J\u00e1 o Podemos, MDB e o PSD conseguiram eleger quatro deputados cada um. O Progressistas e o PSB fizeram tr\u00eas deputados estaduais cada.<\/p>\n\n\n\n<p class=\"wp-block-paragraph\">Al\u00e9m deles, o Partido Social Crist\u00e3o elegeu dois deputados. Fecham as cadeiras da Alesp os candidatos eleitos pelas siglas PDT, Novo e Solidariedade, com um eleito cada.<\/p>\n\n\n\n<h2 class=\"wp-block-heading\">Os mais votados<\/h2>\n\n\n\n<p class=\"wp-block-paragraph\">Suplicy (807.015 votos) foi o deputado estadual que recebeu mais votos em S\u00e3o Paulo, seguido por Carlos Giannazi (PSOL), com 276.811 votos; Paula da Bancada Feminista (PSOL), com 259.711 votos; Bruno Zambelli (PL), com 235.305 votos; e Major Mecca (PL), com 224.462 votos.<\/p>\n\n\n\n<p class=\"wp-block-paragraph\">No pr\u00f3ximo dia\u00a030 de outubro, os candidatos Tarc\u00edsio de Freitas e Fernando Haddad decidir\u00e3o, em segundo turno, quem ser\u00e1 o futuro governador de S\u00e3o Paulo.<\/p>\n\n\n\n<h2 class=\"wp-block-heading\">Resultado<\/h2>\n\n\n\n<ol class=\"wp-block-list\"><li>Eduardo Suplicy (PT) &#8211; 807.015 votos<\/li><li>Carlos Giannazi (PSOL) &#8211; 276.811 votos<\/li><li>Paula da Bancada Feminista (PSOL) &#8211; 259.771 votos<\/li><li>Bruno Zambelli (PL) &#8211; 235.305 votos<\/li><li>Major Mecca (PL) &#8211; 224.462 votos<\/li><li>Tom\u00e9 Abduch (Republicanos) &#8211; 221.656 votos<\/li><li>Andr\u00e9 do Prado (PL) &#8211; 216.268 votos<\/li><li>Tenente Coimbra (PL) &#8211; 209.705 votos<\/li><li>Delegado Olim (PP) &#8211; 201.348 votos<\/li><li>Ana Carolina Serra (Cidadania) &#8211; 198.698 votos<\/li><li>Milton Leite Filho (Uni\u00e3o Brasil) &#8211; 198.429 votos<\/li><li>Gil Diniz (PL) &#8211; 196.215 votos<\/li><li>Bruna Furlan (PSDB) &#8211; 195.436 votos<\/li><li>Capit\u00e3o Conte Lopes (PL) &#8211; 192.454 votos<\/li><li>Itamar Borges (MDB) &#8211; 183.480 votos<\/li><li>Marcos Damasio (PL) &#8211; 183.219 votos<\/li><li>Carlos Cezar (PL) &#8211; 180.690 votos<\/li><li>Carla Morando (PSDB) &#8211; 177.773 votos<\/li><li>Jorge Wilson Xerife Consumidor (Republicanos) &#8211; 177.614 votos<\/li><li>Ediane Maria (PSOL) &#8211; 175.617 votos<\/li><li>Marta Costa (PSD) &#8211; 170.541 votos<\/li><li>Em\u00eddio de Souza (PT) &#8211; 157.834 votos<\/li><li>Professora Bebel (PT) &#8211; 155.983 votos<\/li><li>Guto Zacarias (Uni\u00e3o Brasil) &#8211; 152.481 votos<\/li><li>Gerson Pessoa (Podemos) &#8211; 143.704 votos<\/li><li>Enio Tatto (PT) &#8211; 142.785 votos<\/li><li>Luiz Fernando (PT) &#8211; 141.017 votos<\/li><li>Rog\u00e9rio Nogueira (PSDB) &#8211; 139.756 votos<\/li><li>Oseias de Madureira (PSD) &#8211; 137.205 votos<\/li><li>Val\u00e9ria Bolsonaro (PL) &#8211; 131.557 votos<\/li><li>Lucas Bove (PL) &#8211; 130.451 votos<\/li><li>Edmir Chedid (Uni\u00e3o Brasil) &#8211; 129.097 votos<\/li><li>Thiago Auricchio (PL) &#8211; 123.483 votos<\/li><li>Vinicius Camarinha (PSDB) &#8211; 123.316 votos<\/li><li>Maurici (PT) &#8211; 121.455 votos<\/li><li>Rafael Silva (PSD) &#8211; 118.182 votos<\/li><li>Paulo Fiorilo (PT) &#8211; 110.251 votos<\/li><li>Reis (PT) &#8211; 108.726 votos<\/li><li>M\u00e1rcia Lia (PT) &#8211; 108.587 votos<\/li><li>Barba (PT) &#8211; 108.071 votos<\/li><li>M\u00f4nica do Movimento Pretas (PSOL) &#8211; 106.781 votos<\/li><li>Carl\u00e3o Pignatari (PSDB) &#8211; 105.245 votos<\/li><li>Caio Fran\u00e7a (PSB) &#8211; 105.173 votos<\/li><li>Sebasti\u00e3o Santos (Republicanos) &#8211; 104.374 votos<\/li><li>Altair Moraes (Republicanos) &#8211; 98.515 votos<\/li><li>Rafael Saraiva (Uni\u00e3o Brasil) &#8211; 98.070 votos<\/li><li>Gilmaci Santos (Republicanos) &#8211; 96.361 votos<\/li><li>Agente Federal Danilo Balas (PL) &#8211; 94.552 votos<\/li><li>Rui Alves (Republicanos) &#8211; 91.717 votos<\/li><li>Thainara Faria (PT) &#8211; 91.388 votos<\/li><li>L\u00e9o Siqueira (NOVO) &#8211; 90.688 votos<\/li><li>Ricardo Madalena (PL) &#8211; 90.630 votos<\/li><li>Leci Brand\u00e3o (PC do B) &#8211; 90.496 votos<\/li><li>Felipe Franco (Uni\u00e3o Brasil) &#8211; 90.440 votos<\/li><li>Analice Fernandes (PSDB) &#8211; 90.135 votos<\/li><li>Andr\u00e9a Werner (PSB) &#8211; 88.820 votos<\/li><li>Donato (PT) &#8211; 88.022 votos<\/li><li>Barros Munhoz (PSDB) &#8211; 86.372 votos<\/li><li>Paulo Mansur (PL) &#8211; 86.201 votos<\/li><li>Marina Helou (REDE) &#8211; 85.517 votos<\/li><li>M\u00e1rcio Nakashima (PDT) &#8211; 85.195 votos<\/li><li>Capit\u00e3o Talhada (PP) &#8211; 83.438 votos<\/li><li>Edna Macedo (Republicanos) &#8211; 82.932 votos<\/li><li>Caruso (MDB) &#8211; 82.209 votos<\/li><li>L\u00e9o Oliveira (MDB) &#8211; 82.145 votos<\/li><li>Dr. Jorge do Carmo (PT) &#8211; 82.054 votos<\/li><li>Solange Freitas (Uni\u00e3o Brasil) &#8211; 81.870 votos<\/li><li>Daniel Soares (Uni\u00e3o Brasil) &#8211; 81.753 votos<\/li><li>Dani Alonso (PL) &#8211; 80.337 votos<\/li><li>Ana Perugini (PT) &#8211; 79.061 votos<\/li><li>Mauro Bragato (PSDB) &#8211; 78.142 votos<\/li><li>Helinho Zanatta (PSC) &#8211; 77.550 votos<\/li><li>Rafa Zimbaldi (Cidadania) &#8211; 76.910 votos<\/li><li>Rog\u00e9rio Santos (MDB) &#8211; 76.602 votos<\/li><li>Rodrigo Moraes (PL) &#8211; 75.094 votos<\/li><li>R\u00f4mulo Fernandes (PT) &#8211; 75.033 votos<\/li><li>Alex de Madureira (PL) &#8211; 74.340 votos<\/li><li>Luiz Cl\u00e1udio Marcolino (PT) &#8211; 70.487 votos<\/li><li>Delegada Graciela (PL) &#8211; 68.955 votos<\/li><li>Let\u00edcia Aguiar (PP) &#8211; 68.556 votos<\/li><li>Maria L\u00facia Amary (PSDB) &#8211; 66.956 votos<\/li><li>Fabiana B. (PL) &#8211; 65.497 votos<\/li><li>Beth Sah\u00e3o (PT) &#8211; 65.407 votos<\/li><li>Ricardo Fran\u00e7a (Podemos) &#8211; 64.175 votos<\/li><li>Paulo Corr\u00eaa Jr (PSD) &#8211; 62.239 votos<\/li><li>Sim\u00e3o Pedro (PT) &#8211; 59.785 votos<\/li><li>Clarice Ganem (Podemos) &#8211; 59.342 votos<\/li><li>Edson Giriboni (Uni\u00e3o Brasil) &#8211; 59.087 votos<\/li><li>Atila Jacomussi (Solidariedade) &#8211; 58.707 votos<\/li><li>Vit\u00e3o do Cachorr\u00e3o (Republicanos) &#8211; 56.729 votos<\/li><li>Dr. Eduardo N\u00f3brega (Podemos) &#8211; 53.607 votos<\/li><li>Dr. Valdomiro Lopes (PSB) &#8211; 50.824 votos<\/li><li>Dr. Elton (PSC) &#8211; 46.042 votos<\/li><li>Guilherme Cortez (PSOL) &#8211; 45.094 votos<\/li><\/ol>\n\n\n\n<p class=\"wp-block-paragraph\">&#8212;&#8212;&#8212;&#8212;&#8212;&#8212;<br><br><strong>Sabia que o Aconteceu no Vale est\u00e1 tamb\u00e9m no Telegram? <a rel=\"noreferrer noopener\" href=\"https:\/\/t.me\/aconteceunovaleoficial\" target=\"_blank\">Inscreva-se no canal<\/a>.<\/strong><br><br><strong>J\u00e1 curtiu ou seguiu nossas p\u00e1ginas nas redes sociais?\u00a0Receba as not\u00edcias em primeira m\u00e3o:<\/strong><br>\u2022 <a rel=\"noreferrer noopener\" href=\"https:\/\/news.google.com\/publications\/CAAqBwgKMNjklQswi4etAw?hl=pt-BR&amp;gl=BR&amp;ceid=BR%3Apt-419\" target=\"_blank\">Google News<\/a><br>\u2022 <a rel=\"noreferrer noopener\" href=\"https:\/\/www.facebook.com\/aconteceunovale\/\" target=\"_blank\">Facebook<\/a><br>\u2022 <a rel=\"noreferrer noopener\" href=\"https:\/\/twitter.com\/noticiadosvales\" target=\"_blank\">Twitter<\/a><br>\u2022 <a rel=\"noreferrer noopener\" href=\"https:\/\/www.instagram.com\/aconteceunovale\" target=\"_blank\">Instagram<\/a><br>\u2022 <a rel=\"noreferrer noopener\" href=\"https:\/\/www.youtube.com\/AconteceunoValeOficial\" target=\"_blank\">Youtube<\/a><br>\u2022 <a rel=\"noreferrer noopener\" href=\"https:\/\/www.tiktok.com\/@aconteceunovale\" target=\"_blank\">TikTok<\/a><\/p>\n","protected":false},"excerpt":{"rendered":"<p>Os eleitores do estado de S\u00e3o Paulo\u00a0elegeram ontem (2) os parlamentares que v\u00e3o ocupar as 94 cadeiras da Assembleia Legislativa de S\u00e3o Paulo (Alesp) na\u00a0pr\u00f3xima legislatura. A partir do ano que vem, o Partido Liberal (PL) ter\u00e1 a maior bancada da Alesp. A sigla passou dos atuais 17 para 19 deputados estaduais eleitos, assumindo a [&hellip;]<\/p>\n","protected":false},"author":4,"featured_media":191093,"comment_status":"open","ping_status":"closed","sticky":false,"template":"","format":"standard","meta":{"amp_status":"","footnotes":""},"categories":[6,249933],"tags":[230288,263770,182572,263766,182573,263873,263991,182574,263992,263993,263994,263995,263996,259756,264593,264592,263997,263998,17965,263999,264000,264001,17651,182578,17548,17963,264002,264003,17538,182589,264004,264005,182596,1018,263627,263626,263625,263624,263628,718,252238,264006,263623,182600,261226,264007,264008,184398,182603,182605,182607,264009,182614,264010,182618,182638,182639,182640],"class_list":["post-191092","post","type-post","status-publish","format-standard","has-post-thumbnail","hentry","category-br","category-eleicoes-2022","tag-apuracao-das-eleicoes","tag-apuracao-das-eleicoes-2022","tag-apuracao-das-eleicoes-em-sao-paulo","tag-apuracao-dos-votos","tag-apuracao-dos-votos-em-sao-paulo","tag-apuracao-dos-votos-em-tempo-real","tag-apuracao-dos-votos-em-tempo-real-em-sao-paulo","tag-apuracao-dos-votos-para-deputado-em-sao-paulo","tag-apuracao-dos-votos-para-deputado-estadual-em-sao-paulo","tag-apuracao-dos-votos-para-deputado-federal-em-sao-paulo","tag-apuracao-dos-votos-para-governador-em-sao-paulo","tag-apuracao-dos-votos-para-presidente-em-sao-paulo","tag-apuracao-dos-votos-para-senador-em-sao-paulo","tag-assembleia-legislativa-de-sao-paulo","tag-composicao-da-alesp","tag-composicao-da-assembleia-legislativa-de-sao-paulo","tag-confira-a-lista-com-nomes-dos-deputados-estaduais-eleitos-em-sao-paulo","tag-confira-a-lista-de-deputados-estaduais-e-federais-eleitos-em-sao-paulo","tag-confira-a-lista-de-deputados-estaduais-eleitos-em-sao-paulo","tag-confira-a-lista-de-deputados-federais-eleitos-em-sao-paulo","tag-confira-a-lista-final-de-deputados-estaduais-eleitos-em-sao-paulo","tag-conheca-os-deputados-estaduais-eleitos-em-sao-paulo","tag-conhecer-os-deputados-eleitos","tag-conhecer-os-deputados-eleitos-em-sao-paulo","tag-deputados-eleitos","tag-deputados-eleitos-em-sao-paulo","tag-deputados-eleitos-em-sao-paulo-2022","tag-deputados-eleitos-sao-paulo","tag-deputados-estaduais-eleitos","tag-deputados-estaduais-eleitos-em-sao-paulo","tag-deputados-estaduais-eleitos-em-sao-paulo-2022","tag-deputados-estaduais-eleitos-sao-paulo","tag-deputados-federais-eleitos-em-sao-paulo","tag-destaque","tag-eleicao-para-deputado-estadual-no-brasil","tag-eleicao-para-deputado-federal-no-brasil","tag-eleicao-para-governador-no-brasil","tag-eleicao-para-presidente-no-brasil","tag-eleicao-para-senador-no-brasil","tag-eleicoes","tag-eleicoes-2022","tag-eleicoes-2022-em-sao-paulo","tag-eleicoes-2022-no-brasil","tag-eleicoes-em-sao-paulo","tag-eleicoes-no-brasil","tag-eleito-sao-paulo","tag-eleitos-em-sao-paulo","tag-governador-eleito-em-sao-paulo","tag-informacoes-sobre-os-deputados-eleitos-em-sao-paulo","tag-lista-de-deputados-estaduais-eleitos-em-sao-paulo","tag-nomes-dos-deputados-eleitos-em-sao-paulo","tag-resultado-das-eleicoes-2022-em-sao-paulo","tag-resultado-das-eleicoes-em-sao-paulo","tag-resultado-eleicoes-2022-em-sao-paulo","tag-senador-eleito-em-sao-paulo","tag-votacao-para-deputado-em-sao-paulo","tag-votacao-para-governador-em-sao-paulo","tag-votacao-para-senador-em-sao-paulo"],"yoast_head":"<!-- This site is optimized with the Yoast SEO plugin v28.3 - https:\/\/yoast.com\/product\/yoast-seo-wordpress\/ -->\n<title>PL, PT e PSDB t\u00eam maiores bancadas na Assembleia Legislativa de S\u00e3o Paulo - Aconteceu no Vale<\/title>\n<meta name=\"robots\" content=\"index, follow, max-snippet:-1, max-image-preview:large, max-video-preview:-1\" \/>\n<link rel=\"canonical\" href=\"https:\/\/aconteceunovale.com.br\/portal\/?p=191092\" \/>\n<meta property=\"og:locale\" content=\"pt_BR\" \/>\n<meta property=\"og:type\" content=\"article\" \/>\n<meta property=\"og:title\" content=\"PL, PT e PSDB t\u00eam maiores bancadas na Assembleia Legislativa de S\u00e3o Paulo - Aconteceu no Vale\" \/>\n<meta property=\"og:description\" content=\"Os eleitores do estado de S\u00e3o Paulo\u00a0elegeram ontem (2) os parlamentares que v\u00e3o ocupar as 94 cadeiras da Assembleia Legislativa de S\u00e3o Paulo (Alesp) na\u00a0pr\u00f3xima legislatura. A partir do ano que vem, o Partido Liberal (PL) ter\u00e1 a maior bancada da Alesp. A sigla passou dos atuais 17 para 19 deputados estaduais eleitos, assumindo a [&hellip;]\" \/>\n<meta property=\"og:url\" content=\"https:\/\/aconteceunovale.com.br\/portal\/?p=191092\" \/>\n<meta property=\"og:site_name\" content=\"Aconteceu no Vale\" \/>\n<meta property=\"article:publisher\" content=\"https:\/\/www.facebook.com\/aconteceunovale\/\" \/>\n<meta property=\"article:published_time\" content=\"2022-10-03T20:44:28+00:00\" \/>\n<meta property=\"article:modified_time\" content=\"2022-10-04T00:05:09+00:00\" \/>\n<meta property=\"og:image\" content=\"https:\/\/aconteceunovale.com.br\/portal\/wp-content\/uploads\/2022\/10\/alesp.jpg\" \/>\n\t<meta property=\"og:image:width\" content=\"678\" \/>\n\t<meta property=\"og:image:height\" content=\"406\" \/>\n\t<meta property=\"og:image:type\" content=\"image\/jpeg\" \/>\n<meta name=\"author\" content=\"Reda\u00e7\u00e3o Aconteceu no Vale\" \/>\n<meta name=\"twitter:card\" content=\"summary_large_image\" \/>\n<meta name=\"twitter:creator\" content=\"@noticiadosvales\" \/>\n<meta name=\"twitter:site\" content=\"@noticiadosvales\" \/>\n<meta name=\"twitter:label1\" content=\"Escrito por\" \/>\n\t<meta name=\"twitter:data1\" content=\"Reda\u00e7\u00e3o Aconteceu no Vale\" \/>\n\t<meta name=\"twitter:label2\" content=\"Est. tempo de leitura\" \/>\n\t<meta name=\"twitter:data2\" content=\"4 minutos\" \/>\n<script type=\"application\/ld+json\" class=\"yoast-schema-graph\">{\"@context\":\"https:\\\/\\\/schema.org\",\"@graph\":[{\"@type\":\"Article\",\"@id\":\"https:\\\/\\\/aconteceunovale.com.br\\\/portal\\\/?p=191092#article\",\"isPartOf\":{\"@id\":\"https:\\\/\\\/aconteceunovale.com.br\\\/portal\\\/?p=191092\"},\"author\":{\"name\":\"Reda\u00e7\u00e3o Aconteceu no Vale\",\"@id\":\"https:\\\/\\\/aconteceunovale.com.br\\\/portal\\\/#\\\/schema\\\/person\\\/7d2f26d1483f8a63de73da1ee0754d35\"},\"headline\":\"PL, PT e PSDB t\u00eam maiores bancadas na Assembleia Legislativa de S\u00e3o Paulo\",\"datePublished\":\"2022-10-03T20:44:28+00:00\",\"dateModified\":\"2022-10-04T00:05:09+00:00\",\"mainEntityOfPage\":{\"@id\":\"https:\\\/\\\/aconteceunovale.com.br\\\/portal\\\/?p=191092\"},\"wordCount\":990,\"commentCount\":0,\"image\":{\"@id\":\"https:\\\/\\\/aconteceunovale.com.br\\\/portal\\\/?p=191092#primaryimage\"},\"thumbnailUrl\":\"https:\\\/\\\/aconteceunovale.com.br\\\/portal\\\/wp-content\\\/uploads\\\/2022\\\/10\\\/alesp.jpg\",\"keywords\":[\"Apura\u00e7\u00e3o das elei\u00e7\u00f5es\",\"Apura\u00e7\u00e3o das elei\u00e7\u00f5es 2022\",\"Apura\u00e7\u00e3o das elei\u00e7\u00f5es em S\u00e3o Paulo\",\"Apura\u00e7\u00e3o dos votos\",\"apura\u00e7\u00e3o dos votos em S\u00e3o Paulo\",\"Apura\u00e7\u00e3o dos votos em tempo real\",\"Apura\u00e7\u00e3o dos votos em tempo real em S\u00e3o Paulo\",\"Apura\u00e7\u00e3o dos votos para deputado em S\u00e3o Paulo\",\"Apura\u00e7\u00e3o dos votos para deputado estadual em S\u00e3o Paulo\",\"Apura\u00e7\u00e3o dos votos para deputado federal em S\u00e3o Paulo\",\"Apura\u00e7\u00e3o dos votos para Governador em S\u00e3o Paulo\",\"Apura\u00e7\u00e3o dos votos para presidente em S\u00e3o Paulo\",\"Apura\u00e7\u00e3o dos votos para senador em S\u00e3o Paulo\",\"Assembleia Legislativa de S\u00e3o Paulo\",\"Composi\u00e7\u00e3o da Alesp\",\"Composi\u00e7\u00e3o da Assembleia Legislativa de S\u00e3o Paulo\",\"Confira a lista com nomes dos deputados estaduais eleitos em S\u00e3o Paulo\",\"Confira a lista de deputados estaduais e federais eleitos em S\u00e3o Paulo\",\"Confira a lista de deputados estaduais eleitos em S\u00e3o Paulo\",\"Confira a lista de deputados federais eleitos em S\u00e3o Paulo\",\"Confira a lista final de deputados estaduais eleitos em S\u00e3o Paulo\",\"Conhe\u00e7a os deputados estaduais eleitos em S\u00e3o Paulo\",\"conhecer os deputados eleitos\",\"conhecer os deputados eleitos em S\u00e3o Paulo\",\"deputados eleitos\",\"deputados eleitos em S\u00e3o Paulo\",\"deputados eleitos em S\u00e3o Paulo 2022\",\"deputados eleitos S\u00e3o Paulo\",\"deputados estaduais eleitos\",\"deputados estaduais eleitos em S\u00e3o Paulo\",\"deputados estaduais eleitos em S\u00e3o Paulo 2022\",\"deputados estaduais eleitos S\u00e3o Paulo\",\"deputados federais eleitos em S\u00e3o Paulo\",\"destaque\",\"Elei\u00e7\u00e3o para deputado estadual no Brasil\",\"Elei\u00e7\u00e3o para deputado federal no Brasil\",\"Elei\u00e7\u00e3o para governador no Brasil\",\"Elei\u00e7\u00e3o para presidente no Brasil\",\"Elei\u00e7\u00e3o para Senador no Brasil\",\"Elei\u00e7\u00f5es\",\"Elei\u00e7\u00f5es 2022\",\"Elei\u00e7\u00f5es 2022 em S\u00e3o Paulo\",\"Elei\u00e7\u00f5es 2022 no Brasil\",\"elei\u00e7\u00f5es em S\u00e3o Paulo\",\"Elei\u00e7\u00f5es no Brasil\",\"Eleito S\u00e3o Paulo\",\"Eleitos em S\u00e3o Paulo\",\"governador eleito em S\u00e3o Paulo\",\"informa\u00e7\u00f5es sobre os deputados eleitos em S\u00e3o Paulo\",\"lista de deputados estaduais eleitos em S\u00e3o Paulo\",\"nomes dos deputados eleitos em S\u00e3o Paulo\",\"Resultado das elei\u00e7\u00f5es 2022 em S\u00e3o Paulo\",\"resultado das elei\u00e7\u00f5es em S\u00e3o Paulo\",\"resultado elei\u00e7\u00f5es 2022 em S\u00e3o Paulo\",\"senador eleito em S\u00e3o Paulo\",\"vota\u00e7\u00e3o para deputado em S\u00e3o Paulo\",\"vota\u00e7\u00e3o para governador em S\u00e3o Paulo\",\"vota\u00e7\u00e3o para senador em S\u00e3o Paulo\"],\"articleSection\":[\"Brasil\",\"Elei\u00e7\u00f5es 2022\"],\"inLanguage\":\"pt-BR\",\"potentialAction\":[{\"@type\":\"CommentAction\",\"name\":\"Comment\",\"target\":[\"https:\\\/\\\/aconteceunovale.com.br\\\/portal\\\/?p=191092#respond\"]}]},{\"@type\":\"WebPage\",\"@id\":\"https:\\\/\\\/aconteceunovale.com.br\\\/portal\\\/?p=191092\",\"url\":\"https:\\\/\\\/aconteceunovale.com.br\\\/portal\\\/?p=191092\",\"name\":\"PL, PT e PSDB t\u00eam maiores bancadas na Assembleia Legislativa de S\u00e3o Paulo - Aconteceu no Vale\",\"isPartOf\":{\"@id\":\"https:\\\/\\\/aconteceunovale.com.br\\\/portal\\\/#website\"},\"primaryImageOfPage\":{\"@id\":\"https:\\\/\\\/aconteceunovale.com.br\\\/portal\\\/?p=191092#primaryimage\"},\"image\":{\"@id\":\"https:\\\/\\\/aconteceunovale.com.br\\\/portal\\\/?p=191092#primaryimage\"},\"thumbnailUrl\":\"https:\\\/\\\/aconteceunovale.com.br\\\/portal\\\/wp-content\\\/uploads\\\/2022\\\/10\\\/alesp.jpg\",\"datePublished\":\"2022-10-03T20:44:28+00:00\",\"dateModified\":\"2022-10-04T00:05:09+00:00\",\"author\":{\"@id\":\"https:\\\/\\\/aconteceunovale.com.br\\\/portal\\\/#\\\/schema\\\/person\\\/7d2f26d1483f8a63de73da1ee0754d35\"},\"breadcrumb\":{\"@id\":\"https:\\\/\\\/aconteceunovale.com.br\\\/portal\\\/?p=191092#breadcrumb\"},\"inLanguage\":\"pt-BR\",\"potentialAction\":[{\"@type\":\"ReadAction\",\"target\":[\"https:\\\/\\\/aconteceunovale.com.br\\\/portal\\\/?p=191092\"]}]},{\"@type\":\"ImageObject\",\"inLanguage\":\"pt-BR\",\"@id\":\"https:\\\/\\\/aconteceunovale.com.br\\\/portal\\\/?p=191092#primaryimage\",\"url\":\"https:\\\/\\\/aconteceunovale.com.br\\\/portal\\\/wp-content\\\/uploads\\\/2022\\\/10\\\/alesp.jpg\",\"contentUrl\":\"https:\\\/\\\/aconteceunovale.com.br\\\/portal\\\/wp-content\\\/uploads\\\/2022\\\/10\\\/alesp.jpg\",\"width\":678,\"height\":406,\"caption\":\"Alesp\"},{\"@type\":\"BreadcrumbList\",\"@id\":\"https:\\\/\\\/aconteceunovale.com.br\\\/portal\\\/?p=191092#breadcrumb\",\"itemListElement\":[{\"@type\":\"ListItem\",\"position\":1,\"name\":\"In\u00edcio\",\"item\":\"https:\\\/\\\/aconteceunovale.com.br\\\/portal\\\/\"},{\"@type\":\"ListItem\",\"position\":2,\"name\":\"PL, PT e PSDB t\u00eam maiores bancadas na Assembleia Legislativa de S\u00e3o Paulo\"}]},{\"@type\":\"WebSite\",\"@id\":\"https:\\\/\\\/aconteceunovale.com.br\\\/portal\\\/#website\",\"url\":\"https:\\\/\\\/aconteceunovale.com.br\\\/portal\\\/\",\"name\":\"Aconteceu no Vale\",\"description\":\"Portal de Not\u00edcias\",\"potentialAction\":[{\"@type\":\"SearchAction\",\"target\":{\"@type\":\"EntryPoint\",\"urlTemplate\":\"https:\\\/\\\/aconteceunovale.com.br\\\/portal\\\/?s={search_term_string}\"},\"query-input\":{\"@type\":\"PropertyValueSpecification\",\"valueRequired\":true,\"valueName\":\"search_term_string\"}}],\"inLanguage\":\"pt-BR\"},{\"@type\":\"Person\",\"@id\":\"https:\\\/\\\/aconteceunovale.com.br\\\/portal\\\/#\\\/schema\\\/person\\\/7d2f26d1483f8a63de73da1ee0754d35\",\"name\":\"Reda\u00e7\u00e3o Aconteceu no Vale\",\"description\":\"Equipe de reportagem do Aconteceu no Vale, portal de not\u00edcias do Vale do Jequitinhonha, em Minas Gerais. Cobrimos as 51 cidades do Vale desde 2013. Sugest\u00f5es de pauta e pedidos de corre\u00e7\u00e3o: contato@aconteceunovale.com.br\",\"url\":\"https:\\\/\\\/aconteceunovale.com.br\\\/portal\\\/?author=4\"}]}<\/script>\n<!-- \/ Yoast SEO plugin. -->","yoast_head_json":{"title":"PL, PT e PSDB t\u00eam maiores bancadas na Assembleia Legislativa de S\u00e3o Paulo - Aconteceu no Vale","robots":{"index":"index","follow":"follow","max-snippet":"max-snippet:-1","max-image-preview":"max-image-preview:large","max-video-preview":"max-video-preview:-1"},"canonical":"https:\/\/aconteceunovale.com.br\/portal\/?p=191092","og_locale":"pt_BR","og_type":"article","og_title":"PL, PT e PSDB t\u00eam maiores bancadas na Assembleia Legislativa de S\u00e3o Paulo - Aconteceu no Vale","og_description":"Os eleitores do estado de S\u00e3o Paulo\u00a0elegeram ontem (2) os parlamentares que v\u00e3o ocupar as 94 cadeiras da Assembleia Legislativa de S\u00e3o Paulo (Alesp) na\u00a0pr\u00f3xima legislatura. A partir do ano que vem, o Partido Liberal (PL) ter\u00e1 a maior bancada da Alesp. A sigla passou dos atuais 17 para 19 deputados estaduais eleitos, assumindo a [&hellip;]","og_url":"https:\/\/aconteceunovale.com.br\/portal\/?p=191092","og_site_name":"Aconteceu no Vale","article_publisher":"https:\/\/www.facebook.com\/aconteceunovale\/","article_published_time":"2022-10-03T20:44:28+00:00","article_modified_time":"2022-10-04T00:05:09+00:00","og_image":[{"width":678,"height":406,"url":"https:\/\/aconteceunovale.com.br\/portal\/wp-content\/uploads\/2022\/10\/alesp.jpg","type":"image\/jpeg"}],"author":"Reda\u00e7\u00e3o Aconteceu no Vale","twitter_card":"summary_large_image","twitter_creator":"@noticiadosvales","twitter_site":"@noticiadosvales","twitter_misc":{"Escrito por":"Reda\u00e7\u00e3o Aconteceu no Vale","Est. tempo de leitura":"4 minutos"},"schema":{"@context":"https:\/\/schema.org","@graph":[{"@type":"Article","@id":"https:\/\/aconteceunovale.com.br\/portal\/?p=191092#article","isPartOf":{"@id":"https:\/\/aconteceunovale.com.br\/portal\/?p=191092"},"author":{"name":"Reda\u00e7\u00e3o Aconteceu no Vale","@id":"https:\/\/aconteceunovale.com.br\/portal\/#\/schema\/person\/7d2f26d1483f8a63de73da1ee0754d35"},"headline":"PL, PT e PSDB t\u00eam maiores bancadas na Assembleia Legislativa de S\u00e3o Paulo","datePublished":"2022-10-03T20:44:28+00:00","dateModified":"2022-10-04T00:05:09+00:00","mainEntityOfPage":{"@id":"https:\/\/aconteceunovale.com.br\/portal\/?p=191092"},"wordCount":990,"commentCount":0,"image":{"@id":"https:\/\/aconteceunovale.com.br\/portal\/?p=191092#primaryimage"},"thumbnailUrl":"https:\/\/aconteceunovale.com.br\/portal\/wp-content\/uploads\/2022\/10\/alesp.jpg","keywords":["Apura\u00e7\u00e3o das elei\u00e7\u00f5es","Apura\u00e7\u00e3o das elei\u00e7\u00f5es 2022","Apura\u00e7\u00e3o das elei\u00e7\u00f5es em S\u00e3o Paulo","Apura\u00e7\u00e3o dos votos","apura\u00e7\u00e3o dos votos em S\u00e3o Paulo","Apura\u00e7\u00e3o dos votos em tempo real","Apura\u00e7\u00e3o dos votos em tempo real em S\u00e3o Paulo","Apura\u00e7\u00e3o dos votos para deputado em S\u00e3o Paulo","Apura\u00e7\u00e3o dos votos para deputado estadual em S\u00e3o Paulo","Apura\u00e7\u00e3o dos votos para deputado federal em S\u00e3o Paulo","Apura\u00e7\u00e3o dos votos para Governador em S\u00e3o Paulo","Apura\u00e7\u00e3o dos votos para presidente em S\u00e3o Paulo","Apura\u00e7\u00e3o dos votos para senador em S\u00e3o Paulo","Assembleia Legislativa de S\u00e3o Paulo","Composi\u00e7\u00e3o da Alesp","Composi\u00e7\u00e3o da Assembleia Legislativa de S\u00e3o Paulo","Confira a lista com nomes dos deputados estaduais eleitos em S\u00e3o Paulo","Confira a lista de deputados estaduais e federais eleitos em S\u00e3o Paulo","Confira a lista de deputados estaduais eleitos em S\u00e3o Paulo","Confira a lista de deputados federais eleitos em S\u00e3o Paulo","Confira a lista final de deputados estaduais eleitos em S\u00e3o Paulo","Conhe\u00e7a os deputados estaduais eleitos em S\u00e3o Paulo","conhecer os deputados eleitos","conhecer os deputados eleitos em S\u00e3o Paulo","deputados eleitos","deputados eleitos em S\u00e3o Paulo","deputados eleitos em S\u00e3o Paulo 2022","deputados eleitos S\u00e3o Paulo","deputados estaduais eleitos","deputados estaduais eleitos em S\u00e3o Paulo","deputados estaduais eleitos em S\u00e3o Paulo 2022","deputados estaduais eleitos S\u00e3o Paulo","deputados federais eleitos em S\u00e3o Paulo","destaque","Elei\u00e7\u00e3o para deputado estadual no Brasil","Elei\u00e7\u00e3o para deputado federal no Brasil","Elei\u00e7\u00e3o para governador no Brasil","Elei\u00e7\u00e3o para presidente no Brasil","Elei\u00e7\u00e3o para Senador no Brasil","Elei\u00e7\u00f5es","Elei\u00e7\u00f5es 2022","Elei\u00e7\u00f5es 2022 em S\u00e3o Paulo","Elei\u00e7\u00f5es 2022 no Brasil","elei\u00e7\u00f5es em S\u00e3o Paulo","Elei\u00e7\u00f5es no Brasil","Eleito S\u00e3o Paulo","Eleitos em S\u00e3o Paulo","governador eleito em S\u00e3o Paulo","informa\u00e7\u00f5es sobre os deputados eleitos em S\u00e3o Paulo","lista de deputados estaduais eleitos em S\u00e3o Paulo","nomes dos deputados eleitos em S\u00e3o Paulo","Resultado das elei\u00e7\u00f5es 2022 em S\u00e3o Paulo","resultado das elei\u00e7\u00f5es em S\u00e3o Paulo","resultado elei\u00e7\u00f5es 2022 em S\u00e3o Paulo","senador eleito em S\u00e3o Paulo","vota\u00e7\u00e3o para deputado em S\u00e3o Paulo","vota\u00e7\u00e3o para governador em S\u00e3o Paulo","vota\u00e7\u00e3o para senador em S\u00e3o Paulo"],"articleSection":["Brasil","Elei\u00e7\u00f5es 2022"],"inLanguage":"pt-BR","potentialAction":[{"@type":"CommentAction","name":"Comment","target":["https:\/\/aconteceunovale.com.br\/portal\/?p=191092#respond"]}]},{"@type":"WebPage","@id":"https:\/\/aconteceunovale.com.br\/portal\/?p=191092","url":"https:\/\/aconteceunovale.com.br\/portal\/?p=191092","name":"PL, PT e PSDB t\u00eam maiores bancadas na Assembleia Legislativa de S\u00e3o Paulo - Aconteceu no Vale","isPartOf":{"@id":"https:\/\/aconteceunovale.com.br\/portal\/#website"},"primaryImageOfPage":{"@id":"https:\/\/aconteceunovale.com.br\/portal\/?p=191092#primaryimage"},"image":{"@id":"https:\/\/aconteceunovale.com.br\/portal\/?p=191092#primaryimage"},"thumbnailUrl":"https:\/\/aconteceunovale.com.br\/portal\/wp-content\/uploads\/2022\/10\/alesp.jpg","datePublished":"2022-10-03T20:44:28+00:00","dateModified":"2022-10-04T00:05:09+00:00","author":{"@id":"https:\/\/aconteceunovale.com.br\/portal\/#\/schema\/person\/7d2f26d1483f8a63de73da1ee0754d35"},"breadcrumb":{"@id":"https:\/\/aconteceunovale.com.br\/portal\/?p=191092#breadcrumb"},"inLanguage":"pt-BR","potentialAction":[{"@type":"ReadAction","target":["https:\/\/aconteceunovale.com.br\/portal\/?p=191092"]}]},{"@type":"ImageObject","inLanguage":"pt-BR","@id":"https:\/\/aconteceunovale.com.br\/portal\/?p=191092#primaryimage","url":"https:\/\/aconteceunovale.com.br\/portal\/wp-content\/uploads\/2022\/10\/alesp.jpg","contentUrl":"https:\/\/aconteceunovale.com.br\/portal\/wp-content\/uploads\/2022\/10\/alesp.jpg","width":678,"height":406,"caption":"Alesp"},{"@type":"BreadcrumbList","@id":"https:\/\/aconteceunovale.com.br\/portal\/?p=191092#breadcrumb","itemListElement":[{"@type":"ListItem","position":1,"name":"In\u00edcio","item":"https:\/\/aconteceunovale.com.br\/portal\/"},{"@type":"ListItem","position":2,"name":"PL, PT e PSDB t\u00eam maiores bancadas na Assembleia Legislativa de S\u00e3o Paulo"}]},{"@type":"WebSite","@id":"https:\/\/aconteceunovale.com.br\/portal\/#website","url":"https:\/\/aconteceunovale.com.br\/portal\/","name":"Aconteceu no Vale","description":"Portal de Not\u00edcias","potentialAction":[{"@type":"SearchAction","target":{"@type":"EntryPoint","urlTemplate":"https:\/\/aconteceunovale.com.br\/portal\/?s={search_term_string}"},"query-input":{"@type":"PropertyValueSpecification","valueRequired":true,"valueName":"search_term_string"}}],"inLanguage":"pt-BR"},{"@type":"Person","@id":"https:\/\/aconteceunovale.com.br\/portal\/#\/schema\/person\/7d2f26d1483f8a63de73da1ee0754d35","name":"Reda\u00e7\u00e3o Aconteceu no Vale","description":"Equipe de reportagem do Aconteceu no Vale, portal de not\u00edcias do Vale do Jequitinhonha, em Minas Gerais. Cobrimos as 51 cidades do Vale desde 2013. Sugest\u00f5es de pauta e pedidos de corre\u00e7\u00e3o: contato@aconteceunovale.com.br","url":"https:\/\/aconteceunovale.com.br\/portal\/?author=4"}]}},"_links":{"self":[{"href":"https:\/\/aconteceunovale.com.br\/portal\/index.php?rest_route=\/wp\/v2\/posts\/191092","targetHints":{"allow":["GET"]}}],"collection":[{"href":"https:\/\/aconteceunovale.com.br\/portal\/index.php?rest_route=\/wp\/v2\/posts"}],"about":[{"href":"https:\/\/aconteceunovale.com.br\/portal\/index.php?rest_route=\/wp\/v2\/types\/post"}],"author":[{"embeddable":true,"href":"https:\/\/aconteceunovale.com.br\/portal\/index.php?rest_route=\/wp\/v2\/users\/4"}],"replies":[{"embeddable":true,"href":"https:\/\/aconteceunovale.com.br\/portal\/index.php?rest_route=%2Fwp%2Fv2%2Fcomments&post=191092"}],"version-history":[{"count":1,"href":"https:\/\/aconteceunovale.com.br\/portal\/index.php?rest_route=\/wp\/v2\/posts\/191092\/revisions"}],"predecessor-version":[{"id":191094,"href":"https:\/\/aconteceunovale.com.br\/portal\/index.php?rest_route=\/wp\/v2\/posts\/191092\/revisions\/191094"}],"wp:featuredmedia":[{"embeddable":true,"href":"https:\/\/aconteceunovale.com.br\/portal\/index.php?rest_route=\/wp\/v2\/media\/191093"}],"wp:attachment":[{"href":"https:\/\/aconteceunovale.com.br\/portal\/index.php?rest_route=%2Fwp%2Fv2%2Fmedia&parent=191092"}],"wp:term":[{"taxonomy":"category","embeddable":true,"href":"https:\/\/aconteceunovale.com.br\/portal\/index.php?rest_route=%2Fwp%2Fv2%2Fcategories&post=191092"},{"taxonomy":"post_tag","embeddable":true,"href":"https:\/\/aconteceunovale.com.br\/portal\/index.php?rest_route=%2Fwp%2Fv2%2Ftags&post=191092"}],"curies":[{"name":"wp","href":"https:\/\/api.w.org\/{rel}","templated":true}]}}