{"id":191089,"date":"2022-10-03T18:17:49","date_gmt":"2022-10-03T21:17:49","guid":{"rendered":"https:\/\/aconteceunovale.com.br\/portal\/?p=191089"},"modified":"2022-10-03T20:36:46","modified_gmt":"2022-10-03T23:36:46","slug":"primeiros-testes-de-vacina-brasileira-contra-covid-19-terao-400-voluntarios","status":"publish","type":"post","link":"https:\/\/aconteceunovale.com.br\/portal\/?p=191089","title":{"rendered":"Primeiros testes de vacina brasileira contra Covid-19 ter\u00e3o 400 volunt\u00e1rios"},"content":{"rendered":"\n<p class=\"wp-block-paragraph\">Os testes cl\u00ednicos da vacina SpiN-TEC contra covid-19, desenvolvida por pesquisadores do CT Vacinas da Universidade Federal de Minas Gerais (UFMG) e pela Funda\u00e7\u00e3o Oswaldo Cruz (Fiocruz), v\u00e3o come\u00e7ar com um grupo de 432 volunt\u00e1rios, segundo detalhes divulgados\u00a0hoje\u00a0(3), ap\u00f3s a\u00a0aprova\u00e7\u00e3o dos experimentos pela Ag\u00eancia Nacional de Vigil\u00e2ncia Sanit\u00e1ria (Anvisa).<\/p>\n\n\n\n<figure class=\"wp-block-gallery has-nested-images columns-default is-cropped wp-block-gallery-1 is-layout-flex wp-block-gallery-is-layout-flex\">\n<figure class=\"wp-block-image size-large\"><img loading=\"lazy\" decoding=\"async\" width=\"678\" height=\"406\" data-id=\"191090\" src=\"https:\/\/aconteceunovale.com.br\/portal\/wp-content\/uploads\/2022\/10\/vacina_ufmg.jpg\" alt=\"\" class=\"wp-image-191090\" srcset=\"https:\/\/aconteceunovale.com.br\/portal\/wp-content\/uploads\/2022\/10\/vacina_ufmg.jpg 678w, https:\/\/aconteceunovale.com.br\/portal\/wp-content\/uploads\/2022\/10\/vacina_ufmg-300x180.jpg 300w\" sizes=\"auto, (max-width: 678px) 100vw, 678px\" \/><figcaption><em><sub>Foto: Arquivo \/ UFMG<\/sub><\/em><\/figcaption><\/figure>\n<\/figure>\n\n\n\n<p class=\"wp-block-paragraph\">Segundo a Fiocruz, os ensaios cl\u00ednicos come\u00e7am assim que a Comiss\u00e3o Nacional de \u00c9tica em Pesquisa (Conep) revalidar a aprova\u00e7\u00e3o concedida anteriormente, o que \u00e9 necess\u00e1rio para contemplar as recomenda\u00e7\u00f5es apresentadas no parecer da Anvisa.<\/p>\n\n\n\n<p class=\"wp-block-paragraph\">Os testes cl\u00ednicos, ou seja, os testes de uma vacina em humanos, incluem tr\u00eas fases antes de os desenvolvedores solicitarem o registro dos resultados \u00e0s ag\u00eancias reguladoras. Na fase 1, \u00e9 avaliada a seguran\u00e7a da vacina em um grupo pequeno de volunt\u00e1rios. Na fase 2, os pesquisadores aumentam o n\u00famero de volunt\u00e1rios e testam tamb\u00e9m a resposta imunol\u00f3gica da vacina proposta. Por \u00faltimo, na fase 3, o n\u00famero de volunt\u00e1rios \u00e9 ainda maior, para que seja testada a efic\u00e1cia da vacina na compara\u00e7\u00e3o com um grupo controle.&nbsp;<\/p>\n\n\n\n<p class=\"wp-block-paragraph\">No caso dos testes da SpiN-TEC, os pesquisadores realizar\u00e3o a fase 1 em 72 volunt\u00e1rios, para verificar poss\u00edveis efeitos colaterais da vacina, como dor de cabe\u00e7a, dor local, febre, n\u00e1usea, entre outros. Os volunt\u00e1rios ser\u00e3o observados durante um ano, mas a fase 2 poder\u00e1 come\u00e7ar caso n\u00e3o haja problemas dentro de quatro a seis meses ap\u00f3s o in\u00edcio da fase 1.&nbsp;&nbsp;<\/p>\n\n\n\n<p class=\"wp-block-paragraph\">Na fase 2, o estudo contar\u00e1 com 360 volunt\u00e1rios. Al\u00e9m da seguran\u00e7a, os pesquisadores v\u00e3o observar nessa etapa o n\u00edvel de anticorpos gerados e a resposta dos linf\u00f3citos, estruturas que, juntas, poder\u00e3o garantir a prote\u00e7\u00e3o do organismo contra o v\u00edrus SARS-CoV-2.<\/p>\n\n\n\n<p class=\"wp-block-paragraph\">Segundo a Fiocruz, nas duas etapas, os volunt\u00e1rios ser\u00e3o divididos em dois grupos: um com participantes com idade entre 18 e 54 anos, que passar\u00e1 pelos testes primeiro; e outro, com pessoas com idade entre 55 e 85 anos. Os cientistas querem entender se a faixa et\u00e1ria pode interferir na resposta imunol\u00f3gica e tamb\u00e9m na seguran\u00e7a da vacina.<\/p>\n\n\n\n<p class=\"wp-block-paragraph\">O lote cl\u00ednico de vacinas que ser\u00e3o aplicadas nos 432 volunt\u00e1rios durante as fases 1 e 2 j\u00e1 est\u00e1 pronto. Segundo o pesquisador Ricardo Gazzinelli, coordenador do projeto, depois do desenvolvimento do processo de produ\u00e7\u00e3o do ingrediente farmac\u00eautico ativo (IFA) no CT-Vacinas (Fiocruz\/UFMG), o insumo foi transferido para a Universidade de Nebraska, nos Estados Unidos, onde ocorreu a fabrica\u00e7\u00e3o do lote. O envase, por sua vez, foi realizado no Complexo Industrial Farmac\u00eautico Crist\u00e1lia, em S\u00e3o Paulo.<\/p>\n\n\n\n<p class=\"wp-block-paragraph\">Al\u00e9m de se provar eficaz, a SpiN-TEC precisar\u00e1 igualar ou superar a efic\u00e1cia das vacinas j\u00e1 existentes no mercado, para que sua aprova\u00e7\u00e3o seja concedida, uma vez que a maioria da popula\u00e7\u00e3o j\u00e1 est\u00e1 imunizada e a vacina ser\u00e1 usada como dose de refor\u00e7o.&nbsp;<\/p>\n\n\n\n<p class=\"wp-block-paragraph\">Caso seja aprovada nas primeiras duas fases, o imunizante ainda passar\u00e1 pela fase 3 de testes que deve envolver cerca de 4&nbsp;mil volunt\u00e1rios, e a produ\u00e7\u00e3o das vacinas que ser\u00e3o utilizadas contar\u00e1 com uma parceria que j\u00e1 foi firmada com a Funda\u00e7\u00e3o Ezequiel Dias (Funed), laborat\u00f3rio central do estado de Minas Gerais, para a fabrica\u00e7\u00e3o do IFA. O envase deve ser feito por uma empresa brasileira do setor privado que j\u00e1 manifestou interesse na comercializa\u00e7\u00e3o da SpiN-TEC em caso de confirma\u00e7\u00e3o de sua seguran\u00e7a e efic\u00e1cia, segundo a Fiocruz.&nbsp;&nbsp;<\/p>\n\n\n\n<p class=\"wp-block-paragraph\">Os testes laboratoriais realizados, at\u00e9 o momento, mostram que a vacina confere prote\u00e7\u00e3o contra o agravamento de casos de covid-19 sem causar efeitos colaterais relevantes em camundongos e primatas n\u00e3o humanos.&nbsp;<\/p>\n\n\n\n<h2 class=\"wp-block-heading\">Nova tecnologia<\/h2>\n\n\n\n<p class=\"wp-block-paragraph\">A vacina SpiN-TEC tem tecnologia diferente das quatro vacinas contra covid-19 usadas at\u00e9 agora no Brasil: CoronaVac, AstraZeneca\/Fiocruz, Pfizer e Janssen. Ela usa a fus\u00e3o de duas prote\u00ednas do SARS-CoV-2, S e N, para formar uma prote\u00edna \u201cquimera\u201d. Segundo os desenvolvedores, essa associa\u00e7\u00e3o confere \u00e0 SpiN-TEC um diferencial em rela\u00e7\u00e3o aos demais imunizantes, que miram apenas a prote\u00edna S, por ser aquela que o v\u00edrus utiliza para invadir as c\u00e9lulas humanas.<\/p>\n\n\n\n<p class=\"wp-block-paragraph\">O problema de atacar apenas a prote\u00edna S \u00e9 que ela tamb\u00e9m \u00e9 a que mais acumulou muta\u00e7\u00f5es ao longo da evolu\u00e7\u00e3o do novo coronav\u00edrus, o que deu \u00e0s novas variantes mais efici\u00eancia contra os anticorpos neutralizantes. A prote\u00edna N, por outro lado, \u00e9 menos sujeita \u00e0s muta\u00e7\u00f5es que geraram novas variantes.<\/p>\n\n\n\n<p class=\"wp-block-paragraph\">Al\u00e9m da seguran\u00e7a da vacina, o estudo em humanos quer provar que, por conter a quimera com as duas prote\u00ednas, a SpiN-TEC poder\u00e1 oferecer prote\u00e7\u00e3o contra o coronav\u00edrus e suas variantes, sem dar a elas maior chance de escape.<\/p>\n\n\n\n<p class=\"wp-block-paragraph\">&#8212;&#8212;&#8212;&#8212;&#8212;&#8212;<br><br><strong>Sabia que o Aconteceu no Vale est\u00e1 tamb\u00e9m no Telegram? <a rel=\"noreferrer noopener\" href=\"https:\/\/t.me\/aconteceunovaleoficial\" target=\"_blank\">Inscreva-se no canal<\/a>.<\/strong><br><br><strong>J\u00e1 curtiu ou seguiu nossas p\u00e1ginas nas redes sociais?\u00a0Receba as not\u00edcias em primeira m\u00e3o:<\/strong><br>\u2022 <a rel=\"noreferrer noopener\" href=\"https:\/\/news.google.com\/publications\/CAAqBwgKMNjklQswi4etAw?hl=pt-BR&amp;gl=BR&amp;ceid=BR%3Apt-419\" target=\"_blank\">Google News<\/a><br>\u2022 <a rel=\"noreferrer noopener\" href=\"https:\/\/www.facebook.com\/aconteceunovale\/\" target=\"_blank\">Facebook<\/a><br>\u2022 <a rel=\"noreferrer noopener\" href=\"https:\/\/twitter.com\/noticiadosvales\" target=\"_blank\">Twitter<\/a><br>\u2022 <a rel=\"noreferrer noopener\" href=\"https:\/\/www.instagram.com\/aconteceunovale\" target=\"_blank\">Instagram<\/a><br>\u2022 <a rel=\"noreferrer noopener\" href=\"https:\/\/www.youtube.com\/AconteceunoValeOficial\" target=\"_blank\">Youtube<\/a><br>\u2022 <a rel=\"noreferrer noopener\" href=\"https:\/\/www.tiktok.com\/@aconteceunovale\" target=\"_blank\">TikTok<\/a><\/p>\n","protected":false},"excerpt":{"rendered":"<p>Os testes cl\u00ednicos da vacina SpiN-TEC contra covid-19, desenvolvida por pesquisadores do CT Vacinas da Universidade Federal de Minas Gerais (UFMG) e pela Funda\u00e7\u00e3o Oswaldo Cruz (Fiocruz), v\u00e3o come\u00e7ar com um grupo de 432 volunt\u00e1rios, segundo detalhes divulgados\u00a0hoje\u00a0(3), ap\u00f3s a\u00a0aprova\u00e7\u00e3o dos experimentos pela Ag\u00eancia Nacional de Vigil\u00e2ncia Sanit\u00e1ria (Anvisa). Segundo a Fiocruz, os ensaios cl\u00ednicos [&hellip;]<\/p>\n","protected":false},"author":4,"featured_media":191090,"comment_status":"open","ping_status":"closed","sticky":false,"template":"","format":"standard","meta":{"amp_status":"","footnotes":""},"categories":[6,123,40242],"tags":[2278,216498,24222,264591,874,219773,248868,248871],"class_list":["post-191089","post","type-post","status-publish","format-standard","has-post-thumbnail","hentry","category-br","category-gerais","category-saude-2","tag-anvisa","tag-covid-19","tag-fiocruz","tag-primeiros-testes-de-vacina-brasileira-contra-covid-19-terao-400-voluntarios","tag-ufmg","tag-vacina-contra-covid-19","tag-vacina-contra-covid-19-da-ufmg","tag-vacina-spin-tec"],"yoast_head":"<!-- This site is optimized with the Yoast SEO plugin v28.3 - https:\/\/yoast.com\/product\/yoast-seo-wordpress\/ -->\n<title>Primeiros testes de vacina brasileira contra Covid-19 ter\u00e3o 400 volunt\u00e1rios - Aconteceu no Vale<\/title>\n<meta name=\"robots\" content=\"index, follow, max-snippet:-1, max-image-preview:large, max-video-preview:-1\" \/>\n<link rel=\"canonical\" href=\"https:\/\/aconteceunovale.com.br\/portal\/?p=191089\" \/>\n<meta property=\"og:locale\" content=\"pt_BR\" \/>\n<meta property=\"og:type\" content=\"article\" \/>\n<meta property=\"og:title\" content=\"Primeiros testes de vacina brasileira contra Covid-19 ter\u00e3o 400 volunt\u00e1rios - Aconteceu no Vale\" \/>\n<meta property=\"og:description\" content=\"Os testes cl\u00ednicos da vacina SpiN-TEC contra covid-19, desenvolvida por pesquisadores do CT Vacinas da Universidade Federal de Minas Gerais (UFMG) e pela Funda\u00e7\u00e3o Oswaldo Cruz (Fiocruz), v\u00e3o come\u00e7ar com um grupo de 432 volunt\u00e1rios, segundo detalhes divulgados\u00a0hoje\u00a0(3), ap\u00f3s a\u00a0aprova\u00e7\u00e3o dos experimentos pela Ag\u00eancia Nacional de Vigil\u00e2ncia Sanit\u00e1ria (Anvisa). Segundo a Fiocruz, os ensaios cl\u00ednicos [&hellip;]\" \/>\n<meta property=\"og:url\" content=\"https:\/\/aconteceunovale.com.br\/portal\/?p=191089\" \/>\n<meta property=\"og:site_name\" content=\"Aconteceu no Vale\" \/>\n<meta property=\"article:publisher\" content=\"https:\/\/www.facebook.com\/aconteceunovale\/\" \/>\n<meta property=\"article:published_time\" content=\"2022-10-03T21:17:49+00:00\" \/>\n<meta property=\"article:modified_time\" content=\"2022-10-03T23:36:46+00:00\" \/>\n<meta property=\"og:image\" content=\"https:\/\/aconteceunovale.com.br\/portal\/wp-content\/uploads\/2022\/10\/vacina_ufmg.jpg\" \/>\n\t<meta property=\"og:image:width\" content=\"678\" \/>\n\t<meta property=\"og:image:height\" content=\"406\" \/>\n\t<meta property=\"og:image:type\" content=\"image\/jpeg\" \/>\n<meta name=\"author\" content=\"Reda\u00e7\u00e3o Aconteceu no Vale\" \/>\n<meta name=\"twitter:card\" content=\"summary_large_image\" \/>\n<meta name=\"twitter:creator\" content=\"@noticiadosvales\" \/>\n<meta name=\"twitter:site\" content=\"@noticiadosvales\" \/>\n<meta name=\"twitter:label1\" content=\"Escrito por\" \/>\n\t<meta name=\"twitter:data1\" content=\"Reda\u00e7\u00e3o Aconteceu no Vale\" \/>\n\t<meta name=\"twitter:label2\" content=\"Est. tempo de leitura\" \/>\n\t<meta name=\"twitter:data2\" content=\"4 minutos\" \/>\n<script type=\"application\/ld+json\" class=\"yoast-schema-graph\">{\"@context\":\"https:\\\/\\\/schema.org\",\"@graph\":[{\"@type\":\"Article\",\"@id\":\"https:\\\/\\\/aconteceunovale.com.br\\\/portal\\\/?p=191089#article\",\"isPartOf\":{\"@id\":\"https:\\\/\\\/aconteceunovale.com.br\\\/portal\\\/?p=191089\"},\"author\":{\"name\":\"Reda\u00e7\u00e3o Aconteceu no Vale\",\"@id\":\"https:\\\/\\\/aconteceunovale.com.br\\\/portal\\\/#\\\/schema\\\/person\\\/7d2f26d1483f8a63de73da1ee0754d35\"},\"headline\":\"Primeiros testes de vacina brasileira contra Covid-19 ter\u00e3o 400 volunt\u00e1rios\",\"datePublished\":\"2022-10-03T21:17:49+00:00\",\"dateModified\":\"2022-10-03T23:36:46+00:00\",\"mainEntityOfPage\":{\"@id\":\"https:\\\/\\\/aconteceunovale.com.br\\\/portal\\\/?p=191089\"},\"wordCount\":878,\"commentCount\":0,\"image\":{\"@id\":\"https:\\\/\\\/aconteceunovale.com.br\\\/portal\\\/?p=191089#primaryimage\"},\"thumbnailUrl\":\"https:\\\/\\\/aconteceunovale.com.br\\\/portal\\\/wp-content\\\/uploads\\\/2022\\\/10\\\/vacina_ufmg.jpg\",\"keywords\":[\"Anvisa\",\"COVID-19\",\"Fiocruz\",\"Primeiros testes de vacina brasileira contra Covid-19 ter\u00e3o 400 volunt\u00e1rios\",\"UFMG\",\"Vacina contra covid-19\",\"Vacina contra covid-19 da UFMG\",\"Vacina SpiN-TEC\"],\"articleSection\":[\"Brasil\",\"Minas Gerais\",\"Sa\u00fade\"],\"inLanguage\":\"pt-BR\",\"potentialAction\":[{\"@type\":\"CommentAction\",\"name\":\"Comment\",\"target\":[\"https:\\\/\\\/aconteceunovale.com.br\\\/portal\\\/?p=191089#respond\"]}]},{\"@type\":\"WebPage\",\"@id\":\"https:\\\/\\\/aconteceunovale.com.br\\\/portal\\\/?p=191089\",\"url\":\"https:\\\/\\\/aconteceunovale.com.br\\\/portal\\\/?p=191089\",\"name\":\"Primeiros testes de vacina brasileira contra Covid-19 ter\u00e3o 400 volunt\u00e1rios - Aconteceu no Vale\",\"isPartOf\":{\"@id\":\"https:\\\/\\\/aconteceunovale.com.br\\\/portal\\\/#website\"},\"primaryImageOfPage\":{\"@id\":\"https:\\\/\\\/aconteceunovale.com.br\\\/portal\\\/?p=191089#primaryimage\"},\"image\":{\"@id\":\"https:\\\/\\\/aconteceunovale.com.br\\\/portal\\\/?p=191089#primaryimage\"},\"thumbnailUrl\":\"https:\\\/\\\/aconteceunovale.com.br\\\/portal\\\/wp-content\\\/uploads\\\/2022\\\/10\\\/vacina_ufmg.jpg\",\"datePublished\":\"2022-10-03T21:17:49+00:00\",\"dateModified\":\"2022-10-03T23:36:46+00:00\",\"author\":{\"@id\":\"https:\\\/\\\/aconteceunovale.com.br\\\/portal\\\/#\\\/schema\\\/person\\\/7d2f26d1483f8a63de73da1ee0754d35\"},\"breadcrumb\":{\"@id\":\"https:\\\/\\\/aconteceunovale.com.br\\\/portal\\\/?p=191089#breadcrumb\"},\"inLanguage\":\"pt-BR\",\"potentialAction\":[{\"@type\":\"ReadAction\",\"target\":[\"https:\\\/\\\/aconteceunovale.com.br\\\/portal\\\/?p=191089\"]}]},{\"@type\":\"ImageObject\",\"inLanguage\":\"pt-BR\",\"@id\":\"https:\\\/\\\/aconteceunovale.com.br\\\/portal\\\/?p=191089#primaryimage\",\"url\":\"https:\\\/\\\/aconteceunovale.com.br\\\/portal\\\/wp-content\\\/uploads\\\/2022\\\/10\\\/vacina_ufmg.jpg\",\"contentUrl\":\"https:\\\/\\\/aconteceunovale.com.br\\\/portal\\\/wp-content\\\/uploads\\\/2022\\\/10\\\/vacina_ufmg.jpg\",\"width\":678,\"height\":406,\"caption\":\"vacina Spintec\"},{\"@type\":\"BreadcrumbList\",\"@id\":\"https:\\\/\\\/aconteceunovale.com.br\\\/portal\\\/?p=191089#breadcrumb\",\"itemListElement\":[{\"@type\":\"ListItem\",\"position\":1,\"name\":\"In\u00edcio\",\"item\":\"https:\\\/\\\/aconteceunovale.com.br\\\/portal\\\/\"},{\"@type\":\"ListItem\",\"position\":2,\"name\":\"Primeiros testes de vacina brasileira contra Covid-19 ter\u00e3o 400 volunt\u00e1rios\"}]},{\"@type\":\"WebSite\",\"@id\":\"https:\\\/\\\/aconteceunovale.com.br\\\/portal\\\/#website\",\"url\":\"https:\\\/\\\/aconteceunovale.com.br\\\/portal\\\/\",\"name\":\"Aconteceu no Vale\",\"description\":\"Portal de Not\u00edcias\",\"potentialAction\":[{\"@type\":\"SearchAction\",\"target\":{\"@type\":\"EntryPoint\",\"urlTemplate\":\"https:\\\/\\\/aconteceunovale.com.br\\\/portal\\\/?s={search_term_string}\"},\"query-input\":{\"@type\":\"PropertyValueSpecification\",\"valueRequired\":true,\"valueName\":\"search_term_string\"}}],\"inLanguage\":\"pt-BR\"},{\"@type\":\"Person\",\"@id\":\"https:\\\/\\\/aconteceunovale.com.br\\\/portal\\\/#\\\/schema\\\/person\\\/7d2f26d1483f8a63de73da1ee0754d35\",\"name\":\"Reda\u00e7\u00e3o Aconteceu no Vale\",\"description\":\"Equipe de reportagem do Aconteceu no Vale, portal de not\u00edcias do Vale do Jequitinhonha, em Minas Gerais. Cobrimos as 51 cidades do Vale desde 2013. Sugest\u00f5es de pauta e pedidos de corre\u00e7\u00e3o: contato@aconteceunovale.com.br\",\"url\":\"https:\\\/\\\/aconteceunovale.com.br\\\/portal\\\/?author=4\"}]}<\/script>\n<!-- \/ Yoast SEO plugin. -->","yoast_head_json":{"title":"Primeiros testes de vacina brasileira contra Covid-19 ter\u00e3o 400 volunt\u00e1rios - Aconteceu no Vale","robots":{"index":"index","follow":"follow","max-snippet":"max-snippet:-1","max-image-preview":"max-image-preview:large","max-video-preview":"max-video-preview:-1"},"canonical":"https:\/\/aconteceunovale.com.br\/portal\/?p=191089","og_locale":"pt_BR","og_type":"article","og_title":"Primeiros testes de vacina brasileira contra Covid-19 ter\u00e3o 400 volunt\u00e1rios - Aconteceu no Vale","og_description":"Os testes cl\u00ednicos da vacina SpiN-TEC contra covid-19, desenvolvida por pesquisadores do CT Vacinas da Universidade Federal de Minas Gerais (UFMG) e pela Funda\u00e7\u00e3o Oswaldo Cruz (Fiocruz), v\u00e3o come\u00e7ar com um grupo de 432 volunt\u00e1rios, segundo detalhes divulgados\u00a0hoje\u00a0(3), ap\u00f3s a\u00a0aprova\u00e7\u00e3o dos experimentos pela Ag\u00eancia Nacional de Vigil\u00e2ncia Sanit\u00e1ria (Anvisa). Segundo a Fiocruz, os ensaios cl\u00ednicos [&hellip;]","og_url":"https:\/\/aconteceunovale.com.br\/portal\/?p=191089","og_site_name":"Aconteceu no Vale","article_publisher":"https:\/\/www.facebook.com\/aconteceunovale\/","article_published_time":"2022-10-03T21:17:49+00:00","article_modified_time":"2022-10-03T23:36:46+00:00","og_image":[{"width":678,"height":406,"url":"https:\/\/aconteceunovale.com.br\/portal\/wp-content\/uploads\/2022\/10\/vacina_ufmg.jpg","type":"image\/jpeg"}],"author":"Reda\u00e7\u00e3o Aconteceu no Vale","twitter_card":"summary_large_image","twitter_creator":"@noticiadosvales","twitter_site":"@noticiadosvales","twitter_misc":{"Escrito por":"Reda\u00e7\u00e3o Aconteceu no Vale","Est. tempo de leitura":"4 minutos"},"schema":{"@context":"https:\/\/schema.org","@graph":[{"@type":"Article","@id":"https:\/\/aconteceunovale.com.br\/portal\/?p=191089#article","isPartOf":{"@id":"https:\/\/aconteceunovale.com.br\/portal\/?p=191089"},"author":{"name":"Reda\u00e7\u00e3o Aconteceu no Vale","@id":"https:\/\/aconteceunovale.com.br\/portal\/#\/schema\/person\/7d2f26d1483f8a63de73da1ee0754d35"},"headline":"Primeiros testes de vacina brasileira contra Covid-19 ter\u00e3o 400 volunt\u00e1rios","datePublished":"2022-10-03T21:17:49+00:00","dateModified":"2022-10-03T23:36:46+00:00","mainEntityOfPage":{"@id":"https:\/\/aconteceunovale.com.br\/portal\/?p=191089"},"wordCount":878,"commentCount":0,"image":{"@id":"https:\/\/aconteceunovale.com.br\/portal\/?p=191089#primaryimage"},"thumbnailUrl":"https:\/\/aconteceunovale.com.br\/portal\/wp-content\/uploads\/2022\/10\/vacina_ufmg.jpg","keywords":["Anvisa","COVID-19","Fiocruz","Primeiros testes de vacina brasileira contra Covid-19 ter\u00e3o 400 volunt\u00e1rios","UFMG","Vacina contra covid-19","Vacina contra covid-19 da UFMG","Vacina SpiN-TEC"],"articleSection":["Brasil","Minas Gerais","Sa\u00fade"],"inLanguage":"pt-BR","potentialAction":[{"@type":"CommentAction","name":"Comment","target":["https:\/\/aconteceunovale.com.br\/portal\/?p=191089#respond"]}]},{"@type":"WebPage","@id":"https:\/\/aconteceunovale.com.br\/portal\/?p=191089","url":"https:\/\/aconteceunovale.com.br\/portal\/?p=191089","name":"Primeiros testes de vacina brasileira contra Covid-19 ter\u00e3o 400 volunt\u00e1rios - Aconteceu no Vale","isPartOf":{"@id":"https:\/\/aconteceunovale.com.br\/portal\/#website"},"primaryImageOfPage":{"@id":"https:\/\/aconteceunovale.com.br\/portal\/?p=191089#primaryimage"},"image":{"@id":"https:\/\/aconteceunovale.com.br\/portal\/?p=191089#primaryimage"},"thumbnailUrl":"https:\/\/aconteceunovale.com.br\/portal\/wp-content\/uploads\/2022\/10\/vacina_ufmg.jpg","datePublished":"2022-10-03T21:17:49+00:00","dateModified":"2022-10-03T23:36:46+00:00","author":{"@id":"https:\/\/aconteceunovale.com.br\/portal\/#\/schema\/person\/7d2f26d1483f8a63de73da1ee0754d35"},"breadcrumb":{"@id":"https:\/\/aconteceunovale.com.br\/portal\/?p=191089#breadcrumb"},"inLanguage":"pt-BR","potentialAction":[{"@type":"ReadAction","target":["https:\/\/aconteceunovale.com.br\/portal\/?p=191089"]}]},{"@type":"ImageObject","inLanguage":"pt-BR","@id":"https:\/\/aconteceunovale.com.br\/portal\/?p=191089#primaryimage","url":"https:\/\/aconteceunovale.com.br\/portal\/wp-content\/uploads\/2022\/10\/vacina_ufmg.jpg","contentUrl":"https:\/\/aconteceunovale.com.br\/portal\/wp-content\/uploads\/2022\/10\/vacina_ufmg.jpg","width":678,"height":406,"caption":"vacina Spintec"},{"@type":"BreadcrumbList","@id":"https:\/\/aconteceunovale.com.br\/portal\/?p=191089#breadcrumb","itemListElement":[{"@type":"ListItem","position":1,"name":"In\u00edcio","item":"https:\/\/aconteceunovale.com.br\/portal\/"},{"@type":"ListItem","position":2,"name":"Primeiros testes de vacina brasileira contra Covid-19 ter\u00e3o 400 volunt\u00e1rios"}]},{"@type":"WebSite","@id":"https:\/\/aconteceunovale.com.br\/portal\/#website","url":"https:\/\/aconteceunovale.com.br\/portal\/","name":"Aconteceu no Vale","description":"Portal de Not\u00edcias","potentialAction":[{"@type":"SearchAction","target":{"@type":"EntryPoint","urlTemplate":"https:\/\/aconteceunovale.com.br\/portal\/?s={search_term_string}"},"query-input":{"@type":"PropertyValueSpecification","valueRequired":true,"valueName":"search_term_string"}}],"inLanguage":"pt-BR"},{"@type":"Person","@id":"https:\/\/aconteceunovale.com.br\/portal\/#\/schema\/person\/7d2f26d1483f8a63de73da1ee0754d35","name":"Reda\u00e7\u00e3o Aconteceu no Vale","description":"Equipe de reportagem do Aconteceu no Vale, portal de not\u00edcias do Vale do Jequitinhonha, em Minas Gerais. Cobrimos as 51 cidades do Vale desde 2013. Sugest\u00f5es de pauta e pedidos de corre\u00e7\u00e3o: contato@aconteceunovale.com.br","url":"https:\/\/aconteceunovale.com.br\/portal\/?author=4"}]}},"_links":{"self":[{"href":"https:\/\/aconteceunovale.com.br\/portal\/index.php?rest_route=\/wp\/v2\/posts\/191089","targetHints":{"allow":["GET"]}}],"collection":[{"href":"https:\/\/aconteceunovale.com.br\/portal\/index.php?rest_route=\/wp\/v2\/posts"}],"about":[{"href":"https:\/\/aconteceunovale.com.br\/portal\/index.php?rest_route=\/wp\/v2\/types\/post"}],"author":[{"embeddable":true,"href":"https:\/\/aconteceunovale.com.br\/portal\/index.php?rest_route=\/wp\/v2\/users\/4"}],"replies":[{"embeddable":true,"href":"https:\/\/aconteceunovale.com.br\/portal\/index.php?rest_route=%2Fwp%2Fv2%2Fcomments&post=191089"}],"version-history":[{"count":1,"href":"https:\/\/aconteceunovale.com.br\/portal\/index.php?rest_route=\/wp\/v2\/posts\/191089\/revisions"}],"predecessor-version":[{"id":191091,"href":"https:\/\/aconteceunovale.com.br\/portal\/index.php?rest_route=\/wp\/v2\/posts\/191089\/revisions\/191091"}],"wp:featuredmedia":[{"embeddable":true,"href":"https:\/\/aconteceunovale.com.br\/portal\/index.php?rest_route=\/wp\/v2\/media\/191090"}],"wp:attachment":[{"href":"https:\/\/aconteceunovale.com.br\/portal\/index.php?rest_route=%2Fwp%2Fv2%2Fmedia&parent=191089"}],"wp:term":[{"taxonomy":"category","embeddable":true,"href":"https:\/\/aconteceunovale.com.br\/portal\/index.php?rest_route=%2Fwp%2Fv2%2Fcategories&post=191089"},{"taxonomy":"post_tag","embeddable":true,"href":"https:\/\/aconteceunovale.com.br\/portal\/index.php?rest_route=%2Fwp%2Fv2%2Ftags&post=191089"}],"curies":[{"name":"wp","href":"https:\/\/api.w.org\/{rel}","templated":true}]}}