{"id":191080,"date":"2022-10-03T19:39:23","date_gmt":"2022-10-03T22:39:23","guid":{"rendered":"https:\/\/aconteceunovale.com.br\/portal\/?p=191080"},"modified":"2022-10-03T20:19:45","modified_gmt":"2022-10-03T23:19:45","slug":"rio-de-janeiro-registra-segunda-morte-de-infectado-pela-variola-dos-macacos","status":"publish","type":"post","link":"https:\/\/aconteceunovale.com.br\/portal\/?p=191080","title":{"rendered":"Rio de Janeiro registra segunda morte de infectado pela var\u00edola dos macacos"},"content":{"rendered":"\n<p class=\"wp-block-paragraph\">A Secretaria de Sa\u00fade do Rio de Janeiro (SES-RJ) confirmou hoje (3) a segunda morte de um paciente infectado pela var\u00edola dos macacos no estado em decorr\u00eancia da doen\u00e7a. A v\u00edtima \u00e9 um homem de 31 anos, morador de Mesquita, que estava internado h\u00e1 mais de um m\u00eas na capital fluminense.<\/p>\n\n\n\n<figure class=\"wp-block-gallery has-nested-images columns-default is-cropped wp-block-gallery-1 is-layout-flex wp-block-gallery-is-layout-flex\">\n<figure class=\"wp-block-image size-large\"><img loading=\"lazy\" decoding=\"async\" width=\"678\" height=\"406\" data-id=\"191081\" src=\"https:\/\/aconteceunovale.com.br\/portal\/wp-content\/uploads\/2022\/10\/variola_dos_macacos.jpg\" alt=\"\" class=\"wp-image-191081\" srcset=\"https:\/\/aconteceunovale.com.br\/portal\/wp-content\/uploads\/2022\/10\/variola_dos_macacos.jpg 678w, https:\/\/aconteceunovale.com.br\/portal\/wp-content\/uploads\/2022\/10\/variola_dos_macacos-300x180.jpg 300w\" sizes=\"auto, (max-width: 678px) 100vw, 678px\" \/><figcaption><em><sub>Foto: D\u00e9bora F. Barreto-Vieira\/IOC\/Fiocruz<\/sub><\/em><\/figcaption><\/figure>\n<\/figure>\n\n\n\n<p class=\"wp-block-paragraph\">O paciente deu entrada no Instituto Nacional de Infectologia da Funda\u00e7\u00e3o Oswaldo Cruz (Fiocruz) no dia 31 de agosto e, dois dias, depois foi transferido para o Instituto Estadual de Infectologia S\u00e3o Sebasti\u00e3o, onde se encontrava desde ent\u00e3o.<img decoding=\"async\" src=\"https:\/\/agenciabrasil.ebc.com.br\/ebc.png?id=1486164&amp;o=node\"><img decoding=\"async\" src=\"https:\/\/agenciabrasil.ebc.com.br\/ebc.gif?id=1486164&amp;o=node\"><\/p>\n\n\n\n<p class=\"wp-block-paragraph\">Segundo a SES-RJ, o homem apresentava baixa imunidade e comorbidades que agravaram o quadro da doen\u00e7a. Ele foi tratado com o medicamento experimental tecovirimat, o que resultou em melhora parcial das les\u00f5es, mas, no s\u00e1bado (1\u00ba), sofreu parada respirat\u00f3ria e morreu.<\/p>\n\n\n\n<p class=\"wp-block-paragraph\">Conhecida internacionalmente como&nbsp;<em>monkeypox<\/em>, a var\u00edola dos macacos \u00e9 end\u00eamica em regi\u00f5es da \u00c1frica e se tornou uma preocupa\u00e7\u00e3o sanit\u00e1ria devido \u00e0 dissemina\u00e7\u00e3o para diversos pa\u00edses desde maio. A doen\u00e7a \u00e9 causada por um&nbsp;<em>poxv\u00edrus<\/em>&nbsp;do subgrupo&nbsp;<em>orthopoxv\u00edrus<\/em>, assim como ocorre por outras doen\u00e7as como a&nbsp;<em>cowpox<\/em>&nbsp;e a var\u00edola humana, erradicada no Brasil em 1980 ap\u00f3s campanhas massivas de vacina\u00e7\u00e3o.<\/p>\n\n\n\n<p class=\"wp-block-paragraph\">A var\u00edola dos macacos foi descrita pela primeira vez em 1958. Na \u00e9poca, tamb\u00e9m se observava o acometimento de macacos, que morriam. Vem da\u00ed o nome da doen\u00e7a. No entanto, no ciclo de transmiss\u00e3o, os macacos s\u00e3o v\u00edtimas como os humanos. Na natureza, roedores silvestres provavelmente representam o reservat\u00f3rio animal do v\u00edrus.<\/p>\n\n\n\n<p class=\"wp-block-paragraph\">Entre pessoas, a\u00a0transmiss\u00e3o\u00a0ocorre por contato direto, como beijo ou abra\u00e7o, ou por feridas infecciosas, crostas ou fluidos corporais, al\u00e9m de secre\u00e7\u00f5es respirat\u00f3rias. O sintoma mais caracter\u00edstico \u00e9 a forma\u00e7\u00e3o de erup\u00e7\u00f5es e n\u00f3dulos dolorosos na pele. Al\u00e9m dessas les\u00f5es, podem ocorrer febre, calafrios, dores de cabe\u00e7a, dores musculares e fraqueza.<\/p>\n\n\n\n<p class=\"wp-block-paragraph\">De acordo com a SES-RJ, 1.064 casos j\u00e1 foram confirmados no estado e 507 s\u00e3o considerados prov\u00e1veis ou suspeitos. Segundo boletim divulgado na sexta-feira (30) pelo Minist\u00e9rio da Sa\u00fade, o pa\u00eds tem 7.869 ocorr\u00eancias confirmadas e 4.905 suspeitas.<\/p>\n\n\n\n<p class=\"wp-block-paragraph\">At\u00e9 ent\u00e3o, havia apenas duas mortes registradas: uma em Minas Gerais e uma no Rio de Janeiro. Em todo o mundo, foram reportados mais de 61 mil casos e 23 mortes. Em julho, a Organiza\u00e7\u00e3o Mundial da Sa\u00fade (OMS) declarou a var\u00edola dos macacos emerg\u00eancia de sa\u00fade p\u00fablica de interesse internacional.<\/p>\n\n\n\n<p class=\"wp-block-paragraph\">Embora o \u00edndice de letalidade seja baixo e as defesas do pr\u00f3prio organismo geralmente sejam capazes de combater e eliminar o v\u00edrus, h\u00e1 risco de agravamento, principalmente para pessoas imunossuprimidas com HIV\/aids, transplantados, pessoas com doen\u00e7as autoimunes, gestantes, lactantes, crian\u00e7as com menos de 8 anos de idade e pacientes com leucemia, linfoma ou met\u00e1stase. Como preven\u00e7\u00e3o, a pessoa acometida deve ficar isolada at\u00e9 que todas as feridas tenham cicatrizado. Tamb\u00e9m \u00e9 recomendado evitar contato com qualquer material que tenha sido usado pelo infectado.<\/p>\n\n\n\n<p class=\"wp-block-paragraph\">As vacinas para a var\u00edola humana s\u00e3o eficazes para combater o surto da var\u00edola dos macacos, mas n\u00e3o h\u00e1, por enquanto, previs\u00e3o quanto a uma campanha de imuniza\u00e7\u00e3o em massa, tendo em vista a necessidade de produ\u00e7\u00e3o de doses em escala mundial. Conforme recomenda a OMS, devem ter prioridade profissionais de sa\u00fade e pesquisadores laboratoriais. Em agosto, a Ag\u00eancia Nacional de Vigil\u00e2ncia Sanit\u00e1ria (Anvisa)\u00a0deu aval\u00a0\u00e0 importa\u00e7\u00e3o do imunizante pelo Brasil.<\/p>\n\n\n\n<p class=\"wp-block-paragraph\">&#8212;&#8212;&#8212;&#8212;&#8212;&#8212;<br><br><strong>Sabia que o Aconteceu no Vale est\u00e1 tamb\u00e9m no Telegram? <a rel=\"noreferrer noopener\" href=\"https:\/\/t.me\/aconteceunovaleoficial\" target=\"_blank\">Inscreva-se no canal<\/a>.<\/strong><br><br><strong>J\u00e1 curtiu ou seguiu nossas p\u00e1ginas nas redes sociais?\u00a0Receba as not\u00edcias em primeira m\u00e3o:<\/strong><br>\u2022 <a rel=\"noreferrer noopener\" href=\"https:\/\/news.google.com\/publications\/CAAqBwgKMNjklQswi4etAw?hl=pt-BR&amp;gl=BR&amp;ceid=BR%3Apt-419\" target=\"_blank\">Google News<\/a><br>\u2022 <a rel=\"noreferrer noopener\" href=\"https:\/\/www.facebook.com\/aconteceunovale\/\" target=\"_blank\">Facebook<\/a><br>\u2022 <a rel=\"noreferrer noopener\" href=\"https:\/\/twitter.com\/noticiadosvales\" target=\"_blank\">Twitter<\/a><br>\u2022 <a rel=\"noreferrer noopener\" href=\"https:\/\/www.instagram.com\/aconteceunovale\" target=\"_blank\">Instagram<\/a><br>\u2022 <a rel=\"noreferrer noopener\" href=\"https:\/\/www.youtube.com\/AconteceunoValeOficial\" target=\"_blank\">Youtube<\/a><br>\u2022 <a rel=\"noreferrer noopener\" href=\"https:\/\/www.tiktok.com\/@aconteceunovale\" target=\"_blank\">TikTok<\/a><\/p>\n","protected":false},"excerpt":{"rendered":"<p>A Secretaria de Sa\u00fade do Rio de Janeiro (SES-RJ) confirmou hoje (3) a segunda morte de um paciente infectado pela var\u00edola dos macacos no estado em decorr\u00eancia da doen\u00e7a. A v\u00edtima \u00e9 um homem de 31 anos, morador de Mesquita, que estava internado h\u00e1 mais de um m\u00eas na capital fluminense. O paciente deu entrada [&hellip;]<\/p>\n","protected":false},"author":4,"featured_media":191081,"comment_status":"open","ping_status":"closed","sticky":false,"template":"","format":"standard","meta":{"amp_status":"","footnotes":""},"categories":[6,40242],"tags":[24222,1723,261732,264581,1104,264580,264582,261289],"class_list":["post-191080","post","type-post","status-publish","format-standard","has-post-thumbnail","hentry","category-br","category-saude-2","tag-fiocruz","tag-mesquita","tag-monkeypox","tag-morte-de-infectado-pela-variola-dos-macacos","tag-rio-de-janeiro","tag-rio-de-janeiro-registra-segunda-morte-de-infectado-pela-variola-dos-macacos","tag-ses-rj","tag-variola-dos-macacos"],"yoast_head":"<!-- This site is optimized with the Yoast SEO plugin v28.3 - https:\/\/yoast.com\/product\/yoast-seo-wordpress\/ -->\n<title>Rio de Janeiro registra segunda morte de infectado pela var\u00edola dos macacos - Aconteceu no Vale<\/title>\n<meta name=\"robots\" content=\"index, follow, max-snippet:-1, max-image-preview:large, max-video-preview:-1\" \/>\n<link rel=\"canonical\" href=\"https:\/\/aconteceunovale.com.br\/portal\/?p=191080\" \/>\n<meta property=\"og:locale\" content=\"pt_BR\" \/>\n<meta property=\"og:type\" content=\"article\" \/>\n<meta property=\"og:title\" content=\"Rio de Janeiro registra segunda morte de infectado pela var\u00edola dos macacos - Aconteceu no Vale\" \/>\n<meta property=\"og:description\" content=\"A Secretaria de Sa\u00fade do Rio de Janeiro (SES-RJ) confirmou hoje (3) a segunda morte de um paciente infectado pela var\u00edola dos macacos no estado em decorr\u00eancia da doen\u00e7a. A v\u00edtima \u00e9 um homem de 31 anos, morador de Mesquita, que estava internado h\u00e1 mais de um m\u00eas na capital fluminense. O paciente deu entrada [&hellip;]\" \/>\n<meta property=\"og:url\" content=\"https:\/\/aconteceunovale.com.br\/portal\/?p=191080\" \/>\n<meta property=\"og:site_name\" content=\"Aconteceu no Vale\" \/>\n<meta property=\"article:publisher\" content=\"https:\/\/www.facebook.com\/aconteceunovale\/\" \/>\n<meta property=\"article:published_time\" content=\"2022-10-03T22:39:23+00:00\" \/>\n<meta property=\"article:modified_time\" content=\"2022-10-03T23:19:45+00:00\" \/>\n<meta property=\"og:image\" content=\"https:\/\/aconteceunovale.com.br\/portal\/wp-content\/uploads\/2022\/10\/variola_dos_macacos.jpg\" \/>\n\t<meta property=\"og:image:width\" content=\"678\" \/>\n\t<meta property=\"og:image:height\" content=\"406\" \/>\n\t<meta property=\"og:image:type\" content=\"image\/jpeg\" \/>\n<meta name=\"author\" content=\"Reda\u00e7\u00e3o Aconteceu no Vale\" \/>\n<meta name=\"twitter:card\" content=\"summary_large_image\" \/>\n<meta name=\"twitter:creator\" content=\"@noticiadosvales\" \/>\n<meta name=\"twitter:site\" content=\"@noticiadosvales\" \/>\n<meta name=\"twitter:label1\" content=\"Escrito por\" \/>\n\t<meta name=\"twitter:data1\" content=\"Reda\u00e7\u00e3o Aconteceu no Vale\" \/>\n\t<meta name=\"twitter:label2\" content=\"Est. tempo de leitura\" \/>\n\t<meta name=\"twitter:data2\" content=\"3 minutos\" \/>\n<script type=\"application\/ld+json\" class=\"yoast-schema-graph\">{\"@context\":\"https:\\\/\\\/schema.org\",\"@graph\":[{\"@type\":\"Article\",\"@id\":\"https:\\\/\\\/aconteceunovale.com.br\\\/portal\\\/?p=191080#article\",\"isPartOf\":{\"@id\":\"https:\\\/\\\/aconteceunovale.com.br\\\/portal\\\/?p=191080\"},\"author\":{\"name\":\"Reda\u00e7\u00e3o Aconteceu no Vale\",\"@id\":\"https:\\\/\\\/aconteceunovale.com.br\\\/portal\\\/#\\\/schema\\\/person\\\/7d2f26d1483f8a63de73da1ee0754d35\"},\"headline\":\"Rio de Janeiro registra segunda morte de infectado pela var\u00edola dos macacos\",\"datePublished\":\"2022-10-03T22:39:23+00:00\",\"dateModified\":\"2022-10-03T23:19:45+00:00\",\"mainEntityOfPage\":{\"@id\":\"https:\\\/\\\/aconteceunovale.com.br\\\/portal\\\/?p=191080\"},\"wordCount\":665,\"commentCount\":0,\"image\":{\"@id\":\"https:\\\/\\\/aconteceunovale.com.br\\\/portal\\\/?p=191080#primaryimage\"},\"thumbnailUrl\":\"https:\\\/\\\/aconteceunovale.com.br\\\/portal\\\/wp-content\\\/uploads\\\/2022\\\/10\\\/variola_dos_macacos.jpg\",\"keywords\":[\"Fiocruz\",\"Mesquita\",\"Monkeypox\",\"Morte de infectado pela var\u00edola dos macacos\",\"Rio de Janeiro\",\"Rio de Janeiro registra segunda morte de infectado pela var\u00edola dos macacos\",\"SES-RJ\",\"Var\u00edola dos macacos\"],\"articleSection\":[\"Brasil\",\"Sa\u00fade\"],\"inLanguage\":\"pt-BR\",\"potentialAction\":[{\"@type\":\"CommentAction\",\"name\":\"Comment\",\"target\":[\"https:\\\/\\\/aconteceunovale.com.br\\\/portal\\\/?p=191080#respond\"]}]},{\"@type\":\"WebPage\",\"@id\":\"https:\\\/\\\/aconteceunovale.com.br\\\/portal\\\/?p=191080\",\"url\":\"https:\\\/\\\/aconteceunovale.com.br\\\/portal\\\/?p=191080\",\"name\":\"Rio de Janeiro registra segunda morte de infectado pela var\u00edola dos macacos - Aconteceu no Vale\",\"isPartOf\":{\"@id\":\"https:\\\/\\\/aconteceunovale.com.br\\\/portal\\\/#website\"},\"primaryImageOfPage\":{\"@id\":\"https:\\\/\\\/aconteceunovale.com.br\\\/portal\\\/?p=191080#primaryimage\"},\"image\":{\"@id\":\"https:\\\/\\\/aconteceunovale.com.br\\\/portal\\\/?p=191080#primaryimage\"},\"thumbnailUrl\":\"https:\\\/\\\/aconteceunovale.com.br\\\/portal\\\/wp-content\\\/uploads\\\/2022\\\/10\\\/variola_dos_macacos.jpg\",\"datePublished\":\"2022-10-03T22:39:23+00:00\",\"dateModified\":\"2022-10-03T23:19:45+00:00\",\"author\":{\"@id\":\"https:\\\/\\\/aconteceunovale.com.br\\\/portal\\\/#\\\/schema\\\/person\\\/7d2f26d1483f8a63de73da1ee0754d35\"},\"breadcrumb\":{\"@id\":\"https:\\\/\\\/aconteceunovale.com.br\\\/portal\\\/?p=191080#breadcrumb\"},\"inLanguage\":\"pt-BR\",\"potentialAction\":[{\"@type\":\"ReadAction\",\"target\":[\"https:\\\/\\\/aconteceunovale.com.br\\\/portal\\\/?p=191080\"]}]},{\"@type\":\"ImageObject\",\"inLanguage\":\"pt-BR\",\"@id\":\"https:\\\/\\\/aconteceunovale.com.br\\\/portal\\\/?p=191080#primaryimage\",\"url\":\"https:\\\/\\\/aconteceunovale.com.br\\\/portal\\\/wp-content\\\/uploads\\\/2022\\\/10\\\/variola_dos_macacos.jpg\",\"contentUrl\":\"https:\\\/\\\/aconteceunovale.com.br\\\/portal\\\/wp-content\\\/uploads\\\/2022\\\/10\\\/variola_dos_macacos.jpg\",\"width\":678,\"height\":406,\"caption\":\"A var\u00edola dos macacos \u00e9 transmitida pelo v\u00edrus monkeypox, que pertence ao g\u00eanero orthopoxvirus\"},{\"@type\":\"BreadcrumbList\",\"@id\":\"https:\\\/\\\/aconteceunovale.com.br\\\/portal\\\/?p=191080#breadcrumb\",\"itemListElement\":[{\"@type\":\"ListItem\",\"position\":1,\"name\":\"In\u00edcio\",\"item\":\"https:\\\/\\\/aconteceunovale.com.br\\\/portal\\\/\"},{\"@type\":\"ListItem\",\"position\":2,\"name\":\"Rio de Janeiro registra segunda morte de infectado pela var\u00edola dos macacos\"}]},{\"@type\":\"WebSite\",\"@id\":\"https:\\\/\\\/aconteceunovale.com.br\\\/portal\\\/#website\",\"url\":\"https:\\\/\\\/aconteceunovale.com.br\\\/portal\\\/\",\"name\":\"Aconteceu no Vale\",\"description\":\"Portal de Not\u00edcias\",\"potentialAction\":[{\"@type\":\"SearchAction\",\"target\":{\"@type\":\"EntryPoint\",\"urlTemplate\":\"https:\\\/\\\/aconteceunovale.com.br\\\/portal\\\/?s={search_term_string}\"},\"query-input\":{\"@type\":\"PropertyValueSpecification\",\"valueRequired\":true,\"valueName\":\"search_term_string\"}}],\"inLanguage\":\"pt-BR\"},{\"@type\":\"Person\",\"@id\":\"https:\\\/\\\/aconteceunovale.com.br\\\/portal\\\/#\\\/schema\\\/person\\\/7d2f26d1483f8a63de73da1ee0754d35\",\"name\":\"Reda\u00e7\u00e3o Aconteceu no Vale\",\"description\":\"Equipe de reportagem do Aconteceu no Vale, portal de not\u00edcias do Vale do Jequitinhonha, em Minas Gerais. Cobrimos as 51 cidades do Vale desde 2013. Sugest\u00f5es de pauta e pedidos de corre\u00e7\u00e3o: contato@aconteceunovale.com.br\",\"url\":\"https:\\\/\\\/aconteceunovale.com.br\\\/portal\\\/?author=4\"}]}<\/script>\n<!-- \/ Yoast SEO plugin. -->","yoast_head_json":{"title":"Rio de Janeiro registra segunda morte de infectado pela var\u00edola dos macacos - Aconteceu no Vale","robots":{"index":"index","follow":"follow","max-snippet":"max-snippet:-1","max-image-preview":"max-image-preview:large","max-video-preview":"max-video-preview:-1"},"canonical":"https:\/\/aconteceunovale.com.br\/portal\/?p=191080","og_locale":"pt_BR","og_type":"article","og_title":"Rio de Janeiro registra segunda morte de infectado pela var\u00edola dos macacos - Aconteceu no Vale","og_description":"A Secretaria de Sa\u00fade do Rio de Janeiro (SES-RJ) confirmou hoje (3) a segunda morte de um paciente infectado pela var\u00edola dos macacos no estado em decorr\u00eancia da doen\u00e7a. A v\u00edtima \u00e9 um homem de 31 anos, morador de Mesquita, que estava internado h\u00e1 mais de um m\u00eas na capital fluminense. O paciente deu entrada [&hellip;]","og_url":"https:\/\/aconteceunovale.com.br\/portal\/?p=191080","og_site_name":"Aconteceu no Vale","article_publisher":"https:\/\/www.facebook.com\/aconteceunovale\/","article_published_time":"2022-10-03T22:39:23+00:00","article_modified_time":"2022-10-03T23:19:45+00:00","og_image":[{"width":678,"height":406,"url":"https:\/\/aconteceunovale.com.br\/portal\/wp-content\/uploads\/2022\/10\/variola_dos_macacos.jpg","type":"image\/jpeg"}],"author":"Reda\u00e7\u00e3o Aconteceu no Vale","twitter_card":"summary_large_image","twitter_creator":"@noticiadosvales","twitter_site":"@noticiadosvales","twitter_misc":{"Escrito por":"Reda\u00e7\u00e3o Aconteceu no Vale","Est. tempo de leitura":"3 minutos"},"schema":{"@context":"https:\/\/schema.org","@graph":[{"@type":"Article","@id":"https:\/\/aconteceunovale.com.br\/portal\/?p=191080#article","isPartOf":{"@id":"https:\/\/aconteceunovale.com.br\/portal\/?p=191080"},"author":{"name":"Reda\u00e7\u00e3o Aconteceu no Vale","@id":"https:\/\/aconteceunovale.com.br\/portal\/#\/schema\/person\/7d2f26d1483f8a63de73da1ee0754d35"},"headline":"Rio de Janeiro registra segunda morte de infectado pela var\u00edola dos macacos","datePublished":"2022-10-03T22:39:23+00:00","dateModified":"2022-10-03T23:19:45+00:00","mainEntityOfPage":{"@id":"https:\/\/aconteceunovale.com.br\/portal\/?p=191080"},"wordCount":665,"commentCount":0,"image":{"@id":"https:\/\/aconteceunovale.com.br\/portal\/?p=191080#primaryimage"},"thumbnailUrl":"https:\/\/aconteceunovale.com.br\/portal\/wp-content\/uploads\/2022\/10\/variola_dos_macacos.jpg","keywords":["Fiocruz","Mesquita","Monkeypox","Morte de infectado pela var\u00edola dos macacos","Rio de Janeiro","Rio de Janeiro registra segunda morte de infectado pela var\u00edola dos macacos","SES-RJ","Var\u00edola dos macacos"],"articleSection":["Brasil","Sa\u00fade"],"inLanguage":"pt-BR","potentialAction":[{"@type":"CommentAction","name":"Comment","target":["https:\/\/aconteceunovale.com.br\/portal\/?p=191080#respond"]}]},{"@type":"WebPage","@id":"https:\/\/aconteceunovale.com.br\/portal\/?p=191080","url":"https:\/\/aconteceunovale.com.br\/portal\/?p=191080","name":"Rio de Janeiro registra segunda morte de infectado pela var\u00edola dos macacos - Aconteceu no Vale","isPartOf":{"@id":"https:\/\/aconteceunovale.com.br\/portal\/#website"},"primaryImageOfPage":{"@id":"https:\/\/aconteceunovale.com.br\/portal\/?p=191080#primaryimage"},"image":{"@id":"https:\/\/aconteceunovale.com.br\/portal\/?p=191080#primaryimage"},"thumbnailUrl":"https:\/\/aconteceunovale.com.br\/portal\/wp-content\/uploads\/2022\/10\/variola_dos_macacos.jpg","datePublished":"2022-10-03T22:39:23+00:00","dateModified":"2022-10-03T23:19:45+00:00","author":{"@id":"https:\/\/aconteceunovale.com.br\/portal\/#\/schema\/person\/7d2f26d1483f8a63de73da1ee0754d35"},"breadcrumb":{"@id":"https:\/\/aconteceunovale.com.br\/portal\/?p=191080#breadcrumb"},"inLanguage":"pt-BR","potentialAction":[{"@type":"ReadAction","target":["https:\/\/aconteceunovale.com.br\/portal\/?p=191080"]}]},{"@type":"ImageObject","inLanguage":"pt-BR","@id":"https:\/\/aconteceunovale.com.br\/portal\/?p=191080#primaryimage","url":"https:\/\/aconteceunovale.com.br\/portal\/wp-content\/uploads\/2022\/10\/variola_dos_macacos.jpg","contentUrl":"https:\/\/aconteceunovale.com.br\/portal\/wp-content\/uploads\/2022\/10\/variola_dos_macacos.jpg","width":678,"height":406,"caption":"A var\u00edola dos macacos \u00e9 transmitida pelo v\u00edrus monkeypox, que pertence ao g\u00eanero orthopoxvirus"},{"@type":"BreadcrumbList","@id":"https:\/\/aconteceunovale.com.br\/portal\/?p=191080#breadcrumb","itemListElement":[{"@type":"ListItem","position":1,"name":"In\u00edcio","item":"https:\/\/aconteceunovale.com.br\/portal\/"},{"@type":"ListItem","position":2,"name":"Rio de Janeiro registra segunda morte de infectado pela var\u00edola dos macacos"}]},{"@type":"WebSite","@id":"https:\/\/aconteceunovale.com.br\/portal\/#website","url":"https:\/\/aconteceunovale.com.br\/portal\/","name":"Aconteceu no Vale","description":"Portal de Not\u00edcias","potentialAction":[{"@type":"SearchAction","target":{"@type":"EntryPoint","urlTemplate":"https:\/\/aconteceunovale.com.br\/portal\/?s={search_term_string}"},"query-input":{"@type":"PropertyValueSpecification","valueRequired":true,"valueName":"search_term_string"}}],"inLanguage":"pt-BR"},{"@type":"Person","@id":"https:\/\/aconteceunovale.com.br\/portal\/#\/schema\/person\/7d2f26d1483f8a63de73da1ee0754d35","name":"Reda\u00e7\u00e3o Aconteceu no Vale","description":"Equipe de reportagem do Aconteceu no Vale, portal de not\u00edcias do Vale do Jequitinhonha, em Minas Gerais. Cobrimos as 51 cidades do Vale desde 2013. Sugest\u00f5es de pauta e pedidos de corre\u00e7\u00e3o: contato@aconteceunovale.com.br","url":"https:\/\/aconteceunovale.com.br\/portal\/?author=4"}]}},"_links":{"self":[{"href":"https:\/\/aconteceunovale.com.br\/portal\/index.php?rest_route=\/wp\/v2\/posts\/191080","targetHints":{"allow":["GET"]}}],"collection":[{"href":"https:\/\/aconteceunovale.com.br\/portal\/index.php?rest_route=\/wp\/v2\/posts"}],"about":[{"href":"https:\/\/aconteceunovale.com.br\/portal\/index.php?rest_route=\/wp\/v2\/types\/post"}],"author":[{"embeddable":true,"href":"https:\/\/aconteceunovale.com.br\/portal\/index.php?rest_route=\/wp\/v2\/users\/4"}],"replies":[{"embeddable":true,"href":"https:\/\/aconteceunovale.com.br\/portal\/index.php?rest_route=%2Fwp%2Fv2%2Fcomments&post=191080"}],"version-history":[{"count":1,"href":"https:\/\/aconteceunovale.com.br\/portal\/index.php?rest_route=\/wp\/v2\/posts\/191080\/revisions"}],"predecessor-version":[{"id":191082,"href":"https:\/\/aconteceunovale.com.br\/portal\/index.php?rest_route=\/wp\/v2\/posts\/191080\/revisions\/191082"}],"wp:featuredmedia":[{"embeddable":true,"href":"https:\/\/aconteceunovale.com.br\/portal\/index.php?rest_route=\/wp\/v2\/media\/191081"}],"wp:attachment":[{"href":"https:\/\/aconteceunovale.com.br\/portal\/index.php?rest_route=%2Fwp%2Fv2%2Fmedia&parent=191080"}],"wp:term":[{"taxonomy":"category","embeddable":true,"href":"https:\/\/aconteceunovale.com.br\/portal\/index.php?rest_route=%2Fwp%2Fv2%2Fcategories&post=191080"},{"taxonomy":"post_tag","embeddable":true,"href":"https:\/\/aconteceunovale.com.br\/portal\/index.php?rest_route=%2Fwp%2Fv2%2Ftags&post=191080"}],"curies":[{"name":"wp","href":"https:\/\/api.w.org\/{rel}","templated":true}]}}