{"id":191074,"date":"2022-10-03T20:06:30","date_gmt":"2022-10-03T23:06:30","guid":{"rendered":"https:\/\/aconteceunovale.com.br\/portal\/?p=191074"},"modified":"2022-10-03T20:07:41","modified_gmt":"2022-10-03T23:07:41","slug":"lula-diz-que-segundo-turno-permitira-mais-debate-de-propostas","status":"publish","type":"post","link":"https:\/\/aconteceunovale.com.br\/portal\/?p=191074","title":{"rendered":"Lula diz que segundo turno permitir\u00e1 mais debate de propostas"},"content":{"rendered":"\n<p class=\"wp-block-paragraph\">O candidato a presidente Luiz In\u00e1cio Lula da Silva (PT) se reuniu com a coordena\u00e7\u00e3o de campanha da Coliga\u00e7\u00e3o Brasil da Esperan\u00e7a, em S\u00e3o Paulo (SP), na tarde desta segunda-feira (3), para tra\u00e7ar as estrat\u00e9gias de campanha para o segundo turno das elei\u00e7\u00f5es presidenciais, que ocorrem no dia 30.<\/p>\n\n\n\n<figure class=\"wp-block-gallery has-nested-images columns-default is-cropped wp-block-gallery-1 is-layout-flex wp-block-gallery-is-layout-flex\">\n<figure class=\"wp-block-image size-large\"><img loading=\"lazy\" decoding=\"async\" width=\"678\" height=\"406\" data-id=\"190834\" src=\"https:\/\/aconteceunovale.com.br\/portal\/wp-content\/uploads\/2022\/10\/lula_votando.jpg\" alt=\"\" class=\"wp-image-190834\" srcset=\"https:\/\/aconteceunovale.com.br\/portal\/wp-content\/uploads\/2022\/10\/lula_votando.jpg 678w, https:\/\/aconteceunovale.com.br\/portal\/wp-content\/uploads\/2022\/10\/lula_votando-300x180.jpg 300w\" sizes=\"auto, (max-width: 678px) 100vw, 678px\" \/><figcaption><em><sub>Foto: Rovena Rosa\/Ag\u00eancia Brasil<\/sub><\/em><\/figcaption><\/figure>\n<\/figure>\n\n\n\n<p class=\"wp-block-paragraph\">Lula disse que o segundo turno&nbsp;ser\u00e1 um momento de maior debate entre as candidaturas em disputa. &#8220;A gente, na verdade, vai aproveitar o segundo turno para fazer o debate que n\u00e3o foi poss\u00edvel fazer no primeiro turno. At\u00e9 porque no debate da televis\u00e3o era muita gente e era muito dif\u00edcil fazer o debate&#8221;, disse.&nbsp;<\/p>\n\n\n\n<p class=\"wp-block-paragraph\">O candidato enfatizou que agora \u00e9 o momento de buscar o apoio de todas as for\u00e7as pol\u00edticas poss\u00edveis. &#8220;A partir de amanh\u00e3, n\u00f3s j\u00e1 estamos em campanha. Ainda temos que fechar alguns acordos, temos conversar com todas as pessoas nesse pa\u00eds que n\u00e3o votaram conosco no primeiro turno. Agora, a escolha n\u00e3o \u00e9 ideol\u00f3gica. N\u00f3s vamos conversar com todas as for\u00e7as pol\u00edticas que tenham voto, representatividade, signific\u00e2ncia pol\u00edtica no pa\u00eds&#8221;, disse.&nbsp;<\/p>\n\n\n\n<p class=\"wp-block-paragraph\">Lula demonstrou otimismo com a vit\u00f3ria final nas urnas. &#8220;Nesse instante, n\u00f3s temos consci\u00eancia que 60% do povo brasileiro rejeitou esse governo. Pela primeira vez, algu\u00e9m que tem o cargo de presidente perde no primeiro turno. E vai perder mais feio no segundo turno porque nossa dist\u00e2ncia vai aumentar muito&#8221;, disse.&nbsp;<\/p>\n\n\n\n<p class=\"wp-block-paragraph\">O candidato citou que bandeiras de campanha, como a quest\u00e3o clim\u00e1tica e ambiental, a luta contra o desemprego, a regula\u00e7\u00e3o do mundo do trabalho, defesa do Sistema \u00danico de Sa\u00fade (SUS), aumento do Aux\u00edlio Brasil, e pol\u00edticas para as mulheres e popula\u00e7\u00e3o negra ser\u00e3o refor\u00e7adas durante o segundo turno.<\/p>\n\n\n\n<p class=\"wp-block-paragraph\">&#8212;&#8212;&#8212;&#8212;&#8212;&#8212;<br><br><strong>Sabia que o Aconteceu no Vale est\u00e1 tamb\u00e9m no Telegram? <a rel=\"noreferrer noopener\" href=\"https:\/\/t.me\/aconteceunovaleoficial\" target=\"_blank\">Inscreva-se no canal<\/a>.<\/strong><br><br><strong>J\u00e1 curtiu ou seguiu nossas p\u00e1ginas nas redes sociais?\u00a0Receba as not\u00edcias em primeira m\u00e3o:<\/strong><br>\u2022 <a rel=\"noreferrer noopener\" href=\"https:\/\/news.google.com\/publications\/CAAqBwgKMNjklQswi4etAw?hl=pt-BR&amp;gl=BR&amp;ceid=BR%3Apt-419\" target=\"_blank\">Google News<\/a><br>\u2022 <a rel=\"noreferrer noopener\" href=\"https:\/\/www.facebook.com\/aconteceunovale\/\" target=\"_blank\">Facebook<\/a><br>\u2022 <a rel=\"noreferrer noopener\" href=\"https:\/\/twitter.com\/noticiadosvales\" target=\"_blank\">Twitter<\/a><br>\u2022 <a rel=\"noreferrer noopener\" href=\"https:\/\/www.instagram.com\/aconteceunovale\" target=\"_blank\">Instagram<\/a><br>\u2022 <a rel=\"noreferrer noopener\" href=\"https:\/\/www.youtube.com\/AconteceunoValeOficial\" target=\"_blank\">Youtube<\/a><br>\u2022 <a rel=\"noreferrer noopener\" href=\"https:\/\/www.tiktok.com\/@aconteceunovale\" target=\"_blank\">TikTok<\/a><\/p>\n","protected":false},"excerpt":{"rendered":"<p>O candidato a presidente Luiz In\u00e1cio Lula da Silva (PT) se reuniu com a coordena\u00e7\u00e3o de campanha da Coliga\u00e7\u00e3o Brasil da Esperan\u00e7a, em S\u00e3o Paulo (SP), na tarde desta segunda-feira (3), para tra\u00e7ar as estrat\u00e9gias de campanha para o segundo turno das elei\u00e7\u00f5es presidenciais, que ocorrem no dia 30. Lula disse que o segundo turno&nbsp;ser\u00e1 [&hellip;]<\/p>\n","protected":false},"author":4,"featured_media":190834,"comment_status":"open","ping_status":"closed","sticky":false,"template":"","format":"standard","meta":{"amp_status":"","footnotes":""},"categories":[6,249933,40240],"tags":[264573,263578,264575,264571,252238,14124,7147,264574,264570,757,758,2382,264572],"class_list":["post-191074","post","type-post","status-publish","format-standard","has-post-thumbnail","hentry","category-br","category-eleicoes-2022","category-politica","tag-agenda-de-candidato","tag-cobertura-das-eleicoes-2022","tag-coligacao-brasil-da-esperanca","tag-debate-de-propostas","tag-eleicoes-2022","tag-luiz-inacio-lula-da-silva","tag-lula","tag-lula-da-silva","tag-lula-diz-que-segundo-turno-permitira-mais-debate-de-propostas","tag-partido-dos-trabalhadores","tag-pt","tag-sao-paulo","tag-segundo-turno-das-eleicoes-2022"],"yoast_head":"<!-- This site is optimized with the Yoast SEO plugin v28.3 - https:\/\/yoast.com\/product\/yoast-seo-wordpress\/ -->\n<title>Lula diz que segundo turno permitir\u00e1 mais debate de propostas - Aconteceu no Vale<\/title>\n<meta name=\"robots\" content=\"index, follow, max-snippet:-1, max-image-preview:large, max-video-preview:-1\" \/>\n<link rel=\"canonical\" href=\"https:\/\/aconteceunovale.com.br\/portal\/?p=191074\" \/>\n<meta property=\"og:locale\" content=\"pt_BR\" \/>\n<meta property=\"og:type\" content=\"article\" \/>\n<meta property=\"og:title\" content=\"Lula diz que segundo turno permitir\u00e1 mais debate de propostas - Aconteceu no Vale\" \/>\n<meta property=\"og:description\" content=\"O candidato a presidente Luiz In\u00e1cio Lula da Silva (PT) se reuniu com a coordena\u00e7\u00e3o de campanha da Coliga\u00e7\u00e3o Brasil da Esperan\u00e7a, em S\u00e3o Paulo (SP), na tarde desta segunda-feira (3), para tra\u00e7ar as estrat\u00e9gias de campanha para o segundo turno das elei\u00e7\u00f5es presidenciais, que ocorrem no dia 30. Lula disse que o segundo turno&nbsp;ser\u00e1 [&hellip;]\" \/>\n<meta property=\"og:url\" content=\"https:\/\/aconteceunovale.com.br\/portal\/?p=191074\" \/>\n<meta property=\"og:site_name\" content=\"Aconteceu no Vale\" \/>\n<meta property=\"article:publisher\" content=\"https:\/\/www.facebook.com\/aconteceunovale\/\" \/>\n<meta property=\"article:published_time\" content=\"2022-10-03T23:06:30+00:00\" \/>\n<meta property=\"article:modified_time\" content=\"2022-10-03T23:07:41+00:00\" \/>\n<meta property=\"og:image\" content=\"https:\/\/aconteceunovale.com.br\/portal\/wp-content\/uploads\/2022\/10\/lula_votando.jpg\" \/>\n\t<meta property=\"og:image:width\" content=\"678\" \/>\n\t<meta property=\"og:image:height\" content=\"406\" \/>\n\t<meta property=\"og:image:type\" content=\"image\/jpeg\" \/>\n<meta name=\"author\" content=\"Reda\u00e7\u00e3o Aconteceu no Vale\" \/>\n<meta name=\"twitter:card\" content=\"summary_large_image\" \/>\n<meta name=\"twitter:creator\" content=\"@noticiadosvales\" \/>\n<meta name=\"twitter:site\" content=\"@noticiadosvales\" \/>\n<meta name=\"twitter:label1\" content=\"Escrito por\" \/>\n\t<meta name=\"twitter:data1\" content=\"Reda\u00e7\u00e3o Aconteceu no Vale\" \/>\n\t<meta name=\"twitter:label2\" content=\"Est. tempo de leitura\" \/>\n\t<meta name=\"twitter:data2\" content=\"2 minutos\" \/>\n<script type=\"application\/ld+json\" class=\"yoast-schema-graph\">{\"@context\":\"https:\\\/\\\/schema.org\",\"@graph\":[{\"@type\":\"Article\",\"@id\":\"https:\\\/\\\/aconteceunovale.com.br\\\/portal\\\/?p=191074#article\",\"isPartOf\":{\"@id\":\"https:\\\/\\\/aconteceunovale.com.br\\\/portal\\\/?p=191074\"},\"author\":{\"name\":\"Reda\u00e7\u00e3o Aconteceu no Vale\",\"@id\":\"https:\\\/\\\/aconteceunovale.com.br\\\/portal\\\/#\\\/schema\\\/person\\\/7d2f26d1483f8a63de73da1ee0754d35\"},\"headline\":\"Lula diz que segundo turno permitir\u00e1 mais debate de propostas\",\"datePublished\":\"2022-10-03T23:06:30+00:00\",\"dateModified\":\"2022-10-03T23:07:41+00:00\",\"mainEntityOfPage\":{\"@id\":\"https:\\\/\\\/aconteceunovale.com.br\\\/portal\\\/?p=191074\"},\"wordCount\":370,\"commentCount\":0,\"image\":{\"@id\":\"https:\\\/\\\/aconteceunovale.com.br\\\/portal\\\/?p=191074#primaryimage\"},\"thumbnailUrl\":\"https:\\\/\\\/aconteceunovale.com.br\\\/portal\\\/wp-content\\\/uploads\\\/2022\\\/10\\\/lula_votando.jpg\",\"keywords\":[\"Agenda de candidato\",\"Cobertura das Elei\u00e7\u00f5es 2022\",\"Coliga\u00e7\u00e3o Brasil da Esperan\u00e7a\",\"Debate de propostas\",\"Elei\u00e7\u00f5es 2022\",\"Luiz In\u00e1cio Lula da Silva\",\"Lula\",\"Lula da Silva\",\"Lula diz que segundo turno permitir\u00e1 mais debate de propostas\",\"Partido dos Trabalhadores\",\"PT\",\"S\u00e3o Paulo\",\"Segundo turno das elei\u00e7\u00f5es 2022\"],\"articleSection\":[\"Brasil\",\"Elei\u00e7\u00f5es 2022\",\"Pol\u00edtica\"],\"inLanguage\":\"pt-BR\",\"potentialAction\":[{\"@type\":\"CommentAction\",\"name\":\"Comment\",\"target\":[\"https:\\\/\\\/aconteceunovale.com.br\\\/portal\\\/?p=191074#respond\"]}]},{\"@type\":\"WebPage\",\"@id\":\"https:\\\/\\\/aconteceunovale.com.br\\\/portal\\\/?p=191074\",\"url\":\"https:\\\/\\\/aconteceunovale.com.br\\\/portal\\\/?p=191074\",\"name\":\"Lula diz que segundo turno permitir\u00e1 mais debate de propostas - Aconteceu no Vale\",\"isPartOf\":{\"@id\":\"https:\\\/\\\/aconteceunovale.com.br\\\/portal\\\/#website\"},\"primaryImageOfPage\":{\"@id\":\"https:\\\/\\\/aconteceunovale.com.br\\\/portal\\\/?p=191074#primaryimage\"},\"image\":{\"@id\":\"https:\\\/\\\/aconteceunovale.com.br\\\/portal\\\/?p=191074#primaryimage\"},\"thumbnailUrl\":\"https:\\\/\\\/aconteceunovale.com.br\\\/portal\\\/wp-content\\\/uploads\\\/2022\\\/10\\\/lula_votando.jpg\",\"datePublished\":\"2022-10-03T23:06:30+00:00\",\"dateModified\":\"2022-10-03T23:07:41+00:00\",\"author\":{\"@id\":\"https:\\\/\\\/aconteceunovale.com.br\\\/portal\\\/#\\\/schema\\\/person\\\/7d2f26d1483f8a63de73da1ee0754d35\"},\"breadcrumb\":{\"@id\":\"https:\\\/\\\/aconteceunovale.com.br\\\/portal\\\/?p=191074#breadcrumb\"},\"inLanguage\":\"pt-BR\",\"potentialAction\":[{\"@type\":\"ReadAction\",\"target\":[\"https:\\\/\\\/aconteceunovale.com.br\\\/portal\\\/?p=191074\"]}]},{\"@type\":\"ImageObject\",\"inLanguage\":\"pt-BR\",\"@id\":\"https:\\\/\\\/aconteceunovale.com.br\\\/portal\\\/?p=191074#primaryimage\",\"url\":\"https:\\\/\\\/aconteceunovale.com.br\\\/portal\\\/wp-content\\\/uploads\\\/2022\\\/10\\\/lula_votando.jpg\",\"contentUrl\":\"https:\\\/\\\/aconteceunovale.com.br\\\/portal\\\/wp-content\\\/uploads\\\/2022\\\/10\\\/lula_votando.jpg\",\"width\":678,\"height\":406,\"caption\":\"Voto de Lula\"},{\"@type\":\"BreadcrumbList\",\"@id\":\"https:\\\/\\\/aconteceunovale.com.br\\\/portal\\\/?p=191074#breadcrumb\",\"itemListElement\":[{\"@type\":\"ListItem\",\"position\":1,\"name\":\"In\u00edcio\",\"item\":\"https:\\\/\\\/aconteceunovale.com.br\\\/portal\\\/\"},{\"@type\":\"ListItem\",\"position\":2,\"name\":\"Lula diz que segundo turno permitir\u00e1 mais debate de propostas\"}]},{\"@type\":\"WebSite\",\"@id\":\"https:\\\/\\\/aconteceunovale.com.br\\\/portal\\\/#website\",\"url\":\"https:\\\/\\\/aconteceunovale.com.br\\\/portal\\\/\",\"name\":\"Aconteceu no Vale\",\"description\":\"Portal de Not\u00edcias\",\"potentialAction\":[{\"@type\":\"SearchAction\",\"target\":{\"@type\":\"EntryPoint\",\"urlTemplate\":\"https:\\\/\\\/aconteceunovale.com.br\\\/portal\\\/?s={search_term_string}\"},\"query-input\":{\"@type\":\"PropertyValueSpecification\",\"valueRequired\":true,\"valueName\":\"search_term_string\"}}],\"inLanguage\":\"pt-BR\"},{\"@type\":\"Person\",\"@id\":\"https:\\\/\\\/aconteceunovale.com.br\\\/portal\\\/#\\\/schema\\\/person\\\/7d2f26d1483f8a63de73da1ee0754d35\",\"name\":\"Reda\u00e7\u00e3o Aconteceu no Vale\",\"description\":\"Equipe de reportagem do Aconteceu no Vale, portal de not\u00edcias do Vale do Jequitinhonha, em Minas Gerais. Cobrimos as 51 cidades do Vale desde 2013. Sugest\u00f5es de pauta e pedidos de corre\u00e7\u00e3o: contato@aconteceunovale.com.br\",\"url\":\"https:\\\/\\\/aconteceunovale.com.br\\\/portal\\\/?author=4\"}]}<\/script>\n<!-- \/ Yoast SEO plugin. -->","yoast_head_json":{"title":"Lula diz que segundo turno permitir\u00e1 mais debate de propostas - Aconteceu no Vale","robots":{"index":"index","follow":"follow","max-snippet":"max-snippet:-1","max-image-preview":"max-image-preview:large","max-video-preview":"max-video-preview:-1"},"canonical":"https:\/\/aconteceunovale.com.br\/portal\/?p=191074","og_locale":"pt_BR","og_type":"article","og_title":"Lula diz que segundo turno permitir\u00e1 mais debate de propostas - Aconteceu no Vale","og_description":"O candidato a presidente Luiz In\u00e1cio Lula da Silva (PT) se reuniu com a coordena\u00e7\u00e3o de campanha da Coliga\u00e7\u00e3o Brasil da Esperan\u00e7a, em S\u00e3o Paulo (SP), na tarde desta segunda-feira (3), para tra\u00e7ar as estrat\u00e9gias de campanha para o segundo turno das elei\u00e7\u00f5es presidenciais, que ocorrem no dia 30. Lula disse que o segundo turno&nbsp;ser\u00e1 [&hellip;]","og_url":"https:\/\/aconteceunovale.com.br\/portal\/?p=191074","og_site_name":"Aconteceu no Vale","article_publisher":"https:\/\/www.facebook.com\/aconteceunovale\/","article_published_time":"2022-10-03T23:06:30+00:00","article_modified_time":"2022-10-03T23:07:41+00:00","og_image":[{"width":678,"height":406,"url":"https:\/\/aconteceunovale.com.br\/portal\/wp-content\/uploads\/2022\/10\/lula_votando.jpg","type":"image\/jpeg"}],"author":"Reda\u00e7\u00e3o Aconteceu no Vale","twitter_card":"summary_large_image","twitter_creator":"@noticiadosvales","twitter_site":"@noticiadosvales","twitter_misc":{"Escrito por":"Reda\u00e7\u00e3o Aconteceu no Vale","Est. tempo de leitura":"2 minutos"},"schema":{"@context":"https:\/\/schema.org","@graph":[{"@type":"Article","@id":"https:\/\/aconteceunovale.com.br\/portal\/?p=191074#article","isPartOf":{"@id":"https:\/\/aconteceunovale.com.br\/portal\/?p=191074"},"author":{"name":"Reda\u00e7\u00e3o Aconteceu no Vale","@id":"https:\/\/aconteceunovale.com.br\/portal\/#\/schema\/person\/7d2f26d1483f8a63de73da1ee0754d35"},"headline":"Lula diz que segundo turno permitir\u00e1 mais debate de propostas","datePublished":"2022-10-03T23:06:30+00:00","dateModified":"2022-10-03T23:07:41+00:00","mainEntityOfPage":{"@id":"https:\/\/aconteceunovale.com.br\/portal\/?p=191074"},"wordCount":370,"commentCount":0,"image":{"@id":"https:\/\/aconteceunovale.com.br\/portal\/?p=191074#primaryimage"},"thumbnailUrl":"https:\/\/aconteceunovale.com.br\/portal\/wp-content\/uploads\/2022\/10\/lula_votando.jpg","keywords":["Agenda de candidato","Cobertura das Elei\u00e7\u00f5es 2022","Coliga\u00e7\u00e3o Brasil da Esperan\u00e7a","Debate de propostas","Elei\u00e7\u00f5es 2022","Luiz In\u00e1cio Lula da Silva","Lula","Lula da Silva","Lula diz que segundo turno permitir\u00e1 mais debate de propostas","Partido dos Trabalhadores","PT","S\u00e3o Paulo","Segundo turno das elei\u00e7\u00f5es 2022"],"articleSection":["Brasil","Elei\u00e7\u00f5es 2022","Pol\u00edtica"],"inLanguage":"pt-BR","potentialAction":[{"@type":"CommentAction","name":"Comment","target":["https:\/\/aconteceunovale.com.br\/portal\/?p=191074#respond"]}]},{"@type":"WebPage","@id":"https:\/\/aconteceunovale.com.br\/portal\/?p=191074","url":"https:\/\/aconteceunovale.com.br\/portal\/?p=191074","name":"Lula diz que segundo turno permitir\u00e1 mais debate de propostas - Aconteceu no Vale","isPartOf":{"@id":"https:\/\/aconteceunovale.com.br\/portal\/#website"},"primaryImageOfPage":{"@id":"https:\/\/aconteceunovale.com.br\/portal\/?p=191074#primaryimage"},"image":{"@id":"https:\/\/aconteceunovale.com.br\/portal\/?p=191074#primaryimage"},"thumbnailUrl":"https:\/\/aconteceunovale.com.br\/portal\/wp-content\/uploads\/2022\/10\/lula_votando.jpg","datePublished":"2022-10-03T23:06:30+00:00","dateModified":"2022-10-03T23:07:41+00:00","author":{"@id":"https:\/\/aconteceunovale.com.br\/portal\/#\/schema\/person\/7d2f26d1483f8a63de73da1ee0754d35"},"breadcrumb":{"@id":"https:\/\/aconteceunovale.com.br\/portal\/?p=191074#breadcrumb"},"inLanguage":"pt-BR","potentialAction":[{"@type":"ReadAction","target":["https:\/\/aconteceunovale.com.br\/portal\/?p=191074"]}]},{"@type":"ImageObject","inLanguage":"pt-BR","@id":"https:\/\/aconteceunovale.com.br\/portal\/?p=191074#primaryimage","url":"https:\/\/aconteceunovale.com.br\/portal\/wp-content\/uploads\/2022\/10\/lula_votando.jpg","contentUrl":"https:\/\/aconteceunovale.com.br\/portal\/wp-content\/uploads\/2022\/10\/lula_votando.jpg","width":678,"height":406,"caption":"Voto de Lula"},{"@type":"BreadcrumbList","@id":"https:\/\/aconteceunovale.com.br\/portal\/?p=191074#breadcrumb","itemListElement":[{"@type":"ListItem","position":1,"name":"In\u00edcio","item":"https:\/\/aconteceunovale.com.br\/portal\/"},{"@type":"ListItem","position":2,"name":"Lula diz que segundo turno permitir\u00e1 mais debate de propostas"}]},{"@type":"WebSite","@id":"https:\/\/aconteceunovale.com.br\/portal\/#website","url":"https:\/\/aconteceunovale.com.br\/portal\/","name":"Aconteceu no Vale","description":"Portal de Not\u00edcias","potentialAction":[{"@type":"SearchAction","target":{"@type":"EntryPoint","urlTemplate":"https:\/\/aconteceunovale.com.br\/portal\/?s={search_term_string}"},"query-input":{"@type":"PropertyValueSpecification","valueRequired":true,"valueName":"search_term_string"}}],"inLanguage":"pt-BR"},{"@type":"Person","@id":"https:\/\/aconteceunovale.com.br\/portal\/#\/schema\/person\/7d2f26d1483f8a63de73da1ee0754d35","name":"Reda\u00e7\u00e3o Aconteceu no Vale","description":"Equipe de reportagem do Aconteceu no Vale, portal de not\u00edcias do Vale do Jequitinhonha, em Minas Gerais. Cobrimos as 51 cidades do Vale desde 2013. Sugest\u00f5es de pauta e pedidos de corre\u00e7\u00e3o: contato@aconteceunovale.com.br","url":"https:\/\/aconteceunovale.com.br\/portal\/?author=4"}]}},"_links":{"self":[{"href":"https:\/\/aconteceunovale.com.br\/portal\/index.php?rest_route=\/wp\/v2\/posts\/191074","targetHints":{"allow":["GET"]}}],"collection":[{"href":"https:\/\/aconteceunovale.com.br\/portal\/index.php?rest_route=\/wp\/v2\/posts"}],"about":[{"href":"https:\/\/aconteceunovale.com.br\/portal\/index.php?rest_route=\/wp\/v2\/types\/post"}],"author":[{"embeddable":true,"href":"https:\/\/aconteceunovale.com.br\/portal\/index.php?rest_route=\/wp\/v2\/users\/4"}],"replies":[{"embeddable":true,"href":"https:\/\/aconteceunovale.com.br\/portal\/index.php?rest_route=%2Fwp%2Fv2%2Fcomments&post=191074"}],"version-history":[{"count":1,"href":"https:\/\/aconteceunovale.com.br\/portal\/index.php?rest_route=\/wp\/v2\/posts\/191074\/revisions"}],"predecessor-version":[{"id":191075,"href":"https:\/\/aconteceunovale.com.br\/portal\/index.php?rest_route=\/wp\/v2\/posts\/191074\/revisions\/191075"}],"wp:featuredmedia":[{"embeddable":true,"href":"https:\/\/aconteceunovale.com.br\/portal\/index.php?rest_route=\/wp\/v2\/media\/190834"}],"wp:attachment":[{"href":"https:\/\/aconteceunovale.com.br\/portal\/index.php?rest_route=%2Fwp%2Fv2%2Fmedia&parent=191074"}],"wp:term":[{"taxonomy":"category","embeddable":true,"href":"https:\/\/aconteceunovale.com.br\/portal\/index.php?rest_route=%2Fwp%2Fv2%2Fcategories&post=191074"},{"taxonomy":"post_tag","embeddable":true,"href":"https:\/\/aconteceunovale.com.br\/portal\/index.php?rest_route=%2Fwp%2Fv2%2Ftags&post=191074"}],"curies":[{"name":"wp","href":"https:\/\/api.w.org\/{rel}","templated":true}]}}