{"id":191068,"date":"2022-10-03T19:50:55","date_gmt":"2022-10-03T22:50:55","guid":{"rendered":"https:\/\/aconteceunovale.com.br\/portal\/?p=191068"},"modified":"2022-10-03T19:52:19","modified_gmt":"2022-10-03T22:52:19","slug":"camara-federal-tera-deputadas-transexuais-pela-primeira-vez","status":"publish","type":"post","link":"https:\/\/aconteceunovale.com.br\/portal\/?p=191068","title":{"rendered":"C\u00e2mara Federal ter\u00e1 deputadas transexuais pela primeira vez"},"content":{"rendered":"\n<p class=\"wp-block-paragraph\">A C\u00e2mara dos Deputados ter\u00e1 parlamentares transexuais pela primeira vez na hist\u00f3ria, com a elei\u00e7\u00e3o de Duda Salabert (PDT), em Minas Gerais, e Erika Hilton (PSOL), em S\u00e3o Paulo.<\/p>\n\n\n\n<figure class=\"wp-block-gallery has-nested-images columns-default is-cropped wp-block-gallery-1 is-layout-flex wp-block-gallery-is-layout-flex\">\n<figure class=\"wp-block-image size-large\"><img loading=\"lazy\" decoding=\"async\" width=\"657\" height=\"450\" data-id=\"191069\" src=\"https:\/\/aconteceunovale.com.br\/portal\/wp-content\/uploads\/2022\/10\/duda_salabert.jpg\" alt=\"\" class=\"wp-image-191069\" srcset=\"https:\/\/aconteceunovale.com.br\/portal\/wp-content\/uploads\/2022\/10\/duda_salabert.jpg 657w, https:\/\/aconteceunovale.com.br\/portal\/wp-content\/uploads\/2022\/10\/duda_salabert-300x205.jpg 300w, https:\/\/aconteceunovale.com.br\/portal\/wp-content\/uploads\/2022\/10\/duda_salabert-218x150.jpg 218w, https:\/\/aconteceunovale.com.br\/portal\/wp-content\/uploads\/2022\/10\/duda_salabert-613x420.jpg 613w\" sizes=\"auto, (max-width: 657px) 100vw, 657px\" \/><figcaption><em><sub>Duda Salabert &#8211; Foto: Divulga\u00e7\u00e3o \/ Facebook Duda Salabert<\/sub><\/em><\/figcaption><\/figure>\n<\/figure>\n\n\n\n<p class=\"wp-block-paragraph\">A deputada federal eleita Erika Hilton foi uma das dez mais votadas no estado de S\u00e3o Paulo, com 256.903 votos. J\u00e1 Duda Salabert foi a terceira mais votada em Minas Gerais, com 208.332 votos. &nbsp;<\/p>\n\n\n\n<p class=\"wp-block-paragraph\">A Associa\u00e7\u00e3o Nacional de Travestis e Transexuais (Antra) fez um balan\u00e7o do resultado das elei\u00e7\u00f5es de 2022 e considerou que o n\u00famero de representantes da popula\u00e7\u00e3o trans no Congresso ainda \u00e9 baixo, &#8220;mas extremamente representativo e potente&#8221;.<\/p>\n\n\n\n<p class=\"wp-block-paragraph\">&#8220;Este ano sa\u00edmos de um quadro onde n\u00e3o haviam representa\u00e7\u00f5es trans na C\u00e2mara Federal para duas extremamente qualificadas e poderosas&#8221;, disse a associa\u00e7\u00e3o, por meio de suas redes sociais.<\/p>\n\n\n\n<p class=\"wp-block-paragraph\">&#8220;Um resultado promissor e que nos faz seguir em frente, na defesa da democracia, dos direitos humanos e do estado laico, atentas ao lugar que historicamente travestis ocupam em nossa sociedade&#8221;.<\/p>\n\n\n\n<p class=\"wp-block-paragraph\">A C\u00e2mara ficou perto de ter uma terceira deputada federal transexual eleita neste ano por Pernambuco, onde Robeyonc\u00e9 Lima (PSOL) recebeu 80 mil votos, n\u00famero superior a seis deputados eleitos. A candidata n\u00e3o foi eleita para uma das 25 vagas porque a federa\u00e7\u00e3o Rede\/PSOL n\u00e3o somou votos suficientes para eleger dois candidatos. Com isso, a advogada \u00e9 suplente.<\/p>\n\n\n\n<p class=\"wp-block-paragraph\">A associa\u00e7\u00e3o destaca ainda a elei\u00e7\u00e3o para assembleias estaduais de Linda Brasil (PSOL), no Sergipe, Dani Balbi (PCdoB), no Rio de Janeiro, e Carolina Iara (PSOL), em S\u00e3o Paulo, que \u00e9 codeputada do mandato coletivo Bancada Feminista.<\/p>\n\n\n\n<p class=\"wp-block-paragraph\">&#8212;&#8212;&#8212;&#8212;&#8212;&#8212;<br><br><strong>Sabia que o Aconteceu no Vale est\u00e1 tamb\u00e9m no Telegram? <a rel=\"noreferrer noopener\" href=\"https:\/\/t.me\/aconteceunovaleoficial\" target=\"_blank\">Inscreva-se no canal<\/a>.<\/strong><br><br><strong>J\u00e1 curtiu ou seguiu nossas p\u00e1ginas nas redes sociais?\u00a0Receba as not\u00edcias em primeira m\u00e3o:<\/strong><br>\u2022 <a rel=\"noreferrer noopener\" href=\"https:\/\/news.google.com\/publications\/CAAqBwgKMNjklQswi4etAw?hl=pt-BR&amp;gl=BR&amp;ceid=BR%3Apt-419\" target=\"_blank\">Google News<\/a><br>\u2022 <a rel=\"noreferrer noopener\" href=\"https:\/\/www.facebook.com\/aconteceunovale\/\" target=\"_blank\">Facebook<\/a><br>\u2022 <a rel=\"noreferrer noopener\" href=\"https:\/\/twitter.com\/noticiadosvales\" target=\"_blank\">Twitter<\/a><br>\u2022 <a rel=\"noreferrer noopener\" href=\"https:\/\/www.instagram.com\/aconteceunovale\" target=\"_blank\">Instagram<\/a><br>\u2022 <a rel=\"noreferrer noopener\" href=\"https:\/\/www.youtube.com\/AconteceunoValeOficial\" target=\"_blank\">Youtube<\/a><br>\u2022 <a rel=\"noreferrer noopener\" href=\"https:\/\/www.tiktok.com\/@aconteceunovale\" target=\"_blank\">TikTok<\/a><\/p>\n","protected":false},"excerpt":{"rendered":"<p>A C\u00e2mara dos Deputados ter\u00e1 parlamentares transexuais pela primeira vez na hist\u00f3ria, com a elei\u00e7\u00e3o de Duda Salabert (PDT), em Minas Gerais, e Erika Hilton (PSOL), em S\u00e3o Paulo. A deputada federal eleita Erika Hilton foi uma das dez mais votadas no estado de S\u00e3o Paulo, com 256.903 votos. J\u00e1 Duda Salabert foi a terceira [&hellip;]<\/p>\n","protected":false},"author":4,"featured_media":191069,"comment_status":"open","ping_status":"closed","sticky":false,"template":"","format":"standard","meta":{"amp_status":"","footnotes":""},"categories":[6,249933,123,40240],"tags":[4785,20922,264563,264568,48796,264567,1018,178175,252238,264564,264566,131,114476,12300,13969,1104,264565,2382,6532],"class_list":["post-191068","post","type-post","status-publish","format-standard","has-post-thumbnail","hentry","category-br","category-eleicoes-2022","category-gerais","category-politica","tag-brasil","tag-camara-dos-deputados","tag-camara-federal-tera-deputadas-transexuais-pela-primeira-vez","tag-carolina-iara","tag-congresso-nacional","tag-dani-balbi","tag-destaque","tag-duda-salabert","tag-eleicoes-2022","tag-erika-hilton","tag-linda-brasil","tag-minas-gerais","tag-pdt","tag-pernambuco","tag-psol","tag-rio-de-janeiro","tag-robeyonce-lima","tag-sao-paulo","tag-sergipe"],"yoast_head":"<!-- This site is optimized with the Yoast SEO plugin v28.3 - https:\/\/yoast.com\/product\/yoast-seo-wordpress\/ -->\n<title>C\u00e2mara Federal ter\u00e1 deputadas transexuais pela primeira vez - Aconteceu no Vale<\/title>\n<meta name=\"robots\" content=\"index, follow, max-snippet:-1, max-image-preview:large, max-video-preview:-1\" \/>\n<link rel=\"canonical\" href=\"https:\/\/aconteceunovale.com.br\/portal\/?p=191068\" \/>\n<meta property=\"og:locale\" content=\"pt_BR\" \/>\n<meta property=\"og:type\" content=\"article\" \/>\n<meta property=\"og:title\" content=\"C\u00e2mara Federal ter\u00e1 deputadas transexuais pela primeira vez - Aconteceu no Vale\" \/>\n<meta property=\"og:description\" content=\"A C\u00e2mara dos Deputados ter\u00e1 parlamentares transexuais pela primeira vez na hist\u00f3ria, com a elei\u00e7\u00e3o de Duda Salabert (PDT), em Minas Gerais, e Erika Hilton (PSOL), em S\u00e3o Paulo. A deputada federal eleita Erika Hilton foi uma das dez mais votadas no estado de S\u00e3o Paulo, com 256.903 votos. J\u00e1 Duda Salabert foi a terceira [&hellip;]\" \/>\n<meta property=\"og:url\" content=\"https:\/\/aconteceunovale.com.br\/portal\/?p=191068\" \/>\n<meta property=\"og:site_name\" content=\"Aconteceu no Vale\" \/>\n<meta property=\"article:publisher\" content=\"https:\/\/www.facebook.com\/aconteceunovale\/\" \/>\n<meta property=\"article:published_time\" content=\"2022-10-03T22:50:55+00:00\" \/>\n<meta property=\"article:modified_time\" content=\"2022-10-03T22:52:19+00:00\" \/>\n<meta property=\"og:image\" content=\"https:\/\/aconteceunovale.com.br\/portal\/wp-content\/uploads\/2022\/10\/duda_salabert.jpg\" \/>\n\t<meta property=\"og:image:width\" content=\"657\" \/>\n\t<meta property=\"og:image:height\" content=\"450\" \/>\n\t<meta property=\"og:image:type\" content=\"image\/jpeg\" \/>\n<meta name=\"author\" content=\"Reda\u00e7\u00e3o Aconteceu no Vale\" \/>\n<meta name=\"twitter:card\" content=\"summary_large_image\" \/>\n<meta name=\"twitter:creator\" content=\"@noticiadosvales\" \/>\n<meta name=\"twitter:site\" content=\"@noticiadosvales\" \/>\n<meta name=\"twitter:label1\" content=\"Escrito por\" \/>\n\t<meta name=\"twitter:data1\" content=\"Reda\u00e7\u00e3o Aconteceu no Vale\" \/>\n\t<meta name=\"twitter:label2\" content=\"Est. tempo de leitura\" \/>\n\t<meta name=\"twitter:data2\" content=\"2 minutos\" \/>\n<script type=\"application\/ld+json\" class=\"yoast-schema-graph\">{\"@context\":\"https:\\\/\\\/schema.org\",\"@graph\":[{\"@type\":\"Article\",\"@id\":\"https:\\\/\\\/aconteceunovale.com.br\\\/portal\\\/?p=191068#article\",\"isPartOf\":{\"@id\":\"https:\\\/\\\/aconteceunovale.com.br\\\/portal\\\/?p=191068\"},\"author\":{\"name\":\"Reda\u00e7\u00e3o Aconteceu no Vale\",\"@id\":\"https:\\\/\\\/aconteceunovale.com.br\\\/portal\\\/#\\\/schema\\\/person\\\/7d2f26d1483f8a63de73da1ee0754d35\"},\"headline\":\"C\u00e2mara Federal ter\u00e1 deputadas transexuais pela primeira vez\",\"datePublished\":\"2022-10-03T22:50:55+00:00\",\"dateModified\":\"2022-10-03T22:52:19+00:00\",\"mainEntityOfPage\":{\"@id\":\"https:\\\/\\\/aconteceunovale.com.br\\\/portal\\\/?p=191068\"},\"wordCount\":330,\"commentCount\":0,\"image\":{\"@id\":\"https:\\\/\\\/aconteceunovale.com.br\\\/portal\\\/?p=191068#primaryimage\"},\"thumbnailUrl\":\"https:\\\/\\\/aconteceunovale.com.br\\\/portal\\\/wp-content\\\/uploads\\\/2022\\\/10\\\/duda_salabert.jpg\",\"keywords\":[\"brasil\",\"C\u00e2mara dos Deputados\",\"C\u00e2mara Federal ter\u00e1 deputadas transexuais pela primeira vez\",\"Carolina Iara\",\"Congresso Nacional\",\"Dani Balbi\",\"destaque\",\"Duda Salabert\",\"Elei\u00e7\u00f5es 2022\",\"Erika Hilton\",\"Linda Brasil\",\"Minas Gerais\",\"PDT\",\"Pernambuco\",\"PSOL\",\"Rio de Janeiro\",\"Robeyonc\u00e9 Lima\",\"S\u00e3o Paulo\",\"Sergipe\"],\"articleSection\":[\"Brasil\",\"Elei\u00e7\u00f5es 2022\",\"Minas Gerais\",\"Pol\u00edtica\"],\"inLanguage\":\"pt-BR\",\"potentialAction\":[{\"@type\":\"CommentAction\",\"name\":\"Comment\",\"target\":[\"https:\\\/\\\/aconteceunovale.com.br\\\/portal\\\/?p=191068#respond\"]}]},{\"@type\":\"WebPage\",\"@id\":\"https:\\\/\\\/aconteceunovale.com.br\\\/portal\\\/?p=191068\",\"url\":\"https:\\\/\\\/aconteceunovale.com.br\\\/portal\\\/?p=191068\",\"name\":\"C\u00e2mara Federal ter\u00e1 deputadas transexuais pela primeira vez - Aconteceu no Vale\",\"isPartOf\":{\"@id\":\"https:\\\/\\\/aconteceunovale.com.br\\\/portal\\\/#website\"},\"primaryImageOfPage\":{\"@id\":\"https:\\\/\\\/aconteceunovale.com.br\\\/portal\\\/?p=191068#primaryimage\"},\"image\":{\"@id\":\"https:\\\/\\\/aconteceunovale.com.br\\\/portal\\\/?p=191068#primaryimage\"},\"thumbnailUrl\":\"https:\\\/\\\/aconteceunovale.com.br\\\/portal\\\/wp-content\\\/uploads\\\/2022\\\/10\\\/duda_salabert.jpg\",\"datePublished\":\"2022-10-03T22:50:55+00:00\",\"dateModified\":\"2022-10-03T22:52:19+00:00\",\"author\":{\"@id\":\"https:\\\/\\\/aconteceunovale.com.br\\\/portal\\\/#\\\/schema\\\/person\\\/7d2f26d1483f8a63de73da1ee0754d35\"},\"breadcrumb\":{\"@id\":\"https:\\\/\\\/aconteceunovale.com.br\\\/portal\\\/?p=191068#breadcrumb\"},\"inLanguage\":\"pt-BR\",\"potentialAction\":[{\"@type\":\"ReadAction\",\"target\":[\"https:\\\/\\\/aconteceunovale.com.br\\\/portal\\\/?p=191068\"]}]},{\"@type\":\"ImageObject\",\"inLanguage\":\"pt-BR\",\"@id\":\"https:\\\/\\\/aconteceunovale.com.br\\\/portal\\\/?p=191068#primaryimage\",\"url\":\"https:\\\/\\\/aconteceunovale.com.br\\\/portal\\\/wp-content\\\/uploads\\\/2022\\\/10\\\/duda_salabert.jpg\",\"contentUrl\":\"https:\\\/\\\/aconteceunovale.com.br\\\/portal\\\/wp-content\\\/uploads\\\/2022\\\/10\\\/duda_salabert.jpg\",\"width\":657,\"height\":450},{\"@type\":\"BreadcrumbList\",\"@id\":\"https:\\\/\\\/aconteceunovale.com.br\\\/portal\\\/?p=191068#breadcrumb\",\"itemListElement\":[{\"@type\":\"ListItem\",\"position\":1,\"name\":\"In\u00edcio\",\"item\":\"https:\\\/\\\/aconteceunovale.com.br\\\/portal\\\/\"},{\"@type\":\"ListItem\",\"position\":2,\"name\":\"C\u00e2mara Federal ter\u00e1 deputadas transexuais pela primeira vez\"}]},{\"@type\":\"WebSite\",\"@id\":\"https:\\\/\\\/aconteceunovale.com.br\\\/portal\\\/#website\",\"url\":\"https:\\\/\\\/aconteceunovale.com.br\\\/portal\\\/\",\"name\":\"Aconteceu no Vale\",\"description\":\"Portal de Not\u00edcias\",\"potentialAction\":[{\"@type\":\"SearchAction\",\"target\":{\"@type\":\"EntryPoint\",\"urlTemplate\":\"https:\\\/\\\/aconteceunovale.com.br\\\/portal\\\/?s={search_term_string}\"},\"query-input\":{\"@type\":\"PropertyValueSpecification\",\"valueRequired\":true,\"valueName\":\"search_term_string\"}}],\"inLanguage\":\"pt-BR\"},{\"@type\":\"Person\",\"@id\":\"https:\\\/\\\/aconteceunovale.com.br\\\/portal\\\/#\\\/schema\\\/person\\\/7d2f26d1483f8a63de73da1ee0754d35\",\"name\":\"Reda\u00e7\u00e3o Aconteceu no Vale\",\"description\":\"Equipe de reportagem do Aconteceu no Vale, portal de not\u00edcias do Vale do Jequitinhonha, em Minas Gerais. Cobrimos as 51 cidades do Vale desde 2013. Sugest\u00f5es de pauta e pedidos de corre\u00e7\u00e3o: contato@aconteceunovale.com.br\",\"url\":\"https:\\\/\\\/aconteceunovale.com.br\\\/portal\\\/?author=4\"}]}<\/script>\n<!-- \/ Yoast SEO plugin. -->","yoast_head_json":{"title":"C\u00e2mara Federal ter\u00e1 deputadas transexuais pela primeira vez - Aconteceu no Vale","robots":{"index":"index","follow":"follow","max-snippet":"max-snippet:-1","max-image-preview":"max-image-preview:large","max-video-preview":"max-video-preview:-1"},"canonical":"https:\/\/aconteceunovale.com.br\/portal\/?p=191068","og_locale":"pt_BR","og_type":"article","og_title":"C\u00e2mara Federal ter\u00e1 deputadas transexuais pela primeira vez - Aconteceu no Vale","og_description":"A C\u00e2mara dos Deputados ter\u00e1 parlamentares transexuais pela primeira vez na hist\u00f3ria, com a elei\u00e7\u00e3o de Duda Salabert (PDT), em Minas Gerais, e Erika Hilton (PSOL), em S\u00e3o Paulo. A deputada federal eleita Erika Hilton foi uma das dez mais votadas no estado de S\u00e3o Paulo, com 256.903 votos. J\u00e1 Duda Salabert foi a terceira [&hellip;]","og_url":"https:\/\/aconteceunovale.com.br\/portal\/?p=191068","og_site_name":"Aconteceu no Vale","article_publisher":"https:\/\/www.facebook.com\/aconteceunovale\/","article_published_time":"2022-10-03T22:50:55+00:00","article_modified_time":"2022-10-03T22:52:19+00:00","og_image":[{"width":657,"height":450,"url":"https:\/\/aconteceunovale.com.br\/portal\/wp-content\/uploads\/2022\/10\/duda_salabert.jpg","type":"image\/jpeg"}],"author":"Reda\u00e7\u00e3o Aconteceu no Vale","twitter_card":"summary_large_image","twitter_creator":"@noticiadosvales","twitter_site":"@noticiadosvales","twitter_misc":{"Escrito por":"Reda\u00e7\u00e3o Aconteceu no Vale","Est. tempo de leitura":"2 minutos"},"schema":{"@context":"https:\/\/schema.org","@graph":[{"@type":"Article","@id":"https:\/\/aconteceunovale.com.br\/portal\/?p=191068#article","isPartOf":{"@id":"https:\/\/aconteceunovale.com.br\/portal\/?p=191068"},"author":{"name":"Reda\u00e7\u00e3o Aconteceu no Vale","@id":"https:\/\/aconteceunovale.com.br\/portal\/#\/schema\/person\/7d2f26d1483f8a63de73da1ee0754d35"},"headline":"C\u00e2mara Federal ter\u00e1 deputadas transexuais pela primeira vez","datePublished":"2022-10-03T22:50:55+00:00","dateModified":"2022-10-03T22:52:19+00:00","mainEntityOfPage":{"@id":"https:\/\/aconteceunovale.com.br\/portal\/?p=191068"},"wordCount":330,"commentCount":0,"image":{"@id":"https:\/\/aconteceunovale.com.br\/portal\/?p=191068#primaryimage"},"thumbnailUrl":"https:\/\/aconteceunovale.com.br\/portal\/wp-content\/uploads\/2022\/10\/duda_salabert.jpg","keywords":["brasil","C\u00e2mara dos Deputados","C\u00e2mara Federal ter\u00e1 deputadas transexuais pela primeira vez","Carolina Iara","Congresso Nacional","Dani Balbi","destaque","Duda Salabert","Elei\u00e7\u00f5es 2022","Erika Hilton","Linda Brasil","Minas Gerais","PDT","Pernambuco","PSOL","Rio de Janeiro","Robeyonc\u00e9 Lima","S\u00e3o Paulo","Sergipe"],"articleSection":["Brasil","Elei\u00e7\u00f5es 2022","Minas Gerais","Pol\u00edtica"],"inLanguage":"pt-BR","potentialAction":[{"@type":"CommentAction","name":"Comment","target":["https:\/\/aconteceunovale.com.br\/portal\/?p=191068#respond"]}]},{"@type":"WebPage","@id":"https:\/\/aconteceunovale.com.br\/portal\/?p=191068","url":"https:\/\/aconteceunovale.com.br\/portal\/?p=191068","name":"C\u00e2mara Federal ter\u00e1 deputadas transexuais pela primeira vez - Aconteceu no Vale","isPartOf":{"@id":"https:\/\/aconteceunovale.com.br\/portal\/#website"},"primaryImageOfPage":{"@id":"https:\/\/aconteceunovale.com.br\/portal\/?p=191068#primaryimage"},"image":{"@id":"https:\/\/aconteceunovale.com.br\/portal\/?p=191068#primaryimage"},"thumbnailUrl":"https:\/\/aconteceunovale.com.br\/portal\/wp-content\/uploads\/2022\/10\/duda_salabert.jpg","datePublished":"2022-10-03T22:50:55+00:00","dateModified":"2022-10-03T22:52:19+00:00","author":{"@id":"https:\/\/aconteceunovale.com.br\/portal\/#\/schema\/person\/7d2f26d1483f8a63de73da1ee0754d35"},"breadcrumb":{"@id":"https:\/\/aconteceunovale.com.br\/portal\/?p=191068#breadcrumb"},"inLanguage":"pt-BR","potentialAction":[{"@type":"ReadAction","target":["https:\/\/aconteceunovale.com.br\/portal\/?p=191068"]}]},{"@type":"ImageObject","inLanguage":"pt-BR","@id":"https:\/\/aconteceunovale.com.br\/portal\/?p=191068#primaryimage","url":"https:\/\/aconteceunovale.com.br\/portal\/wp-content\/uploads\/2022\/10\/duda_salabert.jpg","contentUrl":"https:\/\/aconteceunovale.com.br\/portal\/wp-content\/uploads\/2022\/10\/duda_salabert.jpg","width":657,"height":450},{"@type":"BreadcrumbList","@id":"https:\/\/aconteceunovale.com.br\/portal\/?p=191068#breadcrumb","itemListElement":[{"@type":"ListItem","position":1,"name":"In\u00edcio","item":"https:\/\/aconteceunovale.com.br\/portal\/"},{"@type":"ListItem","position":2,"name":"C\u00e2mara Federal ter\u00e1 deputadas transexuais pela primeira vez"}]},{"@type":"WebSite","@id":"https:\/\/aconteceunovale.com.br\/portal\/#website","url":"https:\/\/aconteceunovale.com.br\/portal\/","name":"Aconteceu no Vale","description":"Portal de Not\u00edcias","potentialAction":[{"@type":"SearchAction","target":{"@type":"EntryPoint","urlTemplate":"https:\/\/aconteceunovale.com.br\/portal\/?s={search_term_string}"},"query-input":{"@type":"PropertyValueSpecification","valueRequired":true,"valueName":"search_term_string"}}],"inLanguage":"pt-BR"},{"@type":"Person","@id":"https:\/\/aconteceunovale.com.br\/portal\/#\/schema\/person\/7d2f26d1483f8a63de73da1ee0754d35","name":"Reda\u00e7\u00e3o Aconteceu no Vale","description":"Equipe de reportagem do Aconteceu no Vale, portal de not\u00edcias do Vale do Jequitinhonha, em Minas Gerais. Cobrimos as 51 cidades do Vale desde 2013. Sugest\u00f5es de pauta e pedidos de corre\u00e7\u00e3o: contato@aconteceunovale.com.br","url":"https:\/\/aconteceunovale.com.br\/portal\/?author=4"}]}},"_links":{"self":[{"href":"https:\/\/aconteceunovale.com.br\/portal\/index.php?rest_route=\/wp\/v2\/posts\/191068","targetHints":{"allow":["GET"]}}],"collection":[{"href":"https:\/\/aconteceunovale.com.br\/portal\/index.php?rest_route=\/wp\/v2\/posts"}],"about":[{"href":"https:\/\/aconteceunovale.com.br\/portal\/index.php?rest_route=\/wp\/v2\/types\/post"}],"author":[{"embeddable":true,"href":"https:\/\/aconteceunovale.com.br\/portal\/index.php?rest_route=\/wp\/v2\/users\/4"}],"replies":[{"embeddable":true,"href":"https:\/\/aconteceunovale.com.br\/portal\/index.php?rest_route=%2Fwp%2Fv2%2Fcomments&post=191068"}],"version-history":[{"count":1,"href":"https:\/\/aconteceunovale.com.br\/portal\/index.php?rest_route=\/wp\/v2\/posts\/191068\/revisions"}],"predecessor-version":[{"id":191070,"href":"https:\/\/aconteceunovale.com.br\/portal\/index.php?rest_route=\/wp\/v2\/posts\/191068\/revisions\/191070"}],"wp:featuredmedia":[{"embeddable":true,"href":"https:\/\/aconteceunovale.com.br\/portal\/index.php?rest_route=\/wp\/v2\/media\/191069"}],"wp:attachment":[{"href":"https:\/\/aconteceunovale.com.br\/portal\/index.php?rest_route=%2Fwp%2Fv2%2Fmedia&parent=191068"}],"wp:term":[{"taxonomy":"category","embeddable":true,"href":"https:\/\/aconteceunovale.com.br\/portal\/index.php?rest_route=%2Fwp%2Fv2%2Fcategories&post=191068"},{"taxonomy":"post_tag","embeddable":true,"href":"https:\/\/aconteceunovale.com.br\/portal\/index.php?rest_route=%2Fwp%2Fv2%2Ftags&post=191068"}],"curies":[{"name":"wp","href":"https:\/\/api.w.org\/{rel}","templated":true}]}}